{"id":67250,"date":"2024-09-05T17:00:05","date_gmt":"2024-09-05T21:00:05","guid":{"rendered":"https:\/\/www.greenpeace.org\/canada\/?p=67250"},"modified":"2024-09-05T17:00:11","modified_gmt":"2024-09-05T21:00:11","slug":"greenpeace-prend-la-mer-pour-mettre-un-frein-a-lexploitation-miniere-en-eaux-profondes","status":"publish","type":"post","link":"https:\/\/www.greenpeace.org\/canada\/fr\/histoire\/67250\/greenpeace-prend-la-mer-pour-mettre-un-frein-a-lexploitation-miniere-en-eaux-profondes\/","title":{"rendered":"Greenpeace prend la mer pour mettre un frein \u00e0 l\u2019exploitation mini\u00e8re en eaux profondes"},"content":{"rendered":"\n<p>Si vous n\u2019\u00eates pas au courant, le gouvernement norv\u00e9gien pr\u00e9voit d\u2019ouvrir les eaux arctiques \u00e0 l\u2019exploitation mini\u00e8re en eaux profondes. Et le p\u00e9rim\u00e8tre envisag\u00e9, <a href=\"https:\/\/maps.greenpeace.org\/maps\/gpde\/norwegian-dsm\/?_gl=1*ea7mwy*_up*MQ..*_ga*NjA0OTgxMDkxLjE3MjQ5ODY5NTY.*_ga_94MRTN8HG4*MTcyNDk4Njk1Ni4xLjAuMTcyNDk4NzE0Ni4wLjAuMTQwOTAyMzIwMg..*_ga_0CCB1GTVV6*MTcyNDk4Njk1NS4xLjEuMTcyNDk4NzE0Ni42MC4wLjA.*_ga_99CSX66YC1*MTcyNDk4Njk1NS4xLjEuMTcyNDk4NzE0Ni42MC4wLjA\">dans la mer de Norv\u00e8ge<\/a>, est \u00e0 peu pr\u00e8s de la taille du Nouveau-Brunswick. Les effets sur la faune seront d\u00e9vastateurs.<\/p>\n\n<p>En r\u00e9ponse, Greenpeace fait \u00e9quipe avec des scientifiques et des activistes, et met les voiles vers le site minier propos\u00e9 sur son navire, <em>The Witness<\/em>.&nbsp;<\/p>\n\n<p>Notre mission&nbsp;: \u00e9tudier les c\u00e9tac\u00e9s (baleines, dauphins et marsouins) qui seront directement menac\u00e9s par les effets destructeurs de cette exploitation mini\u00e8re, diffuser nos conclusions et faire pression sur le gouvernement norv\u00e9gien pour qu\u2019il abandonne ses projets.<\/p>\n\n<p>La zone mini\u00e8re propos\u00e9e comprend des montagnes et des cr\u00eates sous-marines. Il s\u2019agit d\u2019habitats essentiels pour de nombreuses esp\u00e8ces marines, notamment les baleines et les dauphins, qui en ont besoin pour se nourrir, se reproduire et s\u2019orienter.&nbsp;<\/p>\n\n<p>\u00ab&nbsp;M\u00eame si la pr\u00e9sence des baleines et des dauphins dans cette r\u00e9gion est connue depuis longtemps, nous en savons encore incroyablement peu sur leur abondance, leur r\u00e9partition et leurs comportements. Nous en savons peu sur l\u2019importance d\u2019\u00e9cosyst\u00e8mes sains autour des monts sous-marins pour leur survie&nbsp;\u00bb, explique David Santillo, scientifique principal \u00e0 l\u2019unit\u00e9 scientifique de Greenpeace.&nbsp;<\/p>\n\n<p>Pourtant, les compagnies mini\u00e8res norv\u00e9giennes souhaitent extraire de ces monts sous-marins des couches de roches riches en min\u00e9raux, ce qui mettrait en p\u00e9ril des \u00e9cosyst\u00e8mes s\u00e9culaires. Elles ont \u00e9galement l&rsquo;intention d&rsquo;exploiter les chemin\u00e9es hydrothermales. Ces fissures dans le fond marin lib\u00e8rent de l&rsquo;eau chaude riche en min\u00e9raux et sont vitales pour certaines cr\u00e9atures des grands fonds marins.&nbsp;<\/p>\n\n<figure class=\"wp-block-image size-large\"><img loading=\"lazy\" decoding=\"async\" width=\"1024\" height=\"682\" src=\"https:\/\/www.greenpeace.org\/static\/planet4-canada-stateless\/2024\/09\/7a73bf2d-gp0su1y0w-1024x682.jpg\" alt=\"\" class=\"wp-image-67251\" srcset=\"https:\/\/www.greenpeace.org\/static\/planet4-canada-stateless\/2024\/09\/7a73bf2d-gp0su1y0w-1024x682.jpg 1024w, https:\/\/www.greenpeace.org\/static\/planet4-canada-stateless\/2024\/09\/7a73bf2d-gp0su1y0w-300x200.jpg 300w, https:\/\/www.greenpeace.org\/static\/planet4-canada-stateless\/2024\/09\/7a73bf2d-gp0su1y0w-768x512.jpg 768w, https:\/\/www.greenpeace.org\/static\/planet4-canada-stateless\/2024\/09\/7a73bf2d-gp0su1y0w-1536x1024.jpg 1536w, https:\/\/www.greenpeace.org\/static\/planet4-canada-stateless\/2024\/09\/7a73bf2d-gp0su1y0w-2048x1366.jpg 2048w, https:\/\/www.greenpeace.org\/static\/planet4-canada-stateless\/2024\/09\/7a73bf2d-gp0su1y0w-510x340.jpg 510w\" sizes=\"auto, (max-width: 1024px) 100vw, 1024px\" \/><figcaption class=\"wp-element-caption\">\u00a9 Christian \u00c5slund \/ Greenpeace. <em>Un cachalot furtivement aper\u00e7u devant le voilier de Greenpeace, <\/em>The Witness,<em> au cours de son exp\u00e9dition maritime dans les eaux profondes de la Norv\u00e8ge.<\/em><\/figcaption><\/figure>\n\n<p>La Norv\u00e8ge a d\u00e9j\u00e0 \u00e9t\u00e9 abondamment critiqu\u00e9e sur la sc\u00e8ne internationale,<a href=\"https:\/\/seabedminingsciencestatement.org\/francais\"> avec plus de 800&nbsp;oc\u00e9anologues<\/a> ayant appel\u00e9 \u00e0 une pause de l\u2019exploitation mini\u00e8re en eaux profondes. Jusqu\u2019\u00e0 pr\u00e9sent, ces efforts ont \u00e9t\u00e9 vains&nbsp;: le gouvernement norv\u00e9gien semble rester dispos\u00e9 \u00e0 risquer la sant\u00e9 et la stabilit\u00e9 de ces \u00e9cosyst\u00e8mes fragiles pour que les industriels puissent se remplir les poches.<\/p>\n\n<p>\u00ab&nbsp;Avec les \u00e9quipements miniers que la Norv\u00e8ge compte utiliser, ses projets constituent non seulement une menace directe pour les esp\u00e8ces et les habitats des fonds marins, mais aussi plus largement pour l\u2019\u00e9cosyst\u00e8me marin, du minuscule plancton aux gigantesques baleines&nbsp;\u00bb, explique David Santillo.<\/p>\n\n<p>Alors que des recherches sont en cours pour comprendre les effets n\u00e9fastes de cette nouvelle pratique, nous continuons \u00e0 d\u00e9couvrir de nouveaux aspects par lesquels les fonds marins jouent un r\u00f4le important pour la plan\u00e8te enti\u00e8re. Ainsi, une \u00e9tude scientifique r\u00e9cente a r\u00e9v\u00e9l\u00e9 que <a href=\"https:\/\/www.nature.com\/articles\/s41561-024-01480-8\">les nodules polym\u00e9talliques dans la zone de Clarion-Clipperton<\/a>, une zone dans l\u2019oc\u00e9an Pacifique elle aussi convoit\u00e9e pour l\u2019exploitation mini\u00e8re, pourraient jouer un r\u00f4le crucial dans la production d\u2019oxyg\u00e8ne dans les eaux profondes.<\/p>\n\n<p>\u00ab&nbsp;\u00c0 bord du navire <em>The Witness<\/em>, nous pouvons observer et \u00e9couter avec un minimum de perturbations. Cette exp\u00e9dition devrait donc nous aider \u00e0 combler certaines lacunes dans les connaissances scientifiques \u00e0 un moment et dans une zone o\u00f9 personne d\u2019autre ne regarde&nbsp;\u00bb, explique David Santillo.&nbsp;<\/p>\n\n<p>Pour l\u2019instant, nous observons que cette zone abrite plusieurs groupes de cachalots, d\u2019orques, de rorquals communs, de dauphins et de baleines de Minke, mais il reste encore tant \u00e0 d\u00e9couvrir&#8230; et \u00e0 prot\u00e9ger.&nbsp;<\/p>\n\n<p>L\u2019insistance du gouvernement norv\u00e9gien \u00e0 promouvoir l\u2019exploitation mini\u00e8re en l\u2019absence de connaissances suffisantes sur ses cons\u00e9quences est irresponsable. Mais il est encore temps de l\u2019emp\u00eacher. Nous plaiderons sans rel\u00e2che pour nos oc\u00e9ans ainsi que leurs \u00e9cosyst\u00e8mes uniques et essentiels jusqu\u2019\u00e0 ce que tous les gouvernements signent un moratoire sur l\u2019exploitation mini\u00e8re en eaux profondes.&nbsp;<\/p>\n\n<p>Pour en savoir plus sur cette exp\u00e9dition, suivez ce <a href=\"https:\/\/www.greenpeace.org\/international\/press-release\/68560\/greenpeace-launches-arctic-expedition-to-study-vulnerable-marine-mammals-in-targeted-deep-sea-mining-area\/\">lien<\/a> (disponible\u00a0en anglais seulement).<\/p>\n","protected":false},"excerpt":{"rendered":"<p>Si vous n\u2019\u00eates pas au courant, le gouvernement norv\u00e9gien pr\u00e9voit d\u2019ouvrir les eaux arctiques \u00e0 l\u2019exploitation mini\u00e8re en eaux profondes. Et le p\u00e9rim\u00e8tre envisag\u00e9, dans la mer de Norv\u00e8ge, est&hellip;<\/p>\n","protected":false},"author":109,"featured_media":67251,"comment_status":"open","ping_status":"open","sticky":false,"template":"","format":"standard","meta":{"ep_exclude_from_search":false,"p4_og_title":" Greenpeace prend la mer pour mettre un frein \u00e0 l\u2019exploitation mini\u00e8re en eaux profondes","p4_og_description":"Afin de sensibiliser le public et de mettre un terme \u00e0 l'exploitation mini\u00e8re en eaux profondes dans l'Arctique, Greenpeace prend la mer avec son navire The Witness pour \u00e9tudier les c\u00e9tac\u00e9s qui d\u00e9pendent des habitats situ\u00e9s dans la zone mini\u00e8re propos\u00e9e par la Norv\u00e8ge. ","p4_og_image":"https:\/\/www.greenpeace.org\/static\/planet4-canada-stateless\/2024\/09\/2141cc9b-gp0su1y0w-scaled.jpg","p4_og_image_id":"67143","p4_seo_canonical_url":"","p4_campaign_name":"","p4_local_project":"","p4_basket_name":"","p4_department":"","footnotes":""},"categories":[172],"tags":[44,46,157],"p4-page-type":[155],"class_list":["post-67250","post","type-post","status-publish","format-standard","has-post-thumbnail","hentry","category-oceans-fr","tag-navires","tag-oceans-fr","tag-biodiversite","p4-page-type-histoire"],"_links":{"self":[{"href":"https:\/\/www.greenpeace.org\/canada\/fr\/wp-json\/wp\/v2\/posts\/67250","targetHints":{"allow":["GET"]}}],"collection":[{"href":"https:\/\/www.greenpeace.org\/canada\/fr\/wp-json\/wp\/v2\/posts"}],"about":[{"href":"https:\/\/www.greenpeace.org\/canada\/fr\/wp-json\/wp\/v2\/types\/post"}],"author":[{"embeddable":true,"href":"https:\/\/www.greenpeace.org\/canada\/fr\/wp-json\/wp\/v2\/users\/109"}],"replies":[{"embeddable":true,"href":"https:\/\/www.greenpeace.org\/canada\/fr\/wp-json\/wp\/v2\/comments?post=67250"}],"version-history":[{"count":3,"href":"https:\/\/www.greenpeace.org\/canada\/fr\/wp-json\/wp\/v2\/posts\/67250\/revisions"}],"predecessor-version":[{"id":67277,"href":"https:\/\/www.greenpeace.org\/canada\/fr\/wp-json\/wp\/v2\/posts\/67250\/revisions\/67277"}],"wp:featuredmedia":[{"embeddable":true,"href":"https:\/\/www.greenpeace.org\/canada\/fr\/wp-json\/wp\/v2\/media\/67251"}],"wp:attachment":[{"href":"https:\/\/www.greenpeace.org\/canada\/fr\/wp-json\/wp\/v2\/media?parent=67250"}],"wp:term":[{"taxonomy":"category","embeddable":true,"href":"https:\/\/www.greenpeace.org\/canada\/fr\/wp-json\/wp\/v2\/categories?post=67250"},{"taxonomy":"post_tag","embeddable":true,"href":"https:\/\/www.greenpeace.org\/canada\/fr\/wp-json\/wp\/v2\/tags?post=67250"},{"taxonomy":"p4-page-type","embeddable":true,"href":"https:\/\/www.greenpeace.org\/canada\/fr\/wp-json\/wp\/v2\/p4-page-type?post=67250"}],"curies":[{"name":"wp","href":"https:\/\/api.w.org\/{rel}","templated":true}]}}