{"id":67270,"date":"2024-09-05T12:00:58","date_gmt":"2024-09-05T16:00:58","guid":{"rendered":"https:\/\/www.greenpeace.org\/canada\/?p=67270"},"modified":"2024-10-01T13:09:44","modified_gmt":"2024-10-01T17:09:44","slug":"des-images-publiees-par-greenpeace-revelent-les-degats-causes-par-la-peche-industrielle-dans-les-profondeurs-de-locean","status":"publish","type":"post","link":"https:\/\/www.greenpeace.org\/canada\/fr\/blog-des-volontaires\/67270\/des-images-publiees-par-greenpeace-revelent-les-degats-causes-par-la-peche-industrielle-dans-les-profondeurs-de-locean\/","title":{"rendered":"Des images publi\u00e9es par Greenpeace r\u00e9v\u00e8lent les d\u00e9g\u00e2ts caus\u00e9s par la p\u00eache industrielle dans les profondeurs de l\u2019oc\u00e9an\u00a0\u00a0"},"content":{"rendered":"\n<p><strong>Amsterdam, Pays-Bas &#8211; <\/strong>Dans une nouvelle vid\u00e9o publi\u00e9e aujourd\u2019hui, Greenpeace International r\u00e9v\u00e8le les d\u00e9g\u00e2ts dramatiques caus\u00e9s par le chalutage de fond sur les monts sous marins de l\u2019Empereur dans le Pacifique Nord, et appelle \u00e0 la cr\u00e9ation dans cette zone d\u2019une nouvelle aire marine prot\u00e9g\u00e9e en haute mer, qui comprendrait l\u2019interdiction de toute activit\u00e9 de p\u00eache.&nbsp;<\/p>\n\n<p>Ces images, recueillies par des scientifiques de l\u2019universit\u00e9 d\u2019\u00c9tat de Floride durant plusieurs ann\u00e9es [1], montrent les traces laiss\u00e9es par les chaluts de fond sur les fonds marins \u00e0 des milliers de m\u00e8tres sous la surface. Elles constituent des preuves irr\u00e9futables de la fa\u00e7on dont ce pr\u00e9cieux \u00e9cosyst\u00e8me a \u00e9t\u00e9 d\u00e9cim\u00e9 par des ann\u00e9es de chalutage de fond, une pratique qui consiste \u00e0 tra\u00eener de lourds engins de p\u00eache sur le fond marin, d\u00e9truisant sur leur passage des \u00e9cosyst\u00e8mes fragiles dont le d\u00e9veloppement s\u2019\u00e9tale sur des milliers d\u2019ann\u00e9es.<br><\/p>\n\n<p>Les vid\u00e9os sont disponibles <a href=\"https:\/\/media.greenpeace.org\/Detail\/27MDHUFO8FC9\" target=\"_blank\" rel=\"noreferrer noopener\">ici<\/a>, dans la m\u00e9diath\u00e8que de Greenpeace.<br><\/p>\n\n<p>\u00ab&nbsp;<em>Les profondeurs de l\u2019oc\u00e9an r\u00e9v\u00e8lent un monde fascinant, myst\u00e9rieux et plein de vie. Ces vid\u00e9os d\u2019engins de p\u00eache \u201cfant\u00f4mes\u201d jonchant les fonds marins \u00e0 des milliers de m\u00e8tres sous la surface t\u00e9moignent de l\u2019ampleur de l\u2019impact de l\u2019industrie de la p\u00eache, et nous rappelle l\u2019urgente n\u00e9cessit\u00e9 de prot\u00e9ger les monts sous-marins en haute mer afin qu\u2019ils se r\u00e9g\u00e9n\u00e8rent et offrent \u00e0 nouveau un habitat propice au d\u00e9veloppement de la vie marine, comme dans les zones non touch\u00e9es.<\/em> \u00bb, <strong>explique Amy Baco-Taylor, professeure au d\u00e9partement des sciences de la Terre, de l\u2019oc\u00e9an et de l\u2019atmosph\u00e8re \u00e0 l\u2019universit\u00e9 d\u2019\u00c9tat de Floride<\/strong>.&nbsp;<\/p>\n\n<p>Les monts sous-marins de l\u2019Empereur, une cha\u00eene isol\u00e9e de plus de 80 monts sous-marins, constituent un point chaud sur le plan \u00e9cologique et culturel [2] ainsi qu\u2019un \u00e9cosyst\u00e8me marin vuln\u00e9rable (EMV) abritant une riche vari\u00e9t\u00e9 de coraux et d\u2019\u00e9ponges d\u2019eau froide, des crustac\u00e9s, des \u00e9toiles de mer et plusieurs esp\u00e8ces de mammif\u00e8res marins. Les chalutiers ciblent cette zone en raison de l\u2019abondance de sa vie marine.<br><\/p>\n\n<p>Le chalutage de fond est la m\u00e9thode privil\u00e9gi\u00e9e par les flottes de p\u00eache commerciale en raison du fort potentiel de prises en un seul passage. Mais il s\u2019agit d\u2019une m\u00e9thode de p\u00eache non s\u00e9lective qui racle les \u00e9cosyst\u00e8mes des fonds marins et entra\u00eene une quantit\u00e9 importante de prises accessoires, ce qui menace la biodiversit\u00e9 marine et l\u2019avenir des p\u00eacheries elles-m\u00eames.&nbsp;<\/p>\n\n<p>\u00ab M\u00eame dans les zones les plus recul\u00e9es de l\u2019oc\u00e9an, dans le grand silence des profondeurs, la p\u00eache industrielle provoque des destructions, <strong>ajoute Chris Thorne, responsable de la campagne <\/strong><strong><em>Prot\u00e9geons les oc\u00e9ans<\/em><\/strong><strong> de Greenpeace.<\/strong>&nbsp; Les monts sous-marins de l\u2019Empereur doivent \u00eatre l\u2019une des premi\u00e8res zones prot\u00e9g\u00e9es dans le cadre du Trait\u00e9 mondial sur les oc\u00e9ans, et la premi\u00e8re d\u2019une longue liste de nouvelles aires prot\u00e9g\u00e9es dont la superficie doit couvrir 30% des oc\u00e9ans de la plan\u00e8te d\u2019ici \u00e0 2030. \u00bb<\/p>\n\n<p><br>En 2006, l\u2019Assembl\u00e9e g\u00e9n\u00e9rale des Nations unies a adopt\u00e9 une r\u00e9solution appelant \u00e0 prot\u00e9ger les \u00e9cosyst\u00e8mes marins vuln\u00e9rables, y compris les monts sous-marins, contre le chalutage de fond. Mais les \u00c9tats et les organisations r\u00e9gionales de p\u00eache ne cessent de remettre \u00e0 plus tard l\u2019adoption de mesures, ann\u00e9e apr\u00e8s ann\u00e9e. Il est plus urgent que jamais de ratifier le Trait\u00e9 mondial sur les oc\u00e9ans pour prot\u00e9ger les \u00e9cosyst\u00e8mes vuln\u00e9rables.&nbsp;<br><\/p>\n\n<p>Il est estim\u00e9 que seuls 20 navires originaires de six pays pratiquent le chalutage de fond sur les monts sous-marins en haute mer. Cependant, cette activit\u00e9 cause une large destruction \u00e0 long terme, alors m\u00eame que les captures sur les monts sous-marins ne repr\u00e9sentent qu\u2019une faible proportion du total des captures marines mondiales [3]. Au mois d\u2019avril, la Commission des p\u00eaches du Pacifique Nord (NPFC, de l\u2019anglais <em>North Pacific Fisheries Commission<\/em>), l\u2019organe responsable de la gestion de la p\u00eache dans cette zone, a rejet\u00e9 une proposition des \u00c9tats-Unis et du Canada visant \u00e0 interdire le chalutage de fond sur les monts sous-marins de l\u2019Empereur, bien qu\u2019il n\u2019y ait \u00e0 l\u2019heure actuelle que deux navires pratiquant la p\u00eache de fond sur le site [4].<\/p>\n\n<p class=\"has-text-align-center\">&#8211; 30 &#8211;<\/p>\n\n<p><strong><br><\/strong><strong>Contacts :&nbsp;<\/strong><\/p>\n\n<p>Magali Rubino, responsable mondiale des m\u00e9dias pour la campagne Oc\u00e9ans de Greenpeace, Greenpeace France: <a href=\"mailto:magali.rubino@greenpeace.Org\">magali.rubino@greenpeace.org<\/a> +33 7 78 41 78 78 (GMT+1)<\/p>\n\n<p>Bureau de presse de Greenpeace International :<\/p>\n\n<p><a href=\"mailto:pressdesk.int@greenpeace.org\" target=\"_blank\" rel=\"noreferrer noopener\">pressdesk.int@greenpeace.org<\/a>, +31 (0) 20 718 2470 (disponible 24h sur 24)<\/p>\n\n<p><strong>Notes:<\/strong><\/p>\n\n<p>[1] Les images ont \u00e9t\u00e9 capt\u00e9es par des submersibles ROV et AUV dans le cadre de deux projets de recherche du Dr. Amy Baco-Taylor (financ\u00e9s par la National Science Foundation) en 2016\/17 et 2022. Amy Baco-Taylor est une experte reconnue des monts sous-marins de l\u2019Empereur.&nbsp;<\/p>\n\n<p>[2] Les monts sous-marins de l\u2019Empereur ont une riche histoire culturelle qui s\u2019\u00e9tend sur des milliers d\u2019ann\u00e9es. Voir l\u2019article \u00ab A Forgotten Maritime Highway: Maritime Cultural Heritage of the Emperor Seamounts with Implications for High Seas Conservation \u00bb (2024) <a href=\"https:\/\/link.springer.com\/article\/10.1007\/s11457-024-09389-4\" target=\"_blank\" rel=\"noreferrer noopener\">https:\/\/link.springer.com\/article\/10.1007\/s11457-024-09389-4<\/a>&nbsp;<\/p>\n\n<p>Papah\u0101naumoku\u0101kea et la zone oc\u00e9anique qui s\u2019\u00e9tend au-del\u00e0 rev\u00eatent une profonde signification cosmologique et traditionnelle pour la culture hawa\u00efenne autochtone, en tant qu\u2019environnement ancestral et incarnation du concept hawa\u00efen de parent\u00e9 entre les peuples et la nature.&nbsp;<\/p>\n\n<p>[3] La plupart des captures cibl\u00e9es effectu\u00e9es par ces navires dans les zones de haute mer sont constitu\u00e9es de quatre esp\u00e8ces : la t\u00eate casqu\u00e9e p\u00e9lagique (<em>Pseudopentaceros wheeleri<\/em>) dans le Pacifique Nord ; le b\u00e9ryx long (<em>Beryx splendens<\/em>) dans le Pacifique Nord, le sud de l\u2019oc\u00e9an Indien et l\u2019Atlantique Nord ; l\u2019hoplost\u00e8te orange (<em>Hoplostethus atlanticus<\/em>) dans le Pacifique Sud-Ouest, le sud de l\u2019oc\u00e9an Indien et l\u2019Atlantique Nord-Est ; et le grenadier de roche (<em>Coryphaenoides rupestris<\/em>) dans l\u2019Atlantique Nord-Est.<br>\u00ab Protecting Global Seamounts \u00bb, Deep Sea Conservation Coalition <a href=\"https:\/\/deep-sea-conservation.org\/wp-content\/uploads\/2023\/12\/Protecting-Global-Ocean-Seamounts-7.pdf\" target=\"_blank\" rel=\"noreferrer noopener\">https:\/\/deep-sea-conservation.org\/wp-content\/uploads\/2023\/12\/Protecting-Global-Ocean-Seamounts-7.pdf<\/a><br><\/p>\n\n<p>[4] Les membres du NPFC ont rejet\u00e9 la proposition des \u00c9tats-Unis et du Canada principalement en raison de l\u2019opposition du Japon, ce qui signifie que la Commission n\u2019a pas respect\u00e9 les engagements et obligations qui lui incombent en vertu des lois internationales en mati\u00e8re de gestion de la p\u00eache en haute mer afin de garantir \u00ab la protection de la biodiversit\u00e9 dans l\u2019environnement marin \u00bb.&nbsp;&nbsp;<\/p>\n\n<p>&#8211; &#8211;&nbsp;<\/p>\n\n<p>Chris Thorne est le responsable de la campagne <em>Prot\u00e9geons les oc\u00e9ans <\/em>pour Greenpeace au Royaume-Uni.&nbsp;&nbsp;<\/p>\n\n<p>Le<em> Rainbow Warrior,<\/em> navire de Greenpeace, a achev\u00e9 une exp\u00e9dition de cinq semaines dans l\u2019oc\u00e9an Pacifique Nord pour documenter les pratiques de p\u00eaches destructrices et les conditions de travail des palangriers ta\u00efwanais pr\u00e9sents dans la zone des monts sous-marins de l\u2019Empereur. L\u2019\u00e9quipe de Greenpeace charg\u00e9e d\u2019enqu\u00eater sur ces palangriers a \u00e9t\u00e9 t\u00e9moin de la capture de plusieurs requins : <a href=\"https:\/\/www.greenpeace.org\/international\/press-release\/69420\/greenpeace-first-complete-longliner-investigations-witnesses-shark-deaths-depleted-fisheries-north-pacific\/\" target=\"_blank\" rel=\"noreferrer noopener\">https:\/\/www.greenpeace.org\/international\/press-release\/69420\/greenpeace-first-complete-longliner-investigations-witnesses-shark-deaths-depleted-fisheries-north-pacific\/<\/a><\/p>\n","protected":false},"excerpt":{"rendered":"<p>Dans une nouvelle vid\u00e9o publi\u00e9e aujourd\u2019hui, Greenpeace International r\u00e9v\u00e8le les d\u00e9g\u00e2ts dramatiques caus\u00e9s par le chalutage de fond sur les monts sous marins de l\u2019Empereur dans le Pacifique Nord, et appelle \u00e0 la cr\u00e9ation dans cette zone d\u2019une nouvelle aire marine prot\u00e9g\u00e9e en haute mer, qui comprendrait l\u2019interdiction de toute activit\u00e9 de p\u00eache.\u00a0<\/p>\n","protected":false},"author":77,"featured_media":67232,"comment_status":"open","ping_status":"open","sticky":false,"template":"","format":"standard","meta":{"ep_exclude_from_search":false,"p4_og_title":"Des images publi\u00e9es par Greenpeace r\u00e9v\u00e8lent les d\u00e9g\u00e2ts caus\u00e9s par la p\u00eache industrielle dans les profondeurs de l\u2019oc\u00e9an\u00a0\u00a0","p4_og_description":" Dans une nouvelle vid\u00e9o publi\u00e9e aujourd\u2019hui, Greenpeace International r\u00e9v\u00e8le les d\u00e9g\u00e2ts dramatiques caus\u00e9s par le chalutage de fond sur les monts sous marins de l\u2019Empereur dans le Pacifique Nord, et appelle \u00e0 la cr\u00e9ation dans cette zone d\u2019une nouvelle aire marine prot\u00e9g\u00e9e en haute mer, qui comprendrait l\u2019interdiction de toute activit\u00e9 de p\u00eache.","p4_og_image":"https:\/\/www.greenpeace.org\/static\/planet4-canada-stateless\/2024\/09\/14505ac5-gp0su280j_medium-res-with-credit-line-1200px.jpg","p4_og_image_id":"67232","p4_seo_canonical_url":"","p4_campaign_name":"","p4_local_project":"","p4_basket_name":"","p4_department":"","footnotes":""},"categories":[19,172],"tags":[44,46,157],"p4-page-type":[],"class_list":["post-67270","post","type-post","status-publish","format-standard","has-post-thumbnail","hentry","category-nature-fr","category-oceans-fr","tag-navires","tag-oceans-fr","tag-biodiversite"],"_links":{"self":[{"href":"https:\/\/www.greenpeace.org\/canada\/fr\/wp-json\/wp\/v2\/posts\/67270","targetHints":{"allow":["GET"]}}],"collection":[{"href":"https:\/\/www.greenpeace.org\/canada\/fr\/wp-json\/wp\/v2\/posts"}],"about":[{"href":"https:\/\/www.greenpeace.org\/canada\/fr\/wp-json\/wp\/v2\/types\/post"}],"author":[{"embeddable":true,"href":"https:\/\/www.greenpeace.org\/canada\/fr\/wp-json\/wp\/v2\/users\/77"}],"replies":[{"embeddable":true,"href":"https:\/\/www.greenpeace.org\/canada\/fr\/wp-json\/wp\/v2\/comments?post=67270"}],"version-history":[{"count":2,"href":"https:\/\/www.greenpeace.org\/canada\/fr\/wp-json\/wp\/v2\/posts\/67270\/revisions"}],"predecessor-version":[{"id":67487,"href":"https:\/\/www.greenpeace.org\/canada\/fr\/wp-json\/wp\/v2\/posts\/67270\/revisions\/67487"}],"wp:featuredmedia":[{"embeddable":true,"href":"https:\/\/www.greenpeace.org\/canada\/fr\/wp-json\/wp\/v2\/media\/67232"}],"wp:attachment":[{"href":"https:\/\/www.greenpeace.org\/canada\/fr\/wp-json\/wp\/v2\/media?parent=67270"}],"wp:term":[{"taxonomy":"category","embeddable":true,"href":"https:\/\/www.greenpeace.org\/canada\/fr\/wp-json\/wp\/v2\/categories?post=67270"},{"taxonomy":"post_tag","embeddable":true,"href":"https:\/\/www.greenpeace.org\/canada\/fr\/wp-json\/wp\/v2\/tags?post=67270"},{"taxonomy":"p4-page-type","embeddable":true,"href":"https:\/\/www.greenpeace.org\/canada\/fr\/wp-json\/wp\/v2\/p4-page-type?post=67270"}],"curies":[{"name":"wp","href":"https:\/\/api.w.org\/{rel}","templated":true}]}}