{"id":67344,"date":"2024-08-27T15:26:00","date_gmt":"2024-08-27T19:26:00","guid":{"rendered":"https:\/\/www.greenpeace.org\/canada\/?p=67344"},"modified":"2024-09-10T15:44:19","modified_gmt":"2024-09-10T19:44:19","slug":"monts-sous-marins-de-lempereur-des-oasis-de-vie-que-le-canada-peut-aider-a-proteger","status":"publish","type":"post","link":"https:\/\/www.greenpeace.org\/canada\/fr\/histoire\/67344\/monts-sous-marins-de-lempereur-des-oasis-de-vie-que-le-canada-peut-aider-a-proteger\/","title":{"rendered":"Monts sous-marins de l&#8217;empereur : des oasis de vie que le Canada peut aider \u00e0 prot\u00e9ger"},"content":{"rendered":"\n<p class=\"has-small-font-size\"><em>Cet article a \u00e9t\u00e9 traduit et l\u00e9g\u00e8rement adapt\u00e9 d&rsquo;une version diff\u00e9rente <a href=\"https:\/\/www.greenpeace.org\/international\/story\/66620\/emperor-seamounts-oases-governments-failing-protect\/\" target=\"_blank\" rel=\"noreferrer noopener\">publi\u00e9e<\/a> par Greenpeace International afin de l&rsquo;adapter au contexte canadien.<\/em><\/p>\n\n<p>Dans les profondeurs de l&rsquo;oc\u00e9an Pacifique nord se trouve une cha\u00eene isol\u00e9e de plus de 800 monts sous-marins. Ces oasis de vie, connues sous le nom de \u00ab monts sous-marins de l&rsquo;Empereur \u00bb, abritent une grande vari\u00e9t\u00e9 de coraux et d&rsquo;\u00e9ponges d&rsquo;eau froide, ainsi que des cr\u00e9atures plus petites comme des crustac\u00e9s et des \u00e9toiles de mer.<\/p>\n\n<figure class=\"wp-block-image size-large\"><img loading=\"lazy\" decoding=\"async\" width=\"1024\" height=\"683\" src=\"https:\/\/www.greenpeace.org\/static\/planet4-canada-stateless\/2024\/08\/207b18ef-gp0stxfz6-1024x683.jpg\" alt=\"\" class=\"wp-image-67091\" srcset=\"https:\/\/www.greenpeace.org\/static\/planet4-canada-stateless\/2024\/08\/207b18ef-gp0stxfz6-1024x683.jpg 1024w, https:\/\/www.greenpeace.org\/static\/planet4-canada-stateless\/2024\/08\/207b18ef-gp0stxfz6-300x200.jpg 300w, https:\/\/www.greenpeace.org\/static\/planet4-canada-stateless\/2024\/08\/207b18ef-gp0stxfz6-768x512.jpg 768w, https:\/\/www.greenpeace.org\/static\/planet4-canada-stateless\/2024\/08\/207b18ef-gp0stxfz6-510x340.jpg 510w, https:\/\/www.greenpeace.org\/static\/planet4-canada-stateless\/2024\/08\/207b18ef-gp0stxfz6.jpg 1200w\" sizes=\"auto, (max-width: 1024px) 100vw, 1024px\" \/><figcaption class=\"wp-element-caption\">Une tortue et des poissons sur des coraux. \u00a9 Lorenzo Moscia \/ Greenpeace<\/figcaption><\/figure>\n\n<p>Comme beaucoup d&rsquo;autres monts sous-marins, ils jouent un r\u00f4le crucial dans la migration et le cycle de vie des grands animaux marins tels que les baleines bleues, les cachalots et les baleines \u00e0 bosse. M\u00eame les oiseaux, y compris le plus vieil oiseau sauvage connu au monde, un albatros de Laysan connu sous le nom de \u00ab Wisdom \u00bb, se nourrissent dans ce point chaud de la biodiversit\u00e9.<\/p>\n\n<p>Il y a de nombreuses raisons pour lesquelles la vie oc\u00e9anique autour des monts sous-marins de l&rsquo;Empereur est florissante. S&rsquo;\u00e9levant \u00e0 plus de 100 m\u00e8tres au-dessus des fonds marins qui les entourent, les monts sous-marins sont constamment inond\u00e9s de nourriture par les courants oc\u00e9aniques. Cette nourriture attire les petits poissons, qui \u00e0 leur tour attirent les grands pr\u00e9dateurs, comme les thons et les requins. Un m\u00e9lange de surfaces dures et molles, de corniches et de d\u00e9pressions fournit \u00e9galement une vari\u00e9t\u00e9 d&rsquo;habitats permettant \u00e0 la vie marine de s&rsquo;\u00e9panouir.<\/p>\n\n<p>Les \u00c9tats-Unis ont prot\u00e9g\u00e9 la partie la plus m\u00e9ridionale des monts sous-marins de l&rsquo;Empereur situ\u00e9e dans leurs eaux nationales, le monument national marin Papah\u0101naumoku\u0101kea. Ce monument, et la zone oc\u00e9anique qui l&rsquo;entoure, rev\u00eatent une grande importance cosmologique et traditionnelle pour la culture hawa\u00efenne. Il s&rsquo;agit d&rsquo;un environnement ancestral et d&rsquo;une incarnation du concept hawa\u00efen de parent\u00e9 entre humains et monde naturel.<\/p>\n\n<figure class=\"wp-block-image size-large\"><img loading=\"lazy\" decoding=\"async\" width=\"1024\" height=\"683\" src=\"https:\/\/www.greenpeace.org\/static\/planet4-canada-stateless\/2024\/08\/de981053-gp0stxfz1-1024x683.jpg\" alt=\"\" class=\"wp-image-67094\" srcset=\"https:\/\/www.greenpeace.org\/static\/planet4-canada-stateless\/2024\/08\/de981053-gp0stxfz1-1024x683.jpg 1024w, https:\/\/www.greenpeace.org\/static\/planet4-canada-stateless\/2024\/08\/de981053-gp0stxfz1-300x200.jpg 300w, https:\/\/www.greenpeace.org\/static\/planet4-canada-stateless\/2024\/08\/de981053-gp0stxfz1-768x512.jpg 768w, https:\/\/www.greenpeace.org\/static\/planet4-canada-stateless\/2024\/08\/de981053-gp0stxfz1-510x340.jpg 510w, https:\/\/www.greenpeace.org\/static\/planet4-canada-stateless\/2024\/08\/de981053-gp0stxfz1.jpg 1200w\" sizes=\"auto, (max-width: 1024px) 100vw, 1024px\" \/><figcaption class=\"wp-element-caption\">Des poissons sur du corail et un\u00b7e plongeur\u00b7se en arri\u00e8re-plan. \u00a9 Lorenzo Moscia \/ Greenpeace<\/figcaption><\/figure>\n\n<p>Malheureusement, le reste des monts sous-marins de l&rsquo;Empereur en haute mer reste ouvert aux activit\u00e9s de p\u00eache humaine destructrices. Bien que la p\u00eache de fond ne repr\u00e9sente que 2,1 % de toutes les activit\u00e9s de p\u00eache apparentes dans la r\u00e9gion, elle a d\u00e9j\u00e0 d\u00e9vast\u00e9 de nombreux \u00e9cosyst\u00e8mes d&rsquo;eau profonde vuln\u00e9rables et \u00e0 croissance lente.<\/p>\n\n<p><a href=\"https:\/\/www.greenpeace.org\/international\/publication\/67495\/untangled-global-ocean-treaty-high-seas-mismanagement\/\" target=\"_blank\" rel=\"noreferrer noopener\">Les organisations r\u00e9gionales de gestion des p\u00eaches (ORGP) sont des organisations internationales compos\u00e9es de pays qui partagent un int\u00e9r\u00eat pour la gestion de la p\u00eache dans une zone particuli\u00e8re.<\/a> L&rsquo;ORGP responsable de la gestion de la p\u00eache autour des monts sous-marins de l&rsquo;Empereur est la Commission des p\u00eaches du Pacifique Nord (CPPN). Depuis sa cr\u00e9ation en 2015, les mesures qu&rsquo;elle a adopt\u00e9es pour prot\u00e9ger les monts sous-marins de l&rsquo;Empereur se sont r\u00e9v\u00e9l\u00e9es inad\u00e9quates. Lors de la derni\u00e8re r\u00e9union de la CPPN en avril 2024, les \u00c9tats-Unis et le Canada ont demand\u00e9 la fermeture des monts sous-marins au chalutage de fond jusqu&rsquo;\u00e0 ce qu&rsquo;on comprenne mieux ces \u00e9cosyst\u00e8mes vuln\u00e9rables et leurs habitants. Malheureusement, les membres de la CPPN n&rsquo;ont pas adopt\u00e9 la proposition des \u00c9tats-Unis et du Canada, \u00e9chouant une fois de plus \u00e0 mettre un terme \u00e0 la p\u00eache de fond pour prot\u00e9ger la pr\u00e9cieuse vie marine.<\/p>\n\n<figure class=\"wp-block-image size-large\"><img loading=\"lazy\" decoding=\"async\" width=\"1024\" height=\"686\" src=\"https:\/\/www.greenpeace.org\/static\/planet4-canada-stateless\/2024\/08\/6aeeacd6-gp0c57-1024x686.jpg\" alt=\"\" class=\"wp-image-67097\" srcset=\"https:\/\/www.greenpeace.org\/static\/planet4-canada-stateless\/2024\/08\/6aeeacd6-gp0c57-1024x686.jpg 1024w, https:\/\/www.greenpeace.org\/static\/planet4-canada-stateless\/2024\/08\/6aeeacd6-gp0c57-300x201.jpg 300w, https:\/\/www.greenpeace.org\/static\/planet4-canada-stateless\/2024\/08\/6aeeacd6-gp0c57-768x515.jpg 768w, https:\/\/www.greenpeace.org\/static\/planet4-canada-stateless\/2024\/08\/6aeeacd6-gp0c57-507x340.jpg 507w, https:\/\/www.greenpeace.org\/static\/planet4-canada-stateless\/2024\/08\/6aeeacd6-gp0c57.jpg 1200w\" sizes=\"auto, (max-width: 1024px) 100vw, 1024px\" \/><figcaption class=\"wp-element-caption\">Une baleine \u00e0 bosse (Megaptera novaeangliae) est ici en train de sauter au-dessus de la surface de l&rsquo;eau de l&rsquo;oc\u00e9an Pacifique. \u00a9 Michael S. Nolan\/Seapics.com<\/figcaption><\/figure>\n\n<p>Les donn\u00e9es scientifiques sont claires : les monts sous-marins de l&rsquo;Empereur ont besoin d&rsquo;une protection urgente. Pourtant, \u00e0 chaque saison de p\u00eache, ils sont menac\u00e9s \u00e0 cause de l&rsquo;\u00e9chec des organisations r\u00e9gionales de gestion des p\u00eaches. Cette incapacit\u00e9 \u00e0 prot\u00e9ger les monts sous-marins empereurs est un nouvel exemple de la n\u00e9cessit\u00e9 d&rsquo;un <a href=\"https:\/\/www.greenpeace.org\/international\/story\/60272\/how-we-got-global-ocean-treaty-what-comes-next\/\" target=\"_blank\" rel=\"noreferrer noopener\">trait\u00e9 historique sur l&rsquo;oc\u00e9an mondial<\/a>, qui donne aux gouvernements les moyens de cr\u00e9er des sanctuaires oc\u00e9aniques autour de nos \u00e9cosyst\u00e8mes les plus pr\u00e9cieux en haute mer.<\/p>\n\n<p>Cependant, le trait\u00e9 ne pourra entrer en vigueur que lorsqu&rsquo;au moins 60 gouvernements l&rsquo;auront inscrit dans leur l\u00e9gislation nationale. Si les gouvernements veulent vraiment prot\u00e9ger au moins 30 % des oc\u00e9ans d&rsquo;ici \u00e0 2030, ils doivent ratifier le trait\u00e9 de toute urgence. Cela inclut le Canada.<\/p>\n\n<p>Alors que les gouvernements s&rsquo;efforcent d&rsquo;officialiser leur soutien au trait\u00e9, ils doivent \u00e9galement commencer \u00e0 \u00e9laborer des propositions visant \u00e0 prot\u00e9ger pleinement les \u00e9cosyst\u00e8mes marins vuln\u00e9rables tels que les monts sous-marins de l&rsquo;Empereur. Le Canada a fait preuve de leadership tout comme les \u00c9tats-Unis, mais il doit maintenant veiller \u00e0 ce que leurs appels se transforment en actions dans les oc\u00e9ans.<\/p>\n\n<p><strong>Vous pouvez vous joindre \u00e0 nous pour exhorter le Canada \u00e0 prot\u00e9ger les oc\u00e9ans. Signez notre p\u00e9tition demandant au gouvernement f\u00e9d\u00e9ral d&rsquo;agir rapidement pour ratifier le trait\u00e9 mondial sur les oc\u00e9ans et de travailler \u00e0 la cr\u00e9ation d&rsquo;un r\u00e9seau de sanctuaires oc\u00e9aniques. \u2935\ufe0f<\/strong><\/p>\n\t\t\t<section\n\t\t\tclass=\"boxout post-60886 \"\n\t\t\t\n\t\t>\n\t\t\t<a\n\t\t\t\tdata-ga-category=\"Take Action Boxout\"\n\t\t\t\tdata-ga-action=\"Image\"\n\t\t\t\tdata-ga-label=\"n\/a\"\n\t\t\t\tclass=\"cover-card-overlay\"\n\t\t\t\thref=\"https:\/\/www.greenpeace.org\/canada\/fr\/agir\/appelons-a-la-creation-de-sanctuaires-marins-mondiaux-des-maintenant\/\" \n\t\t\t><\/a>\n\t\t\t\t\t\t\t<img\n\t\t\t\t\t\tsrc=\"https:\/\/www.greenpeace.org\/static\/planet4-canada-stateless\/2023\/10\/8aed9bda-gos-petition-fr-1-1024x535.png\"\n\t\t\t\t\t\tsrcset=\"https:\/\/www.greenpeace.org\/static\/planet4-canada-stateless\/2023\/10\/8aed9bda-gos-petition-fr-1-300x157.png 300w, https:\/\/www.greenpeace.org\/static\/planet4-canada-stateless\/2023\/10\/8aed9bda-gos-petition-fr-1-1024x535.png 1024w, https:\/\/www.greenpeace.org\/static\/planet4-canada-stateless\/2023\/10\/8aed9bda-gos-petition-fr-1-768x401.png 768w, https:\/\/www.greenpeace.org\/static\/planet4-canada-stateless\/2023\/10\/8aed9bda-gos-petition-fr-1-510x266.png 510w, https:\/\/www.greenpeace.org\/static\/planet4-canada-stateless\/2023\/10\/8aed9bda-gos-petition-fr-1.png 1200w\"\n\t\t\t\t\t\tsizes=\"(min-width: 1000px) 358px, (min-width: 780px) 313px, 88px\"\n\t\t\t\t\t\talt=\"\" title=\"\"\n\t\t\t\t\/>\n            \t\t\t<div class=\"boxout-content\">\n\t\t\t\t\t\t\t\t\t<a\n\t\t\t\t\t\tclass=\"boxout-heading medium\"\n\t\t\t\t\t\tdata-ga-category=\"Take Action Boxout\"\n\t\t\t\t\t\tdata-ga-action=\"Title\"\n\t\t\t\t\t\tdata-ga-label=\"n\/a\"\n\t\t\t\t\t\thref=\"https:\/\/www.greenpeace.org\/canada\/fr\/agir\/appelons-a-la-creation-de-sanctuaires-marins-mondiaux-des-maintenant\/\"\n\t\t\t\t\t\t\n\t\t\t\t\t>\n\t\t\t\t\t\tAppelons \u00e0 la cr\u00e9ation de sanctuaires marins mondiaux d\u00e8s maintenant\n\t\t\t\t\t<\/a>\n\t\t\t\t\t\t\t\t\t\t\t\t\t<p class=\"boxout-excerpt\">Le Trait\u00e9 mondial sur les oc\u00e9ans doit \u00eatre sign\u00e9 par 60 pays d&rsquo;ici 2025 pour devenir juridiquement contraignant. Signez la p\u00e9tition pour que le Canada fasse partie du nombre!<\/p>\n\t\t\t\t                                    <a\n                        class=\"btn btn-primary\"\n                        data-ga-category=\"Take Action Boxout\"\n                        data-ga-action=\"Call to Action\"\n                        data-ga-label=\"n\/a\"\n                        href=\"https:\/\/www.greenpeace.org\/canada\/fr\/agir\/appelons-a-la-creation-de-sanctuaires-marins-mondiaux-des-maintenant\/\"\n                        \n                    >\n                        Passer \u00e0 l&#039;action\n                    <\/a>\n                \t\t\t<\/div>\n\t\t\t\t\t<\/section>\n\t\n<p><em>Jeanette Meyer est responsable de la campagne num\u00e9rique mondiale pour la campagne \u00ab Prot\u00e9geons les oc\u00e9ans \u00bb de Greenpeace International.<\/em><\/p>\n\n<p><em>Sarah King est strat\u00e8ge principale de la campagne de la nature et la biodiversit\u00e9 chez Greenpeace Canada.<\/em><\/p>\n","protected":false},"excerpt":{"rendered":"<p>Les monts sous-marins de l&rsquo;Empereur sont riches en biodiversit\u00e9, et la p\u00eache de fond continuera \u00e0 les d\u00e9vaster si les gouvernements ne mettent pas fin \u00e0 cette pratique destructrice.<\/p>\n","protected":false},"author":128,"featured_media":67091,"comment_status":"open","ping_status":"open","sticky":false,"template":"","format":"standard","meta":{"ep_exclude_from_search":false,"p4_og_title":"","p4_og_description":"","p4_og_image":"","p4_og_image_id":"","p4_seo_canonical_url":"","p4_campaign_name":"","p4_local_project":"","p4_basket_name":"","p4_department":"","footnotes":""},"categories":[172],"tags":[46],"p4-page-type":[155],"class_list":["post-67344","post","type-post","status-publish","format-standard","has-post-thumbnail","hentry","category-oceans-fr","tag-oceans-fr","p4-page-type-histoire"],"_links":{"self":[{"href":"https:\/\/www.greenpeace.org\/canada\/fr\/wp-json\/wp\/v2\/posts\/67344","targetHints":{"allow":["GET"]}}],"collection":[{"href":"https:\/\/www.greenpeace.org\/canada\/fr\/wp-json\/wp\/v2\/posts"}],"about":[{"href":"https:\/\/www.greenpeace.org\/canada\/fr\/wp-json\/wp\/v2\/types\/post"}],"author":[{"embeddable":true,"href":"https:\/\/www.greenpeace.org\/canada\/fr\/wp-json\/wp\/v2\/users\/128"}],"replies":[{"embeddable":true,"href":"https:\/\/www.greenpeace.org\/canada\/fr\/wp-json\/wp\/v2\/comments?post=67344"}],"version-history":[{"count":3,"href":"https:\/\/www.greenpeace.org\/canada\/fr\/wp-json\/wp\/v2\/posts\/67344\/revisions"}],"predecessor-version":[{"id":67348,"href":"https:\/\/www.greenpeace.org\/canada\/fr\/wp-json\/wp\/v2\/posts\/67344\/revisions\/67348"}],"wp:featuredmedia":[{"embeddable":true,"href":"https:\/\/www.greenpeace.org\/canada\/fr\/wp-json\/wp\/v2\/media\/67091"}],"wp:attachment":[{"href":"https:\/\/www.greenpeace.org\/canada\/fr\/wp-json\/wp\/v2\/media?parent=67344"}],"wp:term":[{"taxonomy":"category","embeddable":true,"href":"https:\/\/www.greenpeace.org\/canada\/fr\/wp-json\/wp\/v2\/categories?post=67344"},{"taxonomy":"post_tag","embeddable":true,"href":"https:\/\/www.greenpeace.org\/canada\/fr\/wp-json\/wp\/v2\/tags?post=67344"},{"taxonomy":"p4-page-type","embeddable":true,"href":"https:\/\/www.greenpeace.org\/canada\/fr\/wp-json\/wp\/v2\/p4-page-type?post=67344"}],"curies":[{"name":"wp","href":"https:\/\/api.w.org\/{rel}","templated":true}]}}