{"id":67424,"date":"2024-09-27T11:30:00","date_gmt":"2024-09-27T15:30:00","guid":{"rendered":"https:\/\/www.greenpeace.org\/canada\/?p=67424"},"modified":"2024-09-26T17:47:18","modified_gmt":"2024-09-26T21:47:18","slug":"cest-tout-le-quebec-qui-se-mobilise-aujourdhui-pour-denoncer-les-mauvaises-decisions-du-gouvernement-legault","status":"publish","type":"post","link":"https:\/\/www.greenpeace.org\/canada\/fr\/blog-des-volontaires\/67424\/cest-tout-le-quebec-qui-se-mobilise-aujourdhui-pour-denoncer-les-mauvaises-decisions-du-gouvernement-legault\/","title":{"rendered":"C\u2019est tout le Qu\u00e9bec qui se mobilise aujourd\u2019hui pour d\u00e9noncer les mauvaises d\u00e9cisions du gouvernement Legault"},"content":{"rendered":"\n<p><strong>Nous exigeons un dialogue collectif sur la transition sociale et environnementale<\/strong><\/p>\n\n<p><strong>Montr\u00e9al<\/strong><em> \u2013 <\/em>Le mouvement Pour la suite du monde, compos\u00e9 d\u2019une cinquantaine de groupes, repr\u00e9sentant plus de deux millions de personnes, lance un appel vibrant \u00e0 toutes les Qu\u00e9b\u00e9coises et tous les Qu\u00e9b\u00e9cois \u00e0 participer aux manifestations dans toutes les r\u00e9gions du Qu\u00e9bec afin de revendiquer un engagement clair du gouvernement du Qu\u00e9bec face aux crises climatique, sociale et de perte de la biodiversit\u00e9\u00a0: il est temps d&rsquo;agir! Nous en avons ras-le-bol des mauvaises d\u00e9cisions gouvernementales parce que nous savons qu\u2019ensemble, nous pouvons b\u00e2tir un Qu\u00e9bec plus s\u00e9curitaire, plus \u00e9cologique et plus juste. Des manifestations ont lieu aujourd\u2019hui partout au Qu\u00e9bec\u00a0: Baie-Comeau, Drummondville, Gasp\u00e9, Joliette, Lebel-sur-Qu\u00e9villon, Montr\u00e9al, Nicolet, Qu\u00e9bec, Rimouski, Rouyn-Noranda, Saguenay, Saint-Hyacinthe, Saint-J\u00e9r\u00f4me, Salaberry-de-Valleyfield, Shawinigan, Sherbrooke et Victoriaville. Le rassemblement de la grande manifestation de Montr\u00e9al est \u00e0 18\u00a0h au monument George-\u00c9tienne Cartier.<\/p>\n\n<p><strong>Pour un Qu\u00e9bec \u00e0 la hauteur de nos ambitions!<\/strong><\/p>\n\n<p>Le Qu\u00e9bec subit de plus en plus les contrecoups et les effets de la crise climatique et de l\u2019effondrement de la biodiversit\u00e9. Encore tout r\u00e9cemment, la population qu\u00e9b\u00e9coise a \u00e9t\u00e9 frapp\u00e9e par des inondations \u00e0 la suite du passage de la temp\u00eate Debby, qui est ainsi devenue \u00ab\u00a0<a href=\"https:\/\/ici.radio-canada.ca\/nouvelle\/2104332\/dommages-ouragan-debby-couts\" target=\"_blank\" rel=\"noreferrer noopener\">l&rsquo;\u00e9v\u00e9nement climatique le plus co\u00fbteux de l&rsquo;histoire du Qu\u00e9bec<\/a>\u00a0\u00bb. L\u2019an dernier, le Qu\u00e9bec connaissait des feux de for\u00eat historiques; les p\u00e9riodes de canicule surviennent de plus en plus fr\u00e9quemment. Tous ces \u00e9v\u00e9nements climatiques am\u00e8nent un important lot de cons\u00e9quences dans un contexte d\u00e9j\u00e0 difficile tel que la crise du logement, une hausse du co\u00fbt de la vie et des in\u00e9galit\u00e9s socio\u00e9conomiques croissantes. Nous refusons de rester les bras crois\u00e9s pendant que notre avenir, et celui des g\u00e9n\u00e9rations suivantes, est en jeu. La population est pr\u00eate \u00e0 l\u2019action et travaille d\u00e9j\u00e0 sur des solutions que le gouvernement ignore.<\/p>\n\n<p>Notre revendication est tr\u00e8s simple&nbsp;: il faut mettre en \u0153uvre une transition \u00e9nerg\u00e9tique, \u00e9cologique et sociale au b\u00e9n\u00e9fice des Qu\u00e9b\u00e9cois et Qu\u00e9b\u00e9coises, et inclure la population du Qu\u00e9bec dans les d\u00e9cisions pour un v\u00e9ritable dialogue social!<\/p>\n\n<p><strong>Ce qu\u2019ils et elles disent<\/strong><\/p>\n\n<p><strong>Secteur syndical<\/strong><\/p>\n\n<p>\u00ab&nbsp;La transition \u00e9cologique ne peut pas se faire dans l&rsquo;opacit\u00e9, au d\u00e9triment de l&rsquo;int\u00e9r\u00eat g\u00e9n\u00e9ral, de celles et ceux qui b\u00e2tissent notre soci\u00e9t\u00e9 et des personnes vuln\u00e9rables. L\u2019exp\u00e9rience, le savoir-faire et la connaissance des r\u00e9alit\u00e9s du terrain que poss\u00e8dent les travailleurs et les travailleuses sont des atouts pr\u00e9cieux pour \u00e9laborer des solutions durables et \u00e9quitables. Les initiatives prises sans leur voix sont vou\u00e9es \u00e0 l\u2019\u00e9chec et risquent de mener \u00e0 des pertes d&#8217;emplois, \u00e0 des conditions de travail pr\u00e9caires et \u00e0 toujours plus d\u2019in\u00e9galit\u00e9s.&nbsp;\u00bb&nbsp;\u2013&nbsp;Luc Vachon, pr\u00e9sident de la Centrale des syndicats d\u00e9mocratiques (CSD)<\/p>\n\n<p><strong>Secteur environnemental<\/strong><\/p>\n\n<p>\u00ab&nbsp;Le gouvernement du Qu\u00e9bec est en train de passer \u00e0 c\u00f4t\u00e9 de ses cibles climatiques. Les mesures environnementales propos\u00e9es ne sont pas suffisantes pour compenser pour l&rsquo;accroissement des dommages li\u00e9s \u00e0 la crise climatique et \u00e0 la perte de la biodiversit\u00e9. Le gouvernement navigue sans planification ad\u00e9quate ni direction claire. Il laisse la situation environnementale se d\u00e9grader au point o\u00f9 la r\u00e9silience des communaut\u00e9s est en danger. Des solutions soutenues par la science et port\u00e9es par la soci\u00e9t\u00e9 civile existent pour prot\u00e9ger la sant\u00e9 des populations et des \u00e9cosyst\u00e8mes. Encore faut-il que le gouvernement soit \u00e0 l&rsquo;\u00e9coute, ouvert au dialogue et pr\u00eat \u00e0 agir avec s\u00e9rieux. La porte est toujours ouverte de notre c\u00f4t\u00e9 parce que c\u2019est l\u2019avenir de notre soci\u00e9t\u00e9 qui est en jeu.&nbsp;\u00bb&nbsp;\u2013&nbsp;Alexandre Huet, responsable de la mobilisation citoyenne pour le Qu\u00e9bec de la Fondation David Suzuki<\/p>\n\n<p><strong>Secteur communautaire<\/strong><\/p>\n\n<p>\u00ab&nbsp;Les droits humains et nos conditions de vie sont intimement li\u00e9s \u00e0 l\u2019avenir de nos \u00e9cosyst\u00e8mes. C\u2019est inconcevable qu\u2019encore en&nbsp;2024, nos d\u00e9cideurs privil\u00e9gient les int\u00e9r\u00eats priv\u00e9s des grandes industries plut\u00f4t que de lutter contre les in\u00e9galit\u00e9s sociales et de prot\u00e9ger l\u2019environnement. Cette orientation nuit forc\u00e9ment au bien commun et affecte davantage les plus d\u00e9munis de notre soci\u00e9t\u00e9.&nbsp;\u00bb&nbsp;\u2013&nbsp;Val\u00e9rie L\u00e9pine co-coordonnatrice du Mouvement d\u2019\u00e9ducation populaire et d\u2019action communautaire du Qu\u00e9bec (M\u00c9PACQ)<\/p>\n\n<p><strong>Secteur jeunesse<\/strong><\/p>\n\n<p>\u00ab\u00a0La jeunesse ne peut et ne doit pas porter seule le poids de la crise climatique. Ce qu\u2019elle veut, c\u2019est vivre dans un monde juste et sain. Face \u00e0 des gouvernements qui nous ignorent, il est temps d&rsquo;exprimer notre ras-le-bol, que nous soyons \u00e9cout\u00e9.es et entendu.es! Il est crucial de rappeler que le compte \u00e0 rebours a commenc\u00e9 et qu&rsquo;il est de la responsabilit\u00e9 des gouvernements et institutions d\u2019initier la transition. Il est urgent d&rsquo;agir!\u00a0\u00bb\u00a0\u2013\u00a0Marie Maltais, \u00e9tudiante, repr\u00e9sentante du secteur jeunesse<\/p>\n\n<p><strong>Secteur de la sant\u00e9<\/strong><\/p>\n\n<p>\u00ab&nbsp;La crise climatique et de biodiversit\u00e9 qui s\u2019amplifie chaque jour d\u00e9montre toujours comment la sant\u00e9 de l\u2019environnement a des effets sur la sant\u00e9 humaine, \u00e0 travers le Qu\u00e9bec et encore plus pour les plus vuln\u00e9rables d\u2019entre nous. Ce faisant, elle a aussi des effets \u00e9conomiques qu\u2019il importe de mettre davantage en lumi\u00e8re&nbsp;: un alourdissement des co\u00fbts pour notre syst\u00e8me de sant\u00e9 d\u00e9bord\u00e9, des gens et des communaut\u00e9s vuln\u00e9rables pris au pi\u00e8ge de leurs probl\u00e8mes de sant\u00e9 en ne pouvant que trop souvent les subir, des in\u00e9galit\u00e9s de sant\u00e9 li\u00e9es aux milieux de vie et de travail. Le gouvernement doit utiliser les produits que l\u2019intelligence collective et la mise \u00e0 profit de la soci\u00e9t\u00e9 civile ont fait na\u00eetre ces derni\u00e8res ann\u00e9es, pour la sant\u00e9 pleine et enti\u00e8re du Qu\u00e9bec.&nbsp;\u00bb&nbsp;\u2013&nbsp;Patricia Clermont, organisatrice et Ph.&nbsp;D, Association qu\u00e9b\u00e9coise des m\u00e9decins pour l\u2019environnement (AQME)<\/p>\n\n<p><strong>Secteur de l\u2019\u00e9conomie<\/strong><\/p>\n\n<p>\u00ab&nbsp;Les limites plan\u00e9taires et sociales ont \u00e9t\u00e9 atteintes et notre syst\u00e8me \u00e9conomique actuel ne fonctionne que pour une minorit\u00e9 d&rsquo;individus et au d\u00e9triment de la majorit\u00e9. Une transformation de notre \u00e9conomie est donc essentielle, mais surtout possible. Au Qu\u00e9bec, des mod\u00e8les \u00e9conomiques qui prennent soin \u00e0 la fois des personnes et de la plan\u00e8te existent et sont d\u00e9j\u00e0 bien ancr\u00e9s, soutenons-les!&nbsp;\u00bb&nbsp;\u2013&nbsp;B\u00e9atrice Alain, directrice g\u00e9n\u00e9rale, Chantier de l\u2019\u00e9conomie sociale<\/p>\n\n<p><strong>Secteur citoyen<\/strong><\/p>\n\n<p>\u00ab&nbsp;La fen\u00eatre d\u2019opportunit\u00e9 pour freiner le r\u00e9chauffement climatique se referme rapidement. Le gouvernement actuel prend le pr\u00e9texte d\u2019une pseudo-transition \u00e9nerg\u00e9tique pour d\u00e9cider sans l\u00e9gitimit\u00e9 de d\u00e9manteler nos acquis sociaux en privatisant et en dilapidant notre \u00e9lectricit\u00e9 et en saccageant nos territoires. C\u2019est toute la soci\u00e9t\u00e9 qu\u00e9b\u00e9coise qui subit les pertes de ces fausses solutions. Nous appelons la population \u00e0 refuser cette d\u00e9possession de notre bien commun et \u00e0 s\u2019impliquer&nbsp;: les voix citoyennes doivent \u00eatre entendues dans les d\u00e9cisions concernant l\u2019avenir que nous voulons.&nbsp;\u00bb&nbsp;\u2013&nbsp;Francis Waddell, regroupement citoyen Demain Verdun<\/p>\n\n<p><strong>Regroupement d\u2019\u00e9lu.e.s municipaux<\/strong><\/p>\n\n<p>\u00ab&nbsp;Pr\u00e9sentement, la transition \u00e9nerg\u00e9tique est dict\u00e9e d&rsquo;en haut, suivant des principes opaques et antid\u00e9mocratiques. Au palier municipal, la d\u00e9mocratie est en mauvais \u00e9tat et les citoyens et le bien commun en font les frais. Les d\u00e9cisions qui engagent l&rsquo;avenir de nos communaut\u00e9s doivent \u00eatre prises avec et par le peuple, et non contre lui. Vent d&rsquo;\u00e9lus poursuit ses d\u00e9marches afin de replacer la d\u00e9mocratie municipale participative au c\u0153ur des d\u00e9cisions qui impactent nos milieux de vie afin d\u2019assurer une transition \u00e9nerg\u00e9tique juste et viable pour tous.&nbsp;\u00bb&nbsp;\u2013&nbsp;Isabelle Cl\u00e9ment, conseill\u00e8re municipale \u00e0 H\u00e9rouxville et membre de Vent d\u2019\u00e9lus<\/p>\n\n<p class=\"has-text-align-center\">&#8211; 30 &#8211;<\/p>\n\n<p>Source&nbsp;: Collectif Pour la suite du monde<\/p>\n\n<p><strong>Pour plus d\u2019informations, veuillez contacter&nbsp;:<\/strong><\/p>\n\n<p>Laura Bergamo, Conseill\u00e8re en communications, Greenpeace Canada<\/p>\n\n<p><a href=\"mailto:laura.bergamo@greenpeace.org\" target=\"_blank\" rel=\"noreferrer noopener\">laura.bergamo@greenpeace.org<\/a> ; +1 438 928-5237<\/p>\n\n<p>Gabriel Danis, CSQ<\/p>\n\n<p><a href=\"mailto:danis.gabriel@lacsq.org\">danis.gabriel@lacsq.org<\/a> ; +1 514\u00a0219-1485<\/p>\n\n<p><strong>\u00c0 propos du Collectif pour la suite du monde<\/strong><\/p>\n\n<p>Nous sommes un mouvement r\u00e9unissant des organisations syndicales, environnementales, de sant\u00e9, communautaires, jeunesses, \u00e9conomiques ainsi que des collectifs citoyens et d\u2019\u00e9lus autour d&rsquo;une vision d\u00e9mocratique de la transition environnementale et sociale.<\/p>\n\n<p>\u00c0 travers diverses actions, nous nous mobilisons afin de forcer nos gouvernements \u00e0 mettre en place des solutions d\u00e9mocratiques porteuses de justice sociale et environnementale.<\/p>\n\n<p>Notre mouvement rassemble une cinquantaine d&rsquo;organisations, repr\u00e9sentant plus de deux millions de personnes<em>.<\/em><\/p>\n\n<p><strong>Organisations du mouvement Pour la suite du monde<\/strong><\/p>\n\n<p>Aile Jeunesse du Chantier de l\u2019\u00e9conomie sociale<\/p>\n\n<p>Alliance du personnel professionnel et technique de la sant\u00e9 et des services sociaux (APTS)<\/p>\n\n<p>AREQ (CSQ) \u2013 Le mouvement des personnes retrait\u00e9es CSQ<\/p>\n\n<p>Association qu\u00e9b\u00e9coise des m\u00e9decins pour l\u2019environnement (AQME)<\/p>\n\n<p>Attac Qu\u00e9bec<\/p>\n\n<p>Centrale des syndicats d\u00e9mocratiques (CSD)<\/p>\n\n<p>Centrale des syndicats du Qu\u00e9bec (CSQ)<\/p>\n\n<p>Centre international de solidarit\u00e9 ouvri\u00e8re (CISO)<\/p>\n\n<p>Chantier de l\u2019\u00e9conomie sociale<\/p>\n\n<p>Coalition intersyndicale du Suro\u00eet (COTON 46)<\/p>\n\n<p>Coalition QLAIM<\/p>\n\n<p>Coalition Qu\u00e9bec meilleure mine (QMM)<\/p>\n\n<p>Coalition Verte \/ Green Coalition<\/p>\n\n<p>Conf\u00e9d\u00e9ration des syndicats nationaux (CSN)<\/p>\n\n<p>Cyclo Nord-Sud<\/p>\n\n<p>Demain Verdun<\/p>\n\n<p>Eau Secours<\/p>\n\n<p>ENvironnement JEUnesse<\/p>\n\n<p>\u00c9quiterre<\/p>\n\n<p>F\u00e9d\u00e9ration autonome de l\u2019enseignement (FAE)<\/p>\n\n<p>F\u00e9d\u00e9ration des travailleurs et des travailleuses du Qu\u00e9bec (FTQ)<\/p>\n\n<p>F\u00e9d\u00e9ration \u00e9tudiante coll\u00e9giale du Qu\u00e9bec (FECQ)<\/p>\n\n<p>F\u00e9d\u00e9ration interprofessionnelle de la sant\u00e9 du Qu\u00e9bec-FIQ<\/p>\n\n<p>Fondation David Suzuki<\/p>\n\n<p>Fondation Monique-Fitz-Back<\/p>\n\n<p>Fondation Rivi\u00e8res<\/p>\n\n<p>Front commun pour la transition \u00e9nerg\u00e9tique (FTCE)<\/p>\n\n<p>Greenpeace Canada<\/p>\n\n<p>L\u2019Assomption en transition<\/p>\n\n<p>La plan\u00e8te s\u2019invite au Parlement<\/p>\n\n<p>Les oubli\u00e9s de l\u2019autobus<\/p>\n\n<p>MARE (Mouvement d\u2019action r\u00e9gional en environnement)<\/p>\n\n<p>M\u00e8res au front<\/p>\n\n<p>Mouvement d\u2019\u00e9ducation populaire et d\u2019action communautaire du Qu\u00e9bec (M\u00c9PACQ)<\/p>\n\n<p>Mouvement D\u00e9mocratie Nouvelle (MDN)<\/p>\n\n<p>Nature Qu\u00e9bec<\/p>\n\n<p>Oxfam-Qu\u00e9bec<\/p>\n\n<p>Pour un choix \u00e9clair\u00e9 dans Nicolet-Yamaska<\/p>\n\n<p>R\u00e9alit\u00e9 climatique Canada<\/p>\n\n<p>Regroupement vigilance \u00e9nergie Qu\u00e9bec<\/p>\n\n<p>R\u00e9seau des femmes en environnement<\/p>\n\n<p>R\u00e9seau qu\u00e9b\u00e9cois de l\u2019action communautaire autonome (RQ-ACA)<\/p>\n\n<p>R\u00e9seau qu\u00e9b\u00e9cois des groupes \u00e9cologistes RQGE<\/p>\n\n<p>SNAP Qu\u00e9bec<\/p>\n\n<p>Solidarit\u00e9 Environnement Sutton<\/p>\n\n<p>Syndicat de la fonction publique et parapublique du Qu\u00e9bec (SFPQ)<\/p>\n\n<p>Syndicat de professionnelles et professionnels du gouvernement du Qu\u00e9bec (SPGQ)<\/p>\n\n<p>Travailleuses et travailleurs pour la justice climatique<\/p>\n\n<p>Union \u00e9tudiante du Qu\u00e9bec (UEQ)<\/p>\n\n<p>Vent d\u2019\u00e9lus<\/p>\n\n<p>Vigilance OGM<\/p>\n","protected":false},"excerpt":{"rendered":"<p>Le mouvement Pour la suite du monde, compos\u00e9 d\u2019une cinquantaine de groupes, repr\u00e9sentant plus de deux millions de personnes, lance un appel vibrant \u00e0 toutes les Qu\u00e9b\u00e9coises et tous les Qu\u00e9b\u00e9cois \u00e0 participer aux manifestations dans toutes les r\u00e9gions du Qu\u00e9bec afin de revendiquer un engagement clair du gouvernement du Qu\u00e9bec face aux crises climatique, sociale et de perte de la biodiversit\u00e9\u00a0: il est temps d&rsquo;agir! Nous en avons ras-le-bol des mauvaises d\u00e9cisions gouvernementales parce que nous savons qu\u2019ensemble, nous pouvons b\u00e2tir un Qu\u00e9bec plus s\u00e9curitaire, plus \u00e9cologique et plus juste.<\/p>\n","protected":false},"author":77,"featured_media":67428,"comment_status":"open","ping_status":"open","sticky":false,"template":"","format":"standard","meta":{"ep_exclude_from_search":false,"p4_og_title":"C\u2019est tout le Qu\u00e9bec qui se mobilise aujourd\u2019hui pour d\u00e9noncer les mauvaises d\u00e9cisions du gouvernement Legault","p4_og_description":"Le mouvement Pour la suite du monde, compos\u00e9 d\u2019une cinquantaine de groupes, repr\u00e9sentant plus de deux millions de personnes, lance un appel vibrant \u00e0 toutes les Qu\u00e9b\u00e9coises et tous les Qu\u00e9b\u00e9cois \u00e0 participer aux manifestations dans toutes les r\u00e9gions du Qu\u00e9bec afin de revendiquer un engagement clair du gouvernement du Qu\u00e9bec face aux crises climatique, sociale et de perte de la biodiversit\u00e9\u00a0: il est temps d'agir! ","p4_og_image":"https:\/\/www.greenpeace.org\/static\/planet4-canada-stateless\/2024\/09\/885281fb-visuel-27-sept-am.png","p4_og_image_id":"67428","p4_seo_canonical_url":"","p4_campaign_name":"","p4_local_project":"","p4_basket_name":"","p4_department":"","footnotes":""},"categories":[20,18],"tags":[41,182],"p4-page-type":[],"class_list":["post-67424","post","type-post","status-publish","format-standard","has-post-thumbnail","hentry","category-climat","category-notre-travail","tag-climat","tag-justice-raciale"],"_links":{"self":[{"href":"https:\/\/www.greenpeace.org\/canada\/fr\/wp-json\/wp\/v2\/posts\/67424","targetHints":{"allow":["GET"]}}],"collection":[{"href":"https:\/\/www.greenpeace.org\/canada\/fr\/wp-json\/wp\/v2\/posts"}],"about":[{"href":"https:\/\/www.greenpeace.org\/canada\/fr\/wp-json\/wp\/v2\/types\/post"}],"author":[{"embeddable":true,"href":"https:\/\/www.greenpeace.org\/canada\/fr\/wp-json\/wp\/v2\/users\/77"}],"replies":[{"embeddable":true,"href":"https:\/\/www.greenpeace.org\/canada\/fr\/wp-json\/wp\/v2\/comments?post=67424"}],"version-history":[{"count":3,"href":"https:\/\/www.greenpeace.org\/canada\/fr\/wp-json\/wp\/v2\/posts\/67424\/revisions"}],"predecessor-version":[{"id":67427,"href":"https:\/\/www.greenpeace.org\/canada\/fr\/wp-json\/wp\/v2\/posts\/67424\/revisions\/67427"}],"wp:featuredmedia":[{"embeddable":true,"href":"https:\/\/www.greenpeace.org\/canada\/fr\/wp-json\/wp\/v2\/media\/67428"}],"wp:attachment":[{"href":"https:\/\/www.greenpeace.org\/canada\/fr\/wp-json\/wp\/v2\/media?parent=67424"}],"wp:term":[{"taxonomy":"category","embeddable":true,"href":"https:\/\/www.greenpeace.org\/canada\/fr\/wp-json\/wp\/v2\/categories?post=67424"},{"taxonomy":"post_tag","embeddable":true,"href":"https:\/\/www.greenpeace.org\/canada\/fr\/wp-json\/wp\/v2\/tags?post=67424"},{"taxonomy":"p4-page-type","embeddable":true,"href":"https:\/\/www.greenpeace.org\/canada\/fr\/wp-json\/wp\/v2\/p4-page-type?post=67424"}],"curies":[{"name":"wp","href":"https:\/\/api.w.org\/{rel}","templated":true}]}}