{"id":67503,"date":"2024-10-03T15:53:13","date_gmt":"2024-10-03T19:53:13","guid":{"rendered":"https:\/\/www.greenpeace.org\/canada\/?p=67503"},"modified":"2024-10-03T15:53:16","modified_gmt":"2024-10-03T19:53:16","slug":"lenquete-de-greenpeace-en-mer-revele-des-pratiques-de-peche-destructrices-dans-le-pacifique-nord","status":"publish","type":"post","link":"https:\/\/www.greenpeace.org\/canada\/fr\/histoire\/67503\/lenquete-de-greenpeace-en-mer-revele-des-pratiques-de-peche-destructrices-dans-le-pacifique-nord\/","title":{"rendered":"L&rsquo;enqu\u00eate de Greenpeace en mer r\u00e9v\u00e8le des pratiques de p\u00eache destructrices dans le Pacifique Nord"},"content":{"rendered":"\n<p>Oh\u00e9, oh\u00e9! Nous venons de conclure une nouvelle enqu\u00eate houleuse, cette fois-ci en haute mer dans l&rsquo;oc\u00e9an Pacifique Nord.<\/p>\n\n<p>\u00c0 bord du navire <em>Rainbow Warrior<\/em>, <strong>nous avons men\u00e9 une exp\u00e9dition de cinq semaines pour documenter les pratiques de p\u00eache destructrices aux environs des monts sous-marins de l\u2019Empereur.<\/strong> Nous avons \u00e9galement mis en lumi\u00e8re les conditions de travail sur les palangriers ta\u00efwanais, les plus nombreux \u00e0 p\u00eacher dans ces eaux.<\/p>\n\n<p><strong>Vaste cha\u00eene de montagnes sous-marines, <\/strong>les monts de l&rsquo;Empereur sont entour\u00e9s de colonnes d&rsquo;eau dont profitent <strong>les thons, les baleines bleues, les cachalots et les baleines \u00e0 bosse. <\/strong>Ces fonds marins abritent une <strong>grande vari\u00e9t\u00e9 de coraux et d&rsquo;\u00e9ponges, <\/strong>et divers oiseaux de mer, comme <strong>l&rsquo;albatros,<\/strong> survolent la r\u00e9gion.<\/p>\n\n<p>\u00ab Les monts sous-marins de l&rsquo;Empereur regorgent de vie et constituent un point chaud biologique exceptionnel, explique Helena Pirhonen, responsable de la collecte de fonds pour la campagne Prot\u00e9geons les oc\u00e9ans de Greenpeace International. Malheureusement, c&rsquo;est pr\u00e9cis\u00e9ment pour cette raison qu&rsquo;ils ont \u00e9t\u00e9 fortement cibl\u00e9s pour la p\u00eache industrielle. Ils doivent \u00eatre prot\u00e9g\u00e9s pour permettre \u00e0 la vie qu&rsquo;ils abritent de se r\u00e9tablir. \u00bb<\/p>\n\n<p>Cette zone devrait \u00eatre une <strong>priorit\u00e9 absolue <\/strong>pour la protection des oc\u00e9ans conform\u00e9ment au nouveau trait\u00e9 mondial sur les oc\u00e9ans, car elle est <strong>menac\u00e9e par la p\u00eache ill\u00e9gale, non d\u00e9clar\u00e9e et non r\u00e9glement\u00e9e. <\/strong>Afin d&rsquo;\u00e9tayer nos arguments \u00e0 ce sujet, <strong>nous avons surveill\u00e9 neuf navires de p\u00eache, avec lesquels nous avons interagi \u00e0 une distance s\u00e9curitaire, et nous avons document\u00e9 leurs prises \u00e0 la palangre.<\/strong><\/p>\n\n<p>Les palangres sont des lignes de p\u00eache de 100 km de long rattach\u00e9es \u00e0 des flotteurs qui sont tra\u00een\u00e9es derri\u00e8re les bateaux. <strong>Elles occasionnent d&rsquo;importantes \u00ab prises accessoires \u00bb, emprisonnant dans leur sillage tortues, oiseaux de mer et requins.<\/strong><\/p>\n\n<p>En l\u2019espace de 25 heures, <strong>nous avons recens\u00e9 la capture de 84 requins au moyen de palangres,<\/strong> soit un taux de trois requins par heure. <strong>Les requins encore en vie \u00e9taient tu\u00e9s par la suite, sans consid\u00e9ration pour leur \u00e2ge ou statut de conservation. <\/strong>Pour citer ma coll\u00e8gue Vela Andapita, \u00ab ces lignes capturent plus de requins que de thons \u00bb.<\/p>\n\n<p>L&rsquo;une des prises que nous avons observ\u00e9es comportait une \u00e9norme quantit\u00e9 d&rsquo;hame\u00e7ons vides (nous les avons compt\u00e9s : plus de 935), un jeune thon et 16 requins. Ces chiffres t\u00e9moignent de la d\u00e9vastation de nos oc\u00e9ans par la surp\u00eache, m\u00eame si les grandes entreprises pr\u00e9tendent que les populations de thon du Pacifique se portent bien.<\/p>\n\n<p>Mais l&rsquo;impact des pratiques de p\u00eache pr\u00e9judiciables ne se manifeste pas seulement dans l\u2019eau. Les personnes \u0153uvrant \u00e0 bord de ces navires travaillent dans des conditions p\u00e9nibles, voire intol\u00e9rables, et se retrouvent coup\u00e9es de leur famille et leur entourage.<\/p>\n\n<p>Au cours des derni\u00e8res ann\u00e9es, nous avons collabor\u00e9 avec le Syndicat des travailleurs migrants indon\u00e9siens (SBMI) \u2013 qui re\u00e7oit fr\u00e9quemment des plaintes de personnes migrantes indon\u00e9siennes travaillant dans le secteur de la p\u00eache \u2013 afin d&rsquo;<strong>enqu\u00eater sur le travail forc\u00e9 et les pratiques de p\u00eache ill\u00e9gales sur les navires de p\u00eache en haute mer.<\/strong><\/p>\n\n<p>Ainsi, avec la permission des capitaines des navires, nous avons rejoint les palangriers ta\u00efwanais avec nos bateaux pneumatiques et <strong>offert aux membres de l&rsquo;\u00e9quipage des paquets contenant du caf\u00e9, du savon, des nouilles indon\u00e9siennes <\/strong>et bien d&rsquo;autres choses encore. <strong>Nous avons \u00e9galement partag\u00e9 notre Wi-Fi depuis le <\/strong><strong><em>Rainbow Warrior<\/em><\/strong><strong> pour leur permettre de contacter leurs proches \u00e0 la maison. <\/strong>Une fois la connexion op\u00e9rationnelle, pratiquement toutes les personnes \u00e0 bord ont sorti leur cellulaire afin d\u2019appeler leur famille pour la premi\u00e8re fois depuis leur d\u00e9part deux ou trois mois plus t\u00f4t.<\/p>\n\n<figure class=\"wp-block-image\"><img decoding=\"async\" src=\"https:\/\/lh7-rt.googleusercontent.com\/docsz\/AD_4nXeqvPgTptfgVJOfgpMJZHIFCa_U1JLzcwkTJHVm2rd1EXwMhnCwVQKnCXB_Owyeoonfyy6dF4NywoBffOe-TzYHyJIC7PctOcXVV8aQnAutFDADYAho-Ap4j54unpZDvaoPdpcgzHOSn-4UJbyKIRpqxUk312dk12Y15qpSlB2Ko2FU4c4FRg?key=faAaWyyYA1Ofx43FGvynmw\" alt=\"image3.jpg\"\/><\/figure>\n\n<p class=\"has-text-align-center\">\u00a9 Myrthe Verweij \/ Greenpeace.<em> Le navire Rainbow Warrior, dans l&rsquo;oc\u00e9an Pacifique Nord, affichant une banni\u00e8re en filet indiquant \u00ab WI-FI GRATUIT \u00bb. Le Wi-Fi sera offert aux \u00e9quipages des palangriers.<\/em><\/p>\n\n<p>En plus d&rsquo;<strong>exhorter les gouvernements \u00e0 ratifier le trait\u00e9 mondial sur les oc\u00e9ans d&rsquo;ici 2025<\/strong> et \u00e0 prot\u00e9ger sp\u00e9cifiquement cette cha\u00eene de monts sous-marins, nous continuerons \u00e0 <strong>d\u00e9fendre les droits des personnes travaillant en mer. <\/strong>Car ces pratiques destructrices ne nuisent pas seulement aux \u00e9cosyst\u00e8mes marins, mais aussi aux \u00eatres humains.Pour en savoir plus sur cette enqu\u00eate, cliquez <a href=\"https:\/\/www.greenpeace.org\/canada\/fr\/communique-de-presse\/67270\/des-images-publiees-par-greenpeace-revelent-les-degats-causes-par-la-peche-industrielle-dans-les-profondeurs-de-locean\/\">ici<\/a>.<\/p>\n","protected":false},"excerpt":{"rendered":"<p>Nous venons de revenir au port apr\u00e8s cinq semaines d&rsquo;enqu\u00eate en haute mer, au cours desquelles nous avons d\u00e9couvert la pr\u00e9sence de pratiques de p\u00eache destructrices aux alentours des monts sous-marin de l\u2019Empereur, dans l&rsquo;oc\u00e9an Pacifique Nord.<\/p>\n","protected":false},"author":109,"featured_media":67501,"comment_status":"open","ping_status":"open","sticky":false,"template":"","format":"standard","meta":{"ep_exclude_from_search":false,"p4_og_title":"L'enqu\u00eate de Greenpeace en mer r\u00e9v\u00e8le des pratiques de p\u00eache destructrices dans le Pacifique Nord","p4_og_description":"Nous venons de revenir au port apr\u00e8s cinq semaines d'enqu\u00eate en haute mer, au cours desquelles nous avons d\u00e9couvert la pr\u00e9sence de pratiques de p\u00eache destructrices aux alentours des monts sous-marin de l\u2019Empereur, dans l'oc\u00e9an Pacifique Nord.","p4_og_image":"","p4_og_image_id":"","p4_seo_canonical_url":"","p4_campaign_name":"","p4_local_project":"","p4_basket_name":"","p4_department":"","footnotes":""},"categories":[140,172],"tags":[44,46],"p4-page-type":[155],"class_list":["post-67503","post","type-post","status-publish","format-standard","has-post-thumbnail","hentry","category-egalite","category-oceans-fr","tag-navires","tag-oceans-fr","p4-page-type-histoire"],"_links":{"self":[{"href":"https:\/\/www.greenpeace.org\/canada\/fr\/wp-json\/wp\/v2\/posts\/67503","targetHints":{"allow":["GET"]}}],"collection":[{"href":"https:\/\/www.greenpeace.org\/canada\/fr\/wp-json\/wp\/v2\/posts"}],"about":[{"href":"https:\/\/www.greenpeace.org\/canada\/fr\/wp-json\/wp\/v2\/types\/post"}],"author":[{"embeddable":true,"href":"https:\/\/www.greenpeace.org\/canada\/fr\/wp-json\/wp\/v2\/users\/109"}],"replies":[{"embeddable":true,"href":"https:\/\/www.greenpeace.org\/canada\/fr\/wp-json\/wp\/v2\/comments?post=67503"}],"version-history":[{"count":1,"href":"https:\/\/www.greenpeace.org\/canada\/fr\/wp-json\/wp\/v2\/posts\/67503\/revisions"}],"predecessor-version":[{"id":67504,"href":"https:\/\/www.greenpeace.org\/canada\/fr\/wp-json\/wp\/v2\/posts\/67503\/revisions\/67504"}],"wp:featuredmedia":[{"embeddable":true,"href":"https:\/\/www.greenpeace.org\/canada\/fr\/wp-json\/wp\/v2\/media\/67501"}],"wp:attachment":[{"href":"https:\/\/www.greenpeace.org\/canada\/fr\/wp-json\/wp\/v2\/media?parent=67503"}],"wp:term":[{"taxonomy":"category","embeddable":true,"href":"https:\/\/www.greenpeace.org\/canada\/fr\/wp-json\/wp\/v2\/categories?post=67503"},{"taxonomy":"post_tag","embeddable":true,"href":"https:\/\/www.greenpeace.org\/canada\/fr\/wp-json\/wp\/v2\/tags?post=67503"},{"taxonomy":"p4-page-type","embeddable":true,"href":"https:\/\/www.greenpeace.org\/canada\/fr\/wp-json\/wp\/v2\/p4-page-type?post=67503"}],"curies":[{"name":"wp","href":"https:\/\/api.w.org\/{rel}","templated":true}]}}