{"id":67577,"date":"2024-10-21T06:00:00","date_gmt":"2024-10-21T10:00:00","guid":{"rendered":"https:\/\/www.greenpeace.org\/canada\/?p=67577"},"modified":"2025-02-26T05:17:19","modified_gmt":"2025-02-26T10:17:19","slug":"la-cop16-sur-la-diversite-biologique-est-une-chance-pour-la-nature-de-se-retablir","status":"publish","type":"post","link":"https:\/\/www.greenpeace.org\/canada\/fr\/communique-de-presse\/67577\/la-cop16-sur-la-diversite-biologique-est-une-chance-pour-la-nature-de-se-retablir\/","title":{"rendered":"La COP16 sur la diversit\u00e9 biologique est une chance pour la nature de se r\u00e9tablir"},"content":{"rendered":"\n<p><strong>MONTR\u00c9AL &amp; CALI, COLOMBIE <\/strong>\u2013 Aujourd&rsquo;hui, le 21 octobre 2024, les gouvernements du monde entament deux semaines de n\u00e9gociations \u00e0 Cali, en Colombie, afin de poursuivre la mise en \u0153uvre de l&rsquo;historique <a href=\"https:\/\/www.cbd.int\/doc\/decisions\/cop-15\/cop-15-dec-04-fr.pdf\">Cadre mondial pour la biodiversit\u00e9 de Kunming-Montr\u00e9al<\/a>, convenu lors de la COP15 \u00e0 Montr\u00e9al en d\u00e9cembre 2022. Cet accord constitue une opportunit\u00e9 de prot\u00e9ger et restaurer les \u00e9cosyst\u00e8mes \u00e0 haute int\u00e9grit\u00e9 de mani\u00e8re juste et \u00e9quitable au cours de la prochaine d\u00e9cennie et \u00e0 l&rsquo;avenir.<\/p>\n\n<p>En le soutenant et en le signant, le Canada, ainsi que le reste du monde, s&rsquo;est engag\u00e9 \u00e0 prot\u00e9ger 30 % de ses ressources terrestres et marines d&rsquo;ici 2030 (objectif 30&#215;30), tout en respectant les droits des peuples autochtones. Cependant, \u00e0 l&rsquo;heure actuelle, le gouvernement f\u00e9d\u00e9ral est <a href=\"https:\/\/www.canada.ca\/fr\/environnement-changement-climatique\/services\/indicateurs-environnementaux\/aires-conservees.html\">bien loin<\/a> d\u2019avoir atteint cet objectif, alors que l&rsquo;ann\u00e9e 2030 approche \u00e0 grands pas. Bien que le gouvernement f\u00e9d\u00e9ral ait r\u00e9cemment <a href=\"https:\/\/www.parl.ca\/documentviewer\/fr\/44-1\/projet-loi\/C-73\/premiere-lecture\">pr\u00e9sent\u00e9<\/a> le projet de loi C-73, ce dernier n&rsquo;est pas assez ambitieux pour garantir que le Canada respecte ses nouvelles obligations internationales en mati\u00e8re d&rsquo;arr\u00eat et d&rsquo;inversion de la perte de biodiversit\u00e9.<\/p>\n\n<p><strong>Salom\u00e9 San\u00e9, charg\u00e9e de campagne Nature, Oc\u00e9ans et Plastiques<\/strong><strong> chez Greenpeace Canada, a d\u00e9clar\u00e9 :<\/strong><\/p>\n\n<p>\u00ab L&rsquo;accueil de la pr\u00e9c\u00e9dente COP sur la biodiversit\u00e9 a permis au Canada de repartir sur de nouvelles bases. Mais deux ans plus tard, nous attendons toujours que le gouvernement f\u00e9d\u00e9ral donne suite \u00e0 ses promesses et cesse de placer les int\u00e9r\u00eats des entreprises avant le bien-\u00eatre de la population et son droit \u00e0 un environnement sain. Face \u00e0 la destruction de la nature en cours, nous ne pouvons plus nous permettre d\u2019attendre avant d\u2019agir. Une l\u00e9gislation forte sur la responsabilit\u00e9 \u00e0 l&rsquo;\u00e9gard de la nature, qui fixe des objectifs mesurables, garantit la reddition de comptes et met l&rsquo;accent sur les droits des peuples autochtones, a d\u00e9j\u00e0 re\u00e7u le soutien de plus de 87 000 personnes \u00e0 travers le Canada. L&rsquo;adoption d&rsquo;une telle loi dans notre pays constituera une r\u00e9elle mise \u00e0 l&rsquo;\u00e9preuve du leadership et de l&rsquo;engagement du gouvernement f\u00e9d\u00e9ral en mati\u00e8re de protection de la nature \u00e0 l\u2019\u00e9chelle mondiale \u00bb.<\/p>\n\n<p>&nbsp;<strong>Ce que Greenpeace attend de la COP16 pour en assurer le succ\u00e8s :<\/strong><\/p>\n\n<ul class=\"wp-block-list\">\n<li>La mise en \u0153uvre de l&rsquo;engagement convenu dans le Cadre mondial pour la biodiversit\u00e9 de Kunming-Montr\u00e9al de fournir 20 milliards de dollars am\u00e9ricains d&rsquo;ici 2025, et chaque ann\u00e9e par la suite, pour atteindre 30 milliards de dollars am\u00e9ricains d&rsquo;ici 2030, avec un acc\u00e8s direct au financement pour les peuples autochtones et les communaut\u00e9s locales;<\/li>\n\n\n\n<li>Un mandat pour agir sur les synergies climat\/biodiversit\u00e9 aux niveaux international et national, en faisant de la protection de l&rsquo;int\u00e9grit\u00e9 des \u00e9cosyst\u00e8mes une mesure cl\u00e9;<\/li>\n\n\n\n<li>La r\u00e9alisation de l&rsquo;ambition et de la mise en \u0153uvre des strat\u00e9gies et plans d&rsquo;action nationaux pour la biodiversit\u00e9 (SPANB) afin de mettre en \u0153uvre le Cadre mondial pour la biodiversit\u00e9;<\/li>\n\n\n\n<li>Un m\u00e9canisme permettant de poursuivre l&rsquo;identification des aires marines importantes sur le plan \u00e9cologique et biologique.<\/li>\n<\/ul>\n\n<p><strong>An Lambrechts, responsable de la&nbsp;d\u00e9l\u00e9gation&nbsp;de&nbsp;Greenpeace&nbsp;\u00e0 la COP15, a d\u00e9clar\u00e9 :&nbsp;<\/strong><\/p>\n\n<p>\u00ab Nous sommes sur le point de d\u00e9couvrir la volont\u00e9 r\u00e9elle des gouvernements de r\u00e9soudre la crise de la biodiversit\u00e9. Il est temps que tout le monde joue cartes sur table : nous verrons qui joint le geste \u00e0 la parole et qui entrave les progr\u00e8s \u00bb.<\/p>\n\n<p>\u00ab La COP16 constitue un tournant d\u00e9cisif pour nous. Notre lutte contre les changements climatiques passe par la protection de la nature. L&rsquo;int\u00e9gration des mesures visant \u00e0 prot\u00e9ger la diversit\u00e9 biologique et le climat contribuera grandement \u00e0 la protection des gens et de la plan\u00e8te, de concert avec la mise en \u0153uvre ponctuelle des engagements financiers et des plans nationaux convenus. Tout retard est inacceptable. Les gouvernements doivent se rendre \u00e0 Cali avec l\u2019intention de passer \u00e0 l\u2019action. \u00bb<\/p>\n\n<p class=\"has-text-align-center\"><strong>-30-<\/strong><\/p>\n\n<p><strong><br><\/strong><strong><br><\/strong><strong>Notes aux \u00e9diteur\u00b7rices :<\/strong><\/p>\n\n<p><strong><br><\/strong>En amont des discussions, des activistes de Greenpeace Andino ont d\u00e9ploy\u00e9 une banni\u00e8re de 70 m\u00e8tres de haut portant l\u2019inscription <em>Action for nature now<\/em> (\u00ab Agissons pour la nature maintenant \u00bb), un message clair appelant les gouvernements du monde \u00e0 agir de toute urgence pour prot\u00e9ger la biodiversit\u00e9 alors que la Terre fait face \u00e0 une crise d&rsquo;extinction de masse. Des photos et des vid\u00e9os de l\u2019installation de la banni\u00e8re sont <a href=\"https:\/\/media.greenpeace.org\/Detail\/27MZIFJV3D1AG\">disponibles<\/a> dans la m\u00e9diath\u00e8que de Greenpeace.<\/p>\n\n<p>La d\u00e9l\u00e9gation de Greenpeace sera \u00e0 Cali \u00e0 partir du 21 octobre et ses repr\u00e9sentant\u00b7es seront disponibles pour tout commentaire.<\/p>\n\n<p>La note d&rsquo;information de Greenpeace Canada sur la Loi sur la responsabilit\u00e9 \u00e0 l&rsquo;\u00e9gard de la nature est disponible <a href=\"https:\/\/www.greenpeace.org\/static\/planet4-canada-stateless\/2024\/10\/07b178f4-2024-cop16-media-backgrounder-fr.docx.pdf\">ici<\/a>.<\/p>\n\n<p>Les documents politiques complets de Greenpeace peuvent \u00eatre consult\u00e9s en anglais ci-dessous :&nbsp;<\/p>\n\n<ul class=\"wp-block-list\">\n<li><a href=\"https:\/\/www.greenpeace.org\/static\/planet4-international-stateless\/2024\/10\/12413b2b-cop16-greenpeace-finance-brief-1.pdf\">Finances<\/a>;<\/li>\n\n\n\n<li><a href=\"https:\/\/www.greenpeace.org\/static\/planet4-international-stateless\/2024\/10\/a16cf435-cop16-greenpeace-oceans-brief.pdf?_gl=1*6c84wm*_up*MQ..*_ga*MTA0NDI3NjkyNy4xNzI4ODI3ODgz*_ga_99CSX66YC1*MTcyODgyNzg4My4xLjAuMTcyODgyNzg4My4wLjAuMA..*_ga_0CCB1GTVV6*MTcyODgyNzg4My4xLjAuMTcyODgyNzg4My4wLjAuMA..*_ga_94MRTN8HG4*MTcyODgyNzg4My4xLjAuMTcyODgyNzg4My4wLjAuNTAyNjQyNzc0\">Oc\u00e9ans<\/a>;<\/li>\n\n\n\n<li><a href=\"https:\/\/www.greenpeace.org\/static\/planet4-international-stateless\/2024\/10\/65cb2f2a-cop16-greenpeace-synergy-briefing.pdf?_gl=1*6c84wm*_up*MQ..*_ga*MTA0NDI3NjkyNy4xNzI4ODI3ODgz*_ga_99CSX66YC1*MTcyODgyNzg4My4xLjAuMTcyODgyNzg4My4wLjAuMA..*_ga_0CCB1GTVV6*MTcyODgyNzg4My4xLjAuMTcyODgyNzg4My4wLjAuMA..*_ga_94MRTN8HG4*MTcyODgyNzg4My4xLjAuMTcyODgyNzg4My4wLjAuNTAyNjQyNzc0\">Synergie biodiversit\u00e9\/climat<\/a><strong>.<\/strong><\/li>\n<\/ul>\n\n<p><strong>Pour plus de renseignements, veuillez contacter :<\/strong><\/p>\n\n<p>Dina Ni, charg\u00e9e des communications, Greenpeace Canada<\/p>\n\n<p><a href=\"mailto:dina.ni@greenpeace.org\">dina.ni@greenpeace.org<\/a>; +1 416 820-2148<\/p>\n\n<p>Gaby Flores, Greenpeace International, <a href=\"mailto:cflores@greenpeace.org\">cflores@greenpeace.org<\/a><br><br>August Rick, Greenpeace Asie de l\u2019Est, <a href=\"mailto:arick@greenpeace.org\">arick@greenpeace.org<\/a><\/p>\n\n<p>Bureau de presse de Greenpeace International, +31 (0)20 718 2470 (disponible 24 h sur 24), pressdesk.int@greenpeace.org<\/p>\n","protected":false},"excerpt":{"rendered":"<p>Les gouvernements du monde entament deux semaines de n\u00e9gociations \u00e0 Cali, en Colombie, afin de poursuivre la mise en \u0153uvre de l&rsquo;historique Cadre mondial pour la biodiversit\u00e9 de Kunming-Montr\u00e9al.<\/p>\n","protected":false},"author":102,"featured_media":67569,"comment_status":"open","ping_status":"open","sticky":false,"template":"","format":"standard","meta":{"ep_exclude_from_search":false,"p4_og_title":"La COP16 sur la diversit\u00e9 biologique est une chance pour la nature de se r\u00e9tablir","p4_og_description":"Les gouvernements du monde entament deux semaines de n\u00e9gociations \u00e0 Cali, en Colombie, afin de poursuivre la mise en \u0153uvre de l'historique Cadre mondial pour la biodiversit\u00e9 de Kunming-Montr\u00e9al.","p4_og_image":"https:\/\/www.greenpeace.org\/static\/planet4-canada-stateless\/2024\/10\/be5f23ca-gp1t8r3l_medium-res-with-credit-line-1200px.jpg","p4_og_image_id":"67569","p4_seo_canonical_url":"","p4_campaign_name":"","p4_local_project":"","p4_basket_name":"","p4_department":"","footnotes":""},"categories":[19,172],"tags":[40,43,46,157],"p4-page-type":[183],"class_list":["post-67577","post","type-post","status-publish","format-standard","has-post-thumbnail","hentry","category-nature-fr","category-oceans-fr","tag-autochtones","tag-forets","tag-oceans-fr","tag-biodiversite","p4-page-type-communique-de-presse"],"_links":{"self":[{"href":"https:\/\/www.greenpeace.org\/canada\/fr\/wp-json\/wp\/v2\/posts\/67577","targetHints":{"allow":["GET"]}}],"collection":[{"href":"https:\/\/www.greenpeace.org\/canada\/fr\/wp-json\/wp\/v2\/posts"}],"about":[{"href":"https:\/\/www.greenpeace.org\/canada\/fr\/wp-json\/wp\/v2\/types\/post"}],"author":[{"embeddable":true,"href":"https:\/\/www.greenpeace.org\/canada\/fr\/wp-json\/wp\/v2\/users\/102"}],"replies":[{"embeddable":true,"href":"https:\/\/www.greenpeace.org\/canada\/fr\/wp-json\/wp\/v2\/comments?post=67577"}],"version-history":[{"count":3,"href":"https:\/\/www.greenpeace.org\/canada\/fr\/wp-json\/wp\/v2\/posts\/67577\/revisions"}],"predecessor-version":[{"id":67580,"href":"https:\/\/www.greenpeace.org\/canada\/fr\/wp-json\/wp\/v2\/posts\/67577\/revisions\/67580"}],"wp:featuredmedia":[{"embeddable":true,"href":"https:\/\/www.greenpeace.org\/canada\/fr\/wp-json\/wp\/v2\/media\/67569"}],"wp:attachment":[{"href":"https:\/\/www.greenpeace.org\/canada\/fr\/wp-json\/wp\/v2\/media?parent=67577"}],"wp:term":[{"taxonomy":"category","embeddable":true,"href":"https:\/\/www.greenpeace.org\/canada\/fr\/wp-json\/wp\/v2\/categories?post=67577"},{"taxonomy":"post_tag","embeddable":true,"href":"https:\/\/www.greenpeace.org\/canada\/fr\/wp-json\/wp\/v2\/tags?post=67577"},{"taxonomy":"p4-page-type","embeddable":true,"href":"https:\/\/www.greenpeace.org\/canada\/fr\/wp-json\/wp\/v2\/p4-page-type?post=67577"}],"curies":[{"name":"wp","href":"https:\/\/api.w.org\/{rel}","templated":true}]}}