{"id":67816,"date":"2024-11-28T16:17:00","date_gmt":"2024-11-28T21:17:00","guid":{"rendered":"https:\/\/www.greenpeace.org\/canada\/?p=67816"},"modified":"2024-11-30T17:19:30","modified_gmt":"2024-11-30T22:19:30","slug":"le-cout-de-la-commodite-pourquoi-labandon-du-plastique-est-un-enjeu-de-justice","status":"publish","type":"post","link":"https:\/\/www.greenpeace.org\/canada\/fr\/histoire\/67816\/le-cout-de-la-commodite-pourquoi-labandon-du-plastique-est-un-enjeu-de-justice\/","title":{"rendered":"Le co\u00fbt de la commodit\u00e9 \u2013 pourquoi l&rsquo;abandon du plastique est un enjeu de justice"},"content":{"rendered":"\n<p>Les produits en plastique nous ont \u00e9t\u00e9 pr\u00e9sent\u00e9s comme des articles inoffensifs et pratiques. Sacs en plastique, contenants alimentaires, paquets de bonbons et emballages de toutes sortes, tous destin\u00e9s \u00e0 nous faciliter la vie lors de nos d\u00e9placements ou \u00e0 prot\u00e9ger notre pr\u00e9cieuse marchandise des dommages. Un compl\u00e9ment banal et peu co\u00fbteux \u00e0 nos vies de plus en plus encombr\u00e9es. Mais \u00e9videmment, ces d\u00e9riv\u00e9s p\u00e9trochimiques sont loin d&rsquo;\u00eatre inoffensifs et ont \u00e9t\u00e9 produits en si grande quantit\u00e9 que chaque \u00e9tape du cycle de vie du plastique engendre son lot de pollution.<\/p>\n\n<p>Le prix de ce mode de vie soi-disant pratique, fond\u00e9 sur l&rsquo;exc\u00e8s et la mise au rebut, comprend une longue liste de co\u00fbts, et les effets n\u00e9fastes de l&rsquo;industrie du plastique ne sont pas ressentis de la m\u00eame mani\u00e8re par toute la population. Les communaut\u00e9s autochtones, noires et autres groupes priv\u00e9s d\u2019\u00e9quit\u00e9 sont les plus touch\u00e9es par la pollution plastique.<\/p>\n\n<figure class=\"wp-block-image size-full\"><img loading=\"lazy\" decoding=\"async\" width=\"800\" height=\"533\" src=\"https:\/\/www.greenpeace.org\/static\/planet4-canada-stateless\/2024\/11\/3a77a15e-gp0su0cyf_low-res-800px.jpg\" alt=\"\" class=\"wp-image-67824\" srcset=\"https:\/\/www.greenpeace.org\/static\/planet4-canada-stateless\/2024\/11\/3a77a15e-gp0su0cyf_low-res-800px.jpg 800w, https:\/\/www.greenpeace.org\/static\/planet4-canada-stateless\/2024\/11\/3a77a15e-gp0su0cyf_low-res-800px-300x200.jpg 300w, https:\/\/www.greenpeace.org\/static\/planet4-canada-stateless\/2024\/11\/3a77a15e-gp0su0cyf_low-res-800px-768x512.jpg 768w, https:\/\/www.greenpeace.org\/static\/planet4-canada-stateless\/2024\/11\/3a77a15e-gp0su0cyf_low-res-800px-510x340.jpg 510w\" sizes=\"auto, (max-width: 800px) 100vw, 800px\" \/><figcaption class=\"wp-element-caption\">La Premi\u00e8re nation Aamjiwnaang, <em>Society of First Nations<\/em>, et <em>Keepers of the Water<\/em> participent \u00e0 une conf\u00e9rence de presse lors des n\u00e9gociations du trait\u00e9 mondial sur les plastiques de la CIN-4, soulignant les impacts disproportionn\u00e9s de la pollution par les plastiques sur les communaut\u00e9s autochtones de premi\u00e8re ligne de l&rsquo;\u00eele de la Tortue. \u00a9 Greenpeace \/ Matthew Kemp<\/figcaption><\/figure>\n\n<h3 class=\"wp-block-heading\"><strong>La fabrication du plastique<\/strong><\/h3>\n\n<p>On ne saurait parler de plastique sans \u00e9voquer son origine : <a href=\"https:\/\/www.ciel.org\/wp-content\/uploads\/2017\/09\/Fueling-Plastics-Fossils-Plastics-Petrochemical-Feedstocks.pdf\" target=\"_blank\" rel=\"noreferrer noopener\">99 % des mati\u00e8res plastiques sont fabriqu\u00e9es \u00e0 partir de combustibles fossiles<\/a>. Il s&rsquo;agit l\u00e0 des m\u00eames \u00e9nergies fossiles qui r\u00e9chauffent notre plan\u00e8te et provoquent des changements climatiques catastrophiques, alimentent des conditions m\u00e9t\u00e9orologiques extr\u00eames et mettent en p\u00e9ril les \u00e9cosyst\u00e8mes et les communaut\u00e9s. Les d\u00e9chets plastiques qui finissent dans nos quartiers, dans l&rsquo;estomac des baleines ou dans les d\u00e9charges pour l&rsquo;\u00e9ternit\u00e9 contribuent eux aussi \u00e0 la crise climatique.<\/p>\n\n<p>La production de plastique \u00e0 partir de produits p\u00e9trochimiques nocifs n&rsquo;est que la pointe de l&rsquo;iceberg. La fabrication de produits en plastique n\u00e9cessite l&rsquo;utilisation de plus de <a href=\"https:\/\/plastchem-project.org\/\" target=\"_blank\" rel=\"noreferrer noopener\">16 000 produits chimiques<\/a>, dont le benz\u00e8ne (un agent canc\u00e9rig\u00e8ne connu), ce qui expose le personnel de l&rsquo;usine et les communaut\u00e9s avoisinantes \u00e0 des risques sanitaires. Au d\u00e9but de l&rsquo;ann\u00e9e, la Premi\u00e8re Nation Aamjiwnaang a d\u00e9clar\u00e9 l&rsquo;\u00e9tat d&rsquo;urgence apr\u00e8s que les \u00e9missions d&rsquo;une usine de plastique aient atteint un niveau si \u00e9lev\u00e9 qu&rsquo;elles ont entra\u00een\u00e9 la <a href=\"https:\/\/thenarwhal.ca\/sarnia-ontario-chemical-valley\/\" target=\"_blank\" rel=\"noreferrer noopener\">fermeture temporaire des installations<\/a>. Cette situation a provoqu\u00e9 des maladies au sein de la communaut\u00e9 sans que les exploitants de l&rsquo;usine de plastique ou le gouvernement n&rsquo;avertissent la population du danger auquel elle \u00e9tait expos\u00e9e.<br><\/p>\n\n<h3 class=\"wp-block-heading\"><strong>Utilisation du plastique<\/strong><\/h3>\n\n<p>Les produits chimiques utilis\u00e9s pour fabriquer les plastiques subsistent bien au-del\u00e0 de la phase de production. D\u00e8s que nous utilisons des articles en plastique \u2013 tout particuli\u00e8rement lorsque des aliments sont concern\u00e9s \u2013 nous avons affaire \u00e0 toute une s\u00e9rie de produits chimiques identifi\u00e9s comme \u00e9tant \u00e0 l&rsquo;origine de cancers, de neurotoxicit\u00e9, de perturbations endocriniennes, et bien plus encore. Aussi inqui\u00e9tant que cela puisse para\u00eetre, la science n&rsquo;a pas encore fini de mesurer les effets \u00e0 long terme des plastiques sur notre sant\u00e9, le Programme des Nations Unies pour l\u2019environnement a dress\u00e9 une liste de dix groupes de produits chimiques qu&rsquo;il qualifie de <a href=\"https:\/\/www.unep.org\/resources\/report\/chemicals-plastics-technical-report\" target=\"_blank\" rel=\"noreferrer noopener\">\u00ab tr\u00e8s pr\u00e9occupants en raison de leur forte toxicit\u00e9 et de leur capacit\u00e9 \u00e0 migrer ou \u00e0 \u00eatre lib\u00e9r\u00e9s par les plastiques \u00bb<\/a>.<\/p>\n\n<p>Il est choquant de constater que les <a href=\"https:\/\/www.theguardian.com\/environment\/2022\/apr\/06\/microplastics-found-deep-in-lungs-of-living-people-for-first-time\" target=\"_blank\" rel=\"noreferrer noopener\">microplastiques se retrouvent dans l&rsquo;air que nous respirons, les aliments que nous mangeons<\/a> et m\u00eame dans le <a href=\"https:\/\/www.theguardian.com\/environment\/2022\/mar\/24\/microplastics-found-in-human-blood-for-first-time\" target=\"_blank\" rel=\"noreferrer noopener\">sang<\/a> et le <a href=\"https:\/\/www.theguardian.com\/environment\/2022\/oct\/07\/microplastics-human-breast-milk-first-time\" target=\"_blank\" rel=\"noreferrer noopener\">lait humain<\/a>. Les plastiques, qu&rsquo;ils soient sous forme macro ou micro, polluent nos corps et nous am\u00e8nent une fois de plus \u00e0 nous demander si l&rsquo;aspect de commodit\u00e9 vant\u00e9 par l&rsquo;industrie en vaut vraiment la peine.<\/p>\n\n<h3 class=\"wp-block-heading\"><strong>La mise au rebut du plastique<\/strong><\/h3>\n\n<p>L&rsquo;\u00e9limination du plastique est une v\u00e9ritable source de confusion et de frustration. Les gouvernements et l&rsquo;industrie nous font la promotion du recyclage, mais comme le rapport <a href=\"https:\/\/www.greenpeace.org\/static\/planet4-canada-stateless\/1d30117a-greenpeacereport_plasticrecyclingthatsnotathing.pdf\" target=\"_blank\" rel=\"noreferrer noopener\"><em>Plastic recycling: That\u2019s not a thing<\/em><\/a>, publi\u00e9 par Greenpeace Canada en 2020, le recyclage du plastique est un mythe qu&rsquo;il faut d\u00e9construire. Moins de 9 % du plastique fabriqu\u00e9 est effectivement recycl\u00e9, ce qui nous laisse litt\u00e9ralement des tonnes de d\u00e9chets plastiques qui finissent \u00e0 coup s\u00fbr dans nos communaut\u00e9s, dans les d\u00e9charges, dans nos corps ou ailleurs o\u00f9 ils continuent \u00e0 polluer. Le recyclage du plastique constitue en fait une escroquerie.<\/p>\n\n<p>M\u00eame si cette solution donnait de meilleurs r\u00e9sultats, les programmes de recyclage, ou les programmes d&rsquo;\u00e9limination des d\u00e9chets en g\u00e9n\u00e9ral, ne sont pas accessibles \u00e0 tout le monde. Dans de nombreuses communaut\u00e9s rurales, isol\u00e9es ou seulement accessibles par avion au Canada, les gens doivent apporter leurs d\u00e9chets au d\u00e9potoir ou les incin\u00e9rer. <a href=\"https:\/\/theconversation.com\/environmental-racism-new-study-investigates-whether-nova-scotia-dump-boosted-cancer-rates-in-nearby-black-community-162839\" target=\"_blank\" rel=\"noreferrer noopener\">En Nouvelle-\u00c9cosse, les d\u00e9charges et les d\u00e9potoirs sont plus susceptibles de se trouver \u00e0 proximit\u00e9 des communaut\u00e9s mi&rsquo;kmaq et noires<\/a>, ce qui les expose \u00e0 une plus grande quantit\u00e9 de polluants en provenance de ces sites. Que le plastique reste au d\u00e9potoir ou qu&rsquo;il soit br\u00fbl\u00e9 \u00e0 l&rsquo;abri des regards, les nombreux produits chimiques qu&rsquo;il contient se r\u00e9pandent dans l&rsquo;air, l&rsquo;eau et la terre, permettant ainsi au cycle de la pollution de se poursuivre. La <a href=\"https:\/\/www.cbc.ca\/news\/politics\/first-nations-drinking-advisories-plastic-bottles-1.6330031\" target=\"_blank\" rel=\"noreferrer noopener\">Premi\u00e8re Nation Neskantaga<\/a> est l&rsquo;une des nombreuses communaut\u00e9s autochtones \u00e0 avoir \u00e9t\u00e9 confront\u00e9e \u00e0 ce probl\u00e8me. Affect\u00e9e par les cons\u00e9quences multiples de l&rsquo;imposition coloniale, la communaut\u00e9 a \u00e9t\u00e9 sous avis d&rsquo;\u00e9bullition de l&rsquo;eau pendant des d\u00e9cennies et s&rsquo;est retrouv\u00e9e avec l&rsquo;\u00e9quivalent de plusieurs ann\u00e9es de d\u00e9chets plastiques d\u00fb \u00e0 la n\u00e9cessit\u00e9 de recourir \u00e0 de l&rsquo;eau embouteill\u00e9e. En l&rsquo;absence de services de recyclage ou d&rsquo;installations d&rsquo;\u00e9limination appropri\u00e9es, la communaut\u00e9 se retrouve avec une quantit\u00e9 importante de d\u00e9chets et peu de soutien.<\/p>\n\n<figure class=\"wp-block-image size-full\"><img loading=\"lazy\" decoding=\"async\" width=\"800\" height=\"533\" src=\"https:\/\/www.greenpeace.org\/static\/planet4-canada-stateless\/2024\/11\/57a7e41c-gp0su0cy3_low-res-800px.jpg\" alt=\"\" class=\"wp-image-67831\" srcset=\"https:\/\/www.greenpeace.org\/static\/planet4-canada-stateless\/2024\/11\/57a7e41c-gp0su0cy3_low-res-800px.jpg 800w, https:\/\/www.greenpeace.org\/static\/planet4-canada-stateless\/2024\/11\/57a7e41c-gp0su0cy3_low-res-800px-300x200.jpg 300w, https:\/\/www.greenpeace.org\/static\/planet4-canada-stateless\/2024\/11\/57a7e41c-gp0su0cy3_low-res-800px-768x512.jpg 768w, https:\/\/www.greenpeace.org\/static\/planet4-canada-stateless\/2024\/11\/57a7e41c-gp0su0cy3_low-res-800px-510x340.jpg 510w\" sizes=\"auto, (max-width: 800px) 100vw, 800px\" \/><figcaption class=\"wp-element-caption\">Waghiyi Viola et Delbert Pungowiyi de<em> Alaska Community Action on Toxics<\/em>. La Premi\u00e8re nation Aamjiwnaang, <em>Society of First Nations<\/em>, et <em>Keepers of the Water<\/em> participent \u00e0 une conf\u00e9rence de presse lors des n\u00e9gociations du trait\u00e9 mondial sur les plastiques de la CIN-4, soulignant les impacts disproportionn\u00e9s de la pollution par les plastiques sur les communaut\u00e9s autochtones de premi\u00e8re ligne de l&rsquo;\u00eele de la Tortue. \u00a9 Greenpeace \/ Matthew Kemp<\/figcaption><\/figure>\n\n<p>\u2014<\/p>\n\n<p>\u00ab Et si les humains concevaient des produits et des syst\u00e8mes qui c\u00e9l\u00e8brent l&rsquo;abondance de la cr\u00e9ativit\u00e9, de la culture et de la productivit\u00e9 humaines? Des produits et des syst\u00e8mes si intelligents et si s\u00fbrs que notre esp\u00e8ce laisse une empreinte \u00e9cologique dont nous pouvons nous r\u00e9jouir et non nous lamenter? \u00bb<\/p>\n\n<p>Cette citation \u2013 tir\u00e9e du livre <em>Cradle to Cradle: Remaking the Way We Make Things <\/em>de l\u2019architecte William McDonough \u2013 \u00e9voque ce \u00e0 quoi pourrait ressembler un avenir exempt de d\u00e9chets plastiques. Et si nous avions fait les choses autrement? Et si nous avions une \u00e9conomie bas\u00e9e sur la r\u00e9utilisation de type \u00ab du bureau au berceau \u00bb plut\u00f4t que le mod\u00e8le chaotique \u00ab du berceau \u00e0 la tombe \u00bb dans lequel nous \u00e9voluons aujourd&rsquo;hui? Comment pouvons-nous y \u00e9chapper?<\/p>\n\n<p>En ce moment m\u00eame, des n\u00e9gociations en vue d&rsquo;un trait\u00e9 mondial sur les plastiques ont lieu \u00e0 Busan, en Cor\u00e9e du Sud, et il n&rsquo;est pas exag\u00e9r\u00e9 de dire qu&rsquo;il pourrait s&rsquo;agir d&rsquo;un tournant d\u00e9cisif dans la lutte contre les effets n\u00e9fastes du plastique tout au long de son cycle de vie, de la production \u00e0 l\u2019\u00e9limination.<\/p>\n\n<figure class=\"wp-block-image size-full\"><img loading=\"lazy\" decoding=\"async\" width=\"800\" height=\"533\" src=\"https:\/\/www.greenpeace.org\/static\/planet4-canada-stateless\/2024\/11\/9e4cbcf5-gp0su0cyc_low-res-800px.jpg\" alt=\"\" class=\"wp-image-67838\" srcset=\"https:\/\/www.greenpeace.org\/static\/planet4-canada-stateless\/2024\/11\/9e4cbcf5-gp0su0cyc_low-res-800px.jpg 800w, https:\/\/www.greenpeace.org\/static\/planet4-canada-stateless\/2024\/11\/9e4cbcf5-gp0su0cyc_low-res-800px-300x200.jpg 300w, https:\/\/www.greenpeace.org\/static\/planet4-canada-stateless\/2024\/11\/9e4cbcf5-gp0su0cyc_low-res-800px-768x512.jpg 768w, https:\/\/www.greenpeace.org\/static\/planet4-canada-stateless\/2024\/11\/9e4cbcf5-gp0su0cyc_low-res-800px-510x340.jpg 510w\" sizes=\"auto, (max-width: 800px) 100vw, 800px\" \/><figcaption class=\"wp-element-caption\">La Premi\u00e8re nation Aamjiwnaang, <em>Society of First Nations<\/em>, et <em>Keepers of the Water<\/em> participent \u00e0 une conf\u00e9rence de presse lors des n\u00e9gociations du trait\u00e9 mondial sur les plastiques de la CIN-4, soulignant les impacts disproportionn\u00e9s de la pollution par les plastiques sur les communaut\u00e9s autochtones de premi\u00e8re ligne de l&rsquo;\u00eele de la Tortue. Les participants posent avec des membres de l&rsquo;ONG Ecojustice, organisatrice de l&rsquo;\u00e9v\u00e9nement. \u00a9 Greenpeace \/ Matthew Kemp<\/figcaption><\/figure>\n\n<p>Des membres de communaut\u00e9s affect\u00e9es, des d\u00e9cisionnaires politiques, des leaders de l&rsquo;industrie, des organisations environnementales et des activistes du monde entier ont converg\u00e9 sur Busan pour discuter et convenir d&rsquo;un accord mondial. Le r\u00f4le de Greenpeace est de veiller \u00e0 ce que nous nous attaquions \u00e0 la pollution plastique \u00e0 la source et \u00e0 ce que les droits et les consid\u00e9rations des communaut\u00e9s touch\u00e9es soient une priorit\u00e9.<\/p>\n\n<p>Greenpeace et ses alli\u00e9s du mouvement mondial Break Free from Plastic travaillent sans rel\u00e2che pour exiger un trait\u00e9 qui permette de :&nbsp;<\/p>\n\n<ul class=\"wp-block-list\">\n<li>Mettre fin \u00e0 la pollution par le plastique sur l&rsquo;ensemble de son cycle de vie, de la production \u00e0 l&rsquo;\u00e9limination, afin de prot\u00e9ger l&rsquo;environnement et la sant\u00e9 humaine;<\/li>\n\n\n\n<li>Fixer un objectif juridiquement contraignant pour r\u00e9duire la production de plastique d&rsquo;au moins 75 % d&rsquo;ici 2040 afin de limiter le r\u00e9chauffement climatique \u00e0 1,5 \u00b0C;<\/li>\n\n\n\n<li>\u00c9liminer progressivement les plastiques \u00e0 usage unique, en commen\u00e7ant par les articles les plus polluants tels que les sachets en plastique;<\/li>\n\n\n\n<li>Soutenir une transition juste vers une \u00e9conomie sobre en carbone, z\u00e9ro d\u00e9chet et ax\u00e9e sur la r\u00e9utilisation;<\/li>\n\n\n\n<li>\u00catre fermement ancr\u00e9 dans une approche fond\u00e9e sur les droits de la personne qui donne la priorit\u00e9 aux savoirs et aux droits des peuples autochtones, \u00e0 la sant\u00e9 humaine, \u00e0 la justice pour toutes les communaut\u00e9s affect\u00e9es et \u00e0 la r\u00e9duction de l&rsquo;in\u00e9galit\u00e9.<\/li>\n<\/ul>\n\n<p>\u00c0 titre individuel, ce n&rsquo;est pas notre faute si les choses en sont venues \u00e0 ce point, et nous ne devrions pas non plus nous sentir coupables si nous ne pouvons pas \u00e9viter le plastique dans notre quotidien. Nous \u00e9voluons au sein d&rsquo;un syst\u00e8me d\u00e9faillant qui soutient les entreprises polluantes au d\u00e9triment de la population. Cela complique la vie de bien des fa\u00e7ons et rend encore plus difficile l&rsquo;adoption d&rsquo;un mode de vie durable. Mais si nous parvenons \u00e0 mener \u00e0 bien ces n\u00e9gociations cruciales, imaginez les possibilit\u00e9s que cela nous offrirait. Je sais que si mes futures \u00e9piceries me permettaient de ramener 75 % moins de plastique \u00e0 la maison, je serais \u00e0 la fois incr\u00e9dule et combl\u00e9e. J&rsquo;arrive tr\u00e8s bien \u00e0 me l&rsquo;imaginer, et j&rsquo;esp\u00e8re que vous aussi.<\/p>\n\t\t\t<section\n\t\t\tclass=\"boxout post-59375 \"\n\t\t\t\n\t\t>\n\t\t\t<a\n\t\t\t\tdata-ga-category=\"Take Action Boxout\"\n\t\t\t\tdata-ga-action=\"Image\"\n\t\t\t\tdata-ga-label=\"n\/a\"\n\t\t\t\tclass=\"cover-card-overlay\"\n\t\t\t\thref=\"https:\/\/www.greenpeace.org\/canada\/fr\/agir\/traite-mondial-sur-les-plastiques\/\" \n\t\t\t><\/a>\n\t\t\t\t\t\t\t<img\n\t\t\t\t\t\tsrc=\"https:\/\/www.greenpeace.org\/static\/planet4-canada-stateless\/2023\/05\/1b21237c-gp0stt3fe_web_size-1.jpg\"\n\t\t\t\t\t\tsrcset=\"https:\/\/www.greenpeace.org\/static\/planet4-canada-stateless\/2023\/05\/1b21237c-gp0stt3fe_web_size-1-300x200.jpg 300w, https:\/\/www.greenpeace.org\/static\/planet4-canada-stateless\/2023\/05\/1b21237c-gp0stt3fe_web_size-1-768x512.jpg 768w, https:\/\/www.greenpeace.org\/static\/planet4-canada-stateless\/2023\/05\/1b21237c-gp0stt3fe_web_size-1-510x340.jpg 510w, https:\/\/www.greenpeace.org\/static\/planet4-canada-stateless\/2023\/05\/1b21237c-gp0stt3fe_web_size-1.jpg 800w\"\n\t\t\t\t\t\tsizes=\"(min-width: 1000px) 358px, (min-width: 780px) 313px, 88px\"\n\t\t\t\t\t\talt=\"Plastique\" title=\"Plastique\"\n\t\t\t\t\/>\n            \t\t\t<div class=\"boxout-content\">\n\t\t\t\t\t\t\t\t\t<a\n\t\t\t\t\t\tclass=\"boxout-heading medium\"\n\t\t\t\t\t\tdata-ga-category=\"Take Action Boxout\"\n\t\t\t\t\t\tdata-ga-action=\"Title\"\n\t\t\t\t\t\tdata-ga-label=\"n\/a\"\n\t\t\t\t\t\thref=\"https:\/\/www.greenpeace.org\/canada\/fr\/agir\/traite-mondial-sur-les-plastiques\/\"\n\t\t\t\t\t\t\n\t\t\t\t\t>\n\t\t\t\t\t\tDites au Canada de soutenir un trait\u00e9 mondial ambitieux sur les plastiques\n\t\t\t\t\t<\/a>\n\t\t\t\t\t\t\t\t\t\t\t\t\t<p class=\"boxout-excerpt\">Si les leaders de ce monde font preuve de suffisamment d&rsquo;audace, un trait\u00e9 mondial sur les plastiques ambitieux pourrait mettre fin \u00e0 l&rsquo;\u00e8re du plastique pour de bon. Rejoignez la campagne d\u00e8s maintenant!<\/p>\n\t\t\t\t                                    <a\n                        class=\"btn btn-primary\"\n                        data-ga-category=\"Take Action Boxout\"\n                        data-ga-action=\"Call to Action\"\n                        data-ga-label=\"n\/a\"\n                        href=\"https:\/\/www.greenpeace.org\/canada\/fr\/agir\/traite-mondial-sur-les-plastiques\/\"\n                        \n                    >\n                        Passer \u00e0 l&#039;action\n                    <\/a>\n                \t\t\t<\/div>\n\t\t\t\t\t<\/section>\n\t","protected":false},"excerpt":{"rendered":"<p>Les produits en plastique nous ont \u00e9t\u00e9 pr\u00e9sent\u00e9s comme des articles inoffensifs et pratiques. Sacs en plastique, contenants alimentaires, paquets de bonbons et emballages de toutes sortes, tous destin\u00e9s \u00e0&hellip;<\/p>\n","protected":false},"author":84,"featured_media":67812,"comment_status":"open","ping_status":"open","sticky":false,"template":"","format":"standard","meta":{"ep_exclude_from_search":false,"p4_og_title":"Le co\u00fbt de la commodit\u00e9 \u2013 pourquoi l'abandon du plastique est un enjeu de justice","p4_og_description":"Le prix de ce mode de vie soi-disant pratique, fond\u00e9 sur l'exc\u00e8s et la mise au rebut, comprend une longue liste de co\u00fbts, et les effets n\u00e9fastes de l'industrie du plastique ne sont pas ressentis de la m\u00eame mani\u00e8re par toute la population. ","p4_og_image":"https:\/\/www.greenpeace.org\/static\/planet4-canada-stateless\/2024\/11\/92aa9fd2-gp0su0cyf_low-res-800px.jpg","p4_og_image_id":"67812","p4_seo_canonical_url":"","p4_campaign_name":"","p4_local_project":"","p4_basket_name":"","p4_department":"","footnotes":""},"categories":[140,169],"tags":[72,83,182],"p4-page-type":[155],"class_list":["post-67816","post","type-post","status-publish","format-standard","has-post-thumbnail","hentry","category-egalite","category-plastiques","tag-plastique","tag-consommation","tag-justice-raciale","p4-page-type-histoire"],"_links":{"self":[{"href":"https:\/\/www.greenpeace.org\/canada\/fr\/wp-json\/wp\/v2\/posts\/67816","targetHints":{"allow":["GET"]}}],"collection":[{"href":"https:\/\/www.greenpeace.org\/canada\/fr\/wp-json\/wp\/v2\/posts"}],"about":[{"href":"https:\/\/www.greenpeace.org\/canada\/fr\/wp-json\/wp\/v2\/types\/post"}],"author":[{"embeddable":true,"href":"https:\/\/www.greenpeace.org\/canada\/fr\/wp-json\/wp\/v2\/users\/84"}],"replies":[{"embeddable":true,"href":"https:\/\/www.greenpeace.org\/canada\/fr\/wp-json\/wp\/v2\/comments?post=67816"}],"version-history":[{"count":3,"href":"https:\/\/www.greenpeace.org\/canada\/fr\/wp-json\/wp\/v2\/posts\/67816\/revisions"}],"predecessor-version":[{"id":67844,"href":"https:\/\/www.greenpeace.org\/canada\/fr\/wp-json\/wp\/v2\/posts\/67816\/revisions\/67844"}],"wp:featuredmedia":[{"embeddable":true,"href":"https:\/\/www.greenpeace.org\/canada\/fr\/wp-json\/wp\/v2\/media\/67812"}],"wp:attachment":[{"href":"https:\/\/www.greenpeace.org\/canada\/fr\/wp-json\/wp\/v2\/media?parent=67816"}],"wp:term":[{"taxonomy":"category","embeddable":true,"href":"https:\/\/www.greenpeace.org\/canada\/fr\/wp-json\/wp\/v2\/categories?post=67816"},{"taxonomy":"post_tag","embeddable":true,"href":"https:\/\/www.greenpeace.org\/canada\/fr\/wp-json\/wp\/v2\/tags?post=67816"},{"taxonomy":"p4-page-type","embeddable":true,"href":"https:\/\/www.greenpeace.org\/canada\/fr\/wp-json\/wp\/v2\/p4-page-type?post=67816"}],"curies":[{"name":"wp","href":"https:\/\/api.w.org\/{rel}","templated":true}]}}