{"id":6795,"date":"2018-12-17T08:00:44","date_gmt":"2018-12-17T13:00:44","guid":{"rendered":"https:\/\/www.greenpeace.org\/canada\/?p=6795"},"modified":"2019-11-06T03:28:13","modified_gmt":"2019-11-06T08:28:13","slug":"cop-24-malgre-lurgence-les-etats-tournent-le-dos-aux-attentes-des-populations","status":"publish","type":"post","link":"https:\/\/www.greenpeace.org\/canada\/fr\/blog-des-volontaires\/6795\/cop-24-malgre-lurgence-les-etats-tournent-le-dos-aux-attentes-des-populations\/","title":{"rendered":"COP 24 : malgr\u00e9 l\u2019urgence, les Etats tournent le dos aux attentes des populations"},"content":{"rendered":"<p>14 D\u00e9cembre 2018 (Katowice, POLOGNE) &#8211; Deux mois apr\u00e8s la publication du rapport sp\u00e9cial 1,5 du GIEC et le cri d\u2019alarme des scientifiques, les Etats r\u00e9unis \u00e0 la COP24 n\u2019ont pas r\u00e9ussi \u00e0 se mettre d\u2019accord sur une r\u00e9vision \u00e0 la hausse de leurs efforts climatiques nationaux (NDCs). La COP24 \u00e9choue ainsi \u00e0 remettre les Etats sur une trajectoire compatible avec un r\u00e9chauffement \u00e0 1,5\u00b0C d\u2019ici la fin du si\u00e8cle, pourtant pr\u00e9vu par l\u2019Accord de Paris. La France a, quant \u00e0 elle, brill\u00e9 par son absence en Pologne.<\/p>\n<p>Les Etats ont m\u00eame \u00e9t\u00e9 incapables de trouver un consensus pour accueillir favorablement ce rapport du GIEC, qu\u2019ils avaient pourtant eux-m\u00eames command\u00e9 lors de la COP21, et faire de la science l\u2019arbitre de leurs d\u00e9cisions.<\/p>\n<p>La directrice internationale de Greenpeace Jennifer Morgan a dit:<\/p>\n<p>\u00ab 2018 a \u00e9t\u00e9 l&rsquo;ann\u00e9e de d\u00e9sastres climatiques et d&rsquo;avertissements terribles de la part des scientifiques les plus r\u00e9put\u00e9s au monde. Malheureusement, les gouvernements ont choisi de laisser tomber les peuples et d&rsquo;ignorer la science et la d\u00e9tresse des plus vuln\u00e9rables. Il ne suffit pas de reconna\u00eetre qu&rsquo;il y a urgence climatique et d&rsquo;adopter des r\u00e8gles pour l&rsquo;action sur le climat pour lutter contre les d\u00e9r\u00e8glements climatiques qui menacent des nations enti\u00e8res. Sans action imm\u00e9diate, les meilleurs politiques ne serviront \u00e0 rien. C&rsquo;est \u00e7a que les gens voulaient mais les gouvernments n&rsquo;ont pas assum\u00e9 leurs responsabilit\u00e9s. C&rsquo;est immoral, et ils doivent livrer des objectifs bien plus ambitieux au Sommet de l&rsquo;ONU De 2019.\u00a0 \u00bb<\/p>\n<p>Le responsable de la campagne Climat-\u00c9nergie de Greenpeace Canada, Patrick Bonin, soul\u00e8ve:<\/p>\n<p>\u00ab C\u2019est essentiel pour s\u2019assurer qu\u2019il y ait de la confiance entre les pays et que les pays arrivent \u00e0 se doter d\u2019objectifs encore plus ambitieux. Si les pays en d\u00e9veloppement n\u2019ont pas l\u2019impression que les pays d\u00e9velopp\u00e9s sont en train d\u2019atteindre leurs objectifs, c\u2019est certain qu\u2019eux ne voudront jamais faire davantage d\u2019efforts \u00bb.<\/p>\n<p>Par contre Greepeace d\u00e9plore l\u2019absence d\u2019un plan cr\u00e9dible au Canada pour atteindre les cibles que le pays s\u2019est fix\u00e9es avec l\u2019accord de Paris : \u00ab\u00a0Ce n\u2019est de toute \u00e9vidence pas en achetant des pipelines et des trains pour acheminer et exporter le p\u00e9trole des sables bitumineux et en augmentant la production de p\u00e9trole et de gaz naturel comme il le pr\u00e9voit que le Canada atteindra ses cibles\u00a0\u00bb, d\u00e9clare M.\u00a0Bonin.<\/p>\n<p>Le fait que les Etats aient pu, malgr\u00e9 tout, adopter des r\u00e8gles d\u2019application minimales pour l\u2019Accord de Paris montre qu\u2019une forme de multilat\u00e9ralisme autour de l\u2019enjeu climatique reste possible. H\u00e9las, sans l\u2019ambition n\u00e9cessaire, cette diplomatie risque de perdre peu \u00e0 peu de sa consistance.<\/p>\n<p>Greenpeace demande aux Etats de se ressaisir rapidement et de renforcer drastiquement leurs efforts diplomatiques et politiques pour lutter contre le changement climatique et prot\u00e9ger les populations vuln\u00e9rables. Ils doivent se pr\u00e9senter au Sommet Sp\u00e9cial des Nations Unis sur le climat, le 23 septembre 2019, avec de nouvelles feuilles de route revues \u00e0 la hausse (NDCs) et des promesses de financement ad\u00e9quates.<\/p>\n<p>De nombreuses discussions de couloirs de la COP se sont focalis\u00e9es sur la crise des gilets jaunes et la France a fait figure de contre-exemple pour son incapacit\u00e9 \u00e0 mettre en \u0153uvre une transition juste. La cr\u00e9dibilit\u00e9 fran\u00e7aise sur l\u2019agenda climatique s\u2019\u00e9rode \u00e9galement du fait de ses mauvais r\u00e9sultats nationaux, avec des \u00e9missions en hausse et des objectifs en baisse. Jusqu\u2019\u00e0 maintenant, Emmanuel Macron manque \u00e0 ses responsabilit\u00e9s, \u00e0 savoir placer l\u2019enjeu climatique au c\u0153ur d\u2019un v\u00e9ritable projet de soci\u00e9t\u00e9.<\/p>\n<p style=\"text-align: center;\"><b>-30-<\/b><\/p>\n<p><strong>Contact M\u00e9dias:<\/strong><\/p>\n<p>Loujain Kurdi, Greenpeace Canada, loujain.kurdi@greenpeace.org,<\/p>\n<p>Aaron Gray-Block, Greenpeace International:\u00a0<a href=\"mailto:aaron.gray-block@greenpeace.org\" target=\"_blank\" rel=\"noopener noreferrer\">aaron.gray-block@greenpeace.org<\/a>, +61 437 845 150<\/p>\n<p>Greenpeace International Press Desk:\u00a0<a href=\"mailto:pressdesk.int@greenpeace.org\" target=\"_blank\" rel=\"noopener noreferrer\">pressdesk.int@greenpeace.org<\/a>, +31 (0) 20 718 2470 (available 24 hours)<\/p>\n","protected":false},"excerpt":{"rendered":"<p>14 D\u00e9cembre 2018 (Katowice, POLOGNE) &#8211; Deux mois apr\u00e8s la publication du rapport sp\u00e9cial 1,5 du GIEC et le cri d\u2019alarme des scientifiques, les Etats r\u00e9unis \u00e0 la COP24 n\u2019ont&hellip;<\/p>\n","protected":false},"author":19,"featured_media":6879,"comment_status":"open","ping_status":"open","sticky":false,"template":"","format":"standard","meta":{"ep_exclude_from_search":false,"p4_og_title":"","p4_og_description":"","p4_og_image":"","p4_og_image_id":"","p4_seo_canonical_url":"","p4_campaign_name":"","p4_local_project":"","p4_basket_name":"","p4_department":"","footnotes":""},"categories":[21],"tags":[41,48,49],"p4-page-type":[],"class_list":["post-6795","post","type-post","status-publish","format-standard","has-post-thumbnail","hentry","category-vivre-de-facon-durable","tag-climat","tag-sante","tag-solutionsenergetiques"],"_links":{"self":[{"href":"https:\/\/www.greenpeace.org\/canada\/fr\/wp-json\/wp\/v2\/posts\/6795","targetHints":{"allow":["GET"]}}],"collection":[{"href":"https:\/\/www.greenpeace.org\/canada\/fr\/wp-json\/wp\/v2\/posts"}],"about":[{"href":"https:\/\/www.greenpeace.org\/canada\/fr\/wp-json\/wp\/v2\/types\/post"}],"author":[{"embeddable":true,"href":"https:\/\/www.greenpeace.org\/canada\/fr\/wp-json\/wp\/v2\/users\/19"}],"replies":[{"embeddable":true,"href":"https:\/\/www.greenpeace.org\/canada\/fr\/wp-json\/wp\/v2\/comments?post=6795"}],"version-history":[{"count":8,"href":"https:\/\/www.greenpeace.org\/canada\/fr\/wp-json\/wp\/v2\/posts\/6795\/revisions"}],"predecessor-version":[{"id":26874,"href":"https:\/\/www.greenpeace.org\/canada\/fr\/wp-json\/wp\/v2\/posts\/6795\/revisions\/26874"}],"wp:featuredmedia":[{"embeddable":true,"href":"https:\/\/www.greenpeace.org\/canada\/fr\/wp-json\/wp\/v2\/media\/6879"}],"wp:attachment":[{"href":"https:\/\/www.greenpeace.org\/canada\/fr\/wp-json\/wp\/v2\/media?parent=6795"}],"wp:term":[{"taxonomy":"category","embeddable":true,"href":"https:\/\/www.greenpeace.org\/canada\/fr\/wp-json\/wp\/v2\/categories?post=6795"},{"taxonomy":"post_tag","embeddable":true,"href":"https:\/\/www.greenpeace.org\/canada\/fr\/wp-json\/wp\/v2\/tags?post=6795"},{"taxonomy":"p4-page-type","embeddable":true,"href":"https:\/\/www.greenpeace.org\/canada\/fr\/wp-json\/wp\/v2\/p4-page-type?post=6795"}],"curies":[{"name":"wp","href":"https:\/\/api.w.org\/{rel}","templated":true}]}}