{"id":68198,"date":"2025-01-24T15:08:41","date_gmt":"2025-01-24T20:08:41","guid":{"rendered":"https:\/\/www.greenpeace.org\/canada\/?p=68198"},"modified":"2025-01-24T15:36:45","modified_gmt":"2025-01-24T20:36:45","slug":"un-message-de-soutien-a-la-communaute-trans","status":"publish","type":"post","link":"https:\/\/www.greenpeace.org\/canada\/fr\/histoire\/68198\/un-message-de-soutien-a-la-communaute-trans\/","title":{"rendered":"Un message de soutien \u00e0 la communaut\u00e9 trans"},"content":{"rendered":"\n<p>Apr\u00e8s l&rsquo;investiture de Trump et les d\u00e9crets de lundi, il y a tant de choses \u00e0 d\u00e9crier : de l&rsquo;appel \u00e0 l&rsquo;intensification des activit\u00e9s de forage p\u00e9trolier \u00e0 l&rsquo;id\u00e9ologie de la destin\u00e9e manifeste en passant par les d\u00e9portations massives, la s\u00e9rie de proclamations \u00e9mises par Trump a de quoi glacer le sang.<\/p>\n\n<p>S\u2019il y a une chose sur laquelle vous pouvez compter, c\u2019est que Greenpeace fera vigoureusement obstacle \u00e0 la vision dystopique pr\u00e9conis\u00e9e par Trump et ses acolytes.<\/p>\n\n<p>Mais aujourd&rsquo;hui,<strong> je veux transmettre \u00e0 nos sympathisant\u00b7es un message personnel et sinc\u00e8re.<\/strong> Et tout particuli\u00e8rement \u00e0 toutes celles et ceux d&rsquo;entre vous qui font partie de la communaut\u00e9 trans, queer, lesbienne, gaie, bisexuelle, non binaire et bispirituelle.<\/p>\n\n<p><strong>Mon message est simplement le suivant : nous vous aimons, et votre existence compte.<\/strong><\/p>\n\n<p>En ces temps difficiles, il est plus important que jamais de clarifier nos valeurs et ce que nous d\u00e9fendons.<strong> En tant que sympathisant\u00b7e de Greenpeace, vous savez d\u00e9j\u00e0 que notre organisation \u0153uvre en faveur d&rsquo;un avenir vert et pacifique.<\/strong> Nous r\u00eavons d&rsquo;un monde caract\u00e9ris\u00e9 par l&#8217;empathie, la bienveillance et la communaut\u00e9 \u2013 un monde o\u00f9 la vie sous toutes ses formes peut prosp\u00e9rer et s&rsquo;\u00e9panouir. La lib\u00e9ration est au c\u0153ur de cette vision du futur, et cela inclut la libert\u00e9 pour les personnes trans de pouvoir vivre de mani\u00e8re authentique et de mener une existence heureuse et exempte de toute haine, violence ou oppression.<\/p>\n\n<figure class=\"wp-block-image size-full\"><img loading=\"lazy\" decoding=\"async\" width=\"800\" height=\"533\" src=\"https:\/\/www.greenpeace.org\/static\/planet4-canada-stateless\/2025\/01\/0751601b-gp0su11b1_low-res-with-credit-line-800px.jpg\" alt=\"\" class=\"wp-image-68196\" srcset=\"https:\/\/www.greenpeace.org\/static\/planet4-canada-stateless\/2025\/01\/0751601b-gp0su11b1_low-res-with-credit-line-800px.jpg 800w, https:\/\/www.greenpeace.org\/static\/planet4-canada-stateless\/2025\/01\/0751601b-gp0su11b1_low-res-with-credit-line-800px-300x200.jpg 300w, https:\/\/www.greenpeace.org\/static\/planet4-canada-stateless\/2025\/01\/0751601b-gp0su11b1_low-res-with-credit-line-800px-768x512.jpg 768w, https:\/\/www.greenpeace.org\/static\/planet4-canada-stateless\/2025\/01\/0751601b-gp0su11b1_low-res-with-credit-line-800px-510x340.jpg 510w\" sizes=\"auto, (max-width: 800px) 100vw, 800px\" \/><figcaption class=\"wp-element-caption\">Shanthuru, conseill\u00e8re du programme JEDIS au GPBE, a fait passer les messages \u00ab Ceasefire now \u00bb et \u00ab Queer justice is climate justice \u00bb lors de la Pride \u00e0 Bruxelles.<\/figcaption><\/figure>\n\n<p>Au sud de notre fronti\u00e8re, la haine envers les personnes transgenres est librement v\u00e9hicul\u00e9e, sanctionn\u00e9e et m\u00eame c\u00e9l\u00e9br\u00e9e. Mais ce probl\u00e8me ne s\u00e9vit pas qu&rsquo;aux \u00c9tats-Unis.<strong> Cette m\u00eame haine gagne du terrain au Canada,<\/strong> amplifi\u00e9e par des voix comme celle de Pierre Poilievre, qui pourrait devenir notre prochain premier ministre. Et la mont\u00e9e de cette rh\u00e9torique de part et d&rsquo;autre de la fronti\u00e8re est loin d&rsquo;\u00eatre sans cons\u00e9quences. Elle entra\u00eene avec elle l&rsquo;effacement, la violence et les pr\u00e9judices mat\u00e9riels. Nous devons nous y opposer collectivement, et nous devons le faire maintenant.<\/p>\n\n<p><strong>Si vous souhaitez passer \u00e0 l&rsquo;action, je vous encourage \u00e0 soutenir une ou plusieurs de ces organisations qui offrent des services et un soutien essentiels aux personnes trans :<\/strong><\/p>\n\n<div class=\"wp-block-columns is-layout-flex wp-container-core-columns-is-layout-9d6595d7 wp-block-columns-is-layout-flex\">\n<div class=\"wp-block-column is-layout-flow wp-block-column-is-layout-flow\" style=\"flex-basis:50%\">\n<p>Ressources (fran\u00e7ais) :<\/p>\n\n\n\n<p><a href=\"https:\/\/cactusmontreal.org\/programmes\/astteq\/\" target=\"_blank\" rel=\"noreferrer noopener\">ASTT(e)Q \u2013 Montr\u00e9al<\/a><br><a href=\"https:\/\/headandhands.ca\/\" target=\"_blank\" rel=\"noreferrer noopener\">\u00c0 deux mains \u2013 Montr\u00e9al<\/a><br><a href=\"https:\/\/www.p10.qc.ca\/accueil\" target=\"_blank\" rel=\"noreferrer noopener\">Projet 10 \u2013 Montr\u00e9al<\/a><br><a href=\"https:\/\/divergenres.org\/\" target=\"_blank\" rel=\"noreferrer noopener\">Divergenres \u2013 Qu\u00e9bec<\/a><br><a href=\"https:\/\/www.rainbowhealthontario.ca\/fr\/accueil\/\" target=\"_blank\" rel=\"noreferrer noopener\">Sant\u00e9 arc-en-ciel Ontario \u2013 Toronto<\/a><br><a href=\"https:\/\/transestrie.org\/fr\/ressources\/\" target=\"_blank\" rel=\"noreferrer noopener\">TransEstrie \u2013 Sherbrooke<\/a><br><a href=\"https:\/\/www.actioncanadashr.org\/fr\" target=\"_blank\" rel=\"noreferrer noopener\">Action Canada<\/a><br><a href=\"https:\/\/interligne.co\/\" target=\"_blank\" rel=\"noreferrer noopener\">Interligne<\/a><\/p>\n<\/div>\n\n\n\n<div class=\"wp-block-column is-layout-flow wp-block-column-is-layout-flow\" style=\"flex-basis:50%\">\n<p>Ressources (anglais) :<\/p>\n\n\n\n<p><a href=\"https:\/\/www.actioncanadashr.org\/\" target=\"_blank\" rel=\"noreferrer noopener\">Planned Parenthood <\/a><a href=\"https:\/\/headandhands.ca\/\">\u2013<\/a><a href=\"https:\/\/www.actioncanadashr.org\/\" target=\"_blank\" rel=\"noreferrer noopener\"> Canada<\/a><br><a href=\"https:\/\/www.rainbowrailroad.org\/\" target=\"_blank\" rel=\"noreferrer noopener\">Rainbow Railroad<\/a><br><a href=\"https:\/\/www.conccommunity.org\/george-chuvalo\/\" target=\"_blank\" rel=\"noreferrer noopener\">George Chuvalo Neighbourhood Centre <\/a><a href=\"https:\/\/headandhands.ca\/\">\u2013<\/a><a href=\"https:\/\/www.conccommunity.org\/george-chuvalo\/\" target=\"_blank\" rel=\"noreferrer noopener\"> Toronto<\/a><br><a href=\"https:\/\/www.rainbowhealthontario.ca\/\" target=\"_blank\" rel=\"noreferrer noopener\">Rainbow Health Ontario \u2013 Toronto<\/a><br><a href=\"https:\/\/wellnesswithinns.org\/\" target=\"_blank\" rel=\"noreferrer noopener\">Wellness Within \u2013 Nova Scotia<\/a><br><a href=\"https:\/\/cactusmontreal.org\/en\/programs\/astteq-en\/\" target=\"_blank\" rel=\"noreferrer noopener\">ASTT(e)Q \u2013 Montreal<\/a><br><a href=\"https:\/\/headandhands.ca\/\" target=\"_blank\" rel=\"noreferrer noopener\">Heads &amp; Hands \u2013 Montreal<\/a><br><a href=\"https:\/\/www.p10.qc.ca\/home\" target=\"_blank\" rel=\"noreferrer noopener\">Project 10 \u2013 Montreal<\/a><br><a href=\"https:\/\/e2s.ca\/\" target=\"_blank\" rel=\"noreferrer noopener\">Edmonton 2 Spirit Society \u2013 Edmonton<\/a><br><a href=\"https:\/\/rainbowallianceyeg.ca\/\" target=\"_blank\" rel=\"noreferrer noopener\">Rainbow Alliance for Youth \u2013 Edmonton<\/a><br><a href=\"https:\/\/qmunity.ca\/\" target=\"_blank\" rel=\"noreferrer noopener\">QMunity \u2013 BC<\/a><br><a href=\"https:\/\/www.northernmosaic.net\/\" target=\"_blank\" rel=\"noreferrer noopener\">Northern Mosaic Network \u2013 NWT<\/a><br><a href=\"https:\/\/kindspace.ca\/\" target=\"_blank\" rel=\"noreferrer noopener\">Kind Space \u2013 Ottawa<\/a><br><a href=\"https:\/\/interligne.co\/en\/\" target=\"_blank\" rel=\"noreferrer noopener\">Interligne<\/a><\/p>\n<\/div>\n<\/div>\n\n<p><em>Cette liste a \u00e9t\u00e9 compil\u00e9e \u00e0 partir des suggestions du personnel de Greenpeace \u2013 si vous souhaitez partager le nom d&rsquo;une organisation, veuillez faire un commentaire.<\/em><\/p>\n\n<p>L&rsquo;une des le\u00e7ons les plus importantes que j&rsquo;ai apprises de mes ami\u00b7es trans est la suivante : <strong>parfois, le plus grand acte de r\u00e9sistance consiste tout simplement \u00e0 continuer \u00e0 vivre.<\/strong><\/p>\n\n<p>Au nom de l&rsquo;\u00e9quipe enti\u00e8re de Greenpeace Canada, je tiens \u00e0 vous r\u00e9p\u00e9ter \u2013 \u00e0 vous, \u00e0 vos proches et \u00e0 vos communaut\u00e9s \u2013 que nous vous aimons et que nous vous soutiendrons pendant et apr\u00e8s cette sombre p\u00e9riode.&nbsp;<\/p>\n\n<p>De meilleurs lendemains nous attendent. D\u2019ici l\u00e0, continuons \u00e0 r\u00e9sister.<\/p>\n\n<p>Christy&nbsp;<br>Directrice g\u00e9n\u00e9rale, Greenpeace Canada<\/p>\n","protected":false},"excerpt":{"rendered":"<p>Apr\u00e8s l&rsquo;investiture de Trump et les d\u00e9crets de lundi, il y a tant de choses \u00e0 d\u00e9crier : de l&rsquo;appel \u00e0 l&rsquo;intensification des activit\u00e9s de forage p\u00e9trolier \u00e0 l&rsquo;id\u00e9ologie de&hellip;<\/p>\n","protected":false},"author":78,"featured_media":68196,"comment_status":"open","ping_status":"open","sticky":false,"template":"","format":"standard","meta":{"ep_exclude_from_search":false,"p4_og_title":"","p4_og_description":"","p4_og_image":"https:\/\/www.greenpeace.org\/static\/planet4-canada-stateless\/2025\/01\/0751601b-gp0su11b1_low-res-with-credit-line-800px.jpg","p4_og_image_id":"68196","p4_seo_canonical_url":"","p4_campaign_name":"","p4_local_project":"","p4_basket_name":"","p4_department":"","footnotes":""},"categories":[140],"tags":[],"p4-page-type":[155,155],"class_list":["post-68198","post","type-post","status-publish","format-standard","has-post-thumbnail","hentry","category-egalite","p4-page-type-histoire"],"_links":{"self":[{"href":"https:\/\/www.greenpeace.org\/canada\/fr\/wp-json\/wp\/v2\/posts\/68198","targetHints":{"allow":["GET"]}}],"collection":[{"href":"https:\/\/www.greenpeace.org\/canada\/fr\/wp-json\/wp\/v2\/posts"}],"about":[{"href":"https:\/\/www.greenpeace.org\/canada\/fr\/wp-json\/wp\/v2\/types\/post"}],"author":[{"embeddable":true,"href":"https:\/\/www.greenpeace.org\/canada\/fr\/wp-json\/wp\/v2\/users\/78"}],"replies":[{"embeddable":true,"href":"https:\/\/www.greenpeace.org\/canada\/fr\/wp-json\/wp\/v2\/comments?post=68198"}],"version-history":[{"count":6,"href":"https:\/\/www.greenpeace.org\/canada\/fr\/wp-json\/wp\/v2\/posts\/68198\/revisions"}],"predecessor-version":[{"id":68212,"href":"https:\/\/www.greenpeace.org\/canada\/fr\/wp-json\/wp\/v2\/posts\/68198\/revisions\/68212"}],"wp:featuredmedia":[{"embeddable":true,"href":"https:\/\/www.greenpeace.org\/canada\/fr\/wp-json\/wp\/v2\/media\/68196"}],"wp:attachment":[{"href":"https:\/\/www.greenpeace.org\/canada\/fr\/wp-json\/wp\/v2\/media?parent=68198"}],"wp:term":[{"taxonomy":"category","embeddable":true,"href":"https:\/\/www.greenpeace.org\/canada\/fr\/wp-json\/wp\/v2\/categories?post=68198"},{"taxonomy":"post_tag","embeddable":true,"href":"https:\/\/www.greenpeace.org\/canada\/fr\/wp-json\/wp\/v2\/tags?post=68198"},{"taxonomy":"p4-page-type","embeddable":true,"href":"https:\/\/www.greenpeace.org\/canada\/fr\/wp-json\/wp\/v2\/p4-page-type?post=68198"}],"curies":[{"name":"wp","href":"https:\/\/api.w.org\/{rel}","templated":true}]}}