{"id":69387,"date":"2025-04-10T05:00:00","date_gmt":"2025-04-10T09:00:00","guid":{"rendered":"https:\/\/www.greenpeace.org\/canada\/?p=69387"},"modified":"2025-04-09T15:18:49","modified_gmt":"2025-04-09T19:18:49","slug":"greenpeace-salue-la-plateforme-pour-la-nature-du-parti-liberal-du-canada-100-000-canadien%c2%b7nes-demandent-une-loi-sur-la-responsabilite-envers-la-nature","status":"publish","type":"post","link":"https:\/\/www.greenpeace.org\/canada\/fr\/communique-de-presse\/69387\/greenpeace-salue-la-plateforme-pour-la-nature-du-parti-liberal-du-canada-100-000-canadien%c2%b7nes-demandent-une-loi-sur-la-responsabilite-envers-la-nature\/","title":{"rendered":"Greenpeace salue la plateforme pour la nature du Parti lib\u00e9ral du Canada \u2013 100 000 Canadien\u00b7nes demandent une loi sur la responsabilit\u00e9 envers la nature"},"content":{"rendered":"\n<p><strong>MONTR\u00c9AL<\/strong> \u2013 En d\u00e9but de semaine, le Parti lib\u00e9ral de Mark Carney <a href=\"https:\/\/liberal.ca\/fr\/les-liberaux-de-mark-carney-protegeront-la-nature-la-biodiversite-et-leau-du-canada\/\">a annonc\u00e9<\/a> ses plans pour la protection de la nature au Canada, d\u00e9voilant une s\u00e9rie d&rsquo;engagements visant \u00e0 conserver la biodiversit\u00e9, promouvoir la gouvernance des peuples autochtones, pr\u00e9server les ressources en eau douce et atteindre les objectifs mondiaux en mati\u00e8re de protection du monde naturel.<br><\/p>\n\n<p>Greenpeace Canada accueille favorablement la plateforme du Parti lib\u00e9ral du Canada (PLC) sur la nature, qui rev\u00eat une importance particuli\u00e8re compte tenu de la situation g\u00e9opolitique actuelle. <strong>Mais il est urgent de faire preuve de plus d&rsquo;ambition si nous voulons restaurer les \u00e9cosyst\u00e8mes, inverser la perte de biodiversit\u00e9 et respecter nos <\/strong><a href=\"https:\/\/www.cbd.int\/article\/cop15-cbd-press-release-final-19dec2022\"><strong>engagements internationaux<\/strong><\/a><strong>.&nbsp;<\/strong><br><\/p>\n\n<p><a href=\"https:\/\/www.parl.ca\/LegisInfo\/fr\/projet-de-loi\/44-1\/C-73\"><strong>Le projet de loi C-73<\/strong><\/a><strong>, Loi sur la responsabilit\u00e9 \u00e0 l\u2019\u00e9gard de la nature doit donc \u00eatre r\u00e9introduit avec les amendements propos\u00e9s par Greenpeace et d&rsquo;autres groupes. Ce projet de loi est essentiel \u00e0 la mise en \u0153uvre du Cadre mondial pour la biodiversit\u00e9 et \u00e9tait en cours de d\u00e9bat \u00e0 la Chambre des communes lorsque le Parlement a \u00e9t\u00e9 suspendu en janvier.<\/strong><\/p>\n\n<p>\u00c0 ce jour, pr\u00e8s de <a href=\"https:\/\/act.greenpeace.ca\/fr-ca\/protegez-la-biodiversite\"><strong>100 000 Canadien\u00b7nes<\/strong><\/a><strong> ont sign\u00e9 une p\u00e9tition de Greenpeace r\u00e9clamant l\u2019adoption d\u2019une loi f\u00e9d\u00e9rale forte sur la nature<\/strong> qui prot\u00e8ge les riches \u00e9cosyst\u00e8mes du Canada, respecte la souverainet\u00e9 des peuples autochtones, garantit la reddition de comptes aupr\u00e8s du public et fixe des objectifs fermes en mati\u00e8re de protection de la nature.&nbsp;<br><\/p>\n\n<p><strong>Salom\u00e9 San\u00e9, charg\u00e9e de campagne nature et biodiversit\u00e9 \u00e0 Greenpeace Canada, a d\u00e9clar\u00e9 :<\/strong><br><\/p>\n\n<p>\u00ab Le c\u0153ur du Canada r\u00e9sonne dans les vastes for\u00eats et les rivi\u00e8res qui coulent sur son territoire, mais de vagues engagements politiques ne suffiront pas \u00e0 restaurer les prairies, les for\u00eats et les eaux menac\u00e9es par la crise climatique, la pollution, l&rsquo;extraction des ressources et la destruction des habitats. Pr\u00e8s de 100 000 personnes au Canada ont fait entendre leur voix, exigeant une loi f\u00e9d\u00e9rale forte qui prot\u00e8ge les \u00e9cosyst\u00e8mes et priorise la gouvernance des peuples autochtones. \u00bb<br><\/p>\n\n<p>\u00ab Le Parti lib\u00e9ral et les autres formations politiques f\u00e9d\u00e9rales doivent nous \u00e9couter et \u0153uvrer pour qu&rsquo;une l\u00e9gislation soit mise en place afin de garantir la responsabilit\u00e9 du Canada vis-\u00e0-vis de ses engagements internationaux, d\u2019inverser la perte de biodiversit\u00e9 et de faire de la r\u00e9conciliation et de la justice un \u00e9l\u00e9ment essentiel de notre responsabilit\u00e9 commune en mati\u00e8re de protection de la nature \u00bb, a-t-elle ajout\u00e9.<\/p>\n\n<p class=\"has-text-align-center\">-30-<\/p>\n\n<p class=\"has-text-align-left\"><strong>Notes aux \u00e9diteur-ices :<\/strong><\/p>\n\n<p class=\"has-text-align-left\">Le projet de loi C-73, Loi sur la responsabilit\u00e9 \u00e0 l\u2019\u00e9gard de la nature, a \u00e9t\u00e9 d\u00e9pos\u00e9 \u00e0 la Chambre des communes le 13 juin 2024.<\/p>\n\n<p class=\"has-text-align-left\"><strong>Pour plus d&rsquo;informations, veuillez contacter :<\/strong><\/p>\n\n<p>Ray Yeung, conseiller aux communications, Greenpeace Canada<\/p>\n\n<p class=\"has-text-align-left\"><a href=\"mailto:ray.yeung@greenpeacecanada.org\">ray.yeung@greenpeace.org<\/a>; +1 778 681-9678<br><\/p>\n","protected":false},"excerpt":{"rendered":"<p>MONTR\u00c9AL \u2013 En d\u00e9but de semaine, le Parti lib\u00e9ral de Mark Carney a annonc\u00e9 ses plans pour la protection de la nature au Canada, d\u00e9voilant une s\u00e9rie d&rsquo;engagements visant \u00e0&hellip;<\/p>\n","protected":false},"author":117,"featured_media":68937,"comment_status":"open","ping_status":"open","sticky":false,"template":"","format":"standard","meta":{"ep_exclude_from_search":false,"p4_og_title":"Greenpeace salue la plateforme pour la nature du Parti lib\u00e9ral du Canada \u2013 100 000 Canadien\u00b7nes demandent une loi sur la responsabilit\u00e9 envers la nature","p4_og_description":"Greenpeace Canada accueille favorablement la plateforme du Parti lib\u00e9ral du Canada sur la nature, mais demande la reprise de la loi sur la responsabilit\u00e9 envers la nature.","p4_og_image":"","p4_og_image_id":"","p4_seo_canonical_url":"","p4_campaign_name":"","p4_local_project":"","p4_basket_name":"","p4_department":"","footnotes":""},"categories":[19,172],"tags":[43,46,157],"p4-page-type":[183],"class_list":["post-69387","post","type-post","status-publish","format-standard","has-post-thumbnail","hentry","category-nature-fr","category-oceans-fr","tag-forets","tag-oceans-fr","tag-biodiversite","p4-page-type-communique-de-presse"],"_links":{"self":[{"href":"https:\/\/www.greenpeace.org\/canada\/fr\/wp-json\/wp\/v2\/posts\/69387","targetHints":{"allow":["GET"]}}],"collection":[{"href":"https:\/\/www.greenpeace.org\/canada\/fr\/wp-json\/wp\/v2\/posts"}],"about":[{"href":"https:\/\/www.greenpeace.org\/canada\/fr\/wp-json\/wp\/v2\/types\/post"}],"author":[{"embeddable":true,"href":"https:\/\/www.greenpeace.org\/canada\/fr\/wp-json\/wp\/v2\/users\/117"}],"replies":[{"embeddable":true,"href":"https:\/\/www.greenpeace.org\/canada\/fr\/wp-json\/wp\/v2\/comments?post=69387"}],"version-history":[{"count":2,"href":"https:\/\/www.greenpeace.org\/canada\/fr\/wp-json\/wp\/v2\/posts\/69387\/revisions"}],"predecessor-version":[{"id":69389,"href":"https:\/\/www.greenpeace.org\/canada\/fr\/wp-json\/wp\/v2\/posts\/69387\/revisions\/69389"}],"wp:featuredmedia":[{"embeddable":true,"href":"https:\/\/www.greenpeace.org\/canada\/fr\/wp-json\/wp\/v2\/media\/68937"}],"wp:attachment":[{"href":"https:\/\/www.greenpeace.org\/canada\/fr\/wp-json\/wp\/v2\/media?parent=69387"}],"wp:term":[{"taxonomy":"category","embeddable":true,"href":"https:\/\/www.greenpeace.org\/canada\/fr\/wp-json\/wp\/v2\/categories?post=69387"},{"taxonomy":"post_tag","embeddable":true,"href":"https:\/\/www.greenpeace.org\/canada\/fr\/wp-json\/wp\/v2\/tags?post=69387"},{"taxonomy":"p4-page-type","embeddable":true,"href":"https:\/\/www.greenpeace.org\/canada\/fr\/wp-json\/wp\/v2\/p4-page-type?post=69387"}],"curies":[{"name":"wp","href":"https:\/\/api.w.org\/{rel}","templated":true}]}}