{"id":69760,"date":"2025-04-29T10:33:04","date_gmt":"2025-04-29T14:33:04","guid":{"rendered":"https:\/\/www.greenpeace.org\/canada\/?p=69760"},"modified":"2025-04-29T10:33:11","modified_gmt":"2025-04-29T14:33:11","slug":"reaction-de-greenpeace-a-lelection-de-carney-comme-premier-ministre-du-canada","status":"publish","type":"post","link":"https:\/\/www.greenpeace.org\/canada\/fr\/communique-de-presse\/69760\/reaction-de-greenpeace-a-lelection-de-carney-comme-premier-ministre-du-canada\/","title":{"rendered":"R\u00e9action de Greenpeace \u00e0 l\u2019\u00e9lection de Carney comme Premier ministre du Canada"},"content":{"rendered":"\n<p><strong>OTTAWA \u2013<\/strong>\u00a0En r\u00e9action \u00e0\u00a0l&rsquo;\u00e9l\u00e9ction de Mark Carney comme Premier ministre du Canada, Christy Ferguson, Directrice G\u00e9n\u00e9rale pour Greenpeace Canada, a d\u00e9clar\u00e9:<\/p>\n\n<p>\u00abLes Canadiens ont dit non \u00e0 une vision proche de celle de Trump : une vision qui favorisait les milliardaires au d\u00e9triment du co\u00fbt de la vie, prot\u00e9geait les profits des p\u00e9troli\u00e8res plut\u00f4t que le climat, et pointait du doigt les plus vuln\u00e9rables. Maintenant, c\u2019est au premier ministre Carney de tenir parole et de montrer aux Canadiens qu\u2019il est pr\u00eat \u00e0 diriger avec courage sur les enjeux li\u00e9s au climat, \u00e0 la nature et \u00e0 la justice. En tenant t\u00eate \u00e0 Trump, en construisant des logements \u00e9cologiques et accessibles, en prot\u00e9geant la biodiversit\u00e9 et en cr\u00e9ant un r\u00e9seau \u00e9nerg\u00e9tique pancanadien aliment\u00e9 par des \u00e9nergies renouvelables pour faire fonctionner nos maisons, nos milieux de travail et nos transports.\u00bb<\/p>\n\n<p>-30-<\/p>\n\n<p><strong>Pour plus d&rsquo;informations, contactez:&nbsp;<\/strong><\/p>\n\n<p>Patou Oumarou, conseill\u00e8re aux communication, Greenpeace Canada<br>patou.oumarou@greenpeace.org, +1 (418) 431-0263<\/p>\n","protected":false},"excerpt":{"rendered":"<p>OTTAWA \u2013&nbsp;En r\u00e9action \u00e0&nbsp;l\u2019\u00e9lection de Mark Carney comme Premier ministre du Canada, Christy Ferguson, Directrice G\u00e9n\u00e9rale pour Greenpeace Canada, a d\u00e9clar\u00e9:<\/p>\n","protected":false},"author":160,"featured_media":29330,"comment_status":"open","ping_status":"open","sticky":false,"template":"","format":"standard","meta":{"ep_exclude_from_search":false,"p4_og_title":"","p4_og_description":"","p4_og_image":"","p4_og_image_id":"","p4_seo_canonical_url":"","p4_campaign_name":"","p4_local_project":"","p4_basket_name":"","p4_department":"","footnotes":""},"categories":[20,140,18,21],"tags":[41,40],"p4-page-type":[183],"class_list":["post-69760","post","type-post","status-publish","format-standard","has-post-thumbnail","hentry","category-climat","category-egalite","category-notre-travail","category-vivre-de-facon-durable","tag-climat","tag-autochtones","p4-page-type-communique-de-presse"],"_links":{"self":[{"href":"https:\/\/www.greenpeace.org\/canada\/fr\/wp-json\/wp\/v2\/posts\/69760","targetHints":{"allow":["GET"]}}],"collection":[{"href":"https:\/\/www.greenpeace.org\/canada\/fr\/wp-json\/wp\/v2\/posts"}],"about":[{"href":"https:\/\/www.greenpeace.org\/canada\/fr\/wp-json\/wp\/v2\/types\/post"}],"author":[{"embeddable":true,"href":"https:\/\/www.greenpeace.org\/canada\/fr\/wp-json\/wp\/v2\/users\/160"}],"replies":[{"embeddable":true,"href":"https:\/\/www.greenpeace.org\/canada\/fr\/wp-json\/wp\/v2\/comments?post=69760"}],"version-history":[{"count":1,"href":"https:\/\/www.greenpeace.org\/canada\/fr\/wp-json\/wp\/v2\/posts\/69760\/revisions"}],"predecessor-version":[{"id":69761,"href":"https:\/\/www.greenpeace.org\/canada\/fr\/wp-json\/wp\/v2\/posts\/69760\/revisions\/69761"}],"wp:featuredmedia":[{"embeddable":true,"href":"https:\/\/www.greenpeace.org\/canada\/fr\/wp-json\/wp\/v2\/media\/29330"}],"wp:attachment":[{"href":"https:\/\/www.greenpeace.org\/canada\/fr\/wp-json\/wp\/v2\/media?parent=69760"}],"wp:term":[{"taxonomy":"category","embeddable":true,"href":"https:\/\/www.greenpeace.org\/canada\/fr\/wp-json\/wp\/v2\/categories?post=69760"},{"taxonomy":"post_tag","embeddable":true,"href":"https:\/\/www.greenpeace.org\/canada\/fr\/wp-json\/wp\/v2\/tags?post=69760"},{"taxonomy":"p4-page-type","embeddable":true,"href":"https:\/\/www.greenpeace.org\/canada\/fr\/wp-json\/wp\/v2\/p4-page-type?post=69760"}],"curies":[{"name":"wp","href":"https:\/\/api.w.org\/{rel}","templated":true}]}}