{"id":70083,"date":"2025-05-13T01:20:42","date_gmt":"2025-05-13T05:20:42","guid":{"rendered":"https:\/\/www.greenpeace.org\/canada\/?p=70083"},"modified":"2025-06-02T01:28:08","modified_gmt":"2025-06-02T05:28:08","slug":"limportance-de-resoudre-a-la-fois-la-crise-climatique-et-la-crise-du-logement","status":"publish","type":"post","link":"https:\/\/www.greenpeace.org\/canada\/fr\/histoire\/70083\/limportance-de-resoudre-a-la-fois-la-crise-climatique-et-la-crise-du-logement\/","title":{"rendered":"L&rsquo;importance de r\u00e9soudre \u00e0 la fois la crise climatique et la crise du logement"},"content":{"rendered":"\n<p>Un logement ad\u00e9quat est synonyme de s\u00e9curit\u00e9. Il permet de se reposer et de se ressourcer. Mais plus de <a href=\"https:\/\/unhabitat.org\/news\/13-jul-2023\/the-world-is-failing-to-provide-adequate-housing#:~:text=Housing%20is%20the%20biggest%20challenge,least%20318%20million%20are%20homeless.\">2,8 milliards<\/a> de personnes ne vivent pas dans des domiciles qui r\u00e9pondent \u00e0 leurs besoins fondamentaux.<\/p>\n\n<p>Leurs foyers ne sont peut-\u00eatre pas approvisionn\u00e9s en eau potable, en \u00e9lectricit\u00e9 ou en \u00e9nergie pour cuisiner et se chauffer. Il arrive qu\u2019ils ne puissent pas leur offrir une s\u00e9curit\u00e9 physique ou les prot\u00e9ger du froid, de l&rsquo;humidit\u00e9, de la chaleur, de la pluie ou du vent. Et ils sont parfois situ\u00e9s dans des endroits pollu\u00e9s ou dangereux.<\/p>\n\n<p>Les personnes qui n&rsquo;ont pas de logement convenable sont <a href=\"https:\/\/docs.un.org\/fr\/A\/HRC\/52\/28\">les plus durement touch\u00e9es<\/a> par les catastrophes naturelles telles que les inondations, les feux de for\u00eat et les temp\u00eates importantes, ce qui est profond\u00e9ment injuste. Pourquoi? Car elles vivent souvent dans des pays ou des communaut\u00e9s qui ont le moins contribu\u00e9 aux changements climatiques.<\/p>\n\n<p>Les changements climatiques exacerbent la crise du logement, et la fa\u00e7on dont nous construisons et utilisons les domiciles aggrave les changements climatiques \u00e0 son tour. Nous ne pouvons pas r\u00e9soudre l\u2019un de ces probl\u00e8mes sans r\u00e9gler l&rsquo;autre.<\/p>\n\n<h2 class=\"wp-block-heading\"><strong>Les changements climatiques exacerbent la crise du logement<\/strong><\/h2>\n\n<p>Les changements climatiques se traduisent par des conditions m\u00e9t\u00e9orologiques de plus en plus \u00e9prouvantes. Les vagues de chaleur, les inondations, les temp\u00eates violentes et les incendies de for\u00eat se multiplient. Ces ph\u00e9nom\u00e8nes extr\u00eames endommagent et m\u00eame d\u00e9truisent de plus en plus d&rsquo;habitations.<\/p>\n\n<p>Un \u00e9norme incendie de for\u00eat baptis\u00e9 \u00ab The Beast \u00bb (la b\u00eate) a ravag\u00e9 la ville albertaine de Fort McMurray en 2016. Il a <a href=\"https:\/\/www.bbc.com\/news\/world-us-canada-39726483\">d\u00e9truit plus de 2 400 b\u00e2timents et contraint 88 000 personnes \u00e0 \u00e9vacuer leur demeure<\/a>. L&rsquo;ouragan <em>Harvey<\/em> a endommag\u00e9 <a href=\"https:\/\/docs.un.org\/fr\/A\/HRC\/52\/28\">plus de 300 000 domiciles<\/a> au Texas en 2017. Les pr\u00e9cipitations de la mousson au Pakistan ont provoqu\u00e9 les inondations les plus graves de l&rsquo;histoire du pays en 2022. Elles ont <a href=\"https:\/\/news.un.org\/en\/story\/2023\/09\/1141587\">submerg\u00e9 un tiers du pays et endommag\u00e9 deux millions d\u2019habitations<\/a>.<br><br>Avec la mont\u00e9e du niveau des mers due aux changements climatiques, l&rsquo;eau recouvre peu \u00e0 peu les terres habit\u00e9es. D&rsquo;ici 2050, les domiciles d&rsquo;<a href=\"https:\/\/www.theguardian.com\/environment\/2023\/jun\/26\/its-absolutely-guaranteed-the-best-and-worst-case-scenarios-for-sea-level-rise\">un milliard de personnes<\/a> vivant aujourd&rsquo;hui pr\u00e8s des c\u00f4tes et sur de petites \u00eeles seront menac\u00e9s.<\/p>\n\n<figure class=\"wp-block-image size-large\"><img loading=\"lazy\" decoding=\"async\" width=\"1024\" height=\"683\" src=\"https:\/\/www.greenpeace.org\/static\/planet4-canada-stateless\/2025\/06\/224cc33e-gp1sulnt_pressmedia-2500px-min-1024x683.jpg\" alt=\"\" class=\"wp-image-70081\" srcset=\"https:\/\/www.greenpeace.org\/static\/planet4-canada-stateless\/2025\/06\/224cc33e-gp1sulnt_pressmedia-2500px-min-1024x683.jpg 1024w, https:\/\/www.greenpeace.org\/static\/planet4-canada-stateless\/2025\/06\/224cc33e-gp1sulnt_pressmedia-2500px-min-300x200.jpg 300w, https:\/\/www.greenpeace.org\/static\/planet4-canada-stateless\/2025\/06\/224cc33e-gp1sulnt_pressmedia-2500px-min-768x512.jpg 768w, https:\/\/www.greenpeace.org\/static\/planet4-canada-stateless\/2025\/06\/224cc33e-gp1sulnt_pressmedia-2500px-min-1536x1024.jpg 1536w, https:\/\/www.greenpeace.org\/static\/planet4-canada-stateless\/2025\/06\/224cc33e-gp1sulnt_pressmedia-2500px-min-2048x1366.jpg 2048w, https:\/\/www.greenpeace.org\/static\/planet4-canada-stateless\/2025\/06\/224cc33e-gp1sulnt_pressmedia-2500px-min-510x340.jpg 510w\" sizes=\"auto, (max-width: 1024px) 100vw, 1024px\" \/><figcaption class=\"wp-element-caption\">Des r\u00e9sidents de Manille, aux Philippines, passent \u00e0 la nage devant des maisons inond\u00e9es pour aider les gens \u00e0 \u00e9vacuer leur demeure en 2020. Les eaux de crue ont submerg\u00e9 les berges de la rivi\u00e8re Marikina apr\u00e8s le passage du typhon <em>Ulysse<\/em>. \u00a9 Jilson Tiu<\/figcaption><\/figure>\n\n<h2 class=\"wp-block-heading\">Un impact in\u00e9gal<\/h2>\n\n<p>Les changements climatiques n&rsquo;<a href=\"https:\/\/docs.un.org\/fr\/A\/HRC\/52\/28\">affectent pas tout le monde ou leur droit \u00e0 un logement convenable de la m\u00eame mani\u00e8re<\/a>. Certains groupes sont plus touch\u00e9s que d&rsquo;autres, comme les m\u00e9nages et les pays \u00e0 faible revenu, les personnes noires, autochtones et racis\u00e9es, les femmes, les populations 2SLGBTQIA+ et les individus en situation de handicap.<\/p>\n\n<p>Ces communaut\u00e9s vivent plus fr\u00e9quemment dans des zones vuln\u00e9rables aux inondations, aux ouragans et aux cyclones, aux temp\u00eates, aux coul\u00e9es de boue, aux tremblements de terre et aux tsunamis. Elles peuvent avoir plus de mal \u00e0 se mettre \u00e0 l&rsquo;abri en cas d&rsquo;urgence. Il arrive aussi que leurs logements soient moins r\u00e9sistants aux effets des changements climatiques, comme le fait de ne pas avoir d\u2019air conditionn\u00e9 en p\u00e9riode de canicule.<\/p>\n\n<p>Il est \u00e9galement difficile de rester au frais et en s\u00e9curit\u00e9 pendant une vague de chaleur sans espaces verts \u00e0 proximit\u00e9. Les parcs et les arbres contribuent \u00e0 rafra\u00eechir les villes, mais les communaut\u00e9s \u00e0 faible revenu ont souvent <a href=\"https:\/\/ccpr.parkpeople.ca\/2021\/fr\/sections\/nature\/articles\/partager-les-avantages-des-espaces-verts\">moins d&rsquo;arbres d\u2019endroits \u00e0 l&rsquo;ombre<\/a>.<\/p>\n\n<p>Chaque personne m\u00e9rite de vivre dans un quartier o\u00f9 son logement et son environnement lui permettent de rester en s\u00e9curit\u00e9 alors que la plan\u00e8te se r\u00e9chauffe.<\/p>\n\n<p>De nombreuses communaut\u00e9s autochtones au Canada sont tr\u00e8s \u00e9loign\u00e9es sur le plan g\u00e9ographique, notamment celles de la nation Dene dans les Territoires du Nord-Ouest. Elles courent un plus grand risque de perdre leurs maisons et leurs collectivit\u00e9s en raison des effets des changements climatiques. Pr\u00e8s de <a href=\"https:\/\/www.queensu.ca\/geographyandplanning\/climate-change-worsening-housing-crisis-we-must-tackle-two-together\">70 %<\/a> des personnes vivant dans les Territoires du Nord-Ouest ont \u00e9t\u00e9 \u00e9vacu\u00e9es de leur domicile \u00e0 la suite de feux de for\u00eat au cours de l&rsquo;\u00e9t\u00e9 2023.<\/p>\n\n<h2 class=\"wp-block-heading\"><strong>B\u00e2tir de meilleurs logements<\/strong><\/h2>\n\n<p>Nous devons commencer \u00e0 construire davantage de domiciles capables de prot\u00e9ger les gens des pires effets des changements climatiques, par exemple en \u00e9vitant de les \u00e9difier sur des plaines inondables. Nous avons \u00e9galement besoin de logements dont l&rsquo;approvisionnement \u00e9nerg\u00e9tique ne d\u00e9pend pas des combustibles fossiles, et ce, afin de ne pas contribuer \u00e0 l\u2019aggravation des changements climatiques.<\/p>\n\n<p>Nous utilisons des combustibles fossiles pour chauffer nos maisons et produire l&rsquo;\u00e9lectricit\u00e9 qui fait fonctionner nos lumi\u00e8res et nos appareils m\u00e9nagers. L&rsquo;\u00e9nergie utilis\u00e9e pour b\u00e2tir et alimenter l&rsquo;ensemble des b\u00e2timents sur Terre est \u00e0 l&rsquo;origine d&rsquo;environ <a href=\"https:\/\/globalabc.org\/sites\/default\/files\/2021-10\/GABC_Buildings-GSR-2021_BOOK.pdf\">37 %<\/a> de la pollution mondiale par le dioxyde de carbone.<\/p>\n\n<p>Alors que nous op\u00e9rons une transition vers des logements plus \u00e9cologiques, nous ne pouvons laisser personne pour compte.<\/p>\n\n<h2 class=\"wp-block-heading\"><strong>Une transition juste<\/strong><\/h2>\n\n<figure class=\"wp-block-image size-large\"><img loading=\"lazy\" decoding=\"async\" width=\"1024\" height=\"682\" src=\"https:\/\/www.greenpeace.org\/static\/planet4-canada-stateless\/2025\/06\/fd0e5d68-gp0su1jww_pressmedia-2500px-min-1024x682.jpg\" alt=\"\" class=\"wp-image-70084\" srcset=\"https:\/\/www.greenpeace.org\/static\/planet4-canada-stateless\/2025\/06\/fd0e5d68-gp0su1jww_pressmedia-2500px-min-1024x682.jpg 1024w, https:\/\/www.greenpeace.org\/static\/planet4-canada-stateless\/2025\/06\/fd0e5d68-gp0su1jww_pressmedia-2500px-min-300x200.jpg 300w, https:\/\/www.greenpeace.org\/static\/planet4-canada-stateless\/2025\/06\/fd0e5d68-gp0su1jww_pressmedia-2500px-min-768x512.jpg 768w, https:\/\/www.greenpeace.org\/static\/planet4-canada-stateless\/2025\/06\/fd0e5d68-gp0su1jww_pressmedia-2500px-min-1536x1024.jpg 1536w, https:\/\/www.greenpeace.org\/static\/planet4-canada-stateless\/2025\/06\/fd0e5d68-gp0su1jww_pressmedia-2500px-min-2048x1366.jpg 2048w, https:\/\/www.greenpeace.org\/static\/planet4-canada-stateless\/2025\/06\/fd0e5d68-gp0su1jww_pressmedia-2500px-min-510x340.jpg 510w\" sizes=\"auto, (max-width: 1024px) 100vw, 1024px\" \/><figcaption class=\"wp-element-caption\">Panneaux solaires pos\u00e9s sur le toit de maisons r\u00e9sidentielles \u00e0 Immenthal, en Allemagne.<br>\u00a0Germany. \u00a9 Paul Langrock \/ Greenpeace<br><\/figcaption><\/figure>\n\n<p>Nous pouvons r\u00e9nover les anciennes constructions pour am\u00e9liorer leur rendement \u00e9nerg\u00e9tique. C&rsquo;est ce qu&rsquo;on appelle la <strong>modernisation des b\u00e2timents. <\/strong>Il peut s&rsquo;agir d&rsquo;installer des panneaux solaires sur une maison ou de remplacer des appareils au gaz par des appareils \u00e9lectriques.<\/p>\n\n<p>La modernisation des b\u00e2timents permet de <a href=\"https:\/\/housingmatters.urban.org\/articles\/how-cities-can-tackle-both-affordable-housing-and-climate-crises\">r\u00e9duire le co\u00fbt<\/a> de leur approvisionnement en \u00e9nergie et de leur entretien au fil du temps. Elle peut \u00e9galement les rendre <a href=\"https:\/\/www.pembina.org\/pub\/climate-resilient-retrofits\">plus r\u00e9sistants<\/a> aux effets des changements climatiques, par exemple en am\u00e9liorant l&rsquo;isolation ou les syst\u00e8mes de refroidissement.<\/p>\n\n<p>Cependant, les personnes \u00e0 faible revenu ne sont pas forc\u00e9ment en mesure de moderniser leur logement, m\u00eame si elles en tireraient le plus de b\u00e9n\u00e9fices.<\/p>\n\n<h2 class=\"wp-block-heading\"><strong>Les gouvernements doivent faire leur part<\/strong><\/h2>\n\n<p>Le travail \u00e0 accomplir est trop important pour que les entreprises et les particuliers puissent s&rsquo;en charger seuls. Les gouvernements doivent jouer un r\u00f4le de premier plan dans la construction d&rsquo;un nombre suffisant de domiciles pour loger convenablement l&rsquo;ensemble de la population. Ces logements doivent \u00eatre suffisamment robustes pour r\u00e9sister aux changements climatiques tout en \u00e9vitant de les aggraver.<\/p>\n\n<p>La responsabilit\u00e9 de certains gouvernements, comme celui du Canada, ne doit pas se limiter au logement dans leur propre pays. Les pays du Nord g\u00e9n\u00e8rent plus de pollution par les gaz \u00e0 effet de serre que ceux du Sud, mais ce sont ces derniers qui sont les <a href=\"https:\/\/docs.un.org\/fr\/A\/HRC\/52\/28\">plus touch\u00e9s par les changements climatiques<\/a>.&nbsp;<\/p>\n\n<p>La bonne nouvelle? Il existe des solutions aux crises du logement et du climat, et la meilleure fa\u00e7on de trouver des solutions qui fonctionnent pour tout le monde est d&rsquo;impliquer les personnes les plus fortement expos\u00e9es aux impacts des changements climatiques. Leurs points de vue, leurs connaissances et leur v\u00e9cu exp\u00e9rientiel sont les cl\u00e9s de la gu\u00e9rison de la plan\u00e8te et de l&rsquo;acc\u00e8s au logement pour chacune et chacun d&rsquo;entre nous.<\/p>\n","protected":false},"excerpt":{"rendered":"<p>Un logement ad\u00e9quat est synonyme de s\u00e9curit\u00e9. Il permet de se reposer et de se ressourcer. Mais plus de 2,8 milliards de personnes ne vivent pas dans des domiciles qui&hellip;<\/p>\n","protected":false},"author":159,"featured_media":70081,"comment_status":"open","ping_status":"open","sticky":false,"template":"","format":"standard","meta":{"ep_exclude_from_search":false,"p4_og_title":"L'importance de r\u00e9soudre \u00e0 la fois la crise climatique et la crise du logement","p4_og_description":"Un logement ad\u00e9quat est synonyme de s\u00e9curit\u00e9. Il permet de se reposer et de se ressourcer. Mais plus de 2,8 milliards de personnes ne vivent pas dans des domiciles qui r\u00e9pondent \u00e0 leurs besoins fondamentaux.","p4_og_image":"","p4_og_image_id":"","p4_seo_canonical_url":"","p4_campaign_name":"","p4_local_project":"","p4_basket_name":"","p4_department":"","footnotes":""},"categories":[186],"tags":[189],"p4-page-type":[155],"class_list":["post-70083","post","type-post","status-publish","format-standard","has-post-thumbnail","hentry","category-leducation","tag-education","p4-page-type-histoire"],"_links":{"self":[{"href":"https:\/\/www.greenpeace.org\/canada\/fr\/wp-json\/wp\/v2\/posts\/70083","targetHints":{"allow":["GET"]}}],"collection":[{"href":"https:\/\/www.greenpeace.org\/canada\/fr\/wp-json\/wp\/v2\/posts"}],"about":[{"href":"https:\/\/www.greenpeace.org\/canada\/fr\/wp-json\/wp\/v2\/types\/post"}],"author":[{"embeddable":true,"href":"https:\/\/www.greenpeace.org\/canada\/fr\/wp-json\/wp\/v2\/users\/159"}],"replies":[{"embeddable":true,"href":"https:\/\/www.greenpeace.org\/canada\/fr\/wp-json\/wp\/v2\/comments?post=70083"}],"version-history":[{"count":2,"href":"https:\/\/www.greenpeace.org\/canada\/fr\/wp-json\/wp\/v2\/posts\/70083\/revisions"}],"predecessor-version":[{"id":70088,"href":"https:\/\/www.greenpeace.org\/canada\/fr\/wp-json\/wp\/v2\/posts\/70083\/revisions\/70088"}],"wp:featuredmedia":[{"embeddable":true,"href":"https:\/\/www.greenpeace.org\/canada\/fr\/wp-json\/wp\/v2\/media\/70081"}],"wp:attachment":[{"href":"https:\/\/www.greenpeace.org\/canada\/fr\/wp-json\/wp\/v2\/media?parent=70083"}],"wp:term":[{"taxonomy":"category","embeddable":true,"href":"https:\/\/www.greenpeace.org\/canada\/fr\/wp-json\/wp\/v2\/categories?post=70083"},{"taxonomy":"post_tag","embeddable":true,"href":"https:\/\/www.greenpeace.org\/canada\/fr\/wp-json\/wp\/v2\/tags?post=70083"},{"taxonomy":"p4-page-type","embeddable":true,"href":"https:\/\/www.greenpeace.org\/canada\/fr\/wp-json\/wp\/v2\/p4-page-type?post=70083"}],"curies":[{"name":"wp","href":"https:\/\/api.w.org\/{rel}","templated":true}]}}