{"id":70135,"date":"2025-06-06T14:56:45","date_gmt":"2025-06-06T18:56:45","guid":{"rendered":"https:\/\/www.greenpeace.org\/canada\/?p=70135"},"modified":"2025-06-09T11:28:47","modified_gmt":"2025-06-09T15:28:47","slug":"pl-69-sur-lenergie-un-deni-de-democratie-du-debut-a-la-fin","status":"publish","type":"post","link":"https:\/\/www.greenpeace.org\/canada\/fr\/communique-de-presse\/70135\/pl-69-sur-lenergie-un-deni-de-democratie-du-debut-a-la-fin\/","title":{"rendered":"PL-69 sur l\u2019\u00e9nergie : un\u00a0 d\u00e9ni de d\u00e9mocratie du d\u00e9but \u00e0 la fin"},"content":{"rendered":"\n<p><strong>Montr\u00e9al, le <\/strong><strong>6<\/strong><strong> juin 2025<\/strong> \u2013 Alors que le gouvernement du Qu\u00e9bec a adopt\u00e9 le projet de loi 69 (PL-69) sous b\u00e2illon aujourd\u2019hui, les groupes signataires d\u00e9noncent vigoureusement la transformation majeure du paysage \u00e9nerg\u00e9tique qu\u00e9b\u00e9cois qu\u2019il entra\u00eene. Ils d\u00e9noncent cette adoption marqu\u00e9e par l\u2019improvisation et le contournement des processus d\u00e9mocratiques.<\/p>\n\n<p>Pour les groupes, toutes les \u00e9tapes ayant men\u00e9 \u00e0 l\u2019adoption de ce projet de loi sur l\u2019\u00e9nergie ont \u00e9t\u00e9 marqu\u00e9es par le refus syst\u00e9matique du gouvernement de tenir un v\u00e9ritable dialogue social tel que demand\u00e9 par de multiples acteurs de la soci\u00e9t\u00e9 civile.<\/p>\n\n<p>Dans cette loi, le gouvernement ouvre notamment la voie \u00e0 la privatisation d\u2019Hydro-Qu\u00e9bec, sans que ses intentions n\u2019aient initialement \u00e9t\u00e9 pr\u00e9sent\u00e9es \u00e0 la population qu\u00e9b\u00e9coise lors des derni\u00e8res \u00e9lections, insistent les groupes.<\/p>\n\n<p>Les groupes rappellent aussi qu\u2019un des \u00e9l\u00e9ments centraux de la planification \u00e9nerg\u00e9tique aurait d\u00fb \u00eatre le Plan de gestion int\u00e9gr\u00e9e des ressources \u00e9nerg\u00e9tiques (PGIRE) &#8211; un outil structurant permettant de planifier l\u2019approvisionnement, la production et la consommation d\u2019\u00e9nergie de mani\u00e8re coordonn\u00e9e, pr\u00e9visible et durable : \u00ab&nbsp;Un Plan de gestion int\u00e9gr\u00e9e des ressources \u00e9nerg\u00e9tiques, \u00e9labor\u00e9 en concertation avec la soci\u00e9t\u00e9 civile, aurait d\u00fb pr\u00e9c\u00e9der l\u2019adoption du projet de loi pour permettre une v\u00e9ritable et n\u00e9cessaire planification. Le gouvernement a pr\u00e9f\u00e9r\u00e9 proc\u00e9der \u00e0 l\u2019envers et adopter sous b\u00e2illon une loi probl\u00e9matique, plut\u00f4t que d\u2019engager un vrai dialogue sur l\u2019avenir \u00e9nerg\u00e9tique du Qu\u00e9bec \u00bb, mart\u00e8lent-ils.<\/p>\n\n<p>Jusqu\u2019\u00e0 la fin, le gouvernement n\u2019a pas permis de d\u00e9bat sain&nbsp;: \u00e0 quelques jours de la fin de l\u2019examen du projet de loi, 52 amendements, <a href=\"https:\/\/ici.radio-canada.ca\/nouvelle\/2167167\/quebec-reduira-pouvoir-regie-energie-hydro-pl69\">provenant directement d\u2019Hydro-Qu\u00e9bec<\/a>, ont \u00e9t\u00e9 d\u00e9pos\u00e9s, sans avoir \u00e9t\u00e9 accessibles au public ni discut\u00e9s lors de la consultation particuli\u00e8re \u00e0 laquelle certains groupes ont \u00e9t\u00e9 invit\u00e9s \u00e0 participer. Alors qu\u2019une large portion des 157 articles n\u2019a pas \u00e9t\u00e9 \u00e9tudi\u00e9e en commission parlementaire, le recours au b\u00e2illon vient clore cette s\u00e9quence antid\u00e9mocratique.<\/p>\n\n<p>Pour les groupes, cette adoption forc\u00e9e est inacceptable, surtout que cette loi aura des impacts d\u00e9l\u00e9t\u00e8res sur le long terme, notamment en reportant sur les tarifs les co\u00fbts d\u2019un d\u00e9veloppement industriel \u00e9nergivore qui ne garantit pas la transition \u00e9nerg\u00e9tique.<\/p>\n\n<p>\u00ab&nbsp;La production, le transport et la distribution d\u2019\u00e9lectricit\u00e9 renouvelable au Qu\u00e9bec doivent \u00eatre publics. Les choix \u00e9nerg\u00e9tiques sont des choix de soci\u00e9t\u00e9 dont nous devons pouvoir d\u00e9battre pour qu\u2019ils soient justes, durables et l\u00e9gitimes. Le Qu\u00e9bec m\u00e9rite mieux qu\u2019une r\u00e9forme b\u00e2cl\u00e9e, opaque et d\u00e9connect\u00e9e des enjeux environnementaux, sociaux et \u00e9conomiques&nbsp;\u00bb, concluent les organisations.<\/p>\n\n<p><strong>Organisations signataires :<\/strong><\/p>\n\n<ul class=\"wp-block-list\">\n<li>Association qu\u00e9b\u00e9coise des m\u00e9decins pour l\u2019environnement (AQME)<\/li>\n\n\n\n<li>Collectif Scientifique sur les enjeux \u00e9nerg\u00e9tiques au Qu\u00e9bec<\/li>\n\n\n\n<li>Nature Qu\u00e9bec<\/li>\n\n\n\n<li>ACEF du Nord de Montr\u00e9al<\/li>\n\n\n\n<li>Imagine Lachine-Est<\/li>\n\n\n\n<li>Mouvement \u00e9cocitoyen UNEplan\u00e8te<\/li>\n\n\n\n<li>Regroupement vigilance \u00e9nergie Qu\u00e9bec (RV\u00c9Q)\u00a0<\/li>\n\n\n\n<li>Greenpeace Canada<\/li>\n\n\n\n<li>F\u00e9d\u00e9ration des travailleuses et travailleurs du Qu\u00e9bec (FTQ)<\/li>\n\n\n\n<li>Fondation David Suzuki<\/li>\n\n\n\n<li>\u00c9quiterre<\/li>\n\n\n\n<li>Collectif Entropie<\/li>\n\n\n\n<li>Syndicat des sp\u00e9cialistes et professionnels d\u2019Hydro-Qu\u00e9bec<\/li>\n\n\n\n<li>Pour Nos Enfants &#8211; Montr\u00e9al<\/li>\n\n\n\n<li>L\u2019Assomption en transition<\/li>\n\n\n\n<li>Union des consommateurs<\/li>\n<\/ul>\n\n<p><strong><a href=\"https:\/\/www.pourlatransitionenergetique.org\/pl-69-sur-lenergie-un-deni-de-democratie-du-debut-a-la-fin\/\">Pour consulter la liste compl\u00e8te des signataires<\/a>.\u00a0<\/strong><\/p>\n\n<p class=\"has-text-align-center\"><strong>&#8211; 30 &#8211;<\/strong><\/p>\n\n<p><strong>Pour plus d\u2019informations ou pour obtenir des entretiens avec les signataires du communiqu\u00e9, veuillez contacter :<\/strong><\/p>\n\n<p>M\u00e9lanie Busby&nbsp;<\/p>\n\n<p>(514) 233-8941<\/p>\n\n<p><a href=\"mailto:melanie.busby@pourlatransitionenergetique.org\">melanie.busby@pourlatransitionenergetique.org<\/a>&nbsp;<\/p>\n\n<p>Front commun pour la transition \u00e9nerg\u00e9tique<\/p>\n\n<p><\/p>\n","protected":false},"excerpt":{"rendered":"<p>Montr\u00e9al, le 6 juin 2025 \u2013 Alors que le gouvernement du Qu\u00e9bec a adopt\u00e9 le projet de loi 69 (PL-69) sous b\u00e2illon aujourd\u2019hui, les groupes signataires d\u00e9noncent vigoureusement la transformation&hellip;<\/p>\n","protected":false},"author":160,"featured_media":62234,"comment_status":"open","ping_status":"open","sticky":false,"template":"","format":"standard","meta":{"ep_exclude_from_search":false,"p4_og_title":"","p4_og_description":"","p4_og_image":"","p4_og_image_id":"","p4_seo_canonical_url":"","p4_campaign_name":"","p4_local_project":"","p4_basket_name":"","p4_department":"","footnotes":""},"categories":[20,18,21],"tags":[],"p4-page-type":[183],"class_list":["post-70135","post","type-post","status-publish","format-standard","has-post-thumbnail","hentry","category-climat","category-notre-travail","category-vivre-de-facon-durable","p4-page-type-communique-de-presse"],"_links":{"self":[{"href":"https:\/\/www.greenpeace.org\/canada\/fr\/wp-json\/wp\/v2\/posts\/70135","targetHints":{"allow":["GET"]}}],"collection":[{"href":"https:\/\/www.greenpeace.org\/canada\/fr\/wp-json\/wp\/v2\/posts"}],"about":[{"href":"https:\/\/www.greenpeace.org\/canada\/fr\/wp-json\/wp\/v2\/types\/post"}],"author":[{"embeddable":true,"href":"https:\/\/www.greenpeace.org\/canada\/fr\/wp-json\/wp\/v2\/users\/160"}],"replies":[{"embeddable":true,"href":"https:\/\/www.greenpeace.org\/canada\/fr\/wp-json\/wp\/v2\/comments?post=70135"}],"version-history":[{"count":1,"href":"https:\/\/www.greenpeace.org\/canada\/fr\/wp-json\/wp\/v2\/posts\/70135\/revisions"}],"predecessor-version":[{"id":70136,"href":"https:\/\/www.greenpeace.org\/canada\/fr\/wp-json\/wp\/v2\/posts\/70135\/revisions\/70136"}],"wp:featuredmedia":[{"embeddable":true,"href":"https:\/\/www.greenpeace.org\/canada\/fr\/wp-json\/wp\/v2\/media\/62234"}],"wp:attachment":[{"href":"https:\/\/www.greenpeace.org\/canada\/fr\/wp-json\/wp\/v2\/media?parent=70135"}],"wp:term":[{"taxonomy":"category","embeddable":true,"href":"https:\/\/www.greenpeace.org\/canada\/fr\/wp-json\/wp\/v2\/categories?post=70135"},{"taxonomy":"post_tag","embeddable":true,"href":"https:\/\/www.greenpeace.org\/canada\/fr\/wp-json\/wp\/v2\/tags?post=70135"},{"taxonomy":"p4-page-type","embeddable":true,"href":"https:\/\/www.greenpeace.org\/canada\/fr\/wp-json\/wp\/v2\/p4-page-type?post=70135"}],"curies":[{"name":"wp","href":"https:\/\/api.w.org\/{rel}","templated":true}]}}