{"id":70172,"date":"2025-06-13T09:21:49","date_gmt":"2025-06-13T13:21:49","guid":{"rendered":"https:\/\/www.greenpeace.org\/canada\/?p=70172"},"modified":"2025-06-18T10:40:17","modified_gmt":"2025-06-18T14:40:17","slug":"pour-que-tombent-les-murs-defendre-la-justice-meme-dans-les-moments-les-plus-difficiles","status":"publish","type":"post","link":"https:\/\/www.greenpeace.org\/canada\/fr\/histoire\/70172\/pour-que-tombent-les-murs-defendre-la-justice-meme-dans-les-moments-les-plus-difficiles\/","title":{"rendered":"Pour que tombent les murs\u00a0: d\u00e9fendre la justice, m\u00eame dans les moments les plus difficiles"},"content":{"rendered":"\n<p>Tout le monde savait que l\u2019arm\u00e9e isra\u00e9lienne allait intercepter le <em>Madleen<\/em>.<\/p>\n\n<p>Tout le monde savait que les braves activistes \u00e0 bord allaient se faire arr\u00eater.<\/p>\n\n<p>Et c\u2019est pr\u00e9cis\u00e9ment ce qui rend leurs actions si puissantes.<\/p>\n\n<p>Ces personnes pacifiques, d\u00e9termin\u00e9es et fid\u00e8les \u00e0 leurs principes ont fait voile vers la temp\u00eate, avec le c\u0153ur ouvert et un objectif moral clair. Elles \u00e9taient conscientes qu\u2019elles n\u2019atteindraient pas Gaza. Mais elles savaient aussi que le monde a besoin de se faire rappeler avec courage et avec visibilit\u00e9 que ce qui se passe \u00e0 Gaza n\u2019est ni normal, ni justifiable et ni acceptable.<\/p>\n\n<p>Reconnaissons-le&nbsp;: \u00e0 l\u2019exception du gouvernement d\u2019Isra\u00ebl, d\u2019une bonne partie de sa population et d\u2019un nombre de plus en plus restreint de ses alli\u00e9s les plus extr\u00e9mistes, le monde sait que ce qui se passe \u00e0 Gaza constitue un g\u00e9nocide. Les chiffres parlent d\u2019eux-m\u00eames \u2013 plus de 54 000 personnes ont \u00e9t\u00e9 tu\u00e9es, dont 19 000 enfants [1], et la famine est utilis\u00e9e comme une arme.<\/p>\n\n<p>Ces actes ne rel\u00e8vent absolument pas de la \u00ab\u2009l\u00e9gitime d\u00e9fense\u2009\u00bb.<\/p>\n\n<p>Ils constituent la destruction syst\u00e9matique d\u2019un peuple.<\/p>\n\n<p>Chez Greenpeace Canada, nous croyons \u00e0 la paix, \u00e0 la vie et \u00e0 la dignit\u00e9 pour chacune et chacun. Cet engagement est refl\u00e9t\u00e9 dans notre nom, et nous prenons la non-violence au s\u00e9rieux. Nous nous opposons aux projets de forage p\u00e9trolier, \u00e0 la d\u00e9forestation et aux menaces nucl\u00e9aires par des actions de protestation pacifiques. Mais nous savons aussi que la non-violence n\u2019est pas passive. Elle exige du courage. Elle exige que nous placions nos corps, nos voix et nos valeurs en premi\u00e8re ligne, m\u00eame si nous savons que nous risquons d\u2019\u00e9chouer dans l\u2019imm\u00e9diat.<\/p>\n\n<p>C\u2019est exactement ce qu\u2019a fait l\u2019\u00e9quipage du <em>Madleen<\/em>.<\/p>\n\n<p>Ses membres ne sont pas des gens radicaux et marginaux ou en qu\u00eate de publicit\u00e9. Il s\u2019agit de personnes engag\u00e9es dont beaucoup, comme Greta Thunberg, sont connues pour leur travail en faveur de la justice climatique et des droits de la personne, et savent que ces deux causes sont indissociables. Nous ne pouvons pas nous mobiliser pour prot\u00e9ger la vie sur Terre tout en ignorant le massacre de populations civiles, la destruction d\u2019\u00e9cosyst\u00e8mes entiers par les bombardements ou l\u2019utilisation de crises humanitaires comme instruments de guerre.<\/p>\n\n<p>Certains murs ne tombent pas du premier coup. Parfois, nous devons cogner dessus sans rel\u00e2che, et ce, jour apr\u00e8s jour. Non pas de mani\u00e8re d\u00e9sesp\u00e9r\u00e9e, mais avec espoir. Car les murs ne c\u00e8dent que lorsqu\u2019un nombre suffisant de personnes refusent de demeurer impassibles.<\/p>\n\n<p>Parlons franchement&nbsp;: Isra\u00ebl a fait son choix \u2013 un choix de guerre, d\u2019occupation et de d\u00e9vastation. Il ne s\u2019agit pas de juger des individus, mais de condamner une d\u00e9cision politique. L\u2019\u00e9quipage du <em>Madleen<\/em> a fait un choix diff\u00e9rent&nbsp;: celui de la vie, de la solidarit\u00e9 et de la puissance du t\u00e9moignage.<\/p>\n\n<p>Voil\u00e0 \u00e0 quoi se r\u00e9sume l\u2019affrontement auquel nous assistons, non seulement entre Isra\u00ebl et le peuple palestinien, mais aussi entre deux visions oppos\u00e9es du monde&nbsp;: l\u2019une bas\u00e9e sur la domination, la peur et le contr\u00f4le, et l\u2019autre fond\u00e9e sur la dignit\u00e9, le courage et un avenir commun.<\/p>\n\n<p>Le mal peut sembler in\u00e9branlable, mais sa surface se fissure d\u00e9j\u00e0. Greenpeace doit tirer parti de ces failles. Nous devons \u00e9lever la voix non seulement pour les for\u00eats et les oc\u00e9ans, mais aussi pour la justice partout o\u00f9 elle est menac\u00e9e, car un environnementalisme qui ne tient pas compte des droits de la personne est un environnementalisme vide de sens. Et la paix sans m\u00e9canisme de responsabilisation est un mensonge.<\/p>\n\n<p>Le mur finira par tomber. Et lorsqu\u2019il ne sera plus que ruines, ce sera gr\u00e2ce \u00e0 celles et ceux qui auront continu\u00e9 \u00e0 se mobiliser pour la justice, m\u00eame lorsque le regard du monde \u00e9tait ailleurs.<\/p>\n\n<p>Source\u00a0:<br>[1]\u00a0\u00a0<a href=\"https:\/\/www.ochaopt.org\/\">Bureau de la coordination des affaires humanitaires des Nations Unies dans les territoires palestiniens occup\u00e9s<\/a> et\u00a0<a href=\"https:\/\/www.aljazeera.com\/news\/longform\/2023\/10\/9\/israel-hamas-war-in-maps-and-charts-live-tracker\">Israel-Gaza war in maps and charts\u00a0: Live tracker<\/a> <em>(mis \u00e0 jour au d\u00e9but f\u00e9vrier 2025, disponible en anglais seulement)<\/em><\/p>\n\n<p><em>Yossi Cadan occupe actuellement le poste de directeur administratif int\u00e9rimaire chez Greenpeace Canada et est un ardent d\u00e9fenseur des droits de la personne. Au d\u00e9but des ann\u00e9es 1990, il a travaill\u00e9 \u00e0 Gaza pour attirer l\u2019attention sur les atteintes aux droits de la personne dans la bande de Gaza et dans les territoires occup\u00e9s.<\/em><\/p>\n","protected":false},"excerpt":{"rendered":"<p>Tout le monde savait que l\u2019arm\u00e9e isra\u00e9lienne allait intercepter le Madleen.<\/p>\n","protected":false},"author":50,"featured_media":70173,"comment_status":"open","ping_status":"open","sticky":false,"template":"","format":"standard","meta":{"ep_exclude_from_search":false,"p4_og_title":"","p4_og_description":"","p4_og_image":"","p4_og_image_id":"","p4_seo_canonical_url":"","p4_campaign_name":"","p4_local_project":"","p4_basket_name":"","p4_department":"","footnotes":""},"categories":[18],"tags":[182],"p4-page-type":[155],"class_list":["post-70172","post","type-post","status-publish","format-standard","has-post-thumbnail","hentry","category-notre-travail","tag-justice-raciale","p4-page-type-histoire"],"_links":{"self":[{"href":"https:\/\/www.greenpeace.org\/canada\/fr\/wp-json\/wp\/v2\/posts\/70172","targetHints":{"allow":["GET"]}}],"collection":[{"href":"https:\/\/www.greenpeace.org\/canada\/fr\/wp-json\/wp\/v2\/posts"}],"about":[{"href":"https:\/\/www.greenpeace.org\/canada\/fr\/wp-json\/wp\/v2\/types\/post"}],"author":[{"embeddable":true,"href":"https:\/\/www.greenpeace.org\/canada\/fr\/wp-json\/wp\/v2\/users\/50"}],"replies":[{"embeddable":true,"href":"https:\/\/www.greenpeace.org\/canada\/fr\/wp-json\/wp\/v2\/comments?post=70172"}],"version-history":[{"count":1,"href":"https:\/\/www.greenpeace.org\/canada\/fr\/wp-json\/wp\/v2\/posts\/70172\/revisions"}],"predecessor-version":[{"id":70176,"href":"https:\/\/www.greenpeace.org\/canada\/fr\/wp-json\/wp\/v2\/posts\/70172\/revisions\/70176"}],"wp:featuredmedia":[{"embeddable":true,"href":"https:\/\/www.greenpeace.org\/canada\/fr\/wp-json\/wp\/v2\/media\/70173"}],"wp:attachment":[{"href":"https:\/\/www.greenpeace.org\/canada\/fr\/wp-json\/wp\/v2\/media?parent=70172"}],"wp:term":[{"taxonomy":"category","embeddable":true,"href":"https:\/\/www.greenpeace.org\/canada\/fr\/wp-json\/wp\/v2\/categories?post=70172"},{"taxonomy":"post_tag","embeddable":true,"href":"https:\/\/www.greenpeace.org\/canada\/fr\/wp-json\/wp\/v2\/tags?post=70172"},{"taxonomy":"p4-page-type","embeddable":true,"href":"https:\/\/www.greenpeace.org\/canada\/fr\/wp-json\/wp\/v2\/p4-page-type?post=70172"}],"curies":[{"name":"wp","href":"https:\/\/api.w.org\/{rel}","templated":true}]}}