{"id":72020,"date":"2025-08-15T09:31:37","date_gmt":"2025-08-15T13:31:37","guid":{"rendered":"https:\/\/www.greenpeace.org\/canada\/?p=72020"},"modified":"2025-08-15T09:31:41","modified_gmt":"2025-08-15T13:31:41","slug":"temoigner-sous-les-tirs-honorer-anas-al-sharif-et-le-devoir-de-solidarite","status":"publish","type":"post","link":"https:\/\/www.greenpeace.org\/canada\/fr\/story\/72020\/temoigner-sous-les-tirs-honorer-anas-al-sharif-et-le-devoir-de-solidarite\/","title":{"rendered":"T\u00e9moigner sous les tirs\u00a0: honorer Anas al-Sharif et le devoir de solidarit\u00e9"},"content":{"rendered":"\n<p>Le <strong>10&nbsp;ao\u00fbt 2025,<\/strong> Anas al-Sharif, c\u00e9l\u00e8bre correspondant d\u2019Al Jazeera, a \u00e9t\u00e9 <a href=\"https:\/\/en.wikipedia.org\/wiki\/Assassination_of_Anas_Al-Sharif\">assassin\u00e9<\/a> lors d\u2019une frappe a\u00e9rienne d\u00e9lib\u00e9r\u00e9e d\u2019Isra\u00ebl sur une tente de presse situ\u00e9e \u00e0 l\u2019ext\u00e9rieur de l\u2019h\u00f4pital Al-Shifa, dans la ville de Gaza. L\u2019attaque a \u00e9galement caus\u00e9 la mort de quatre de ses coll\u00e8gues et de deux civils, dont son neveu.<\/p>\n\n<figure class=\"wp-block-image size-full\"><img loading=\"lazy\" decoding=\"async\" width=\"750\" height=\"422\" src=\"https:\/\/www.greenpeace.org\/static\/planet4-canada-stateless\/2025\/08\/26494a70-anas-al-sharif.jpeg\" alt=\"\" class=\"wp-image-72021\" srcset=\"https:\/\/www.greenpeace.org\/static\/planet4-canada-stateless\/2025\/08\/26494a70-anas-al-sharif.jpeg 750w, https:\/\/www.greenpeace.org\/static\/planet4-canada-stateless\/2025\/08\/26494a70-anas-al-sharif-300x169.jpeg 300w, https:\/\/www.greenpeace.org\/static\/planet4-canada-stateless\/2025\/08\/26494a70-anas-al-sharif-510x287.jpeg 510w\" sizes=\"auto, (max-width: 750px) 100vw, 750px\" \/><\/figure>\n\n<p>Dans le sillage de la frappe, des efforts ont \u00e9t\u00e9 d\u00e9ploy\u00e9s afin de faire passer al-Sharif pour une cible l\u00e9gitime. Des <a href=\"https:\/\/www.france24.com\/en\/middle-east\/20250812-un-eu-media-groups-condemn-israeli-strike-that-killed-al-jazeera-journalists-in-gaza\">groupes de d\u00e9fense de la libert\u00e9 de la presse<\/a>, des <a href=\"https:\/\/www.bbc.com\/news\/articles\/cq688qz3rlro\">organisations internationales<\/a> et ses coll\u00e8gues d\u2019<a href=\"https:\/\/network.aljazeera.net\/en\/press-releases\/al-jazeera-condemns-assassination-its-journalists-israeli-occupation-forces\">Al Jazeera<\/a> ont rejet\u00e9 cat\u00e9goriquement ces accusations, les qualifiant d\u2019efforts apparents pour justifier l\u2019assassinat d\u2019un journaliste dont les reportages \u00e9taient devenus indispensables pour raconter ce qui se passe dans la bande de Gaza.<\/p>\n\n<p>Juste avant sa mort, Anas al-Sharif a <a href=\"https:\/\/news.sky.com\/video\/al-jazeera-journalist-anas-al-sharif-posts-gaza-bombardment-video-moments-before-death-13410097\">publi\u00e9 une vid\u00e9o<\/a> du bombardement intense autour d\u2019Al-Shifa. Apr\u00e8s la frappe, ses derniers mots ont circul\u00e9 sur les r\u00e9seaux sociaux&nbsp;:<\/p>\n\n<p>\u00ab\u2009Si ces mots vous parviennent, sachez qu\u2019Isra\u00ebl a r\u00e9ussi \u00e0 me tuer et \u00e0 faire taire ma voix. [\u2026] N\u2019oubliez pas Gaza.\u2009\u00bb<\/p>\n\n<p>Son assassinat nous rappelle brutalement que les journalistes qui travaillent sur le terrain sont souvent les derniers yeux et les derni\u00e8res oreilles dans les r\u00e9gions o\u00f9 les m\u00e9dias internationaux sont interdits d\u2019acc\u00e8s.<\/p>\n\n<p>Chez Greenpeace, <strong>t\u00e9moigner<\/strong><em> <\/em>n\u2019est pas un simple verbe, mais une action au c\u0153ur de notre travail. Depuis notre fondation, nous avons adopt\u00e9 le concept du t\u00e9moignage popularis\u00e9 par la communaut\u00e9 des quakers&nbsp;: une forme de r\u00e9sistance active et non violente qui consiste \u00e0 assurer une pr\u00e9sence l\u00e0 o\u00f9 l\u2019injustice ou la destruction environnementale ont lieu, \u00e0 les documenter avec rigueur et humanit\u00e9, et \u00e0 partager ces v\u00e9rit\u00e9s pour qu\u2019elles ne puissent \u00eatre ignor\u00e9es.<\/p>\n\n<p>Comme l\u2019ont dit nos fondateur\u00b7rices&nbsp;:<\/p>\n\n<p>\u00ab\u2009T\u00e9moigner\u2026 \u00e9tait une sorte de r\u00e9sistance passive&nbsp;: se rendre sur les lieux d\u2019une activit\u00e9 r\u00e9pr\u00e9hensible pour manifester votre opposition par votre pr\u00e9sence.\u2009\u00bb<\/p>\n\n<p>Anas al-Sharif a incarn\u00e9 ce principe dans un des environnements les plus dangereux de la plan\u00e8te. Il a continu\u00e9 \u00e0 faire tourner sa cam\u00e9ra alors qu\u2019il aurait \u00e9t\u00e9 plus facile et bien plus s\u00fbr de d\u00e9tourner le regard. Cette m\u00eame attitude guide notre travail aujourd\u2019hui&nbsp;: de la lutte contre la p\u00eache ill\u00e9gale \u00e0 la d\u00e9nonciation des d\u00e9versements de p\u00e9trole et des fuites pipelini\u00e8res. Notre navire<em> <\/em><a href=\"https:\/\/www.marinebusinessworld.com\/news\/277210\/Greenpeace-Oceania-refit-for-purpose\"><em>Oceania<\/em><\/a>, par exemple, a \u00e9t\u00e9 d\u00e9ploy\u00e9 pour \u00ab\u2009t\u00e9moigner, collaborer avec les communaut\u00e9s et mener des actions directes pacifiques contre les grands pollueurs\u2009\u00bb.<\/p>\n\n<figure class=\"wp-block-image size-full\"><img loading=\"lazy\" decoding=\"async\" width=\"680\" height=\"453\" src=\"https:\/\/www.greenpeace.org\/static\/planet4-canada-stateless\/2025\/08\/ff0faba4-gyh74-uaqaejd4d.jpeg\" alt=\"\" class=\"wp-image-72024\" srcset=\"https:\/\/www.greenpeace.org\/static\/planet4-canada-stateless\/2025\/08\/ff0faba4-gyh74-uaqaejd4d.jpeg 680w, https:\/\/www.greenpeace.org\/static\/planet4-canada-stateless\/2025\/08\/ff0faba4-gyh74-uaqaejd4d-300x200.jpeg 300w, https:\/\/www.greenpeace.org\/static\/planet4-canada-stateless\/2025\/08\/ff0faba4-gyh74-uaqaejd4d-510x340.jpeg 510w\" sizes=\"auto, (max-width: 680px) 100vw, 680px\" \/><\/figure>\n\n<p>Tuer un journaliste ne revient pas seulement \u00e0 faire taire une voix. C\u2019est une attaque contre le droit de savoir du public, et une tentative de briser la cha\u00eene de t\u00e9moignage qui relie les victimes d\u2019injustices aux personnes qui ont le pouvoir d\u2019y mettre fin. Chaque fois qu\u2019une personne qui travaille comme journaliste \u2013 comme Anas \u2013 est prise pour cible, le monde perd une lentille qui nous permet de comprendre notre r\u00e9alit\u00e9 commune.<\/p>\n\n<p>Les journalistes du Canada qui couvrent les catastrophes climatiques, les efforts autochtones de d\u00e9fense des terres ou les conflits internationaux savent que le fait de t\u00e9moigner est avant tout une question de confiance. Cette confiance est menac\u00e9e lorsque les gouvernements ou les forces arm\u00e9es traitent les diseur\u00b7ses de v\u00e9rit\u00e9 comme des menaces. Nous demandons aux associations journalistiques du Canada, y compris l\u2019<a href=\"https:\/\/caj.ca\/fr\/\">Association canadienne des journalistes<\/a> (ACJ), de condamner publiquement l\u2019assassinat continu de journalistes par Isra\u00ebl et de d\u00e9noncer la diffusion de fausses d\u00e9clarations qui mettent la vie des journalistes de la Palestine en danger. Cette solidarit\u00e9 doit \u00eatre forte, visible et soutenue, non seulement par des expressions de sympathie, mais aussi par des appels \u00e0 la responsabilit\u00e9, \u00e0 la protection et \u00e0 la justice.<\/p>\n\n<p>La mort d\u2019Anas al-Sharif est un (r)appel poignant pour celles et ceux qui d\u00e9fendent la v\u00e9rit\u00e9. Pour nos journalistes, c\u2019est une invitation \u00e0 \u00eatre solidaires non seulement lorsque l\u2019un\u00b7e des leurs est pris pour cible, mais aussi chaque fois qu\u2019un ou une journaliste risque sa vie pour t\u00e9moigner en notre nom collectif.<\/p>\n","protected":false},"excerpt":{"rendered":"<p>Le 10&nbsp;ao\u00fbt 2025, Anas al-Sharif, c\u00e9l\u00e8bre correspondant d\u2019Al Jazeera, a \u00e9t\u00e9 assassin\u00e9 lors d\u2019une frappe a\u00e9rienne d\u00e9lib\u00e9r\u00e9e d\u2019Isra\u00ebl sur une tente de presse situ\u00e9e \u00e0 l\u2019ext\u00e9rieur de l\u2019h\u00f4pital Al-Shifa, dans&hellip;<\/p>\n","protected":false},"author":164,"featured_media":72021,"comment_status":"open","ping_status":"open","sticky":false,"template":"","format":"standard","meta":{"ep_exclude_from_search":false,"p4_og_title":"","p4_og_description":"","p4_og_image":"","p4_og_image_id":"","p4_seo_canonical_url":"","p4_campaign_name":"","p4_local_project":"","p4_basket_name":"","p4_department":"","footnotes":""},"categories":[140,21],"tags":[37],"p4-page-type":[155],"class_list":["post-72020","post","type-post","status-publish","format-standard","has-post-thumbnail","hentry","category-egalite","category-vivre-de-facon-durable","tag-actionspacifiques","p4-page-type-histoire"],"_links":{"self":[{"href":"https:\/\/www.greenpeace.org\/canada\/fr\/wp-json\/wp\/v2\/posts\/72020","targetHints":{"allow":["GET"]}}],"collection":[{"href":"https:\/\/www.greenpeace.org\/canada\/fr\/wp-json\/wp\/v2\/posts"}],"about":[{"href":"https:\/\/www.greenpeace.org\/canada\/fr\/wp-json\/wp\/v2\/types\/post"}],"author":[{"embeddable":true,"href":"https:\/\/www.greenpeace.org\/canada\/fr\/wp-json\/wp\/v2\/users\/164"}],"replies":[{"embeddable":true,"href":"https:\/\/www.greenpeace.org\/canada\/fr\/wp-json\/wp\/v2\/comments?post=72020"}],"version-history":[{"count":1,"href":"https:\/\/www.greenpeace.org\/canada\/fr\/wp-json\/wp\/v2\/posts\/72020\/revisions"}],"predecessor-version":[{"id":72027,"href":"https:\/\/www.greenpeace.org\/canada\/fr\/wp-json\/wp\/v2\/posts\/72020\/revisions\/72027"}],"wp:featuredmedia":[{"embeddable":true,"href":"https:\/\/www.greenpeace.org\/canada\/fr\/wp-json\/wp\/v2\/media\/72021"}],"wp:attachment":[{"href":"https:\/\/www.greenpeace.org\/canada\/fr\/wp-json\/wp\/v2\/media?parent=72020"}],"wp:term":[{"taxonomy":"category","embeddable":true,"href":"https:\/\/www.greenpeace.org\/canada\/fr\/wp-json\/wp\/v2\/categories?post=72020"},{"taxonomy":"post_tag","embeddable":true,"href":"https:\/\/www.greenpeace.org\/canada\/fr\/wp-json\/wp\/v2\/tags?post=72020"},{"taxonomy":"p4-page-type","embeddable":true,"href":"https:\/\/www.greenpeace.org\/canada\/fr\/wp-json\/wp\/v2\/p4-page-type?post=72020"}],"curies":[{"name":"wp","href":"https:\/\/api.w.org\/{rel}","templated":true}]}}