{"id":72331,"date":"2025-09-11T14:38:09","date_gmt":"2025-09-11T18:38:09","guid":{"rendered":"https:\/\/www.greenpeace.org\/canada\/?p=72331"},"modified":"2025-09-11T15:20:43","modified_gmt":"2025-09-11T19:20:43","slug":"reaction-de-greenpeace-canada-au-devoilement-de-la-liste-de-c5","status":"publish","type":"post","link":"https:\/\/www.greenpeace.org\/canada\/fr\/communique-de-presse\/72331\/reaction-de-greenpeace-canada-au-devoilement-de-la-liste-de-c5\/","title":{"rendered":"R\u00e9action de Greenpeace Canada au d\u00e9voilement de la liste de C5"},"content":{"rendered":"\n<p>\u00ab Nous sommes confus, est-ce que le Canada veut vraiment lutter contre les changements climatiques et construire un avenir meilleur pour les Canadien\u00b7nes? Le premier ministre Carney affirme qu\u2019il est d\u2019 \u00ab int\u00e9r\u00eat national \u00bb, de construire des gazoducs, des mines et des r\u00e9acteurs nucl\u00e9aires. Pourtant, les v\u00e9ritables priorit\u00e9s des Canadien\u00b7nes et des Qu\u00e9b\u00e9cois\u00b7es sont le logement abordable, le co\u00fbt de la vie, les soins de sant\u00e9 et \u00eatre \u00e0 l\u2019abri des catastrophes climatiques.<\/p>\n\n<p>Comment justifier ces projets s\u2019ils ne r\u00e9pondent pas aux int\u00e9r\u00eats de la population, et r\u00e9pondent plut\u00f4t \u00e0 ceux des grandes compagnies? Nous nous tiendrons du c\u00f4t\u00e9 de celles et ceux qui s\u2019opposent \u00e0 ces m\u00e9gaprojets ainsi qu\u2019\u00e0 leurs impacts environnementaux et climatiques; des impacts qui ne seront pour la plupart pas \u00e9valu\u00e9s \u00e9tant donn\u00e9 les dispositions de la loi C5&nbsp;\u00bb r\u00e9agit Louis Couillard, responsable de la campagne climat-\u00e9nergie chez Greenpeace Canada<\/p>\n\n<p><strong>Citations additionnelles sur les projets sp\u00e9cifiques annonc\u00e9s<\/strong><\/p>\n\n<ul class=\"wp-block-list\">\n<li><strong>Contrec\u0153ur <\/strong>: \u00ab Le projet d&rsquo;expansion pourrait d\u00e9truire une partie de l&rsquo;habitat essentiel du chevalier cuivr\u00e9, une esp\u00e8ce unique au Qu\u00e9bec et en voie de disparition. Le Canada ne peut pas promettre de prot\u00e9ger la nature sur la sc\u00e8ne mondiale tout en d\u00e9truisant l\u2019habitat d\u2019esp\u00e8ces en p\u00e9ril chez nous. Ce qu\u2019il nous faut, c\u2019est une loi f\u00e9d\u00e9rale qui oblige le gouvernement \u00e0 prot\u00e9ger la nature, pas une multitude de projets qui la d\u00e9truisent. \u200b\u200b\u00bb&nbsp;<\/li>\n<\/ul>\n\n<p><\/p>\n\n<ul class=\"wp-block-list\">\n<li><strong>LNG Canada 2.0 :<\/strong> \u00ab Pour pr\u00e9server une plan\u00e8te viable, aucun nouveau projet fossile ne doit voir le jour. \u00c0 un moment o\u00f9 l\u2019augmentation des feux de for\u00eat nous fait prendre conscience du co\u00fbt de la crise climatique, et que la Chine et l&rsquo;Europe se tournent vers le solaire et l&rsquo;\u00e9olien, doubler la mise sur LNG Canada est absurde. Ce projet approuv\u00e9 depuis des ann\u00e9es mais boud\u00e9 par les investisseurs semble \u00eatre un exercice de relations publiques, \u00e0 moins que les gouvernements ne pr\u00e9voient de nouvelles subventions publiques. Les projets d&rsquo;int\u00e9r\u00eat national doivent pr\u00e9parer les Canadiens \u00e0 un avenir viable gr\u00e2ce \u00e0 des solutions \u00e9cologiques \u00e9prouv\u00e9es qui respectent les droits des peuples autochtones et prot\u00e8gent notre patrimoine naturel. Ce projet est un non sens sur toute la ligne. \u00bb<\/li>\n<\/ul>\n\n<p><\/p>\n\n<ul class=\"wp-block-list\">\n<li><strong>R\u00e9acteur modulaire en Ontario<\/strong> :\u00ab Dans le contexte de la lutte aux changements climatiques, l&rsquo;\u00e9nergie nucl\u00e9aire est plus co\u00fbteuse et plus dangereuse que les \u00e9nergies renouvelables. Nous ne devrions pas d\u00e9penser de l&rsquo;argent dans ce genre de projet encore au stade exp\u00e9rimental, co\u00fbteux et qui prendra au moins une d\u00e9cennie \u00e0 d\u00e9velopper, alors que les \u00e9nergies renouvelables sont d\u00e9j\u00e0 rentables et disponibles d\u00e8s maintenant \u00bb.<\/li>\n<\/ul>\n\n<p><\/p>\n\n<ul class=\"wp-block-list\">\n<li><strong>Mines en Saskatchewan et en C-B: <\/strong>\u00ab Les min\u00e9raux critiques sont n\u00e9cessaires pour la transition \u00e9nerg\u00e9tique, pour nos \u00e9oliennes et nos panneaux solaires notamment, mais on ne peut pas les extraire n&rsquo;importe comment. Nous devons les utiliser pour nos \u00e9nergies renouvelables plut\u00f4t que pour l&rsquo;armement, tout en privil\u00e9giant le transport en commun au lieu de multiplier les autos \u00e9lectriques. Avant de creuser partout, r\u00e9utilisons ce qu&rsquo;on a d\u00e9j\u00e0, prot\u00e9geons les \u00e9cosyst\u00e8mes sensibles et les droits humains, en plus de garantir le respect des droits des peuples autochtones sur leur terre\u00bb.<\/li>\n<\/ul>\n\n<p>-30-<\/p>\n\n<p><strong>Pour plus d&rsquo;informations, contactez:&nbsp;<\/strong><\/p>\n\n<p>Patou Oumarou, conseill\u00e8re aux communication, Greenpeace Canada<br>patou.oumarou@greenpeace.org, +1 (418) 431-0263<\/p>\n","protected":false},"excerpt":{"rendered":"<p>Nous sommes confus, est-ce que le Canada veut vraiment lutter contre les changements climatiques et construire un avenir meilleur pour les Canadien\u00b7nes? <\/p>\n","protected":false},"author":160,"featured_media":71738,"comment_status":"open","ping_status":"open","sticky":false,"template":"","format":"standard","meta":{"ep_exclude_from_search":false,"p4_og_title":"","p4_og_description":"","p4_og_image":"","p4_og_image_id":"","p4_seo_canonical_url":"","p4_campaign_name":"","p4_local_project":"","p4_basket_name":"","p4_department":"","footnotes":""},"categories":[20,18,21],"tags":[],"p4-page-type":[183],"class_list":["post-72331","post","type-post","status-publish","format-standard","has-post-thumbnail","hentry","category-climat","category-notre-travail","category-vivre-de-facon-durable","p4-page-type-communique-de-presse"],"_links":{"self":[{"href":"https:\/\/www.greenpeace.org\/canada\/fr\/wp-json\/wp\/v2\/posts\/72331","targetHints":{"allow":["GET"]}}],"collection":[{"href":"https:\/\/www.greenpeace.org\/canada\/fr\/wp-json\/wp\/v2\/posts"}],"about":[{"href":"https:\/\/www.greenpeace.org\/canada\/fr\/wp-json\/wp\/v2\/types\/post"}],"author":[{"embeddable":true,"href":"https:\/\/www.greenpeace.org\/canada\/fr\/wp-json\/wp\/v2\/users\/160"}],"replies":[{"embeddable":true,"href":"https:\/\/www.greenpeace.org\/canada\/fr\/wp-json\/wp\/v2\/comments?post=72331"}],"version-history":[{"count":8,"href":"https:\/\/www.greenpeace.org\/canada\/fr\/wp-json\/wp\/v2\/posts\/72331\/revisions"}],"predecessor-version":[{"id":72358,"href":"https:\/\/www.greenpeace.org\/canada\/fr\/wp-json\/wp\/v2\/posts\/72331\/revisions\/72358"}],"wp:featuredmedia":[{"embeddable":true,"href":"https:\/\/www.greenpeace.org\/canada\/fr\/wp-json\/wp\/v2\/media\/71738"}],"wp:attachment":[{"href":"https:\/\/www.greenpeace.org\/canada\/fr\/wp-json\/wp\/v2\/media?parent=72331"}],"wp:term":[{"taxonomy":"category","embeddable":true,"href":"https:\/\/www.greenpeace.org\/canada\/fr\/wp-json\/wp\/v2\/categories?post=72331"},{"taxonomy":"post_tag","embeddable":true,"href":"https:\/\/www.greenpeace.org\/canada\/fr\/wp-json\/wp\/v2\/tags?post=72331"},{"taxonomy":"p4-page-type","embeddable":true,"href":"https:\/\/www.greenpeace.org\/canada\/fr\/wp-json\/wp\/v2\/p4-page-type?post=72331"}],"curies":[{"name":"wp","href":"https:\/\/api.w.org\/{rel}","templated":true}]}}