{"id":74414,"date":"2026-03-05T13:22:24","date_gmt":"2026-03-05T18:22:24","guid":{"rendered":"https:\/\/www.greenpeace.org\/canada\/?p=74414"},"modified":"2026-03-05T13:23:30","modified_gmt":"2026-03-05T18:23:30","slug":"reponse-de-greenpeace-international-a-laugmentation-de-la-production-de-petrole-annoncee-par-lopep-en-reponse-a-la-guerre-contre-iran-et-aux-perturbations-dans-le-detroit-d","status":"publish","type":"post","link":"https:\/\/www.greenpeace.org\/canada\/fr\/communique-de-presse\/74414\/reponse-de-greenpeace-international-a-laugmentation-de-la-production-de-petrole-annoncee-par-lopep-en-reponse-a-la-guerre-contre-iran-et-aux-perturbations-dans-le-detroit-d\/","title":{"rendered":"R\u00e9ponse de Greenpeace International \u00e0 l\u2019augmentation de la production de p\u00e9trole annonc\u00e9e par l\u2019OPEP+ en r\u00e9ponse \u00e0 la guerre contre Iran et aux perturbations dans le d\u00e9troit d\u2019Ormuz"},"content":{"rendered":"\n<p>Suite \u00e0 la d\u00e9cision de l\u2019OPEP+ d\u2019augmenter la production de p\u00e9trole de 206\u2009000&nbsp;barils par jour \u00e0 partir d\u2019avril pour r\u00e9pondre \u00e0 l\u2019escalade du conflit au Moyen-Orient et \u00e0 l\u2019interruption de l\u2019approvisionnement p\u00e9trolier et gazier par le d\u00e9troit d\u2019Ormuz, Mads Christensen, directeur g\u00e9n\u00e9ral de Greenpeace International, a d\u00e9clar\u00e9&nbsp;:<\/p>\n\n<p>\u00ab\u2009La d\u00e9claration de l\u2019OPEP met en lumi\u00e8re une r\u00e9alit\u00e9 indiscutable&nbsp;: tant que notre monde carburera au p\u00e9trole et au gaz, notre paix, notre s\u00e9curit\u00e9 et nos finances continueront de fluctuer au gr\u00e9 des al\u00e9as g\u00e9opolitiques. Accro\u00eetre la production peut temporairement att\u00e9nuer la flamb\u00e9e des prix, mais cela ne r\u00e9sout en rien l\u2019enjeu structurel au c\u0153ur de cette crise r\u00e9currente&nbsp;: notre d\u00e9pendance continue \u00e0 l\u2019\u00e9gard des combustibles fossiles.<\/p>\n\n<p>Les leaders de tous les pays doivent retrouver leurs rep\u00e8res moraux. Cela doit passer par la mise en \u0153uvre de solutions diplomatiques et pacifiques, et par la construction d\u2019un avenir \u00e9nerg\u00e9tique abordable et durable qui nous prot\u00e9gera de la volatilit\u00e9 inh\u00e9rente des combustibles fossiles. Parce qu\u2019elles peuvent \u00eatre produites localement, les \u00e9nergies renouvelables lib\u00e8rent les syst\u00e8mes \u00e9nerg\u00e9tiques de l\u2019emprise des conflits g\u00e9opolitiques.<\/p>\n\n<p>La mont\u00e9e de la violence au Moyen-Orient est une trag\u00e9die humaine. Une fois de plus, la population fait les frais de la violence de Donald Trump et de ses attaques flagrantes contre l\u2019\u00c9tat de droit international. Greenpeace appelle \u00e0 un cessez-le-feu imm\u00e9diat, au respect du droit international et \u00e0 un retour \u00e0 la diplomatie pour mettre fin aux souffrances des populations civiles.\u2009\u00bb<\/p>\n\n<p>Pour plus de renseignements, veuillez contacter&nbsp;:<br><br>Bureau de presse de Greenpeace International, +31 (0)20 718&nbsp;2470 (disponible 24&nbsp;h sur 24),&nbsp;pressdesk.int@greenpeace.org<\/p>\n","protected":false},"excerpt":{"rendered":"<p>Suite \u00e0 la d\u00e9cision de l\u2019OPEP+ d\u2019augmenter la production de p\u00e9trole de 206\u2009000&nbsp;barils par jour \u00e0 partir d\u2019avril pour r\u00e9pondre \u00e0 l\u2019escalade du conflit au Moyen-Orient et \u00e0 l\u2019interruption de&hellip;<\/p>\n","protected":false},"author":119,"featured_media":74408,"comment_status":"closed","ping_status":"closed","sticky":false,"template":"","format":"standard","meta":{"ep_exclude_from_search":false,"p4_og_title":"R\u00e9ponse de Greenpeace International \u00e0 l\u2019augmentation de la production de p\u00e9trole annonc\u00e9e par l\u2019OPEP+ en r\u00e9ponse \u00e0 la guerre contre Iran et aux perturbations dans le d\u00e9troit d\u2019Ormuz","p4_og_description":"Suite \u00e0 la d\u00e9cision de l\u2019OPEP+ d\u2019augmenter la production de p\u00e9trole de 206\u2009000\u00a0barils par jour \u00e0 partir d\u2019avril pour r\u00e9pondre \u00e0 l\u2019escalade du conflit au Moyen-Orient et \u00e0 l\u2019interruption de l\u2019approvisionnement p\u00e9trolier et gazier par le d\u00e9troit d\u2019Ormuz, Mads Christensen, directeur g\u00e9n\u00e9ral de Greenpeace International, a d\u00e9clar\u00e9\u00a0:","p4_og_image":"","p4_og_image_id":"","p4_seo_canonical_url":"","p4_campaign_name":"","p4_local_project":"","p4_basket_name":"","p4_department":"","footnotes":""},"categories":[18],"tags":[47],"p4-page-type":[183],"class_list":["post-74414","post","type-post","status-publish","format-standard","has-post-thumbnail","hentry","category-notre-travail","tag-petrole","p4-page-type-communique-de-presse"],"_links":{"self":[{"href":"https:\/\/www.greenpeace.org\/canada\/fr\/wp-json\/wp\/v2\/posts\/74414","targetHints":{"allow":["GET"]}}],"collection":[{"href":"https:\/\/www.greenpeace.org\/canada\/fr\/wp-json\/wp\/v2\/posts"}],"about":[{"href":"https:\/\/www.greenpeace.org\/canada\/fr\/wp-json\/wp\/v2\/types\/post"}],"author":[{"embeddable":true,"href":"https:\/\/www.greenpeace.org\/canada\/fr\/wp-json\/wp\/v2\/users\/119"}],"replies":[{"embeddable":true,"href":"https:\/\/www.greenpeace.org\/canada\/fr\/wp-json\/wp\/v2\/comments?post=74414"}],"version-history":[{"count":1,"href":"https:\/\/www.greenpeace.org\/canada\/fr\/wp-json\/wp\/v2\/posts\/74414\/revisions"}],"predecessor-version":[{"id":74415,"href":"https:\/\/www.greenpeace.org\/canada\/fr\/wp-json\/wp\/v2\/posts\/74414\/revisions\/74415"}],"wp:featuredmedia":[{"embeddable":true,"href":"https:\/\/www.greenpeace.org\/canada\/fr\/wp-json\/wp\/v2\/media\/74408"}],"wp:attachment":[{"href":"https:\/\/www.greenpeace.org\/canada\/fr\/wp-json\/wp\/v2\/media?parent=74414"}],"wp:term":[{"taxonomy":"category","embeddable":true,"href":"https:\/\/www.greenpeace.org\/canada\/fr\/wp-json\/wp\/v2\/categories?post=74414"},{"taxonomy":"post_tag","embeddable":true,"href":"https:\/\/www.greenpeace.org\/canada\/fr\/wp-json\/wp\/v2\/tags?post=74414"},{"taxonomy":"p4-page-type","embeddable":true,"href":"https:\/\/www.greenpeace.org\/canada\/fr\/wp-json\/wp\/v2\/p4-page-type?post=74414"}],"curies":[{"name":"wp","href":"https:\/\/api.w.org\/{rel}","templated":true}]}}