{"id":748,"date":"2017-05-31T09:01:00","date_gmt":"2017-05-31T09:01:00","guid":{"rendered":"https:\/\/www.greenpeace.org\/canada\/non-classifiee\/748\/plus-de-240-auteurs-du-monde-entier-soutiennent-la-liberte-dexpression-avec-greenpeace\/"},"modified":"2019-11-06T03:29:34","modified_gmt":"2019-11-06T08:29:34","slug":"plus-de-240-auteurs-du-monde-entier-soutiennent-la-liberte-dexpression-avec-greenpeace","status":"publish","type":"post","link":"https:\/\/www.greenpeace.org\/canada\/fr\/blog-des-volontaires\/748\/plus-de-240-auteurs-du-monde-entier-soutiennent-la-liberte-dexpression-avec-greenpeace\/","title":{"rendered":"Plus de 240 auteurs du monde entier soutiennent la libert\u00e9 d\u2019expression avec Greenpeace"},"content":{"rendered":"<div class=\"post-content\">\n<div>\n<p>\u00c0 chaque mot d\u2019espoir et de libert\u00e9 couch\u00e9 sur le papier ou tap\u00e9 sur un \u00e9cran, auteurs, journalistes, po\u00e8tes et dramaturges savent que que le monde s\u2019am\u00e9liore un peu. Et si nous exprimer librement est impossible, alors, il nous sera impossible de cr\u00e9er des changements positifs.<\/p>\n<p><img decoding=\"async\" src=\"https:\/\/www.greenpeace.org\/static\/planet4-canada-stateless\/2018\/06\/136541_243762.jpg\" alt=\"\" width=\"640px\"><\/p>\n<p><span>Plus de 240 auteurs du monde entier, incluant les gagnants du Booker Prize Margaret Atwood (<\/span><em>La Servante \u00e9carlate<\/em><span>) et Yann Martel (<\/span><em>L\u2019Histoire de Pi<\/em><span>), l\u2019\u00e9crivain et com\u00e9dien Stephen Fry<\/span>\u00a0(<em>More Fool Me<\/em>)\u00a0et les leaders d\u2019opinion tel Naomi Klein (<em>La Strat\u00e9gie du choc<\/em>) ont sign\u00e9 un manifeste avec Greenpeace pour d\u00e9fendre la libert\u00e9 d\u2019expression et la for\u00eat bor\u00e9ale.<\/p>\n<p><img decoding=\"async\" src=\"https:\/\/www.greenpeace.org\/static\/planet4-canada-stateless\/2018\/06\/FR_CA_Manifesto_NosVoixSontEssentielles_Greenpeace.gif\" alt=\"\"><\/p>\n<h2 style=\"text-align: center;\">Tout comme la voix de votre auteur pr\u00e9f\u00e9r\u00e9, votre voix est essentielle.<\/h2>\n<p style=\"text-align: center;\"><em>Signez la p\u00e9tition pour demander aux maisons d\u2019\u00e9ditions \u2014 qui ach\u00e8tent des tonnes de papier pour leurs livres \u00e0 R\u00e9solu \u2014 de d\u00e9fendre la libert\u00e9 d\u2019expression et les for\u00eats.<\/em><\/p>\n<div style=\"width: 300px; height: 30px; margin: 20px auto; background-color: #68e20a; color: #fff; text-align: center; padding-top: 5px; border-radius: 10px; font-size: 20px;\"><strong><a style=\"text-decoration: none; color: #fff;\" href=\"http:\/\/act.gp\/2s7n9UF\">SIGNEZ LA P\u00c9TITION<\/a><\/strong><\/div>\n<h2 style=\"text-align: center;\">Les \u00e9diteurs et les auteurs sont des alli\u00e9s naturels dans la lutte pour la d\u00e9fense de la libert\u00e9 d&rsquo;expression.<\/h2>\n<p>Le pouvoir des mots et le travail incroyable que les auteurs et les \u00e9diteurs font chaque jour sont autant de source d\u2019inspiration et d\u2019\u00e9nergie. Nous sommes reconnaissants qu\u2019ils fassent \u00e9cho \u00e0 notre campagne et pour leur engagement pour la libert\u00e9 d&rsquo;expression et la protection des for\u00eats.<\/p>\n<p><img decoding=\"async\" src=\"https:\/\/www.greenpeace.org\/static\/planet4-canada-stateless\/2018\/06\/FR_CA_100_Authors_Quotes_1200x628.gif\" alt=\"\" width=\"640px\"><\/p>\n<p>Restez \u00e0 l\u2019aff\u00fbt des derni\u00e8res nouvelles sur les m\u00e9dias sociaux cette semaine ! Greenpeace sera au salon du livre <span>Book Expo<\/span><span> de New York, \u00e0 la rencontre d\u2019auteurs et de maisons d\u2019\u00e9dition, mais aussi pour pr\u00e9senter l\u2019oeuvre d\u2019art <\/span><em>Treewhispers<\/em><span> (Murmures d\u2019arbres) cr\u00e9\u00e9e par Pamela Paulsrud, une collaboration internationale pour r\u00e9v\u00e9ler notre connexion profonde aux arbres.<\/span><\/p>\n<p>Merci de rejoindre plus de 240 auteurs du monde entier et de signer notre p\u00e9tition pour d\u00e9fendre la libert\u00e9 d\u2019expression et les for\u00eats.<\/p>\n<div style=\"width: 300px; height: 30px; margin: 20px auto; background-color: #68e20a; color: #fff; text-align: center; padding-top: 5px; border-radius: 10px; font-size: 20px;\"><strong><a style=\"text-decoration: none; color: #fff;\" href=\"http:\/\/act.gp\/2s7n9UF\">SIGNEZ LA P\u00c9TITION<\/a><\/strong><\/div>\n<\/p>\n<style>\n#content{\nwidth:900px;\n}\n#content .news-container{\nwidth:640px;\nfloat:left;\n}\n.allnames{\nwidth:216px;\nposition:absolute;\nright:50px;\ntop:350px;\nborder-left:solid 1px rgba(0, 0, 0, .3);\npadding-left:5px;\n}\n@media only screen and (max-width:975px) {\n.allnames{\nwidth:100%;\nposition:relative;\nright:initial;\ntop:initial;\nborder-left:none;\n}\n}\n@media only screen and (min-width:1142px) {\n.allnames{\ntop:300px;\n}\n}\n<\/style>\n<div class=\"allnames\">\n<h2 style=\"margin:0px;color: #6c0;\">Liste compl\u00e8te des auteurs:<\/h2>\n<p>Serge Mongeau, Anne-Marie Voisard, Hubert Forcier, Normand Landry, Alain Deneault, Lev Grossman, Travis Flores, Jonah Sachs, Anna Lapp\u00e9, Robert Reich, Debby Holt, William Shatner, Alec Baldwin, Anthony Doerr, Rachel Thompson, Dr. Chris Donaghue, Robin Romm, Deborah Eisenberg, Lauren Groff, Kevin Bailey, Matt Rigney, Kieran Mulvaney, Caroline Leavitt, Wen Stephenson, Bill McKibben, Stephen Fry, Rebecca Solnit, Raj Patel, Jerry Mander, DeeVon Quirolo, Erica Lyle, Jane Fonda, Terry Tempest Williams, Zephyr Teachout, Travis Nichols, Peter Willcox, Zillah Eisenstein, Ronni Solbert, Elena Poniatowska, Juan Villoro, Sabina Berman, \u661f\u5ddd\u6df3 \/ Jun Hoshikawa, \u5c71\u7530\u73b2\u53f8 \/ Reiji Yamada, \u5b89\u51a8 \u6b69 \/ Ayumu Yasutomi, \u672c\u9593 \u9f8d \/ Ryu Honma, Arnaud Viviant, M\u00e9lanie Sadler, Nathalie Peyrebonne, Patrick Manoukian, Fr\u00e9d\u00e9ric Couderc, Gilles Martin-Chauffier, S\u00e9bastien Gendron, Caryl F\u00e9rey, G\u00e9rard Mordillat, Cyril Dion, Laurent Gounelle, Patrick Poivre d\u2019Arvor, Laurent Binet, Annie Ernaux, Marc Dugain, Edwy Plenel, Aymeric Caron, Florence Aubenas, Christian Salmon, Philippe Claudel, Nancy Huston, Wilfrid Lupano, Erri de Luca, Yasmina Khadra, Laurent Gaud\u00e9, Jean-Luc Barr\u00e9, Razmig Keucheyan, Susan George, Gabriel V\u00e2n\u0103u, Yann Martel, Naomi Klein, Margaret Atwood, Ian Rankin, Yvonne Aburrow, Moira Munro, Peter Wohlleben, Andrea Wulf, J\u00fcrgen Banscherus, B\u00fclent Ceylan, Paul Maar, Diego Creimer, Dionne Brand, Arjun Basu, Dr. Ross King, Dr. Elizabeth Abbott, Ian McEwan, Julian Barnes, Franke James, Hap Wilson, Louise Penny, Tim McCaskell, Christian Jungersen, Anders Morgenthaler, Nina Bolt, Signe Wenneberg, Kim Fupz Aakeson, Ib Michael, Mich Vraa, Morten Ramsland, Dorthe Nors, Alice Kuipers, Sarah Selecky, Kate Pullinger, Beatrice Colin, Susanna Tamaro, Gianni Min\u00e0, Manuele Fior, Massimo Cacciari, Luca Mercalli, Paolo Rumiz, Andrea Maia, Danilo Zagaria, Sandro Veronesi, Roberto Saviano, Zerocalcare (Michele Rech), Marco Travaglio, Wu Ming 4 (Federico Guglielmi), Maurizio Pallante, Domenico Quirico, Luigi Riva, Corrado Augias, Gianrico Carofiglio, Alessandro Pertosa, Marco Damilano, Dacia Maraini, Maicol &amp; Mirco, Tuono Pettinato, Alessandro Tota, Giacomo Bevilacqua, Federico Rossi Edrighi, Lorena Canottiere, Ratigher, Gigi Cavenago, Ilaria Urbinati, Charlotte Weitze, Andrew Westoll, Miriam Toews, Esi Edugyan, Dmitry Glukhovsky, Dominic Champagne, Federico Rossi Edrighi, Eve Ensler, J.M. Coetzee, Laure Waridel, Nino Ricci, Ratigher (Francesco D\u2019Erminio), Tuono Pettinato (Andrea Paggiaro), Van Jones, Guy Dauncey, Mathis Wackernagel, Chellis Glendinning, Chip Haynes, Anthony Weston, Jason Del Gandio, Chris Shaw, Suketu Mehta, Paul Hawken, Gus Speth, Nino Ricci, Gary Shtyngart, Richard Heinberg, William Rees, Dan Chiras, Dr. Graeme Taylor, Susan Reed, Steve Solomon, \tTim Grant, Rob Roy, Liz Walker, Mark A. Burch, Lyle Estill, Mary-Wynne Ashford, Mike Nickerson, Kaitlin Ann Trepanier, Louise Bernice Halfe, Paul Kivel, Charles Montpetit<\/p>\n<\/div>\n<p>\u00a0\n<\/p>\n<\/div>\n<\/div>\n","protected":false},"excerpt":{"rendered":"<p>\u00c0 chaque mot d\u2019espoir et de libert\u00e9 couch\u00e9 sur le papier ou tap\u00e9 sur un \u00e9cran, auteurs, journalistes, po\u00e8tes et dramaturges savent que que le monde s\u2019am\u00e9liore un peu. Et si nous exprimer librement est impossible, alors, il nous sera impossible de cr\u00e9er des changements positifs.<\/p>\n","protected":false},"author":12,"featured_media":749,"comment_status":"open","ping_status":"open","sticky":false,"template":"","format":"standard","meta":{"ep_exclude_from_search":false,"p4_og_title":"","p4_og_description":"","p4_og_image":"","p4_og_image_id":"","p4_seo_canonical_url":"","p4_campaign_name":"","p4_local_project":"","p4_basket_name":"","p4_department":"","footnotes":""},"categories":[19],"tags":[43],"p4-page-type":[],"class_list":["post-748","post","type-post","status-publish","format-standard","has-post-thumbnail","hentry","category-nature-fr","tag-forets"],"_links":{"self":[{"href":"https:\/\/www.greenpeace.org\/canada\/fr\/wp-json\/wp\/v2\/posts\/748","targetHints":{"allow":["GET"]}}],"collection":[{"href":"https:\/\/www.greenpeace.org\/canada\/fr\/wp-json\/wp\/v2\/posts"}],"about":[{"href":"https:\/\/www.greenpeace.org\/canada\/fr\/wp-json\/wp\/v2\/types\/post"}],"author":[{"embeddable":true,"href":"https:\/\/www.greenpeace.org\/canada\/fr\/wp-json\/wp\/v2\/users\/12"}],"replies":[{"embeddable":true,"href":"https:\/\/www.greenpeace.org\/canada\/fr\/wp-json\/wp\/v2\/comments?post=748"}],"version-history":[{"count":1,"href":"https:\/\/www.greenpeace.org\/canada\/fr\/wp-json\/wp\/v2\/posts\/748\/revisions"}],"predecessor-version":[{"id":751,"href":"https:\/\/www.greenpeace.org\/canada\/fr\/wp-json\/wp\/v2\/posts\/748\/revisions\/751"}],"wp:featuredmedia":[{"embeddable":true,"href":"https:\/\/www.greenpeace.org\/canada\/fr\/wp-json\/wp\/v2\/media\/749"}],"wp:attachment":[{"href":"https:\/\/www.greenpeace.org\/canada\/fr\/wp-json\/wp\/v2\/media?parent=748"}],"wp:term":[{"taxonomy":"category","embeddable":true,"href":"https:\/\/www.greenpeace.org\/canada\/fr\/wp-json\/wp\/v2\/categories?post=748"},{"taxonomy":"post_tag","embeddable":true,"href":"https:\/\/www.greenpeace.org\/canada\/fr\/wp-json\/wp\/v2\/tags?post=748"},{"taxonomy":"p4-page-type","embeddable":true,"href":"https:\/\/www.greenpeace.org\/canada\/fr\/wp-json\/wp\/v2\/p4-page-type?post=748"}],"curies":[{"name":"wp","href":"https:\/\/api.w.org\/{rel}","templated":true}]}}