{"id":74925,"date":"2026-04-30T15:53:47","date_gmt":"2026-04-30T19:53:47","guid":{"rendered":"https:\/\/www.greenpeace.org\/canada\/?p=74925"},"modified":"2026-04-30T15:53:56","modified_gmt":"2026-04-30T19:53:56","slug":"votre-dose-mensuelle-de-bonnes-nouvelles-2","status":"publish","type":"post","link":"https:\/\/www.greenpeace.org\/canada\/fr\/histoire\/74925\/votre-dose-mensuelle-de-bonnes-nouvelles-2\/","title":{"rendered":"Votre dose mensuelle de bonnes nouvelles!"},"content":{"rendered":"\n<p>Lorsqu\u2019il faut faire bouger les choses, Greenpeace passe \u00e0 l\u2019action de multiples fa\u00e7ons. Qu\u2019il s\u2019agisse de manifestations audacieuses, de p\u00e9titions urgentes, de murales impressionnantes ou d\u2019actions en justice d\u00e9cisives, nous mobilisons tous les moyens \u00e0 notre disposition pour sensibiliser le public, faire pression en faveur de politiques environnementales plus robustes et demander des comptes aux personnes en position de pouvoir.<\/p>\n\n<p>Ce mois-ci, je vous pr\u00e9sente des histoires en provenance de notre r\u00e9seau qui m\u2019ont vraiment touch\u00e9e \u2013 des r\u00e9cits empreints de cr\u00e9ativit\u00e9, d\u2019intensit\u00e9 et de d\u00e9termination qui, je l\u2019esp\u00e8re, vous inspireront tout autant.<\/p>\n\n<h2 class=\"wp-block-heading has-text-align-center\">FAITS MARQUANTS<\/h2>\n\n<h3 class=\"wp-block-heading has-text-align-center\">Greenpeace Aotearoa remporte son proc\u00e8s contre le plus grand exportateur de produits laitiers au monde!<\/h3>\n\n<figure class=\"wp-block-image aligncenter size-large is-resized\"><img loading=\"lazy\" decoding=\"async\" width=\"1024\" height=\"768\" src=\"https:\/\/www.greenpeace.org\/static\/planet4-canada-stateless\/2026\/04\/4c65bbe7-gp0su5147-1024x768.jpg\" alt=\"En 2025, des activistes de Greenpeace Aotearoa (Nouvelle-Z\u00e9lande) ont occup\u00e9 l\u2019entrep\u00f4t du plus grand fournisseur de tourteau de palmiste de Fonterra.\" class=\"wp-image-74934\" style=\"width:546px;height:auto\" srcset=\"https:\/\/www.greenpeace.org\/static\/planet4-canada-stateless\/2026\/04\/4c65bbe7-gp0su5147-1024x768.jpg 1024w, https:\/\/www.greenpeace.org\/static\/planet4-canada-stateless\/2026\/04\/4c65bbe7-gp0su5147-300x225.jpg 300w, https:\/\/www.greenpeace.org\/static\/planet4-canada-stateless\/2026\/04\/4c65bbe7-gp0su5147-768x576.jpg 768w, https:\/\/www.greenpeace.org\/static\/planet4-canada-stateless\/2026\/04\/4c65bbe7-gp0su5147-1536x1152.jpg 1536w, https:\/\/www.greenpeace.org\/static\/planet4-canada-stateless\/2026\/04\/4c65bbe7-gp0su5147-453x340.jpg 453w, https:\/\/www.greenpeace.org\/static\/planet4-canada-stateless\/2026\/04\/4c65bbe7-gp0su5147.jpg 1600w\" sizes=\"auto, (max-width: 1024px) 100vw, 1024px\" \/><figcaption class=\"wp-element-caption\"><em>En 2025, des activistes de Greenpeace Aotearoa (Nouvelle-Z\u00e9lande) ont occup\u00e9 l\u2019entrep\u00f4t du plus grand fournisseur de tourteau de palmiste de Fonterra.<\/em><div class=\"credit icon-left\"> \u00a9 Greenpeace<\/div><\/figcaption><\/figure>\n\n<p>Greenpeace Aotearoa (Nouvelle-Z\u00e9lande) vient de gagner une victoire importante contre les tactiques d\u2019\u00e9coblanchiment de l\u2019industrie laiti\u00e8re intensive.<\/p>\n\n<p><strong>En 2024, l\u2019organisation a engag\u00e9 une <a href=\"https:\/\/www.greenpeace.org\/aotearoa\/press-release\/greenpeace-sues-fonterra-for-misleading-consumers-with-palm-kernel-greenwash\/\" target=\"_blank\" rel=\"noreferrer noopener\">action en justice<\/a> contre Fonterra, le g\u00e9ant laitier n\u00e9o-z\u00e9landais, pour avoir induit le public en erreur en imprimant de fausses all\u00e9gations sur les emballages de son beurre. <\/strong>Fonterra affirmait que son beurre de marque Anchor \u00e9tait \u00ab\u2009100 % n\u00e9o-z\u00e9landais\u2009\u00bb et \u00ab\u2009issu de vaches nourries \u00e0 l\u2019herbe\u2009\u00bb. En r\u00e9alit\u00e9, l\u2019alimentation de ses vaches contenait \u00e9galement du tourteau de palmiste, un aliment pour le b\u00e9tail li\u00e9 \u00e0 la destruction de la for\u00eat tropicale en Asie du Sud-Est.<\/p>\n\n<p>En avril, l\u2019affaire s\u2019est sold\u00e9e par un accord \u00e0 l\u2019amiable, et <strong>Fonterra a publiquement <a href=\"https:\/\/www.greenpeace.org\/aotearoa\/press-release\/fonterra-admits-false-100-percent-new-zealand-grass-fed-anchor-butter-claims-broke-the-law\/\" target=\"_blank\" rel=\"noreferrer noopener\">reconnu<\/a> avoir enfreint la loi.<\/strong> Cette victoire rev\u00eat une importance particuli\u00e8re, car l\u2019\u00e9coblanchiment ne fait pas que tromper les gens : il entrave toute action climatique concr\u00e8te en donnant l\u2019illusion d\u2019un progr\u00e8s. C\u2019est pourquoi il est essentiel de contester les all\u00e9gations environnementales vagues, fausses ou mensong\u00e8res d\u00e8s qu\u2019elles font surface.<\/p>\n\n<p><em>Continuons d\u2019avancer!<\/em><\/p>\n\n<div style=\"height:15px\" aria-hidden=\"true\" class=\"wp-block-spacer\"><\/div>\n\n<hr class=\"wp-block-separator has-alpha-channel-opacity\" \/>\n\n<div style=\"height:10px\" aria-hidden=\"true\" class=\"wp-block-spacer\"><\/div>\n\n<h3 class=\"wp-block-heading has-text-align-center\">Greenpeace Afrique conclut un accord de collaboration officiel avec le minist\u00e8re sud-africain de l\u2019Eau et de l\u2019Assainissement<\/h3>\n\n<figure class=\"wp-block-image aligncenter size-large is-resized\"><img loading=\"lazy\" decoding=\"async\" width=\"1024\" height=\"683\" src=\"https:\/\/www.greenpeace.org\/static\/planet4-canada-stateless\/2026\/04\/a6f6affe-gp0su6xlz-1024x683.jpg\" alt=\"En 2025, Greenpeace Afrique a march\u00e9 aux c\u00f4t\u00e9s d\u2019autres organisations de la soci\u00e9t\u00e9 civile pour remettre un m\u00e9morandum au maire de Johannesburg, appelant le gouvernement \u00e0 faire preuve de responsabilit\u00e9 et de transparence en ce qui concerne la transition \u00e9nerg\u00e9tique, l\u2019acc\u00e8s \u00e0 l\u2019eau potable et la protection de l\u2019environnement.\n\" class=\"wp-image-74902\" style=\"aspect-ratio:1.5000318451054073;width:557px;height:auto\" srcset=\"https:\/\/www.greenpeace.org\/static\/planet4-canada-stateless\/2026\/04\/a6f6affe-gp0su6xlz-1024x683.jpg 1024w, https:\/\/www.greenpeace.org\/static\/planet4-canada-stateless\/2026\/04\/a6f6affe-gp0su6xlz-300x200.jpg 300w, https:\/\/www.greenpeace.org\/static\/planet4-canada-stateless\/2026\/04\/a6f6affe-gp0su6xlz-768x512.jpg 768w, https:\/\/www.greenpeace.org\/static\/planet4-canada-stateless\/2026\/04\/a6f6affe-gp0su6xlz-1536x1024.jpg 1536w, https:\/\/www.greenpeace.org\/static\/planet4-canada-stateless\/2026\/04\/a6f6affe-gp0su6xlz-2048x1366.jpg 2048w, https:\/\/www.greenpeace.org\/static\/planet4-canada-stateless\/2026\/04\/a6f6affe-gp0su6xlz-510x340.jpg 510w\" sizes=\"auto, (max-width: 1024px) 100vw, 1024px\" \/><figcaption class=\"wp-element-caption\"><em>En 2025, Greenpeace Afrique a march\u00e9 aux c\u00f4t\u00e9s d\u2019autres organisations de la soci\u00e9t\u00e9 civile pour remettre un m\u00e9morandum au maire de Johannesburg, appelant le gouvernement \u00e0 faire preuve de responsabilit\u00e9 et de transparence en ce qui concerne la transition \u00e9nerg\u00e9tique, l\u2019acc\u00e8s \u00e0 l\u2019eau potable et la protection de l\u2019environnement.<\/em><br><br>\u00a9 Greenpeace \/ Tumelo Mohlamonyane<\/figcaption><\/figure>\n\n<p><strong>Greenpeace Afrique m\u00e8ne une campagne audacieuse pour sensibiliser \u00e0 la crise de l\u2019eau en Afrique du Sud.<\/strong><\/p>\n\n<p>Bien que la r\u00e9gion ait connu l\u2019une des pires inondations de son histoire il y a quelques mois, les robinets sont \u00e0 sec \u00e0 travers le pays. Comme l\u2019<a href=\"https:\/\/www.greenpeace.org\/international\/story\/81923\/south-africa-water-crisis-after-historic-floods\/\" target=\"_blank\" rel=\"noreferrer noopener\">\u00e9crit<\/a> Angelo Louw, un \u00e9diteur de contenu pour Greenpeace International \u00e9tabli \u00e0 Johannesbourg, \u00ab\u2009les crises de l\u2019eau en Afrique du Sud montrent ce qui se passe lorsque les gens doivent composer avec des conditions climatiques difficiles et des syst\u00e8mes v\u00e9tustes\u2009\u00bb. En d\u2019autres termes, les changements climatiques sont la cause premi\u00e8re de la p\u00e9nurie d\u2019eau, tandis que les infrastructures vieillissantes et une mauvaise gestion contribuent \u00e0 l\u2019aggraver.<\/p>\n\n<p>En r\u00e9ponse, Greenpeace Afrique s\u2019est rendue sur le terrain pour documenter les r\u00e9alit\u00e9s de la population locale et soutenir les mouvements communautaires appelant \u00e0 l\u2019adoption de mesures urgentes et une v\u00e9ritable responsabilisation. Dans le cadre d\u2019une action percutante, des b\u00e9n\u00e9voles ont apport\u00e9 un verre d\u2019eau sale aux bureaux du minist\u00e8re en posant une question simple aux fonctionnaires&nbsp;: \u00ab\u2009Accepteriez-vous de boire cela?\u2009\u00bb<\/p>\n\n<p><strong>Et cette mobilisation a port\u00e9 ses fruits.<\/strong><\/p>\n\n<p><strong>Le minist\u00e8re de l\u2019Eau et de l\u2019Assainissement a invit\u00e9 Greenpeace Afrique <\/strong>\u00e0 contribuer \u00e0 la r\u00e9ponse nationale du pays en mati\u00e8re de climat et \u00e0 nommer un ou une \u00ab\u2009champion\u00b7ne de la lutte contre les changements climatiques\u2009\u00bb, qui collaborera directement avec le gouvernement.<strong> <\/strong>C\u2019est Cynthia Moyo, charg\u00e9e de campagne Climat et \u00c9nergie chez Greenpeace Afrique, qui assumera ce r\u00f4le essentiel.<\/p>\n\n<p>Cette initiative marque une avanc\u00e9e consid\u00e9rable dans l\u2019implication de Greenpeace Afrique dans l\u2019\u00e9laboration des politiques relatives \u00e0 l\u2019eau et au climat. Elle d\u00e9montre \u00e9galement ce qu\u2019il est possible d\u2019accomplir gr\u00e2ce \u00e0 un engagement \u00e0 long terme, \u00e0 des campagnes strat\u00e9giques et \u00e0 des partenariats \u00e9troits entre la soci\u00e9t\u00e9 civile et les instances gouvernementales.<\/p>\n\n<p><strong>Une telle r\u00e9ussite incarne parfaitement notre objectif principal&nbsp;: transformer l\u2019ambition politique en action climatique concr\u00e8te au profit des communaut\u00e9s.<\/strong><\/p>\n\n<div style=\"height:10px\" aria-hidden=\"true\" class=\"wp-block-spacer\"><\/div>\n\n<hr class=\"wp-block-separator has-alpha-channel-opacity is-style-wide\" \/>\n\n<h2 class=\"wp-block-heading has-text-align-center\">SUR LE TERRAIN<\/h2>\n\n<figure class=\"wp-block-image aligncenter size-large is-resized\"><img loading=\"lazy\" decoding=\"async\" width=\"1024\" height=\"683\" src=\"https:\/\/www.greenpeace.org\/static\/planet4-canada-stateless\/2026\/04\/707f2c39-gp0su8p14-1024x683.jpg\" alt=\"L\u2019Arctic Sunrise a rejoint la flottille mondiale du Sumud, un rassemblement de plus de 70 navires ayant pris la mer en direction de Gaza pour d\u00e9fier le blocus impos\u00e9 par Isra\u00ebl.\" class=\"wp-image-74922\" style=\"aspect-ratio:1.4993109784106569;width:508px;height:auto\" srcset=\"https:\/\/www.greenpeace.org\/static\/planet4-canada-stateless\/2026\/04\/707f2c39-gp0su8p14-1024x683.jpg 1024w, https:\/\/www.greenpeace.org\/static\/planet4-canada-stateless\/2026\/04\/707f2c39-gp0su8p14-300x200.jpg 300w, https:\/\/www.greenpeace.org\/static\/planet4-canada-stateless\/2026\/04\/707f2c39-gp0su8p14-768x512.jpg 768w, https:\/\/www.greenpeace.org\/static\/planet4-canada-stateless\/2026\/04\/707f2c39-gp0su8p14-1536x1024.jpg 1536w, https:\/\/www.greenpeace.org\/static\/planet4-canada-stateless\/2026\/04\/707f2c39-gp0su8p14-2048x1366.jpg 2048w, https:\/\/www.greenpeace.org\/static\/planet4-canada-stateless\/2026\/04\/707f2c39-gp0su8p14-510x340.jpg 510w\" sizes=\"auto, (max-width: 1024px) 100vw, 1024px\" \/><figcaption class=\"wp-element-caption\">L\u2019Arctic Sunrise a rejoint la flottille mondiale du Sumud, un rassemblement de plus de 70 navires ayant pris la mer en direction de Gaza pour d\u00e9fier le blocus impos\u00e9 par Isra\u00ebl.<br><br>\u00a9 Max Cavallari \/ Greenpeace<br><br><\/figcaption><\/figure>\n\n<p><em>De <strong>Pujarini Sen,<\/strong> responsable de projet \u00e0 bord de l\u2019Arctic Sunrise :<\/em><\/p>\n\n<p>Le navire Arctic Sunrise de Greenpeace a rejoint la flottille mondiale du Sumud pour appuyer une mission citoyenne pacifique qui conteste le blocus de Gaza et exige un acc\u00e8s s\u00fbr et sans entrave aux c\u00f4tes gazaouies pour acheminer une aide humanitaire.<\/p>\n\n<p>Le r\u00f4le du navire est clair : fournir un soutien maritime technique et op\u00e9rationnel \u00e0 la flottille et l\u2019aider \u00e0 traverser la M\u00e9diterran\u00e9e en s\u00e9curit\u00e9 avant de parcourir les 200 derniers milles nautiques jusqu\u2019aux c\u00f4tes de Gaza.<\/p>\n\n<p>Cet acte de solidarit\u00e9, de soutien pratique et de r\u00e9sistance non violente repose sur la conviction que, lorsque les gouvernements ne prot\u00e8gent pas la vie ni ne respectent le droit international, la mobilisation citoyenne s\u2019impose.<\/p>\n\n<div class=\"wp-block-buttons is-content-justification-center is-layout-flex wp-container-core-buttons-is-layout-16018d1d wp-block-buttons-is-layout-flex\">\n<div class=\"wp-block-button is-style-secondary\"><a class=\"wp-block-button__link wp-element-button\" href=\"https:\/\/www.greenpeace.org\/canada\/fr\/histoire\/74970\/pourquoi-un-navire-de-greenpeace-a-rejoint-la-flottille-mondiale-en-direction-de-gaza\/\" target=\"_blank\" rel=\"noreferrer noopener\">EN SAVOIR PLUS<\/a><\/div>\n<\/div>\n\n<div style=\"height:25px\" aria-hidden=\"true\" class=\"wp-block-spacer\"><\/div>\n\n<hr class=\"wp-block-separator has-alpha-channel-opacity is-style-wide\" \/>\n\n<h5 class=\"wp-block-heading has-text-align-center\">LE SAVIEZ-VOUS?<\/h5>\n\n<p class=\"has-text-align-center\">Vous pouvez vous tenir au courant des op\u00e9rations de nos navires!<\/p>\n\n<div class=\"wp-block-buttons is-content-justification-center is-layout-flex wp-container-core-buttons-is-layout-16018d1d wp-block-buttons-is-layout-flex\">\n<div class=\"wp-block-button\"><a class=\"wp-block-button__link has-text-align-center wp-element-button\" href=\"https:\/\/www.greenpeace.org\/international\/about\/ships\/\" target=\"_blank\" rel=\"noreferrer noopener\">POSITIONNEMENT DE NOTRE FLOTTE<\/a><\/div>\n<\/div>\n\n<div style=\"height:5px\" aria-hidden=\"true\" class=\"wp-block-spacer\"><\/div>\n\n<hr class=\"wp-block-separator has-alpha-channel-opacity is-style-wide\" \/>\n\n<h2 class=\"wp-block-heading has-text-align-center\">PUBLICATION R\u00c9CENTE<\/h2>\n\n<figure class=\"wp-block-image aligncenter size-large is-resized\"><img loading=\"lazy\" decoding=\"async\" width=\"724\" height=\"1024\" src=\"https:\/\/www.greenpeace.org\/static\/planet4-canada-stateless\/2026\/04\/86e82e47-screenshot-2026-04-29-at-3.19.36-pm-724x1024.png\" alt=\"\" class=\"wp-image-74926\" style=\"aspect-ratio:0.7066942719116632;width:225px;height:auto\" srcset=\"https:\/\/www.greenpeace.org\/static\/planet4-canada-stateless\/2026\/04\/86e82e47-screenshot-2026-04-29-at-3.19.36-pm-724x1024.png 724w, https:\/\/www.greenpeace.org\/static\/planet4-canada-stateless\/2026\/04\/86e82e47-screenshot-2026-04-29-at-3.19.36-pm-212x300.png 212w, https:\/\/www.greenpeace.org\/static\/planet4-canada-stateless\/2026\/04\/86e82e47-screenshot-2026-04-29-at-3.19.36-pm-768x1087.png 768w, https:\/\/www.greenpeace.org\/static\/planet4-canada-stateless\/2026\/04\/86e82e47-screenshot-2026-04-29-at-3.19.36-pm-240x340.png 240w, https:\/\/www.greenpeace.org\/static\/planet4-canada-stateless\/2026\/04\/86e82e47-screenshot-2026-04-29-at-3.19.36-pm.png 824w\" sizes=\"auto, (max-width: 724px) 100vw, 724px\" \/><\/figure>\n\n<p class=\"has-text-align-center\">Un nouveau rapport publi\u00e9 par Greenpeace Canada fait le point sur les pr\u00e9occupations juridiques concernant les d\u00e9marches entreprises par The Metals Company (TMC) pour ouvrir les grands fonds \u00e0 l\u2019exploitation mini\u00e8re. Intitul\u00e9 <em>Faire main basse sur la haute mer : l\u2019imbroglio juridique de The Metals Company<\/em>, il r\u00e9v\u00e8le que cette soci\u00e9t\u00e9 mini\u00e8re bas\u00e9e \u00e0 Vancouver contourne \u2013 et donc enfreint potentiellement \u2013 le droit international en recourant \u00e0 la voie r\u00e9glementaire am\u00e9ricaine pour obtenir des licences et des permis afin de commencer \u00e0 extraire des min\u00e9raux du plancher oc\u00e9anique.<\/p>\n\n<div class=\"wp-block-buttons is-content-justification-center is-layout-flex wp-container-core-buttons-is-layout-16018d1d wp-block-buttons-is-layout-flex\">\n<div class=\"wp-block-button is-style-secondary\"><a class=\"wp-block-button__link wp-element-button\" href=\"https:\/\/www.greenpeace.org\/canada\/fr\/publications\/74773\/rapport-exploitation-miniere-en-eaux-profondes-tmc-2026\/\" target=\"_blank\" rel=\"noreferrer noopener\">LIRE LE RAPPORT<\/a><\/div>\n<\/div>\n\n<hr class=\"wp-block-separator has-alpha-channel-opacity is-style-wide\" \/>\n\n<h2 class=\"wp-block-heading has-text-align-center\">PHOTO DU MOIS<\/h2>\n\n<figure class=\"wp-block-image aligncenter size-large is-resized\"><img loading=\"lazy\" decoding=\"async\" width=\"1024\" height=\"683\" src=\"https:\/\/www.greenpeace.org\/static\/planet4-canada-stateless\/2026\/04\/753eac6b-gp0su8co3-1024x683.jpg\" alt=\"Des activistes de Greenpeace Andino ont manifest\u00e9 \u00e0 l\u2019entr\u00e9e du Congr\u00e8s de la Nation argentine, situ\u00e9 \u00e0 Buenos Aires. \" class=\"wp-image-74890\" style=\"width:610px;height:auto\" srcset=\"https:\/\/www.greenpeace.org\/static\/planet4-canada-stateless\/2026\/04\/753eac6b-gp0su8co3-1024x683.jpg 1024w, https:\/\/www.greenpeace.org\/static\/planet4-canada-stateless\/2026\/04\/753eac6b-gp0su8co3-300x200.jpg 300w, https:\/\/www.greenpeace.org\/static\/planet4-canada-stateless\/2026\/04\/753eac6b-gp0su8co3-768x512.jpg 768w, https:\/\/www.greenpeace.org\/static\/planet4-canada-stateless\/2026\/04\/753eac6b-gp0su8co3-1536x1024.jpg 1536w, https:\/\/www.greenpeace.org\/static\/planet4-canada-stateless\/2026\/04\/753eac6b-gp0su8co3-2048x1366.jpg 2048w, https:\/\/www.greenpeace.org\/static\/planet4-canada-stateless\/2026\/04\/753eac6b-gp0su8co3-510x340.jpg 510w\" sizes=\"auto, (max-width: 1024px) 100vw, 1024px\" \/><figcaption class=\"wp-element-caption\">\u00a9 Martin Katz \/ Greenpeace<\/figcaption><\/figure>\n\n<p class=\"has-text-align-center\">Des activistes de Greenpeace Andino ont manifest\u00e9 \u00e0 l\u2019entr\u00e9e du Congr\u00e8s de la Nation argentine, situ\u00e9 \u00e0 Buenos Aires. \u00c0 travers cette action cr\u00e9ative, Greenpeace souhaitait attirer l\u2019attention sur la r\u00e9forme de la loi sur les glaciers entreprise par le gouvernement argentin et les graves cons\u00e9quences que cela pourrait avoir sur la s\u00e9curit\u00e9 de l\u2019approvisionnement en eau du pays. En r\u00e9sum\u00e9, cette r\u00e9forme l\u00e9gislative assouplirait les protections environnementales pour permettre la r\u00e9alisation d\u2019activit\u00e9s extractivistes (principalement l\u2019exploitation mini\u00e8re) dans des zones qui \u00e9taient prot\u00e9g\u00e9es avant la r\u00e9forme, y compris des r\u00e9gions glaciaires et p\u00e9riglaciaires. En signe de protestation, les personnes prenant part \u00e0 l\u2019action se sont assises sur des toilettes pour demander aux s\u00e9nateur\u00b7rices \u00ab\u2009de ne pas d\u00e9f\u00e9quer dans l\u2019eau\u2009\u00bb.<\/p>\n\n<div style=\"height:35px\" aria-hidden=\"true\" class=\"wp-block-spacer\"><\/div>\n","protected":false},"excerpt":{"rendered":"<p>D\u00e9couvrez les changements auxquels Greenpeace et ses partenaires ont contribu\u00e9 au cours des derni\u00e8res semaines!<\/p>\n","protected":false},"author":124,"featured_media":74902,"comment_status":"closed","ping_status":"open","sticky":false,"template":"","format":"standard","meta":{"ep_exclude_from_search":false,"p4_og_title":"","p4_og_description":"","p4_og_image":"","p4_og_image_id":"","p4_seo_canonical_url":"","p4_campaign_name":"","p4_local_project":"","p4_basket_name":"","p4_department":"","footnotes":""},"categories":[20,19,172],"tags":[41,37,44,157,50,51],"p4-page-type":[155],"class_list":["post-74925","post","type-post","status-publish","format-standard","has-post-thumbnail","hentry","category-climat","category-nature-fr","category-oceans-fr","tag-climat","tag-actionspacifiques","tag-navires","tag-biodiversite","tag-soutenirgreenpeace","tag-victoires","p4-page-type-histoire"],"_links":{"self":[{"href":"https:\/\/www.greenpeace.org\/canada\/fr\/wp-json\/wp\/v2\/posts\/74925","targetHints":{"allow":["GET"]}}],"collection":[{"href":"https:\/\/www.greenpeace.org\/canada\/fr\/wp-json\/wp\/v2\/posts"}],"about":[{"href":"https:\/\/www.greenpeace.org\/canada\/fr\/wp-json\/wp\/v2\/types\/post"}],"author":[{"embeddable":true,"href":"https:\/\/www.greenpeace.org\/canada\/fr\/wp-json\/wp\/v2\/users\/124"}],"replies":[{"embeddable":true,"href":"https:\/\/www.greenpeace.org\/canada\/fr\/wp-json\/wp\/v2\/comments?post=74925"}],"version-history":[{"count":18,"href":"https:\/\/www.greenpeace.org\/canada\/fr\/wp-json\/wp\/v2\/posts\/74925\/revisions"}],"predecessor-version":[{"id":74998,"href":"https:\/\/www.greenpeace.org\/canada\/fr\/wp-json\/wp\/v2\/posts\/74925\/revisions\/74998"}],"wp:featuredmedia":[{"embeddable":true,"href":"https:\/\/www.greenpeace.org\/canada\/fr\/wp-json\/wp\/v2\/media\/74902"}],"wp:attachment":[{"href":"https:\/\/www.greenpeace.org\/canada\/fr\/wp-json\/wp\/v2\/media?parent=74925"}],"wp:term":[{"taxonomy":"category","embeddable":true,"href":"https:\/\/www.greenpeace.org\/canada\/fr\/wp-json\/wp\/v2\/categories?post=74925"},{"taxonomy":"post_tag","embeddable":true,"href":"https:\/\/www.greenpeace.org\/canada\/fr\/wp-json\/wp\/v2\/tags?post=74925"},{"taxonomy":"p4-page-type","embeddable":true,"href":"https:\/\/www.greenpeace.org\/canada\/fr\/wp-json\/wp\/v2\/p4-page-type?post=74925"}],"curies":[{"name":"wp","href":"https:\/\/api.w.org\/{rel}","templated":true}]}}