{"id":74970,"date":"2026-04-27T14:57:08","date_gmt":"2026-04-27T18:57:08","guid":{"rendered":"https:\/\/www.greenpeace.org\/canada\/?p=74970"},"modified":"2026-04-30T15:06:20","modified_gmt":"2026-04-30T19:06:20","slug":"pourquoi-un-navire-de-greenpeace-a-rejoint-la-flottille-mondiale-en-direction-de-gaza","status":"publish","type":"post","link":"https:\/\/www.greenpeace.org\/canada\/fr\/histoire\/74970\/pourquoi-un-navire-de-greenpeace-a-rejoint-la-flottille-mondiale-en-direction-de-gaza\/","title":{"rendered":"Pourquoi un navire de Greenpeace a rejoint la flottille mondiale en direction de Gaza"},"content":{"rendered":"\n<p>L\u2019<em>Arctic Sunrise<\/em> de Greenpeace s\u2019est joint \u00e0 la flottille du Sumud pour soutenir une mission civile pacifique visant \u00e0 contester le blocus de Gaza et \u00e0 exiger un acc\u00e8s humanitaire s\u00fbr et sans entrave \u00e0 ses c\u00f4tes.<\/p>\n\n<p><strong>Mise \u00e0 jour du 26\u00a0avril 2026 | L\u2019<em>Arctic Sunrise<\/em>quitte Syracuse, en Italie, avec la flottille mondiale du Sumud<\/strong><\/p>\n\n<p>L\u2019<em>Arctic Sunrise<\/em> a quitt\u00e9 Syracuse, en Italie, aux c\u00f4t\u00e9s de la flottille mondiale du Sumud, qui continue sa travers\u00e9e vers l\u2019est en mer M\u00e9diterran\u00e9e. Avec plus de 50&nbsp;bateaux, il s\u2019agit de la plus grande flottille jamais constitu\u00e9e pour briser le si\u00e8ge, et d\u2019autres navires devraient s\u2019y joindre en cours de route.<\/p>\n\n<p>De concert avec l\u2019organisation de sauvetage humanitaire <a href=\"https:\/\/www.openarms.es\/fr\">Open Arms<\/a>, notre \u00e9quipage se relaie jour et nuit pour maintenir la flottille op\u00e9rationnelle, en effectuant des r\u00e9parations m\u00e9caniques sur les moteurs, en r\u00e9tablissant les r\u00e9seaux \u00e9lectriques, en livrant des vivres et en transf\u00e9rant des m\u00e9decins d\u2019un navire \u00e0 l\u2019autre. Nos \u00e9quipes encha\u00eenent les op\u00e9rations de remorquage et les transferts rapides, apportant leur soutien l\u00e0 o\u00f9 il est le plus n\u00e9cessaire.<\/p>\n\n<p>Le r\u00f4le de notre navire est clair\u00a0: fournir un soutien maritime technique et op\u00e9rationnel \u00e0 la <a href=\"https:\/\/globalsumudflotilla.org\/press\/multilingual-global-sumud-flotilla-to-depart-from-barcelona-largest-mission-in-history-to-challenge-israels-gaza-siege\/\">flottille<\/a> et l\u2019aider \u00e0 traverser la M\u00e9diterran\u00e9e en s\u00e9curit\u00e9 avant de parcourir les 200\u00a0derniers milles nautiques jusqu\u2019\u00e0 Gaza.<\/p>\n\n<figure class=\"wp-block-image size-full\"><img loading=\"lazy\" decoding=\"async\" width=\"1024\" height=\"683\" src=\"https:\/\/www.greenpeace.org\/static\/planet4-canada-stateless\/2026\/04\/f0887f47-image.jpeg\" alt=\"\" class=\"wp-image-74972\" srcset=\"https:\/\/www.greenpeace.org\/static\/planet4-canada-stateless\/2026\/04\/f0887f47-image.jpeg 1024w, https:\/\/www.greenpeace.org\/static\/planet4-canada-stateless\/2026\/04\/f0887f47-image-300x200.jpeg 300w, https:\/\/www.greenpeace.org\/static\/planet4-canada-stateless\/2026\/04\/f0887f47-image-768x512.jpeg 768w, https:\/\/www.greenpeace.org\/static\/planet4-canada-stateless\/2026\/04\/f0887f47-image-510x340.jpeg 510w\" sizes=\"auto, (max-width: 1024px) 100vw, 1024px\" \/><figcaption class=\"wp-element-caption\"><em>Les navires de la flottille mondiale du Sumud se rassemblent dans le port de Barcelone avant leur d\u00e9part pr\u00e9vu vers Gaza, en avril 2026. \u00a9 Flottille mondiale du Sumud<\/em><\/figcaption><\/figure>\n\n<p>Il s\u2019agit d\u2019un acte de solidarit\u00e9, de soutien et de r\u00e9sistance non violente, n\u00e9 de la conviction que, <a href=\"https:\/\/www.greenpeace.org\/international\/story\/49721\/story-italy-single-use-plastic-bottle-toxic-fossil-fuels\/\">lorsque les gouvernements ne prot\u00e8gent pas la vie ni ne respectent le droit international<\/a>, la mobilisation citoyenne devient un devoir.<\/p>\n\n<p>Cette mission s\u2019inscrit dans le sillage des <a href=\"https:\/\/www.aljazeera.com\/opinions\/2025\/9\/7\/why-we-are-sailing-to-gaza-on-the-global-sumud-flotilla\">efforts d\u00e9ploy\u00e9s par les flottilles pr\u00e9c\u00e9dentes pour briser l\u2019isolement impos\u00e9 \u00e0 la bande de Gaza<\/a>. En 2024 et 2025, des flottilles ont d\u00e9fi\u00e9 le blocus et attir\u00e9 l\u2019attention du monde entier sur la crise humanitaire en cours. En septembre 2025, celle du Sumud a pris la mer avec 42&nbsp;bateaux et 462&nbsp;personnes, avant que l\u2019<a href=\"https:\/\/www.greenpeace.org\/international\/press-release\/78976\/greenpeace-calls-peaceful-aid-mission-continue\/\">arm\u00e9e isra\u00e9lienne ne l\u2019intercepte \u00e0 environ 70&nbsp;milles nautiques de Gaza<\/a>, coupant les communications et brouillant les signaux des navires.<\/p>\n\n<p>La flottille de 2026 est anim\u00e9e par le m\u00eame esprit de r\u00e9sistance civile, d\u00e9sormais renforc\u00e9 par une d\u00e9termination renouvel\u00e9e \u00e0 <a href=\"http:\/\/www.apple.com\">exiger la justice et un acc\u00e8s humanitaire aux c\u00f4tes de la bande de Gaza<\/a>.<\/p>\n\n<figure class=\"wp-block-image size-full\"><img loading=\"lazy\" decoding=\"async\" width=\"1024\" height=\"683\" src=\"https:\/\/www.greenpeace.org\/static\/planet4-canada-stateless\/2026\/04\/548ffaac-image.jpeg\" alt=\"\" class=\"wp-image-74975\" srcset=\"https:\/\/www.greenpeace.org\/static\/planet4-canada-stateless\/2026\/04\/548ffaac-image.jpeg 1024w, https:\/\/www.greenpeace.org\/static\/planet4-canada-stateless\/2026\/04\/548ffaac-image-300x200.jpeg 300w, https:\/\/www.greenpeace.org\/static\/planet4-canada-stateless\/2026\/04\/548ffaac-image-768x512.jpeg 768w, https:\/\/www.greenpeace.org\/static\/planet4-canada-stateless\/2026\/04\/548ffaac-image-510x340.jpeg 510w\" sizes=\"auto, (max-width: 1024px) 100vw, 1024px\" \/><figcaption class=\"wp-element-caption\"><em>Membres de l\u2019\u00e9quipage sur le pont de l\u2019Arctic Sunrise dans l\u2019oc\u00e9an Pacifique, entre les Gal\u00e1pagos et l\u2019\u00c9quateur. \u00a9 Tom\u00e1s Munita \/ Greenpeace<\/em><\/figcaption><\/figure>\n\n<h2 class=\"wp-block-heading\"><strong>Le c\u0153ur de l\u2019enjeu<\/strong><\/h2>\n\n<p>Gaza est confront\u00e9e \u00e0 un niveau de destruction et de mortalit\u00e9 difficile \u00e0 appr\u00e9hender. Entre le 7\u00a0octobre 2023 et le 14\u00a0janvier 2026, 71\u2009439\u00a0personnes palestiniennes ont \u00e9t\u00e9 tu\u00e9es et 171\u2009324 bless\u00e9es, d\u2019apr\u00e8s les chiffres du minist\u00e8re de la Sant\u00e9 de Gaza rapport\u00e9s par le <a href=\"https:\/\/www.ochaopt.org\/content\/humanitarian-situation-update-353-gaza-strip\">Bureau de la coordination des affaires humanitaires des Nations Unies<\/a> (OCHA).<\/p>\n\n<p>\u00c0 la mi-f\u00e9vrier\u00a02026, <a href=\"https:\/\/www.unrwa.org\/resources\/reports\/unrwa-situation-report-209-humanitarian-crisis-gaza-strip-and-occupied-west-bank#:~:text=As%2520of%252011%2520February,%2520at,the%2520Site%2520Management%2520and%2520Protection\">environ 1,4 million des 2,1\u00a0millions de personnes vivant \u00e0 Gaza avaient \u00e9t\u00e9 d\u00e9plac\u00e9es<\/a>, beaucoup \u00e9tant r\u00e9parties dans quelque 1\u2009000\u00a0campements de fortune. M\u00eame apr\u00e8s l\u2019annonce du \u00ab\u2009cessez-le-feu\u2009\u00bb en octobre 2025, des centaines de morts suppl\u00e9mentaires ont \u00e9t\u00e9 signal\u00e9es par l\u2019OCHA, pour un <a href=\"http:\/\/www.apple.com\">total de 689\u00a0victimes additionnelles recens\u00e9es \u00e0 la fin du mois de mars 2026<\/a>.<\/p>\n\n<p>Le <a href=\"https:\/\/www.ohchr.org\/en\/press-releases\/2025\/09\/israel-has-committed-genocide-gaza-strip-un-commission-finds\">g\u00e9nocide \u00e0 Gaza<\/a> a aussi \u00e9t\u00e9 ponctu\u00e9 par les meurtres de personnes venues pour sauver des vies et informer le monde de ce qui se passe, \u00e0 savoir les travailleur\u00b7ses humanitaires ainsi que les journalistes.<\/p>\n\n<figure class=\"wp-block-image size-full\"><img loading=\"lazy\" decoding=\"async\" width=\"819\" height=\"1024\" src=\"https:\/\/www.greenpeace.org\/static\/planet4-canada-stateless\/2026\/04\/85272a28-image.jpeg\" alt=\"\" class=\"wp-image-74979\" srcset=\"https:\/\/www.greenpeace.org\/static\/planet4-canada-stateless\/2026\/04\/85272a28-image.jpeg 819w, https:\/\/www.greenpeace.org\/static\/planet4-canada-stateless\/2026\/04\/85272a28-image-240x300.jpeg 240w, https:\/\/www.greenpeace.org\/static\/planet4-canada-stateless\/2026\/04\/85272a28-image-768x960.jpeg 768w, https:\/\/www.greenpeace.org\/static\/planet4-canada-stateless\/2026\/04\/85272a28-image-272x340.jpeg 272w\" sizes=\"auto, (max-width: 819px) 100vw, 819px\" \/><figcaption class=\"wp-element-caption\"><em>Un v\u00e9hicule \u00e9lectrique lou\u00e9 par Greenpeace Royaume-Uni circule dans les rues de Westminster pour attirer l\u2019attention sur les morts et les violences qui continuent \u00e0 se produire \u00e0 Gaza malgr\u00e9 les 100\u00a0jours de cessez-le-feu. \u00a9 Isabelle Rose Povey \/ Greenpeace<\/em><\/figcaption><\/figure>\n\n<p>Amnesty International estime qu\u2019au moins <a href=\"https:\/\/www.amnesty.org\/fr\/latest\/news\/2025\/04\/israel-opt-investigate-killings-of-paramedics-and-rescue-workers-in-gaza\/\">408&nbsp;travailleuses et travailleurs humanitaires ont \u00e9t\u00e9 tu\u00e9s<\/a> \u00e0 Gaza depuis le 7&nbsp;octobre 2023, dont au moins 280&nbsp;membres du personnel de l\u2019UNRWA et 34&nbsp;membres du personnel de la Soci\u00e9t\u00e9 du Croissant-Rouge palestinien. Le site d\u2019information The New Humanitarian a qualifi\u00e9 <a href=\"https:\/\/www.thenewhumanitarian.org\/maps-and-graphics\/2024\/03\/21\/behind-numbers-gaza-unprecedented-aid-worker-death-toll\">ce bilan de sans pr\u00e9c\u00e9dent<\/a>, soulignant qu\u2019en l\u2019espace de trois mois seulement, davantage de personnel humanitaire a \u00e9t\u00e9 tu\u00e9 dans la r\u00e9gion qu\u2019au cours de l\u2019ann\u00e9e la plus meurtri\u00e8re jamais enregistr\u00e9e pour les travailleur\u00b7ses humanitaires dans le monde.<\/p>\n\n<p>Les groupes de d\u00e9fense de la libert\u00e9 de la presse ont d\u00e9clar\u00e9 qu\u2019il s\u2019agissait du <a href=\"http:\/\/www.apple.com\">conflit le plus meurtrier pour les journalistes<\/a> depuis que le Comit\u00e9 pour la protection des journalistes (CPJ) a commenc\u00e9 \u00e0 enregistrer de telles donn\u00e9es en 1992, et un appel public lanc\u00e9 en juin 2025 a indiqu\u00e9 que l\u2019arm\u00e9e isra\u00e9lienne avait tu\u00e9 pr\u00e8s de <a href=\"https:\/\/rsf.org\/fr\/plus-de-130-organisations-et-m%C3%A9dias-avec-rsf-et-cpj-appellent-%C3%A0-louverture-de-gaza-aux-journalistes\">200&nbsp;journalistes au cours des 20&nbsp;derniers mois<\/a>.<\/p>\n\n<p>Au sein du territoire restreint et dens\u00e9ment peupl\u00e9 de Gaza, l\u2019ampleur des d\u00e9placements, de la faim, des meurtres au sein de la population civile et des attaques contre les m\u00e9decins, les travailleur\u00b7ses humanitaires et les journalistes est devenue une caract\u00e9ristique d\u00e9terminante de la guerre. <a href=\"https:\/\/www.greenpeace.org\/international\/story\/82573\/lebanon-netanyahu-israel-war-middle-east\/\">Et cette r\u00e9alit\u00e9 s\u2019\u00e9tend \u00e9galement aux pays voisins<\/a>.<\/p>\n\n<p>Comme le souligne Ghiwa Nakat, directrice g\u00e9n\u00e9rale de Greenpeace Moyen-Orient et Afrique du Nord, \u00ab\u2009La d\u00e9vastation inflig\u00e9e \u00e0 Gaza a engendr\u00e9 une dangereuse doctrine de l\u2019impunit\u00e9 qui se r\u00e9percute d\u00e9sormais au Liban \u00e0 travers des massacres, une destruction incessante et des souffrances humaines de plus en plus grandes. Le navire de Greenpeace se joint \u00e0 cette mission citoyenne pour exiger un acc\u00e8s humanitaire s\u00fbr et sans entrave aux c\u00f4tes de Gaza et contester le blocus ill\u00e9gal qui continue de peser sur la population civile. Nous d\u00e9non\u00e7ons fermement les crimes de guerre, la famine d\u00e9lib\u00e9r\u00e9e, le g\u00e9nocide et l\u2019\u00e9cocide. Cette flottille appelle les gouvernements du monde entier \u00e0 rompre leur silence, \u00e0 prot\u00e9ger l\u2019action humanitaire et \u00e0 agir de toute urgence pour faire respecter le droit international, la dignit\u00e9 humaine et la justice.\u2009\u00bb.<\/p>\n\n<h2 class=\"wp-block-heading\"><strong>La guerre bouleverse les vies, les \u00e9cosyst\u00e8mes et les r\u00e9gions<\/strong><\/h2>\n\n<p>La guerre ne d\u00e9truit pas seulement les maisons et les familles. Elle empoisonne la terre et l\u2019eau, d\u00e9truit les syst\u00e8mes alimentaires, engendre des montagnes de d\u00e9combres toxiques et transforme les efforts de reconstruction en une <a href=\"https:\/\/www.greenpeace.org\/international\/story\/68057\/scorched-earth-making-gaza-uninhabitable-for-generations-to-come\/\">lutte qui peut s\u2019\u00e9tendre sur plusieurs g\u00e9n\u00e9rations<\/a>.<\/p>\n\n<p>Une \u00e9tude estime que les 120\u00a0premiers jours de guerre ont <a href=\"https:\/\/www.qmul.ac.uk\/news\/latest-news\/2024\/hss\/new-study-reveals-substantial-carbon-emissions-from-the-ongoing-israel-gaza-conflict.html\">g\u00e9n\u00e9r\u00e9 en moyenne 536\u2009410\u00a0tonnes d\u2019\u00e9quivalent dioxyde de carbone, dont 90\u00a0% sont attribu\u00e9s au bombardement et \u00e0 l\u2019invasion terrestre de Gaza par Isra\u00ebl<\/a>. La m\u00eame analyse fait \u00e9tat d\u2019une contamination par des m\u00e9taux lourds et de graves dommages \u00e0 l\u2019air, \u00e0 l\u2019eau et aux sols, indiquant qu\u2019environ 57\u00a0% des terres cultiv\u00e9es de la bande de Gaza avaient \u00e9t\u00e9 endommag\u00e9es en date de mai 2024.<\/p>\n\n<p>La guerre et la militarisation ravagent les \u00e9cosyst\u00e8mes, les moyens de subsistance et les infrastructures de sant\u00e9 publique dans toute la r\u00e9gion, <a href=\"https:\/\/www.greenpeace.org\/international\/story\/82201\/iran-lebanon-war-environment-climate-impacts\/\">de Gaza au Liban en passant par l\u2019Iran<\/a>. La paix, la justice et la protection de l\u2019environnement sont des principes indissociables, et un avenir viable passe par leur r\u00e9alisation collective.<\/p>\n\n<figure class=\"wp-block-image size-full\"><img loading=\"lazy\" decoding=\"async\" width=\"1024\" height=\"683\" src=\"https:\/\/www.greenpeace.org\/static\/planet4-canada-stateless\/2026\/04\/350dac2e-image.jpeg\" alt=\"\" class=\"wp-image-74982\" srcset=\"https:\/\/www.greenpeace.org\/static\/planet4-canada-stateless\/2026\/04\/350dac2e-image.jpeg 1024w, https:\/\/www.greenpeace.org\/static\/planet4-canada-stateless\/2026\/04\/350dac2e-image-300x200.jpeg 300w, https:\/\/www.greenpeace.org\/static\/planet4-canada-stateless\/2026\/04\/350dac2e-image-768x512.jpeg 768w, https:\/\/www.greenpeace.org\/static\/planet4-canada-stateless\/2026\/04\/350dac2e-image-510x340.jpeg 510w\" sizes=\"auto, (max-width: 1024px) 100vw, 1024px\" \/><figcaption class=\"wp-element-caption\"><em>Des activistes ont pos\u00e9 avec cette banni\u00e8re imposante \u00e0 l\u2019ext\u00e9rieur de la conf\u00e9rence \u00ab\u2009Beyond Growth\u2009\u00bb \u00e0 Madrid, en Espagne, pour exprimer leur solidarit\u00e9 avec les victimes du g\u00e9nocide \u00e0 Gaza et soutenir la flottille mondiale du Sumud contre les attaques de la marine isra\u00e9lienne. \u00a9 Pablo Blazquez \/ Greenpeace<\/em><\/figcaption><\/figure>\n\n<h2 class=\"wp-block-heading\"><strong>Ce que vous pouvez faire<\/strong><\/h2>\n\n<p>Suivez la flottille mondiale du Sumud en ligne, notamment sur <a href=\"https:\/\/www.instagram.com\/globalsumudflotilla\/\">Instagram<\/a> et <a href=\"https:\/\/www.facebook.com\/FreedomFlotillaCoalition\">Facebook<\/a>, et partagez les mises \u00e0 jour v\u00e9rifi\u00e9es afin que Gaza ne sombre pas dans l\u2019oubli.<\/p>\n\n<p>Soutenez les appels en faveur d\u2019un cessez-le-feu permanent, d\u2019un acc\u00e8s humanitaire sans entrave, d\u2019un <a href=\"https:\/\/www.greenpeace.org.uk\/news\/activists-pour-hundreds-of-litres-of-blood-red-dye-into-us-embassy-pond-in-protest-against-arms-sales-to-israel\/\">embargo complet sur les armes<\/a> et de la fin de l\u2019occupation ill\u00e9gale de la Palestine.<\/p>\n\n<p>Faites entendre votre voix en signant des p\u00e9titions\u00a0:<\/p>\n\n<ul class=\"wp-block-list\">\n<li>Greenpeace Canada \u2013 <a href=\"https:\/\/act.greenpeace.ca\/fr-ca\/stop-armement-israel\">Stop \u00e0 l\u2019armement d\u2019Isra\u00ebl<\/a> <em>(en fran\u00e7ais)<\/em><\/li>\n\n\n\n<li>Greenpeace Nordique \u2013 <a href=\"https:\/\/www.greenpeace.org\/norway\/vaer-med\/sign-tell-equinor-to-end-the-partnership-with-ithaca-energy\/\">Tell Equinor to end the partnership with Ithaca Energy and cancel the Rosebank oil field<\/a> <em>(en anglais)<\/em><\/li>\n\n\n\n<li>Greenpeace Royaume-Uni \u2013 <a href=\"https:\/\/action.greenpeace.org.uk\/arms-embargo-now\">Stop British-made weapons being used in Gaza<\/a> <em>(en anglais)<\/em><\/li>\n\n\n\n<li>Greenpeace Espagne \u2013 <a href=\"https:\/\/es.greenpeace.org\/es\/que-puedes-hacer-tu\/peticiones\/no-mas-armas-para-genocidio-en-gaza\/\">No m\u00e1s armas para el genocidio en Gaza<\/a><em> (en espagnol)<\/em><\/li>\n\n\n\n<li>Greenpeace Aotearoa \u2013 <a href=\"https:\/\/petition.act.greenpeace.org.nz\/ceasefire-now-gaza?utm_source=greenpeace.org&amp;utm_medium=blog&amp;utm_campaign=Peace\">Call for sanction on Israel<\/a> <em>(en anglais)<\/em><\/li>\n\n\n\n<li>Amnistie internationale \u2013 <a href=\"https:\/\/www.amnesty.org\/fr\/petition\/lift-the-blockade-on-gaza-and-stop-the-genocide\/\">Levez le blocus impos\u00e9 \u00e0 Gaza et arr\u00eatez le g\u00e9nocide<\/a> <em>(en fran\u00e7ais)<\/em><\/li>\n\n\n\n<li>M\u00e9decins Sans Fronti\u00e8res \u2013 <a href=\"https:\/\/www.doctorswithoutborders.org\/latest\/campaigns\/stop-genocide-gaza-petition\">Stop the genocide. Let Gaza live.<\/a> <em>(en anglais)<\/em><\/li>\n<\/ul>\n\n<p>L\u2019\u00e9quipe de la flottille mondiale du Sumud <a href=\"https:\/\/www.globalsumudflotilla.org\/get-involved\/\">met en \u00e9vidence<\/a> les gestes que les gens peuvent poser pour manifester leur soutien&nbsp;:<\/p>\n\n<ul class=\"wp-block-list\">\n<li>Organiser des actions et des manifestations;\u00a0<\/li>\n\n\n\n<li>Partager les mises \u00e0 jour v\u00e9rifi\u00e9es de la flottille;<\/li>\n\n\n\n<li>Faire pression sur les gouvernements du monde pour qu\u2019ils fassent respecter le droit international;<\/li>\n\n\n\n<li>Appuyer les efforts de secours et de reconstruction men\u00e9s par le peuple palestinien.<\/li>\n<\/ul>\n\n<p>Face aux d\u00e9placements massifs de population, \u00e0 l\u2019effondrement des infrastructures et aux besoins humanitaires urgents qui caract\u00e9risent toujours la vie quotidienne \u00e0 Gaza, chaque acte de solidarit\u00e9 fait la diff\u00e9rence.<\/p>\n\n<p>Que les vents et les vagues soient favorables pour toutes celles et ceux qui d\u00e9fendent la paix et la justice.<\/p>\n\n<p><em>Pujarini Sen est responsable de projet pour la participation de l\u2019Arctic Sunrise \u00e0 la flottille mondiale du Sumud.<\/em><\/p>\n","protected":false},"excerpt":{"rendered":"<p>L\u2019Arctic Sunrise de Greenpeace s\u2019est joint \u00e0 la flottille du Sumud pour soutenir une mission civile pacifique visant \u00e0 contester le blocus de Gaza et \u00e0 exiger un acc\u00e8s humanitaire&hellip;<\/p>\n","protected":false},"author":119,"featured_media":74975,"comment_status":"closed","ping_status":"open","sticky":false,"template":"","format":"standard","meta":{"ep_exclude_from_search":false,"p4_og_title":"Pourquoi un navire de Greenpeace a rejoint la flottille mondiale en direction de Gaza","p4_og_description":"L\u2019Arctic Sunrise de Greenpeace s\u2019est joint \u00e0 la flottille du Sumud pour soutenir une mission civile pacifique visant \u00e0 contester le blocus de Gaza et \u00e0 exiger un acc\u00e8s humanitaire s\u00fbr et sans entrave \u00e0 ses c\u00f4tes.","p4_og_image":"","p4_og_image_id":"","p4_seo_canonical_url":"","p4_campaign_name":"","p4_local_project":"","p4_basket_name":"","p4_department":"","footnotes":""},"categories":[18],"tags":[44],"p4-page-type":[155],"class_list":["post-74970","post","type-post","status-publish","format-standard","has-post-thumbnail","hentry","category-notre-travail","tag-navires","p4-page-type-histoire"],"_links":{"self":[{"href":"https:\/\/www.greenpeace.org\/canada\/fr\/wp-json\/wp\/v2\/posts\/74970","targetHints":{"allow":["GET"]}}],"collection":[{"href":"https:\/\/www.greenpeace.org\/canada\/fr\/wp-json\/wp\/v2\/posts"}],"about":[{"href":"https:\/\/www.greenpeace.org\/canada\/fr\/wp-json\/wp\/v2\/types\/post"}],"author":[{"embeddable":true,"href":"https:\/\/www.greenpeace.org\/canada\/fr\/wp-json\/wp\/v2\/users\/119"}],"replies":[{"embeddable":true,"href":"https:\/\/www.greenpeace.org\/canada\/fr\/wp-json\/wp\/v2\/comments?post=74970"}],"version-history":[{"count":1,"href":"https:\/\/www.greenpeace.org\/canada\/fr\/wp-json\/wp\/v2\/posts\/74970\/revisions"}],"predecessor-version":[{"id":74989,"href":"https:\/\/www.greenpeace.org\/canada\/fr\/wp-json\/wp\/v2\/posts\/74970\/revisions\/74989"}],"wp:featuredmedia":[{"embeddable":true,"href":"https:\/\/www.greenpeace.org\/canada\/fr\/wp-json\/wp\/v2\/media\/74975"}],"wp:attachment":[{"href":"https:\/\/www.greenpeace.org\/canada\/fr\/wp-json\/wp\/v2\/media?parent=74970"}],"wp:term":[{"taxonomy":"category","embeddable":true,"href":"https:\/\/www.greenpeace.org\/canada\/fr\/wp-json\/wp\/v2\/categories?post=74970"},{"taxonomy":"post_tag","embeddable":true,"href":"https:\/\/www.greenpeace.org\/canada\/fr\/wp-json\/wp\/v2\/tags?post=74970"},{"taxonomy":"p4-page-type","embeddable":true,"href":"https:\/\/www.greenpeace.org\/canada\/fr\/wp-json\/wp\/v2\/p4-page-type?post=74970"}],"curies":[{"name":"wp","href":"https:\/\/api.w.org\/{rel}","templated":true}]}}