{"id":775,"date":"2017-10-23T15:59:00","date_gmt":"2017-10-23T15:59:00","guid":{"rendered":"https:\/\/www.greenpeace.org\/canada\/non-classifiee\/775\/pourquoi-rudolphe-le-renne-a-le-nez-rouge\/"},"modified":"2019-11-06T03:29:25","modified_gmt":"2019-11-06T08:29:25","slug":"ca-commence-a-chauffer-pour-desjardins-et-les-pipelines","status":"publish","type":"post","link":"https:\/\/www.greenpeace.org\/canada\/fr\/blog-des-volontaires\/775\/ca-commence-a-chauffer-pour-desjardins-et-les-pipelines\/","title":{"rendered":"\u00c7a commence \u00e0 chauffer pour Desjardins et les pipelines"},"content":{"rendered":"<div class=\"post-content\">\n<div>\n<p><span><span><img decoding=\"async\" src=\"https:\/\/www.greenpeace.org\/static\/planet4-canada-stateless\/2018\/06\/139154_250122.jpg\" alt=\"xx\"><\/span><\/span><\/p>\n<p><span id=\"docs-internal-guid-9f57f87c-4ad2-063f-fcb9-c0e34ce2ba82\"><span>Le 23 octobre,\u00a0 plus de 40 rassemblements et manifestations se sont d\u00e9roul\u00e9s en Am\u00e9rique du Nord dans le cadre de la premi\u00e8re journ\u00e9e d\u2019action contre le financement des pipelines lanc\u00e9e par l\u2019organisation autochtone\u00a0<a href=\"https:\/\/mazaskatalks.org\/\">Mazaska Talks.\u00a0<\/a>\u00a0\u2018<\/span><a href=\"https:\/\/mazaskatalks.org\/\"><span>Mazaska Talks<\/span><\/a><span>\u2019<\/span><span>*<\/span><span> \u00a0a invit\u00e9 les communaut\u00e9s des Premi\u00e8res Nations et leurs alli\u00e9s de partout dans le monde \u00e0 se joindre \u00e0 leurs journ\u00e9es internationales d\u2019actions** du 23 au 25 Octobre pour dire aux banques que financer l\u2019av\u00e8nement de changements climatiques catastrophiques et d&rsquo;abuser des droits des peuples autochtones n\u2019aboutira qu\u2019\u00e0 un d\u00e9sinvestissement massif et global.<\/span><\/span><\/p>\n<p><img decoding=\"async\" src=\"https:\/\/www.greenpeace.org\/static\/planet4-canada-stateless\/2018\/06\/139153_250120.jpg\" alt=\"d\"><\/p>\n<p>\u00c0 <a href=\"http:\/\/www.greenpeace.org\/canada\/fr\/Salle-des-medias\/2017\/Un-collectif-de-groupes-civils-et-ONG-quebecois-participent-a-la-Journee-daction-internationale-DivestTheGlobe-\/\" target=\"_blank\" rel=\"noopener noreferrer\">Montr\u00e9al<\/a> un collectif*** de groupes citoyens et environnementaux, aux c\u00f4t\u00e9s et en soutien \u00e0 l\u2019initiative des peuples autochtones, ont co-organis\u00e9e un<a href=\"https:\/\/www.facebook.com\/events\/138943340169750\"><span> <\/span><span>rassemblement<\/span><\/a> pour r\u00e9pondre \u00e0 l\u2019appel de \u2018Mazaska Talks\u2019 et mettre en cause les investissements du Mouvement Desjardins dans les \u00e9nergies fossiles et lui demander d&rsquo;arr\u00eater de financer les pipelines de sables bitumineux. C&rsquo;\u00e9tait le premier rassemblement du genre \u00e0 Montr\u00e9al et il \u00e9tait men\u00e9 par des repr\u00e9sentantes des communaut\u00e9s des Premi\u00e8res nations comme\u00a0<span id=\"docs-internal-guid-9f57f87c-4adc-6a46-3dcc-a9aeeaf15ce9\"><span>Konwenni Jacobs, Mohawk de Kahnawake, \u2018Protectrice de la Terre et de l\u2019Eau\u2019 qui a d\u00e9clar\u00e9: <\/span><span>\u00ables peuples de toutes les couleurs sont unis du nord au sud, d\u2019est en ouest. Nous somme unis par notre amour pour la plan\u00e8te et pour dire aux grosses corporations qui ne regardent que le profit que ca suffit.\u00a0\u00bb<\/span><\/span><br \/>\n\u00a0<img decoding=\"async\" src=\"https:\/\/www.greenpeace.org\/static\/planet4-canada-stateless\/2018\/06\/139157_250128.jpg\" alt=\"xxxvvv\"><br \/>\nMalgr\u00e9 les demandes de Greenpeace et des Premi\u00e8res Nations, Desjardins a accord\u00e9 un pr\u00eat de 145 millions de $ \u00e0 Kinder Morgan pour la construction de son projet de pipeline de sables bitumineux Trans Mountain.\u00a0 Ayant probablement compris qu&rsquo;il commettait une grave erreur, le Mouvement des Caisses Desjardins <a href=\"http:\/\/beta.radio-canada.ca\/nouvelle\/1044357\/desjardins-suspend-appui-pipelines\"><span>a annonc\u00e9 un moratoire sur tout nouvel investissement dans les projets d\u2019ol\u00e9oducs<\/span><\/a>. \u00a0Cependant Desjardins n\u2019a pas toujours pas rendu ce moratoire permanent ni retir\u00e9 son financement des projets de pipelines, malgr\u00e9 les<a href=\"http:\/\/business.financialpost.com\/pmn\/business-pmn\/first-nation-leaders-to-press-desjardins-to-stop-funding-oilsands-pipelines\"><span> <\/span><span>revendications officielles<\/span><\/a> des Premi\u00e8res Nations oppos\u00e9es aux pipelines Trans Mountain, Keystone XL et Ligne 3. Le Mouvement Desjardins a \u00e9galement mentionn\u00e9 qu&rsquo;il prendrait une d\u00e9cision cet automne au sujet de ses investissements et son financement des pipelines de sables bitumineux.<br \/>\n<strong><img decoding=\"async\" src=\"https:\/\/www.greenpeace.org\/static\/planet4-canada-stateless\/2018\/06\/139158_250130.jpg\" alt=\"ccc\"><\/strong><br \/>\n<strong>DEMANDEZ \u00c0 DESJARDINS DE SE PLACER DU BON C\u00d4T\u00c9 DE L&rsquo;HISTOIRE<\/strong><\/p>\n<p>Utilisez cet outil que nous mettons \u00e0 votre disposition pour\u00a0<a href=\"http:\/\/act.gp\/2xZCSLX\" target=\"_blank\" rel=\"noopener noreferrer\">APPELEZ<\/a> Desjardins d\u00e8s aujourd&rsquo;hui afin de les encourager \u00e0 cesser tout investissement ou financement dans les pipelines de sables bitumineux. &gt;&gt;<a href=\"https:\/\/act.greenpeace.org\/page\/15254\/action\/1\" target=\"_blank\" rel=\"noopener noreferrer\">\u00a0http:\/\/act.gp\/2xZCSLX<\/a><\/p>\n<p>Vous pouvez \u00e9galement rejoindre la r\u00e9sistance en signant notre <a href=\"http:\/\/act.gp\/2gDH4tr\" target=\"_blank\" rel=\"noopener noreferrer\">manifeste<\/a> en solidarit\u00e9 avec les Premi\u00e8res Nations pour faire pression sur les banques afin de les appeler \u00e0 d\u00e9sinvestir des projets destructeurs &gt;&gt;\u00a0<a href=\"http:\/\/act.gp\/2gDH4tr\" target=\"_blank\" rel=\"noopener noreferrer\">http:\/\/act.gp\/2gDH4tr<\/a><\/p>\n<p><img decoding=\"async\" src=\"https:\/\/www.greenpeace.org\/static\/planet4-canada-stateless\/2018\/06\/139155_250124.jpg\" alt=\"ddd\"><\/p>\n<p>Plus de 40 rassemblements et manifestations se d\u00e9roulent aujourd&rsquo;hui en Am\u00e9rique du Nord dans le cadre de la premi\u00e8re journ\u00e9e d\u2019action lanc\u00e9e par <a href=\"https:\/\/mazaskatalks.org\/\">Mazaska Talks et d\u2019autr<\/a>es activit\u00e9s se d\u00e9rouleront le 25 octobre en Europe, Australie et Nouvelle-Z\u00e9lande et d\u2019autres auront lieu en Afrique et en Asie ce mercredi.<\/p>\n<p><img decoding=\"async\" src=\"https:\/\/www.greenpeace.org\/static\/planet4-canada-stateless\/2018\/06\/139156_250126.jpg\" alt=\"xx\"><\/p>\n<p><span>*Le mot \u201cMazaska\u201d vient des Lakotas, des Sioux, et veut dire argent.<\/span><br \/>\n<span><img decoding=\"async\" src=\"https:\/\/www.greenpeace.org\/static\/planet4-canada-stateless\/2018\/06\/139159_250132.jpg\" alt=\"jjnj\"><\/span><br \/>\n<span>** Les journ\u00e9es d\u2019action internationale co\u00efncident avec la r\u00e9union annuelle sur les Principes de l\u2019\u00c9quateur o\u00f9 92 des plus grandes banques internationales se r\u00e9unissent \u00e0 Sao Paulo au Br\u00e9sil pour discuter des politiques climatiques et des droits des peuples autochtones. Les transactions de ces banques acc\u00e9l\u00e8rent de fait la crise climatique et nous<a href=\"https:\/\/thetyee.ca\/News\/2017\/01\/19\/Tar-Sands-Kill-Paris-Targets\/\">\u00a0\u00e9loigne<\/a>nt\u00a0de l\u2019atteinte des objectifs de l\u2019Accord de Paris.<\/span><br \/>\n<span><img decoding=\"async\" src=\"https:\/\/www.greenpeace.org\/static\/planet4-canada-stateless\/2018\/06\/139160_250134.jpg\" alt=\"r3r4\"><\/span><br \/>\n<span>*** Le collectif regroupe: Citoyen.ne.s de Kahnawake et Kanesatake; le Trait\u00e9 Autochtone contre l\u2019expansion des sables bitumineux, Idle No More Qu\u00e9bec ; Alternatives; Climate Justice Montr\u00e9al; Leap Montr\u00e9al; Greenpeace Canada; Front Commun pour la Transition \u00c9nerg\u00e9tique; Fondation Coule pas chez nous; Mur de femmes contre les ol\u00e9oducs et les sables bitumineux; Stop Ol\u00e9oducs Outaouais; Divest McGill; D\u00e9sinvestissons UdeM; R\u00e9seau Vigilance Hydrocarbures Qu\u00e9bec (RVHQ).<\/span>\u00a0<br \/>\n\u00a0<br \/>\n\u00a0<br \/>\n\u00a0<br \/>\n\u00a0<br \/>\n\u00a0<br \/>\n\u00a0\n<\/div>\n<\/p>\n<\/div>\n","protected":false},"excerpt":{"rendered":"<p>Le 23 octobre,\u00a0 plus de 40 rassemblements et manifestations se sont d\u00e9roul\u00e9s en Am\u00e9rique du Nord dans le cadre de la premi\u00e8re journ\u00e9e d\u2019action contre le financement des pipelines lanc\u00e9e&hellip;<\/p>\n","protected":false},"author":12,"featured_media":813,"comment_status":"open","ping_status":"open","sticky":false,"template":"","format":"standard","meta":{"ep_exclude_from_search":false,"p4_og_title":"","p4_og_description":"","p4_og_image":"","p4_og_image_id":"","p4_seo_canonical_url":"","p4_campaign_name":"","p4_local_project":"","p4_basket_name":"","p4_department":"","footnotes":""},"categories":[20],"tags":[47,40],"p4-page-type":[],"class_list":["post-775","post","type-post","status-publish","format-standard","has-post-thumbnail","hentry","category-climat","tag-petrole","tag-autochtones"],"_links":{"self":[{"href":"https:\/\/www.greenpeace.org\/canada\/fr\/wp-json\/wp\/v2\/posts\/775","targetHints":{"allow":["GET"]}}],"collection":[{"href":"https:\/\/www.greenpeace.org\/canada\/fr\/wp-json\/wp\/v2\/posts"}],"about":[{"href":"https:\/\/www.greenpeace.org\/canada\/fr\/wp-json\/wp\/v2\/types\/post"}],"author":[{"embeddable":true,"href":"https:\/\/www.greenpeace.org\/canada\/fr\/wp-json\/wp\/v2\/users\/12"}],"replies":[{"embeddable":true,"href":"https:\/\/www.greenpeace.org\/canada\/fr\/wp-json\/wp\/v2\/comments?post=775"}],"version-history":[{"count":3,"href":"https:\/\/www.greenpeace.org\/canada\/fr\/wp-json\/wp\/v2\/posts\/775\/revisions"}],"predecessor-version":[{"id":27079,"href":"https:\/\/www.greenpeace.org\/canada\/fr\/wp-json\/wp\/v2\/posts\/775\/revisions\/27079"}],"wp:featuredmedia":[{"embeddable":true,"href":"https:\/\/www.greenpeace.org\/canada\/fr\/wp-json\/wp\/v2\/media\/813"}],"wp:attachment":[{"href":"https:\/\/www.greenpeace.org\/canada\/fr\/wp-json\/wp\/v2\/media?parent=775"}],"wp:term":[{"taxonomy":"category","embeddable":true,"href":"https:\/\/www.greenpeace.org\/canada\/fr\/wp-json\/wp\/v2\/categories?post=775"},{"taxonomy":"post_tag","embeddable":true,"href":"https:\/\/www.greenpeace.org\/canada\/fr\/wp-json\/wp\/v2\/tags?post=775"},{"taxonomy":"p4-page-type","embeddable":true,"href":"https:\/\/www.greenpeace.org\/canada\/fr\/wp-json\/wp\/v2\/p4-page-type?post=775"}],"curies":[{"name":"wp","href":"https:\/\/api.w.org\/{rel}","templated":true}]}}