{"id":861,"date":"2017-10-27T10:05:00","date_gmt":"2017-10-27T10:05:00","guid":{"rendered":"https:\/\/www.greenpeace.org\/canada\/non-classifiee\/861\/non-aux-forages-protegeons-le-quebec-des-petrolieres-et-des-gazieres\/"},"modified":"2019-11-06T03:29:25","modified_gmt":"2019-11-06T08:29:25","slug":"non-aux-forages-protegeons-le-quebec-des-petrolieres-et-des-gazieres","status":"publish","type":"post","link":"https:\/\/www.greenpeace.org\/canada\/fr\/blog-des-volontaires\/861\/non-aux-forages-protegeons-le-quebec-des-petrolieres-et-des-gazieres\/","title":{"rendered":"Non aux forages: prot\u00e9geons le Qu\u00e9bec des p\u00e9troli\u00e8res et des gazi\u00e8res"},"content":{"rendered":"<div class=\"post-content\">\n<div>\n\t<img decoding=\"async\" src=\"https:\/\/www.greenpeace.org\/static\/planet4-canada-stateless\/2018\/06\/139258_250385.jpg\" alt=\"xxz\"><br \/>\nDans un geste d\u2019indignation collective, les groupes environnementaux et citoyens du Qu\u00e9bec* ont lanc\u00e9 la semaine derni\u00e8re une p\u00e9tition pour exiger que le gouvernement Couillard recule dans ses intentions d\u2019ouvrir toute grande la porte du Qu\u00e9bec \u00e0 l\u2019exploration et \u00e0 l\u2019exploitation p\u00e9troli\u00e8res et gazi\u00e8res.<br \/>\nLa p\u00e9tition intitul\u00e9e <em>Non aux forages!<\/em> demande le retrait complet et l&rsquo;abandon d\u00e9finitif des projets de r\u00e8glements sur les forages p\u00e9troliers et gaziers que le gouvernement a annonc\u00e9s le 20 septembre dernier <a href=\"http:\/\/www.ledevoir.com\/environnement\/actualites-sur-l-environnement\/508467\/les-plans-d-eau-du-quebec-ouverts-aux-petrolieres\">Qu\u00e9bec<\/a>. Ces r\u00e8glements <a href=\"http:\/\/www.greenpeace.org\/canada\/fr\/blogue\/Blogentry\/150-mtres-des-maisons-tes-vous-srieux-m-couil\/blog\/60282\/\">permettraient<\/a> la fracturation hydraulique \u00a0ainsi qu\u2019aux autres m\u00e9thodes de stimulation des puits et aux forages p\u00e9troliers et gaziers \u00e0 <a href=\"http:\/\/www.lapresse.ca\/actualites\/politique\/politique-quebecoise\/201709\/21\/01-5135275-des-forages-petroliers-autorises-a-150-m-des-maisons.php?utm_categorieinterne=trafficdrivers&amp;utm_contenuinterne=cyberpresse_vous_suggere_5135323_article_POS1\">150 m\u00e8tres<\/a> des habitations, dans les r\u00e9serves fauniques, dans <a href=\"http:\/\/www.ledevoir.com\/environnement\/actualites-sur-l-environnement\/508467\/les-plans-d-eau-du-quebec-ouverts-aux-petrolieres\">les lacs et les rivi\u00e8res<\/a> , \u00e0 60 m\u00e8tres des parcs nationaux du Qu\u00e9bec, pr\u00e8s des garderies, des \u00e9coles, des h\u00f4pitaux, etc.<br \/>\n<strong>Voici deux moyens d\u2019actions:<\/strong><\/p>\n<ul>\n<li dir=\"ltr\">\n<span>Signez et partagez la p\u00e9tition -&gt;&gt; <\/span><a href=\"https:\/\/www.nonauxforages.com\/greenpeace\/\"><span>Non aux forages<\/span><\/a><span>. Les gens qui auront sign\u00e9s la <\/span><a href=\"https:\/\/www.nonauxforages.com\/greenpeace\/\"><span>p\u00e9tition<\/span><\/a><span> seront tenu inform\u00e9s lorsque d\u2019autres activit\u00e9s seront propos\u00e9es pour bloquer les p\u00e9troli\u00e8res et les gazi\u00e8res. <\/span>\n<\/li>\n<li dir=\"ltr\">\n<span>Appeler votre d\u00e9put\u00e9-es<\/span><span>, voir les coordonn\u00e9es <\/span><a href=\"http:\/\/www.assnat.qc.ca\/fr\/deputes\/\"><span>ici<\/span><\/a><span>.<\/span>\n<\/li>\n<\/ul>\n<p><span>Malgr\u00e9 les r\u00e9centes d\u00e9clarations du gouvernement qui semble commencer \u00e0 <\/span><a href=\"https:\/\/mern.gouv.qc.ca\/hydrocarbures-pierre-moreau-prolonge-periode-de-prepublication-2017-10-19\/\"><span>reculer<\/span><\/a><span> face \u00e0 la lev\u00e9e de boucliers qu\u2019il a g\u00e9n\u00e9r\u00e9, il importe d\u2019insister pour obtenir l\u2019interdiction compl\u00e8te de tout forage d\u2019hydrocarbures en territoire qu\u00e9b\u00e9cois et d\u2019\u00eatre solidaire avec les gens de la Gasp\u00e9sie et de la Vall\u00e9e du Saint-Laurent qui sont actuellement menac\u00e9s.<\/span><br \/>\n<span>Face \u00e0 autant d\u2019irresponsabilit\u00e9, nous devons d\u00e9montrer au gouvernement que nous ne nous laisserons pas forer et que l\u2019acceptabilit\u00e9 sociale n\u2019est pas au rendez-vous pour l\u2019extraction d\u2019hydrocarbures au Qu\u00e9bec. Le d\u00e9veloppement de cette fili\u00e8re va compl\u00e8tement \u00e0 contre-sens des engagements climatiques du Qu\u00e9bec et repr\u00e9sente une menace tant pour l\u2019eau potable que pour les milieux de vie et les milieux naturels que les Qu\u00e9b\u00e9cois ch\u00e9rissent.<\/span><br \/>\n<span>C\u2019est pourquoi les r\u00e8glements qui d\u00e9clencheraient la mise en oeuvre de la Loi sur les hydrocarbures doivent \u00eatre retir\u00e9s : ce ne sont pas quelques ajustements qui les rendraient acceptables.<\/span><\/p>\n<p><strong>Des moyens d\u2019agir et une escalade de la r\u00e9sistance \u00e0 pr\u00e9voir<\/strong><\/p>\n<p><span>Greenpeace travaillera de concert avec ses alli\u00e9s pour faire reculer le gouvernement. Nous vous invitons \u00e9galement \u00e0 consulter la page <\/span><a href=\"http:\/\/www.greenpeace.org\/canada\/fr\/a-vous-d-agir\/\"><span>Agir<\/span><\/a><span> de notre site internet qui donne plus d\u2019informations sur les moyens de s\u2019impliquer, incluant notre nouveau programme \u00ab\u00a0Pr\u00eat pour l&rsquo;action\u00a0\u00bb qui propose un large \u00e9ventail de formations et d&rsquo;ateliers de partage de connaissance tels que l&rsquo;organisation en communaut\u00e9, l&rsquo;activisme en ligne, et l&rsquo;action directe non-violente.<\/span><br \/>\n<span>Ensemble, faisons reculer le gouvernement et prot\u00e9geons le territoire face aux gazi\u00e8res et aux p\u00e9troli\u00e8res.<\/span><br \/>\n\u00a0<br \/>\n<span>*La p\u00e9tition a \u00e9t\u00e9 lanc\u00e9e simultan\u00e9ment par Bor\u00e9alisation, Eau Secours, \u00c9quiterre, la Fondation David Suzuki, Greenpeace, Nature Qu\u00e9bec et le Regroupement vigilance hydrocarbures Qu\u00e9bec, s&rsquo;adresse directement au Premier ministre Philippe Couillard ainsi qu&rsquo;au nouveau ministre de l\u2019\u00c9nergie et des Ressources naturelles Pierre Moreau.<\/span><\/p>\n<p><span id=\"docs-internal-guid-9a403523-5e26-8204-b7d6-749338a52c7e\"><\/p>\n<p><\/span><\/p>\n<\/div>\n<\/div>\n","protected":false},"excerpt":{"rendered":"<p>Dans un geste d\u2019indignation collective, les groupes environnementaux et citoyens du Qu\u00e9bec* ont lanc\u00e9 la semaine derni\u00e8re une p\u00e9tition pour exiger que le gouvernement Couillard recule dans ses intentions d\u2019ouvrir&hellip;<\/p>\n","protected":false},"author":12,"featured_media":863,"comment_status":"open","ping_status":"open","sticky":false,"template":"","format":"standard","meta":{"ep_exclude_from_search":false,"p4_og_title":"","p4_og_description":"","p4_og_image":"","p4_og_image_id":"","p4_seo_canonical_url":"","p4_campaign_name":"","p4_local_project":"","p4_basket_name":"","p4_department":"","footnotes":""},"categories":[20],"tags":[47],"p4-page-type":[],"class_list":["post-861","post","type-post","status-publish","format-standard","has-post-thumbnail","hentry","category-climat","tag-petrole"],"_links":{"self":[{"href":"https:\/\/www.greenpeace.org\/canada\/fr\/wp-json\/wp\/v2\/posts\/861","targetHints":{"allow":["GET"]}}],"collection":[{"href":"https:\/\/www.greenpeace.org\/canada\/fr\/wp-json\/wp\/v2\/posts"}],"about":[{"href":"https:\/\/www.greenpeace.org\/canada\/fr\/wp-json\/wp\/v2\/types\/post"}],"author":[{"embeddable":true,"href":"https:\/\/www.greenpeace.org\/canada\/fr\/wp-json\/wp\/v2\/users\/12"}],"replies":[{"embeddable":true,"href":"https:\/\/www.greenpeace.org\/canada\/fr\/wp-json\/wp\/v2\/comments?post=861"}],"version-history":[{"count":1,"href":"https:\/\/www.greenpeace.org\/canada\/fr\/wp-json\/wp\/v2\/posts\/861\/revisions"}],"predecessor-version":[{"id":862,"href":"https:\/\/www.greenpeace.org\/canada\/fr\/wp-json\/wp\/v2\/posts\/861\/revisions\/862"}],"wp:featuredmedia":[{"embeddable":true,"href":"https:\/\/www.greenpeace.org\/canada\/fr\/wp-json\/wp\/v2\/media\/863"}],"wp:attachment":[{"href":"https:\/\/www.greenpeace.org\/canada\/fr\/wp-json\/wp\/v2\/media?parent=861"}],"wp:term":[{"taxonomy":"category","embeddable":true,"href":"https:\/\/www.greenpeace.org\/canada\/fr\/wp-json\/wp\/v2\/categories?post=861"},{"taxonomy":"post_tag","embeddable":true,"href":"https:\/\/www.greenpeace.org\/canada\/fr\/wp-json\/wp\/v2\/tags?post=861"},{"taxonomy":"p4-page-type","embeddable":true,"href":"https:\/\/www.greenpeace.org\/canada\/fr\/wp-json\/wp\/v2\/p4-page-type?post=861"}],"curies":[{"name":"wp","href":"https:\/\/api.w.org\/{rel}","templated":true}]}}