{"id":8686,"date":"2019-05-06T17:13:38","date_gmt":"2019-05-06T21:13:38","guid":{"rendered":"https:\/\/www.greenpeace.org\/canada\/?p=8686"},"modified":"2019-11-06T03:27:46","modified_gmt":"2019-11-06T08:27:46","slug":"lancement-du-new-deal-vert","status":"publish","type":"post","link":"https:\/\/www.greenpeace.org\/canada\/fr\/press-release\/8686\/lancement-du-new-deal-vert\/","title":{"rendered":"Lancement du New Deal Vert"},"content":{"rendered":"<p><b>Une large et diverse coalition non partisane lance un appel pour un\u00a0<\/b><b><i> New Deal Vert<\/i><\/b><b> pour le Canada<\/b><\/p>\n<p><i><span style=\"font-weight: 400;\">Groupes autochtones, repr\u00e9sentants de la jeunesse, scientifiques et artistes d\u2019est en ouest<\/span><\/i><\/p>\n<p><b>6 Mai 2019 (MONTR\u00c9AL) \u2014 <\/b><span style=\"font-weight: 400;\">Aujourd\u2019hui, alors que la sortie d\u2019un important rapport sur la biodiversit\u00e9 de l\u2019ONU* rappelle la situation urgente dans laquelle la plan\u00e8te se trouve, une coalition de groupes autochtones, de scientifiques, de travailleurs, de repr\u00e9sentants de la jeunesse, d\u2019artistes, de professionnels en sant\u00e9, de groupes environnementaux et de groupes sociaux lance un appel pour un<\/span><i><span style=\"font-weight: 400;\"> New Deal Vert (Green New Deal) <\/span><\/i><span style=\"font-weight: 400;\">pour le Canada. <\/span><\/p>\n<p><span style=\"font-weight: 400;\">Le New Deal Vert est inspir\u00e9 du <\/span><a href=\"https:\/\/www.lepacte.ca\/\"><span style=\"font-weight: 400;\">Pacte pour la transition au Qu\u00e9bec<\/span><\/a><span style=\"font-weight: 400;\"> et du Green New Deal lanc\u00e9 aux \u00c9tats-Unis et propose une vision inclusive et ambitieuse qui respectera les droits constitutionnels et internationalement reconnus des Peuples autochtones. Il exhorte le Canada \u00e0 couper ses \u00e9missions de gaz \u00e0 effet de serre de moiti\u00e9 d\u2019ici 2030, \u00e0 prot\u00e9ger nos diversit\u00e9s culturelle et biologique, \u00e0 cr\u00e9er un million d\u2019emplois et \u00e0 r\u00e9pondre aux multiples crises auxquelles nous faisons face.<\/span><\/p>\n<p><span style=\"font-weight: 400;\">En cette ann\u00e9e \u00e9lectorale, cette large coalition non partisane demande \u00e0 tous les partis politiques f\u00e9d\u00e9raux d\u2019int\u00e9grer les demandes ambitieuses du<\/span><i><span style=\"font-weight: 400;\"> New Deal <\/span><\/i><span style=\"font-weight: 400;\">Vert \u00e0 leurs programmes. Un sondage Abacus a d\u2019ailleurs montr\u00e9 qu\u2019une majorit\u00e9 de Canadiens et de Canadiennes (61%) soutient l\u2019id\u00e9e d\u2019un <\/span><i><span style=\"font-weight: 400;\">New Deal Vert<\/span><\/i><span style=\"font-weight: 400;\">.<\/span><\/p>\n<p><span style=\"font-weight: 400;\">Cette coalition compte d\u00e9j\u00e0 plus de 60 organisations, syndicats et associations, incluant la Coalition canadienne de la sant\u00e9, le Conseil unitarien du Canada, le Syndicat des travailleurs et travailleuses des postes, l\u2019Association des Chefs Indiens de la Colombie-Britannique, le \u2018Indigenous Climate Action\u2019, \u00a0la <\/span><a href=\"https:\/\/www.csn.qc.ca\/\"><span style=\"font-weight: 400;\">Conf\u00e9d\u00e9ration des syndicats nationaux (CSN)<\/span><\/a><span style=\"font-weight: 400;\">, le \u2018Migrant Workers Alliance for Change\u2019 (MWAC) et le Syndicat canadien de la fonction publique de l\u2019Ontario (SCFP-Ontario) en plus de nombreuses personnalit\u00e9s canadiennes telles que le Dr. David Suzuki, les chanteurs K.D. Lang et Rufus Wainwright, et l\u2019actrice Cobie Smulders.<\/span><\/p>\n<p><span style=\"font-weight: 400;\">La coalition convie le grand public \u00e0 participer aux assembl\u00e9es citoyennes qui seront tenues \u00e0 au cours des prochaines semaines travers le pays afin de mettre ensemble les balises de ce projet de vie et de d\u00e9velopper les propositions de politiques publiques.<\/span><\/p>\n<p><b>Citations:<\/b><\/p>\n<p><b>Anishinabe (Algonquin), militante de droits humains et<\/b> <b>ancienne Coordinatrice Environnement et D\u00e9veloppement Durable chez \u00a0Femmes autochtones du Qu\u00e9bec Inc. <\/b><\/p>\n<p><span style=\"font-weight: 400;\">\u00ab <\/span><span style=\"font-weight: 400;\">S<\/span><span style=\"font-weight: 400;\">ur la sc\u00e8ne internationale, le Canada a reconnu que les conditions de vies des peuples autochtones sont d\u00e9plorables. Pourtant nombreuses sont les communaut\u00e9s autochtones qui n\u2019ont toujours pas acc\u00e8s \u00e0 l\u2019eau potable. \u00a0Il est tr\u00e8s urgent que le Canada se rassemble et exige des gouvernements de prendre action alors que nos communaut\u00e9s se retrouvent dans \u00e9tats d\u2019urgence. <\/span><span style=\"font-weight: 400;\">\u00bb <\/span><\/p>\n<p><b>Damon Matthews, PhD, Professeur et Titulaire de la Chaire en Science du climat et D\u00e9veloppement Durable, Universit\u00e9 Concordia (D\u00e9partement de G\u00e9ographie). <\/b><\/p>\n<p><span style=\"font-weight: 400;\">\u00ab Le monde s\u2019est d\u00e9j\u00e0 r\u00e9chauff\u00e9 \u00e0 plus d\u2019un degr\u00e9, et par cons\u00e9quent les d\u00e9sastres climatiques sont plus co\u00fbteux et plus fr\u00e9quents. Contenir le r\u00e9chauffement climatique en dessous de 1,5\u2103 nous permettrait d\u2019\u00e9viter le pire, et c\u2019est possible. Mais au rythme actuel, les engagements de r\u00e9duction des gaz \u00e0 effet de serre nous rapprochent d\u2019un sc\u00e9nario de 3 degr\u00e9s de r\u00e9chauffement. Il faut changer de trajectoire tr\u00e8s vite, et int\u00e9grer les impacts des changements climatiques \u00e0 tous les niveaux de prise de d\u00e9cision. C\u2019est pourquoi je soutien le New Deal Vert, et j\u2019exhorte les politiciens d\u2019agir en ce sens. \u00bb <\/span><\/p>\n<p><b>Will Prosper, Documentariste, journaliste et militant des droits civiques.<\/b><\/p>\n<p><span style=\"font-weight: 400;\">\u00ab L\u2019urgence climatique c&rsquo;est avant tout un enjeu de justice sociale, \u00a0car 10% des plus riches sont responsables de plus de la moiti\u00e9 des gaz \u00e0 effet de serre (GES), tandis que 50% des plus pauvres de la plan\u00e8te sont seulement responsables pour 10% des GES. Lutter pour l&rsquo;environnement, c&rsquo;est lutter pour la justice sociale. La terre n&rsquo;a pas invent\u00e9 l&rsquo;\u00e9conomie, elle ne devrait pas avoir \u00e0 la subir.\u00bb <\/span><\/p>\n<p><b>Dr Eric Notebaert, Urgentologue, Responsable du Regroupement Qu\u00e9b\u00e9cois des professionnels en sant\u00e9 pour l\u2019environnement.<\/b><\/p>\n<p><span style=\"font-weight: 400;\">\u00ab Les changements climatiques repr\u00e9sentent le plus grand probl\u00e8me de sant\u00e9 publique de l\u2019humanit\u00e9 actuellement. Nous avons le devoir et le pouvoir d\u2019agir rapidement pour<\/span><\/p>\n<p><span style=\"font-weight: 400;\">diminuer drastiquement nos \u00e9missions de GES. Fini les beaux discours et les voeux pieux. Nous voulons d\u00e8s maintenant des gestes concrets de nos politicien-ne-s. \u00bb <\/span><\/p>\n<p><b>Jamie Latvaitis, \u00a0Repr\u00e9sentant de La plan\u00e8te s\u2019invite \u00e0 l\u2019Universit\u00e9 et de Climate Strike Canada.<\/b><\/p>\n<p><span style=\"font-weight: 400;\">\u00ab Maintenant que nous la jeunesse participons, nous pouvons dire que c\u2019est la renaissance d\u2019un mouvement fort et uni, qui pourra changer l\u2019Histoire. Je veux dire aux jeunes \u00e0 travers le Canada que les choses peuvent changer, mais pour ce faire il faut chacun d\u2019entre nous.\u00bb <\/span><\/p>\n<p><b>Ashley Torres, co-porte-parole de La plan\u00e8te s\u2019invite \u00e0 l\u2019Universit\u00e9 et de Climate Strike Canada. <\/b><\/p>\n<p><span style=\"font-weight: 400;\">\u00ab <\/span><span style=\"font-weight: 400;\">Nous devons apprendre de nos erreurs. Nous devons reconna\u00eetre l\u2019importance d\u2019inclure tout le monde dans ces conversations. Surtout les communaut\u00e9s marginalis\u00e9es, puisque ce sont g\u00e9n\u00e9ralement les plus fortement impact\u00e9es par la crise climatique<\/span><span style=\"font-weight: 400;\">.\u00bb <\/span><\/p>\n<p><b>Dominic Champagne, Initiateur du Pacte pour la transition.<\/b><\/p>\n<p><span style=\"font-weight: 400;\">\u00ab <\/span><span style=\"font-weight: 400;\">Six mois apr\u00e8s le lancement du Pacte pour la Transition, nous sommes tr\u00e8s heureux de voir que notre initiative inspire la soci\u00e9t\u00e9 civile ailleurs au Canada. Et c&rsquo;est avec fiert\u00e9 que nous invitons aujourd&rsquo;hui tous les hommes et toutes les femmes de bonne volont\u00e9, de tous \u00e2ges et de tous horizons \u00e0 signer le New Deal Vert. Nous sommes chaque jour de plus en plus nombreux \u00e0 passer de la parole aux actes pour r\u00e9pondre \u00e0 la justice climatique! Avec la force du nombre, exigeons des politiques et des choix \u00e9conomiques \u00e0 la hauteur du d\u00e9fi \u00e0 relever. <\/span><span style=\"font-weight: 400;\">\u00bb <\/span><\/p>\n<p style=\"text-align: center;\"><b>-30-<\/b><\/p>\n<p><b>Visitez greennewdealcanada.ca pour plus d\u2019informations.<\/b><\/p>\n<p><b>Relations de presse:<\/b><\/p>\n<p><b>Montr\u00e9al<\/b><\/p>\n<p><span style=\"font-weight: 400;\">Loujain Kurdi, (514) 577-6657, <\/span><a href=\"mailto:media@greennewdealcanada.ca\"><span style=\"font-weight: 400;\">media@greennewdealcanada.ca<\/span><\/a><\/p>\n<p>La version nationale du communiqu\u00e9 est accessible <a href=\"https:\/\/www.greenpeace.org\/static\/planet4-canada-stateless\/2019\/05\/9378843e-06.05.2019-new-deal-vert-_-communiqu\u00c9-national.pdf\" target=\"_blank\" rel=\"noopener noreferrer\">ici<\/a>.<\/p>\n<p><b>Toronto et Vancouver<\/b><\/p>\n<p><span style=\"font-weight: 400;\">Heather Badenoch, Village PR, (613) 859-8232, <\/span><a href=\"mailto:media@greennewdealcanada.ca\"><span style=\"font-weight: 400;\">media@greennewdealcanada.ca<\/span><\/a><\/p>\n<p><span style=\"font-weight: 400;\">*La Plateforme intergouvernementale scientifique et politique sur la biodiversit\u00e9 et les services \u00e9cosyst\u00e9miques (IPBES) est un organisme intergouvernemental ouvert \u00e0 tout membre des Nations-Unies (130 Etats membres en octobre 2017).<\/span><\/p>\n","protected":false},"excerpt":{"rendered":"<p>Une large et diverse coalition non partisane lance un appel pour un\u00a0 New Deal Vert pour le Canada Groupes autochtones, repr\u00e9sentants de la jeunesse, scientifiques et artistes d\u2019est en ouest&hellip;<\/p>\n","protected":false},"author":19,"featured_media":8687,"comment_status":"open","ping_status":"open","sticky":false,"template":"","format":"standard","meta":{"ep_exclude_from_search":false,"p4_og_title":"","p4_og_description":"","p4_og_image":"","p4_og_image_id":"","p4_seo_canonical_url":"","p4_campaign_name":"","p4_local_project":"","p4_basket_name":"","p4_department":"","footnotes":""},"categories":[21],"tags":[48,40,41,43,49],"p4-page-type":[183],"class_list":["post-8686","post","type-post","status-publish","format-standard","has-post-thumbnail","hentry","category-vivre-de-facon-durable","tag-sante","tag-autochtones","tag-climat","tag-forets","tag-solutionsenergetiques","p4-page-type-communique-de-presse"],"_links":{"self":[{"href":"https:\/\/www.greenpeace.org\/canada\/fr\/wp-json\/wp\/v2\/posts\/8686","targetHints":{"allow":["GET"]}}],"collection":[{"href":"https:\/\/www.greenpeace.org\/canada\/fr\/wp-json\/wp\/v2\/posts"}],"about":[{"href":"https:\/\/www.greenpeace.org\/canada\/fr\/wp-json\/wp\/v2\/types\/post"}],"author":[{"embeddable":true,"href":"https:\/\/www.greenpeace.org\/canada\/fr\/wp-json\/wp\/v2\/users\/19"}],"replies":[{"embeddable":true,"href":"https:\/\/www.greenpeace.org\/canada\/fr\/wp-json\/wp\/v2\/comments?post=8686"}],"version-history":[{"count":3,"href":"https:\/\/www.greenpeace.org\/canada\/fr\/wp-json\/wp\/v2\/posts\/8686\/revisions"}],"predecessor-version":[{"id":30428,"href":"https:\/\/www.greenpeace.org\/canada\/fr\/wp-json\/wp\/v2\/posts\/8686\/revisions\/30428"}],"wp:featuredmedia":[{"embeddable":true,"href":"https:\/\/www.greenpeace.org\/canada\/fr\/wp-json\/wp\/v2\/media\/8687"}],"wp:attachment":[{"href":"https:\/\/www.greenpeace.org\/canada\/fr\/wp-json\/wp\/v2\/media?parent=8686"}],"wp:term":[{"taxonomy":"category","embeddable":true,"href":"https:\/\/www.greenpeace.org\/canada\/fr\/wp-json\/wp\/v2\/categories?post=8686"},{"taxonomy":"post_tag","embeddable":true,"href":"https:\/\/www.greenpeace.org\/canada\/fr\/wp-json\/wp\/v2\/tags?post=8686"},{"taxonomy":"p4-page-type","embeddable":true,"href":"https:\/\/www.greenpeace.org\/canada\/fr\/wp-json\/wp\/v2\/p4-page-type?post=8686"}],"curies":[{"name":"wp","href":"https:\/\/api.w.org\/{rel}","templated":true}]}}