{"id":889,"date":"2017-07-26T16:17:00","date_gmt":"2017-07-26T16:17:00","guid":{"rendered":"https:\/\/www.greenpeace.org\/canada\/non-classifiee\/889\/clyde-river-obtient-gain-de-cause-devant-la-cour-supreme-du-canada\/"},"modified":"2019-11-06T03:29:30","modified_gmt":"2019-11-06T08:29:30","slug":"clyde-river-obtient-gain-de-cause-devant-la-cour-supreme-du-canada","status":"publish","type":"post","link":"https:\/\/www.greenpeace.org\/canada\/fr\/blog-des-volontaires\/889\/clyde-river-obtient-gain-de-cause-devant-la-cour-supreme-du-canada\/","title":{"rendered":"Clyde River obtient gain de cause devant la Cour supr\u00eame du Canada !"},"content":{"rendered":"<div class=\"post-content\">\n<div>\n\t<span><img decoding=\"async\" src=\"https:\/\/www.greenpeace.org\/static\/planet4-canada-stateless\/2018\/06\/137373_245762.jpg\" alt=\"\"><\/span><br \/>\n<em>De gauche \u00e0 droite. Alex Neve d&rsquo;Amnesty International Canada, Farrah Khan de Greenpeace Canada, l&rsquo;ancien maire et chef de communaut\u00e9 de Clyde River Jerry Natanine, le conseiller juridique de Clyde River, Nader Hasan, et Verna McGregor apr\u00e8s la conf\u00e9rence de presse suite \u00e0 la d\u00e9cision de la Cour supr\u00eame du Canada, le 26 juillet \u00e0 Ottawa, Ontario.<\/em><\/p>\n<h3 dir=\"ltr\"><span>I<\/span>ls ont GAGN\u00c9 ! La communaut\u00e9 de Clyde River vient de REMPORTER son proc\u00e8s devant la Cour supr\u00eame du Canada.<\/h3>\n<blockquote style=\"display: block; margin-top: 1em; margin-bottom: 1em; margin-left: 40px !important; margin-right: 40px !important;\" class=\"twitter-tweet\" data-lang=\"fr\">\n<p lang=\"fr\" dir=\"ltr\">DERNI\u00c8RE MINUTE: Les Inuits de Clyde River ont REMPORT\u00c9 leur proc\u00e8s devant la Cour Supr\u00e8me du Canada <a href=\"https:\/\/t.co\/bIRk1k8jSn\">https:\/\/t.co\/bIRk1k8jSn<\/a> <a href=\"https:\/\/t.co\/mDUdX38uWQ\">pic.twitter.com\/mDUdX38uWQ<\/a><\/p>\n<p>\u2014 Greenpeace Qu\u00e9bec (@greenpeaceQC) <a href=\"https:\/\/twitter.com\/greenpeaceQC\/status\/890212497382408197\">26 juillet 2017<\/a><\/p>\n<\/blockquote>\n<p><script charset=\"utf-8\" type=\"text\/javascript\" src=\"https:\/\/platform.twitter.com\/widgets.js\"><\/script><br \/>\n<span>Apr\u00e8s trois ann\u00e9es d&rsquo;harassantes proc\u00e9dures judiciaires, les Inuits de Clyde River ont mis fin aux d\u00e9tonations sismiques &#8211; une dangereuse m\u00e9thode d\u2019exploration p\u00e9troli\u00e8re &#8211; dans l\u2019Arctique Canadien.<\/span><\/p>\n<blockquote style=\"display: block; margin-top: 1em; margin-bottom: 1em; margin-left: 40px !important; margin-right: 40px !important;\" class=\"twitter-tweet\" data-lang=\"fr\">\n<p lang=\"fr\" dir=\"ltr\">DERNI\u00c8RE MINUTE : Les d\u00e9tonations sismiques ont \u00e9t\u00e9 ARR\u00caT\u00c9ES en Arctique suite \u00e0 la d\u00e9cision de la Cour supr\u00eame ! <a href=\"https:\/\/t.co\/KinySQLE9u\">https:\/\/t.co\/KinySQLE9u<\/a> <a href=\"https:\/\/t.co\/JeFYnlhv8M\">pic.twitter.com\/JeFYnlhv8M<\/a><\/p>\n<p>\u2014 Greenpeace Qu\u00e9bec (@greenpeaceQC) <a href=\"https:\/\/twitter.com\/greenpeaceQC\/status\/890234484444078080\">26 juillet 2017<\/a><\/p>\n<\/blockquote>\n<p><script charset=\"utf-8\" type=\"text\/javascript\" src=\"https:\/\/platform.twitter.com\/widgets.js\"><\/script><br \/>\n<span>Cela signifie que les mammif\u00e8res marins comme les b\u00e9lugas, les baleines bor\u00e9ales et les narvals n\u2019auront pas \u00e0 subir ces coups de canons assourdissants \u2014 et la communaut\u00e9 de Clyde River a maintenant l\u2019assurance \u00e0 long terme que leur culture et leur fa\u00e7on de vivre peut perdurer.<\/span><br \/>\n<span><strong>Malheureusement, toutes les communaut\u00e9s n\u2019ont pas cette chance.<\/strong> La Cour supr\u00eame vient de confirmer l\u2019approbation du renversement du pipeline Ligne 9 que la Premi\u00e8re Nation Chippewas de la Thames contestait. La bataille pour les droits autochtones au Canada continue et <strong>nous serons solidaires avec la Premi\u00e8re Nation Chippewas de la Thames dans leurs courageux efforts pour prot\u00e9ger leurs droits, leur eau et le climat que nous partageons tous.<\/strong><\/span><\/p>\n<blockquote style=\"display: block; margin-top: 1em; margin-bottom: 1em; margin-left: 40px !important; margin-right: 40px !important;\" class=\"twitter-tweet\" data-lang=\"fr\">\n<p lang=\"fr\" dir=\"ltr\">La Cour supr\u00eame a confirm\u00e9 le renversement du pipeline Ligne 9 sans le consentement des Premi\u00e8res nations <a href=\"https:\/\/t.co\/Otw2tz85Tr\">https:\/\/t.co\/Otw2tz85Tr<\/a> <a href=\"https:\/\/t.co\/NYQm7Afcb5\">pic.twitter.com\/NYQm7Afcb5<\/a><\/p>\n<p>\u2014 Greenpeace Qu\u00e9bec (@greenpeaceQC) <a href=\"https:\/\/twitter.com\/greenpeaceQC\/status\/890216005204684800\">26 juillet 2017<\/a><\/p>\n<\/blockquote>\n<p dir=\"ltr\"><span><br \/>\n<script charset=\"utf-8\" type=\"text\/javascript\" src=\"https:\/\/platform.twitter.com\/widgets.js\"><\/script><br \/>\n<\/span><\/p>\n<p><span><strong>Merci \u00e0 chacun d&rsquo;entre vous pour l\u2019aide et le soutien apport\u00e9s durant les trois derni\u00e8res ann\u00e9es.<\/strong> Vous avez sign\u00e9 des p\u00e9titions, fait des dons, pass\u00e9 le mot \u00e0 votre entourage et particip\u00e9 \u00e0 faire conna\u00eetre cette histoire au plus grand nombre \u2014 et cela a port\u00e9 ses fruits !<\/span><br \/>\nAidez-nous \u00e0 diffuser cette victoire : <strong><a href=\"https:\/\/www.facebook.com\/greenpeaceqc\/photos\/a.130231934867.102107.76593129867\/10155559980334868\/?type=3&amp;theater\" target=\"_blank\" rel=\"noopener noreferrer\">Partagez la nouvelle sur Facebook<\/a> <\/strong>!<br \/>\n<strong>Quelques blogs utiles pour mieux comprendre la lutte men\u00e9e par Clyde River :\u00a0<\/strong><br \/>\n<a href=\"http:\/\/www.greenpeace.org\/canada\/fr\/blogue\/Blogentry\/clyde-river-contre-les-dtonations-sismiques\/blog\/59920\/\" target=\"_blank\" rel=\"noopener noreferrer\">Clyde River contre les d\u00e9tonations sismiques<\/a><br \/>\n<em>Dans le but d\u2019emp\u00eacher la tenue de tests sismiques dans les eaux de l\u2019Arctique canadien, qui menace une importante ressource alimentaire pour les Inuits, la communaut\u00e9 a saisi le plus haut tribunal du Canada, la Cour supr\u00eame, dans une requ\u00eate historique. Leur vaillance a inspir\u00e9 un large soutien de la part de centaines de milliers de personnes dans le monde&#8230;<\/em><br \/>\n<span><img decoding=\"async\" src=\"https:\/\/www.greenpeace.org\/static\/planet4-canada-stateless\/2018\/06\/137334_245673.jpg\" alt=\"\"><\/span><\/p>\n<p><a href=\"http:\/\/www.greenpeace.org\/canada\/fr\/blogue\/Blogentry\/chez-moi-en-arctique\/blog\/57335\/\" target=\"_blank\" rel=\"noopener noreferrer\">Chez moi, en Arctique<\/a><\/p>\n<p><em>Je vis \u00e0 Kangiqtugaapik (Clyde River) dans l&rsquo;Arctique canadien. La plupart des gens n\u2019ont jamais entendu parler de ma ville. Elle est situ\u00e9e \u00e0 450 kilom\u00e8tres au nord du cercle polaire arctique et la population est d&rsquo;environ mille personnes. Nous sommes isol\u00e9s d&rsquo;une grande partie du monde, mais nous nous sentons tr\u00e8s connect\u00e9s \u00e0 notre terre, \u00e0 la mer et au ciel&#8230;<\/em><\/p>\n<p><img decoding=\"async\" src=\"https:\/\/www.greenpeace.org\/static\/planet4-canada-stateless\/2018\/06\/129766_226908.jpg\" alt=\"\"><\/p>\n<p><a href=\"http:\/\/www.greenpeace.org\/canada\/fr\/blogue\/Blogentry\/emma-thompson-et-les-premiers-dfenseurs-de-la\/blog\/57288\/\">Emma Thompson et les premiers d\u00e9fenseurs de l\u2019Arctique<\/a><br \/>\n<em>Quatre millions de personnes de diverses cultures habitent l\u2019Arctique circumpolaire. En tant qu\u2019habitants du Nord, ils partagent de nombreux points communs et, en cette ann\u00e9e de temp\u00e9ratures records, l\u2019un d\u2019eux les rapproche encore davantage. En effet, l\u2019Arctique se r\u00e9chauffant plus rapidement que n\u2019importe quel autre lieu sur Terre implique que le quotidien de toutes les populations arctiques va \u00e9galement changer rapidement&#8230;<\/em><\/p>\n<p><img decoding=\"async\" src=\"https:\/\/www.greenpeace.org\/static\/planet4-canada-stateless\/2018\/06\/137369_245754.jpg\" alt=\"\"><\/p>\n<\/div>\n<\/div>\n","protected":false},"excerpt":{"rendered":"<p>De gauche \u00e0 droite. Alex Neve d&#8217;Amnesty International Canada, Farrah Khan de Greenpeace Canada, l&#8217;ancien maire et chef de communaut\u00e9 de Clyde River Jerry Natanine, le conseiller juridique de Clyde&hellip;<\/p>\n","protected":false},"author":12,"featured_media":891,"comment_status":"open","ping_status":"open","sticky":false,"template":"","format":"standard","meta":{"ep_exclude_from_search":false,"p4_og_title":"","p4_og_description":"","p4_og_image":"","p4_og_image_id":"","p4_seo_canonical_url":"","p4_campaign_name":"","p4_local_project":"","p4_basket_name":"","p4_department":"","footnotes":""},"categories":[20],"tags":[47,40],"p4-page-type":[],"class_list":["post-889","post","type-post","status-publish","format-standard","has-post-thumbnail","hentry","category-climat","tag-petrole","tag-autochtones"],"_links":{"self":[{"href":"https:\/\/www.greenpeace.org\/canada\/fr\/wp-json\/wp\/v2\/posts\/889","targetHints":{"allow":["GET"]}}],"collection":[{"href":"https:\/\/www.greenpeace.org\/canada\/fr\/wp-json\/wp\/v2\/posts"}],"about":[{"href":"https:\/\/www.greenpeace.org\/canada\/fr\/wp-json\/wp\/v2\/types\/post"}],"author":[{"embeddable":true,"href":"https:\/\/www.greenpeace.org\/canada\/fr\/wp-json\/wp\/v2\/users\/12"}],"replies":[{"embeddable":true,"href":"https:\/\/www.greenpeace.org\/canada\/fr\/wp-json\/wp\/v2\/comments?post=889"}],"version-history":[{"count":2,"href":"https:\/\/www.greenpeace.org\/canada\/fr\/wp-json\/wp\/v2\/posts\/889\/revisions"}],"predecessor-version":[{"id":27095,"href":"https:\/\/www.greenpeace.org\/canada\/fr\/wp-json\/wp\/v2\/posts\/889\/revisions\/27095"}],"wp:featuredmedia":[{"embeddable":true,"href":"https:\/\/www.greenpeace.org\/canada\/fr\/wp-json\/wp\/v2\/media\/891"}],"wp:attachment":[{"href":"https:\/\/www.greenpeace.org\/canada\/fr\/wp-json\/wp\/v2\/media?parent=889"}],"wp:term":[{"taxonomy":"category","embeddable":true,"href":"https:\/\/www.greenpeace.org\/canada\/fr\/wp-json\/wp\/v2\/categories?post=889"},{"taxonomy":"post_tag","embeddable":true,"href":"https:\/\/www.greenpeace.org\/canada\/fr\/wp-json\/wp\/v2\/tags?post=889"},{"taxonomy":"p4-page-type","embeddable":true,"href":"https:\/\/www.greenpeace.org\/canada\/fr\/wp-json\/wp\/v2\/p4-page-type?post=889"}],"curies":[{"name":"wp","href":"https:\/\/api.w.org\/{rel}","templated":true}]}}