{"id":8895,"date":"2019-05-27T10:19:15","date_gmt":"2019-05-27T14:19:15","guid":{"rendered":"https:\/\/www.greenpeace.org\/canada\/?p=8895"},"modified":"2019-11-06T03:27:44","modified_gmt":"2019-11-06T08:27:44","slug":"communique-groupes-environnementaux-et-citoyens-enterrent-lere-des-fossiles-a-la-conference-de-lapgq","status":"publish","type":"post","link":"https:\/\/www.greenpeace.org\/canada\/fr\/blog-des-volontaires\/8895\/communique-groupes-environnementaux-et-citoyens-enterrent-lere-des-fossiles-a-la-conference-de-lapgq\/","title":{"rendered":"COMMUNIQU\u00c9: Groupes environnementaux et citoyens  enterrent l\u2019\u00e8re des fossiles \u00e0 la conf\u00e9rence de l\u2019APGQ"},"content":{"rendered":"<p dir=\"ltr\"><strong>Lundi 27 mai 2019 (MONTR\u00c9AL) \u2013 \u00a0<\/strong>\u00a0Plusieurs groupes environnementaux et citoyens ont simul\u00e9 ce matin une c\u00e9r\u00e9monie mortuaire devant l\u2019H\u00f4tel Westin, \u00e0 Montr\u00e9al, o\u00f9 se tient pr\u00e9sentement la conf\u00e9rence annuelle de l\u2019Association p\u00e9troli\u00e8re et gazi\u00e8re du Qu\u00e9bec (APGQ). Plac\u00e9 sous le th\u00e8me \u00ab Enterrons l\u2019\u00e8re des fossiles \u00bb, le ralliement appelait \u00e0 mettre fin rapidement \u00e0 l\u2019\u00e8re des \u00e9nergies fossiles dont l\u2019APGQ fait la promotion.<\/p>\n<p dir=\"ltr\">Rassembl\u00e9s autour de cercueils et de pierres tombales, les groupes ont rappel\u00e9 que, selon le r\u00e9cent rapport sp\u00e9cial du Groupe d&rsquo;experts intergouvernemental sur l&rsquo;\u00e9volution du climat (GIEC) de l\u2019ONU, il faut r\u00e9duire les \u00e9missions mondiales de CO2 de 50 % d\u2019ici 2030 et viser la z\u00e9ro \u00e9mission nette d\u2019ici 2050 de mani\u00e8re \u00e0 se donner une chance raisonnable de limiter le r\u00e9chauffement plan\u00e9taire \u00e0 1,5 \u00b0C.<\/p>\n<p dir=\"ltr\">Les groupes environnementaux et citoyens ont \u00e9galement d\u00e9nonc\u00e9 le discours de l\u2019APGQ qui tente de \u00ab verdir \u00bb son image en changeant son nom pour l\u2019Association de l\u2019\u00e9nergie du Qu\u00e9bec (AEQ), tout en continuant de favoriser le d\u00e9veloppement et l\u2019utilisation des \u00e9nergies fossiles. Ils ont soulign\u00e9 que le pr\u00e9sident de l\u2019AEQ, Michael Binnion, est \u00e9galement pr\u00e9sident de Questerre Energy, la compagnie qui poursuit le gouvernement du Qu\u00e9bec dans l\u2019espoir de faire annuler les r\u00e8glements interdisant la fracturation du gaz de schiste dans la vall\u00e9e du Saint-Laurent ainsi que les les forages dans la baie de Gasp\u00e9, la baie des Chaleurs et la baie de la Malbaie.<\/p>\n<p dir=\"ltr\">\u00c0 l\u2019instar d\u2019\u00c9nergir (anciennement Gaz M\u00e9tro) et de TC \u00c9nergie (anciennement TransCanada), l\u2019APGQ a annonc\u00e9 qu\u2019elle modifiait de nom de mani\u00e8re \u00e0 changer son image n\u00e9gative. Les groupes estiment qu\u2019elle tente ainsi de berner la population et de se distancer des mots \u00abp\u00e9trole\u00bb et \u00abgaz\u00bb qui sont de moins en moins accept\u00e9s socialement. Pour les groupes, le changement de nom de l\u2019APGQ n\u2019est rien d\u2019autre qu\u2019un exercice de relations publiques pour tenter de faire oublier le caract\u00e8re toxique des \u00e9nergies fossiles et des compagnies qui sont les grands responsables de l\u2019urgence climatique.<\/p>\n<p dir=\"ltr\">Interpellant le Premier ministre Fran\u00e7ois Legault, les groupes ont rappel\u00e9 qu&rsquo;il serait inacceptable que le gouvernement de la CAQ autorise ou subventionne des projets d\u2019\u00e9nergies fossiles car ces projets vont \u00e0 l\u2019encontre de la lutte contre les changements climatiques et contrecarrent les efforts visant \u00e0 r\u00e9duire les GES au Qu\u00e9bec et dans le monde. Ils estiment au contraire que \u00a0le Qu\u00e9bec est d\u00e9j\u00e0 en retard sur ses objectifs et doit donc redoubler d\u2019ardeur en d\u00e9ployant rapidement des actions qui auront de r\u00e9els effets.<\/p>\n<p dir=\"ltr\">Les groupes suivants \u00e9taient pr\u00e9sents lors de l\u2019\u00e9v\u00e9nement : Coule pas chez nous, Eau Secours, Extinction \u00a0Rebellion, Greenpeace Canada, Nature Qu\u00e9bec, le Pacte pour la transition, La plan\u00e8te s\u2019invite au Parlement, La plan\u00e8te s\u2019invite \u00e0 l\u2019Universit\u00e9, Leap Montr\u00e9al, Mouvement \u00e9cocitoyen UNEplan\u00e8te et \u00a0Transition Capitale-Nationale.<\/p>\n<p dir=\"ltr\"><strong>Citations<\/strong><\/p>\n<p dir=\"ltr\">\u00ab\u00a0Cette action est en lien direct avec notre mission qui est d\u2019arr\u00eater l\u2019exploration, l\u2019exploitation et le transport des \u00e9nergies fossiles et de mettre fin \u00e0 leur d\u00e9pendance, en participant \u00e0 la r\u00e9alisation d\u2019une transition \u00e9nerg\u00e9tique, \u00e9cologique et sociale \u00bb<strong> d\u00e9clare Lucie Bergeron, membre citoyenne de Transition Capitale-Nationale.<\/strong><\/p>\n<p dir=\"ltr\">\u00ab\u00a0Le gaz dit naturel n&rsquo;est pas une \u00e9nergie de transition. C&rsquo;est une \u00e9nergie fossile non renouvelable qui contribue fortement au r\u00e9chauffement \u00a0climatique et a des impacts d\u00e9vastateurs lorsqu\u2019issue de la fracturation hydraulique. Nous sommes \u00e0 l\u2019\u00e8re d\u2019une r\u00e9elle transition \u00e9nerg\u00e9tique, mais les politiques demeurent ancr\u00e9es dans le statu quo et le d\u00e9veloppement des \u00e9nergies fossiles, de r\u00e9elles politiques de dinosaures. \u00bb <strong>Audrey Yank, Fondation Coule pas chez nous<\/strong><\/p>\n<p dir=\"ltr\">\u00ab Inutile de rappeler que lorsque les jeunes de partout dans le monde sortent dans les rues pour r\u00e9clamer l\u2019action des gouvernements et des compagnies membres de l\u2019APGQ, ce n\u2019est certainement pas dans l\u2019espoir d\u2019un simple verdissement d\u2019image. Il est grand temps que l&rsquo;APGQ se dote d&rsquo;un nom plus coh\u00e9rent avec ses actions : non pas l\u2019Association de l\u2019\u00c9nergie du Qu\u00e9bec mais plut\u00f4t l&rsquo;Association de l&rsquo;Extinction du Qu\u00e9bec (AEQ).\u00bb <strong>Louis Couillard, co-porte-parole de La plan\u00e8te s&rsquo;invite \u00e0 l&rsquo;Universit\u00e9<\/strong><\/p>\n<p dir=\"ltr\">\u00ab La science est claire, on ne peut plus ajouter de nouvelles infrastructures p\u00e9troli\u00e8res et gazi\u00e8res si l\u2019on veut limiter le r\u00e9chauffement plan\u00e9taire \u00e0 1,5 \u2103 et \u00e9viter davantage d\u2019\u00e9v\u00e8nements climatiques extr\u00eames comme les inondations, les feux de for\u00eats et les canicules. Le gouvernement doit r\u00e9sister aux pressions du lobby p\u00e9tro-gazier et plut\u00f4t miser sur les \u00e9conomies d\u2019\u00e9nergies et les \u00e9nergies renouvelables. \u00bb<strong> Patrick Bonin, Responsable de la campagne Climat-\u00c9nergie, Greenpeace Canada<\/strong><\/p>\n<p dir=\"ltr\">\u00ab Qu\u2019elle tente de s\u2019incruster dans la vall\u00e9e du Saint-Laurent, au Bas-Saint-Laurent, en Gasp\u00e9sie ou ailleurs, l\u2019industrie p\u00e9troli\u00e8re et gazi\u00e8re trouvera toujours les citoyennes et les citoyens du Qu\u00e9bec sur son chemin. Plus que jamais, nous sommes d\u00e9termin\u00e9s \u00e0 chasser les fossiles afin de laisser une plan\u00e8te viable aux g\u00e9n\u00e9rations qui suivent. \u00bb <strong>Carole Dupuis, Mouvement \u00e9cocitoyen UNEplan\u00e8te<\/strong><\/p>\n<p dir=\"ltr\">\u00ab L\u2019industrie p\u00e9troli\u00e8re et gazi\u00e8re fait encore et toujours la sourde oreille quant aux multiples crises auxquelles l\u2019humanit\u00e9 fait face. Le seul vrai espoir \u00e0 ce stade-ci est un grand bond vers l\u2019avant qui laissera les fossiles dans le sol et travaillera \u00e0 r\u00e9duire les \u00e9missions de gaz \u00e0 effet de serre \u00e0 z\u00e9ro, mais aussi les in\u00e9galit\u00e9s, tout en cr\u00e9ant plus de soin et sollicitude pour la terre et nous tous. \u00bb <strong>Nicolas Chevalier, Coordinateur, Leap Montr\u00e9al<\/strong><\/p>\n<p dir=\"ltr\">\u00ab Le temps o\u00f9 les p\u00e9troli\u00e8res jouissaient d&rsquo;une libert\u00e9 d&rsquo;action et d&rsquo;une impunit\u00e9 r\u00e9voltante est maintenant r\u00e9volu. Nous serons en travers de leur route. Jusqu&rsquo;au bout.\u00bb <strong>S\u00e9bastien Dodge, Brigade L\u00e9g\u00e8re de La plan\u00e8te s&rsquo;invite au parlement.<\/strong><\/p>\n<p dir=\"ltr\">\u00abLa coh\u00e9rence doit \u00eatre au coeur des d\u00e9cisions politiques. Le Qu\u00e9bec doit se tourner vers l&rsquo;\u00e9lectrification de son \u00e9conomie. Dans ce contexte, l\u2019industrie p\u00e9troli\u00e8re et gaziere doit se mettre au diapason.\u00bb <strong>Anne-Celine Guyon, coordinnatrice du Pacte pour la transition.<\/strong><\/p>\n<p dir=\"ltr\" style=\"text-align: center;\">&#8211; 30 &#8211;<\/p>\n<p dir=\"ltr\"><strong>Pour plus d\u2019informations, veuillez contacter:\u00a0<\/strong><\/p>\n<p dir=\"ltr\">Loujain Kurdi, Conseill\u00e8re aux Communications, 514-577-6657, loujain.kurdi@greenpeace.org<\/p>\n<div class=\"gmail_default\">\n<p>&nbsp;<\/p>\n<\/div>\n","protected":false},"excerpt":{"rendered":"<p>Lundi 27 mai 2019 (MONTR\u00c9AL) \u2013 \u00a0\u00a0Plusieurs groupes environnementaux et citoyens ont simul\u00e9 ce matin une c\u00e9r\u00e9monie mortuaire devant l\u2019H\u00f4tel Westin, \u00e0 Montr\u00e9al, o\u00f9 se tient pr\u00e9sentement la conf\u00e9rence annuelle&hellip;<\/p>\n","protected":false},"author":19,"featured_media":8896,"comment_status":"open","ping_status":"open","sticky":false,"template":"","format":"standard","meta":{"ep_exclude_from_search":false,"p4_og_title":"","p4_og_description":"","p4_og_image":"","p4_og_image_id":"","p4_seo_canonical_url":"","p4_campaign_name":"","p4_local_project":"","p4_basket_name":"","p4_department":"","footnotes":""},"categories":[20],"tags":[41,47,49],"p4-page-type":[],"class_list":["post-8895","post","type-post","status-publish","format-standard","has-post-thumbnail","hentry","category-climat","tag-climat","tag-petrole","tag-solutionsenergetiques"],"_links":{"self":[{"href":"https:\/\/www.greenpeace.org\/canada\/fr\/wp-json\/wp\/v2\/posts\/8895","targetHints":{"allow":["GET"]}}],"collection":[{"href":"https:\/\/www.greenpeace.org\/canada\/fr\/wp-json\/wp\/v2\/posts"}],"about":[{"href":"https:\/\/www.greenpeace.org\/canada\/fr\/wp-json\/wp\/v2\/types\/post"}],"author":[{"embeddable":true,"href":"https:\/\/www.greenpeace.org\/canada\/fr\/wp-json\/wp\/v2\/users\/19"}],"replies":[{"embeddable":true,"href":"https:\/\/www.greenpeace.org\/canada\/fr\/wp-json\/wp\/v2\/comments?post=8895"}],"version-history":[{"count":2,"href":"https:\/\/www.greenpeace.org\/canada\/fr\/wp-json\/wp\/v2\/posts\/8895\/revisions"}],"predecessor-version":[{"id":8899,"href":"https:\/\/www.greenpeace.org\/canada\/fr\/wp-json\/wp\/v2\/posts\/8895\/revisions\/8899"}],"wp:featuredmedia":[{"embeddable":true,"href":"https:\/\/www.greenpeace.org\/canada\/fr\/wp-json\/wp\/v2\/media\/8896"}],"wp:attachment":[{"href":"https:\/\/www.greenpeace.org\/canada\/fr\/wp-json\/wp\/v2\/media?parent=8895"}],"wp:term":[{"taxonomy":"category","embeddable":true,"href":"https:\/\/www.greenpeace.org\/canada\/fr\/wp-json\/wp\/v2\/categories?post=8895"},{"taxonomy":"post_tag","embeddable":true,"href":"https:\/\/www.greenpeace.org\/canada\/fr\/wp-json\/wp\/v2\/tags?post=8895"},{"taxonomy":"p4-page-type","embeddable":true,"href":"https:\/\/www.greenpeace.org\/canada\/fr\/wp-json\/wp\/v2\/p4-page-type?post=8895"}],"curies":[{"name":"wp","href":"https:\/\/api.w.org\/{rel}","templated":true}]}}