{"id":1090,"date":"2019-02-16T19:29:04","date_gmt":"2019-02-16T19:29:04","guid":{"rendered":"https:\/\/master.k8s.p4.greenpeace.org\/chile\/?p=1090"},"modified":"2021-12-01T12:29:54","modified_gmt":"2021-12-01T12:29:54","slug":"mas-de-2000-piezas-de-plastico-encontro-greenpeace-en-balneario-municipal-antofagasta","status":"publish","type":"post","link":"https:\/\/www.greenpeace.org\/chile\/noticia\/issues\/oceanos\/mas-de-2000-piezas-de-plastico-encontro-greenpeace-en-balneario-municipal-antofagasta\/","title":{"rendered":"M\u00e1s de 2000 piezas de pl\u00e1stico encontr\u00f3 Greenpeace en Balneario Municipal en Antofagasta"},"content":{"rendered":"<p><img loading=\"lazy\" decoding=\"async\" class=\" wp-image-1092\" src=\"https:\/\/www.greenpeace.org\/static\/planet4-chile-stateless\/2019\/02\/S1A1864-1024x683.jpg\" alt=\"\" width=\"669\" height=\"446\" srcset=\"https:\/\/www.greenpeace.org\/static\/planet4-chile-stateless\/2019\/02\/S1A1864-1024x683.jpg 1024w, https:\/\/www.greenpeace.org\/static\/planet4-chile-stateless\/2019\/02\/S1A1864-300x200.jpg 300w, https:\/\/www.greenpeace.org\/static\/planet4-chile-stateless\/2019\/02\/S1A1864-768x512.jpg 768w, https:\/\/www.greenpeace.org\/static\/planet4-chile-stateless\/2019\/02\/S1A1864-2048x1366.jpg 2048w, https:\/\/www.greenpeace.org\/static\/planet4-chile-stateless\/2019\/02\/S1A1864-510x340.jpg 510w\" sizes=\"auto, (max-width: 669px) 100vw, 669px\" \/><\/p>\n<p style=\"font-weight: 400;\">Febrero 2019. El movimiento ciudadano \u201cChile sin Pl\u00e1sticos\u201d organizado por la organizaci\u00f3n ambientalista <strong>Greenpeace lleg\u00f3 hasta Antofagasta junto a activistas locales y nacionales para realizar durante este fin de semana una limpieza de playa y una auditor\u00eda de la contaminaci\u00f3n<\/strong> en el balneario municipal y as\u00ed ilustrar la cantidad de pl\u00e1stico que se genera entre los veraneantes de la regi\u00f3n. Adem\u00e1s,<strong> instalaron dos botellas gigantes que impactaron a quienes estaban en el lugar.&nbsp;&nbsp;<\/strong><\/p>\n<p style=\"font-weight: 400;\">La actividad fue organizada por Greenpeace y busca alertar respecto de la severa contaminaci\u00f3n por pl\u00e1sticos que enfrenta <strong>Antofagasta que seg\u00fan un estudio de cient\u00edficos de la basura es \u201cla regi\u00f3n m\u00e1s contaminada de Chile\u201d.<\/strong><\/p>\n<p><img loading=\"lazy\" decoding=\"async\" class=\" wp-image-1097\" src=\"https:\/\/www.greenpeace.org\/static\/planet4-chile-stateless\/2019\/02\/S1A1932-1024x683.jpg\" alt=\"\" width=\"677\" height=\"451\" srcset=\"https:\/\/www.greenpeace.org\/static\/planet4-chile-stateless\/2019\/02\/S1A1932-1024x683.jpg 1024w, https:\/\/www.greenpeace.org\/static\/planet4-chile-stateless\/2019\/02\/S1A1932-300x200.jpg 300w, https:\/\/www.greenpeace.org\/static\/planet4-chile-stateless\/2019\/02\/S1A1932-768x512.jpg 768w, https:\/\/www.greenpeace.org\/static\/planet4-chile-stateless\/2019\/02\/S1A1932-2048x1366.jpg 2048w, https:\/\/www.greenpeace.org\/static\/planet4-chile-stateless\/2019\/02\/S1A1932-510x340.jpg 510w\" sizes=\"auto, (max-width: 677px) 100vw, 677px\" \/><\/p>\n<p style=\"font-weight: 400;\">\u201c<em>Estamos impactados con la basura pl\u00e1stica que hemos encontrado. M\u00e1s 2000 piezas de pl\u00e1stico en una playa&nbsp; que parece limpia, pero <strong>hemos recolectado botellas, bombillas, vasos, colillas de cigarrillos y una enorme cantidad de basura que no se ve pero est\u00e1 ah\u00ed y quedar\u00e1 por al menos 100 a\u00f1os<\/strong> porque el pl\u00e1stico demora en degradarse al menos un siglo.&nbsp; Parece invisible, pero estamos veraneando en medio de basura pl\u00e1stica&#8221;,<\/em>&nbsp;explica la vocera de Greenpeace, Soledad Acu\u00f1a.<\/p>\n<p><img loading=\"lazy\" decoding=\"async\" class=\" wp-image-1096\" src=\"https:\/\/www.greenpeace.org\/static\/planet4-chile-stateless\/2019\/02\/S1A1906-1024x683.jpg\" alt=\"\" width=\"668\" height=\"445\" srcset=\"https:\/\/www.greenpeace.org\/static\/planet4-chile-stateless\/2019\/02\/S1A1906-1024x683.jpg 1024w, https:\/\/www.greenpeace.org\/static\/planet4-chile-stateless\/2019\/02\/S1A1906-300x200.jpg 300w, https:\/\/www.greenpeace.org\/static\/planet4-chile-stateless\/2019\/02\/S1A1906-768x512.jpg 768w, https:\/\/www.greenpeace.org\/static\/planet4-chile-stateless\/2019\/02\/S1A1906-2048x1366.jpg 2048w, https:\/\/www.greenpeace.org\/static\/planet4-chile-stateless\/2019\/02\/S1A1906-510x340.jpg 510w\" sizes=\"auto, (max-width: 668px) 100vw, 668px\" \/><\/p>\n<p style=\"font-weight: 400;\">Y agrega: &#8220;<em>La \u00faltima encuesta nacional de Medio Ambiente indica que <strong>para los Antofagastinos la problem\u00e1tica de la basura es el segundo tema m\u00e1s importante despu\u00e9s de la contaminaci\u00f3n de aire<\/strong> y Antofagasta. Por eso estamos aqu\u00ed, porque nos preocupa el nivel de contaminaci\u00f3n de Antofagasta y queremos &nbsp;visibilizar la enorme cantidad de pl\u00e1stico que se desechan en la regi\u00f3n como botellas, bombillas, bolsas, vasos y otros elementos desechable que tenemos 5 minutos en nuestras manos pero que demoran cientos de a\u00f1os en desaparecer\u201d.<\/em><\/p>\n<p><img loading=\"lazy\" decoding=\"async\" class=\" wp-image-1094\" src=\"https:\/\/www.greenpeace.org\/static\/planet4-chile-stateless\/2019\/02\/S1A1881-1024x683.jpg\" alt=\"\" width=\"665\" height=\"443\" srcset=\"https:\/\/www.greenpeace.org\/static\/planet4-chile-stateless\/2019\/02\/S1A1881-1024x683.jpg 1024w, https:\/\/www.greenpeace.org\/static\/planet4-chile-stateless\/2019\/02\/S1A1881-300x200.jpg 300w, https:\/\/www.greenpeace.org\/static\/planet4-chile-stateless\/2019\/02\/S1A1881-768x512.jpg 768w, https:\/\/www.greenpeace.org\/static\/planet4-chile-stateless\/2019\/02\/S1A1881-2048x1366.jpg 2048w, https:\/\/www.greenpeace.org\/static\/planet4-chile-stateless\/2019\/02\/S1A1881-510x340.jpg 510w\" sizes=\"auto, (max-width: 665px) 100vw, 665px\" \/><\/p>\n<p style=\"font-weight: 400;\">En Chile, el consumo de pl\u00e1sticos por persona es de 51 kilos por a\u00f1o. \u00c9sto est\u00e1 aumentando a\u00f1o con a\u00f1o en relaci\u00f3n con el consumo y crecimiento econ\u00f3mico. Si seguimos con esta tendencia, estaremos consumiendo cerca de 40 kilos s\u00f3lo de basura pl\u00e1stica en el a\u00f1o 2020.<\/p>\n<p><img loading=\"lazy\" decoding=\"async\" class=\" wp-image-1093\" src=\"https:\/\/www.greenpeace.org\/static\/planet4-chile-stateless\/2019\/02\/S1A1879-1024x683.jpg\" alt=\"\" width=\"665\" height=\"443\" srcset=\"https:\/\/www.greenpeace.org\/static\/planet4-chile-stateless\/2019\/02\/S1A1879-1024x683.jpg 1024w, https:\/\/www.greenpeace.org\/static\/planet4-chile-stateless\/2019\/02\/S1A1879-300x200.jpg 300w, https:\/\/www.greenpeace.org\/static\/planet4-chile-stateless\/2019\/02\/S1A1879-768x512.jpg 768w, https:\/\/www.greenpeace.org\/static\/planet4-chile-stateless\/2019\/02\/S1A1879-2048x1366.jpg 2048w, https:\/\/www.greenpeace.org\/static\/planet4-chile-stateless\/2019\/02\/S1A1879-510x340.jpg 510w\" sizes=\"auto, (max-width: 665px) 100vw, 665px\" \/><\/p>\n<p style=\"font-weight: 400;\">\u201cEn este alarmante escenario es que <b style=\"font-weight: 400;\">emplazamos&nbsp; a la ministra de Medio Ambiente, Carolina Schmidt,&nbsp;para que asuma un rol de verdadero liderazgo y elaboren un proyecto que <\/b><b>proh\u00edba<\/b><b style=\"font-weight: 400;\">&nbsp;los pl\u00e1sticos de un solo us<\/b><strong>o<\/strong>&#8220;, enfatiz\u00f3 Acu\u00f1a.<\/p>\n<p style=\"font-weight: 400;\">La organizaci\u00f3n ambientalista, Greenpeace, invita a<strong> sumarse a la petici\u00f3n y movimiento #ChileSinPl\u00e1sticos en&nbsp;<a href=\"http:\/\/www.greenpeace.cl\/\" data-saferedirecturl=\"https:\/\/www.google.com\/url?q=http:\/\/www.greenpeace.cl\/&amp;source=gmail&amp;ust=1550430801874000&amp;usg=AFQjCNHQsUBp1HhLk_qmjlG72XlCisbQiA\">www.greenpeace.cl<\/a>&nbsp;<\/strong>&nbsp;para hacer una fuerza ciudadana que le pida al ministerio del medio ambiente que lidere una ley que elimine los pl\u00e1sticos de un solo uso como ya lo hizo la Uni\u00f3n Europea y Per\u00fa.<\/p>\n<p><img loading=\"lazy\" decoding=\"async\" class=\" wp-image-1098\" src=\"https:\/\/www.greenpeace.org\/static\/planet4-chile-stateless\/2019\/02\/S1A1979-1024x683.jpg\" alt=\"\" width=\"665\" height=\"443\" srcset=\"https:\/\/www.greenpeace.org\/static\/planet4-chile-stateless\/2019\/02\/S1A1979-1024x683.jpg 1024w, https:\/\/www.greenpeace.org\/static\/planet4-chile-stateless\/2019\/02\/S1A1979-300x200.jpg 300w, https:\/\/www.greenpeace.org\/static\/planet4-chile-stateless\/2019\/02\/S1A1979-768x512.jpg 768w, https:\/\/www.greenpeace.org\/static\/planet4-chile-stateless\/2019\/02\/S1A1979-2048x1366.jpg 2048w, https:\/\/www.greenpeace.org\/static\/planet4-chile-stateless\/2019\/02\/S1A1979-510x340.jpg 510w\" sizes=\"auto, (max-width: 665px) 100vw, 665px\" \/><\/p>\n<p style=\"font-weight: 400;\">La acci\u00f3n de Greenpeace tambi\u00e9n incluy\u00f3 la instalaci\u00f3n de dos&nbsp; botellas tienen 12 metros de largo&nbsp; que han sido utilizadas en diversas acciones en el mundo, incluyendo Croacia, Espa\u00f1a y Hong Kong y que&nbsp; ahora llegan a Antofagasta. Desde aqu\u00ed&nbsp; seguir\u00e1n a fin de mes rumbo a otros pa\u00edses para participar en otras campa\u00f1as de alerta respecto de la contaminaci\u00f3n por pl\u00e1sticos .<\/p>\n\t\t\t<section\n\t\t\tclass=\"boxout post-557 \"\n\t\t\t\n\t\t>\n\t\t\t<a\n\t\t\t\tdata-ga-category=\"Take Action Boxout\"\n\t\t\t\tdata-ga-action=\"Image\"\n\t\t\t\tdata-ga-label=\"n\/a\"\n\t\t\t\tclass=\"cover-card-overlay\"\n\t\t\t\thref=\"https:\/\/www.greenpeace.org\/chile\/involucrate\/sumate-a-chilesinplasticos\/\" \n\t\t\t><\/a>\n\t\t\t\t\t\t\t<img\n\t\t\t\t\t\tsrc=\"https:\/\/www.greenpeace.org\/static\/planet4-chile-stateless\/2018\/10\/88d02357-d8d69f40-gp0stsbcz_pressmedia-1024x683.jpg\"\n\t\t\t\t\t\tsrcset=\"https:\/\/www.greenpeace.org\/static\/planet4-chile-stateless\/2018\/10\/88d02357-d8d69f40-gp0stsbcz_pressmedia-300x200.jpg 300w, https:\/\/www.greenpeace.org\/static\/planet4-chile-stateless\/2018\/10\/88d02357-d8d69f40-gp0stsbcz_pressmedia-768x512.jpg 768w, https:\/\/www.greenpeace.org\/static\/planet4-chile-stateless\/2018\/10\/88d02357-d8d69f40-gp0stsbcz_pressmedia-1024x683.jpg 1024w, https:\/\/www.greenpeace.org\/static\/planet4-chile-stateless\/2018\/10\/88d02357-d8d69f40-gp0stsbcz_pressmedia-2048x1366.jpg 2048w, https:\/\/www.greenpeace.org\/static\/planet4-chile-stateless\/2018\/10\/88d02357-d8d69f40-gp0stsbcz_pressmedia-510x340.jpg 510w\"\n\t\t\t\t\t\tsizes=\"(min-width: 1000px) 358px, (min-width: 780px) 313px, 88px\"\n\t\t\t\t\t\talt=\"\" title=\"\"\n\t\t\t\t\/>\n            \t\t\t<div class=\"boxout-content\">\n\t\t\t\t\t\t\t\t\t<a\n\t\t\t\t\t\tclass=\"boxout-heading medium\"\n\t\t\t\t\t\tdata-ga-category=\"Take Action Boxout\"\n\t\t\t\t\t\tdata-ga-action=\"Title\"\n\t\t\t\t\t\tdata-ga-label=\"n\/a\"\n\t\t\t\t\t\thref=\"https:\/\/www.greenpeace.org\/chile\/involucrate\/sumate-a-chilesinplasticos\/\"\n\t\t\t\t\t\t\n\t\t\t\t\t>\n\t\t\t\t\t\tS\u00famate a Chile Sin Pl\u00e1sticos\n\t\t\t\t\t<\/a>\n\t\t\t\t\t\t\t\t                                    <a\n                        class=\"btn btn-primary\"\n                        data-ga-category=\"Take Action Boxout\"\n                        data-ga-action=\"Call to Action\"\n                        data-ga-label=\"n\/a\"\n                        href=\"https:\/\/www.greenpeace.org\/chile\/involucrate\/sumate-a-chilesinplasticos\/\"\n                        \n                    >\n                        Invol\u00facrate\n                    <\/a>\n                \t\t\t<\/div>\n\t\t\t\t\t<\/section>\n\t","protected":false},"excerpt":{"rendered":"<p>Febrero 2019. El movimiento ciudadano \u201cChile sin Pl\u00e1sticos\u201d organizado por la organizaci\u00f3n ambientalista Greenpeace lleg\u00f3 hasta Antofagasta junto a activistas locales y nacionales para realizar durante este fin de semana&hellip;<\/p>\n","protected":false},"author":21,"featured_media":1092,"comment_status":"closed","ping_status":"open","sticky":false,"template":"","format":"standard","meta":{"ep_exclude_from_search":false,"p4_og_title":"","p4_og_description":"","p4_og_image":"","p4_og_image_id":"","p4_seo_canonical_url":"","p4_campaign_name":"not set","p4_local_project":"not set","p4_basket_name":"not set","p4_department":"","footnotes":""},"categories":[18],"tags":[29],"p4-page-type":[16],"class_list":["post-1090","post","type-post","status-publish","format-standard","has-post-thumbnail","hentry","category-oceanos","tag-plasticos","p4-page-type-noticia"],"_links":{"self":[{"href":"https:\/\/www.greenpeace.org\/chile\/wp-json\/wp\/v2\/posts\/1090","targetHints":{"allow":["GET"]}}],"collection":[{"href":"https:\/\/www.greenpeace.org\/chile\/wp-json\/wp\/v2\/posts"}],"about":[{"href":"https:\/\/www.greenpeace.org\/chile\/wp-json\/wp\/v2\/types\/post"}],"author":[{"embeddable":true,"href":"https:\/\/www.greenpeace.org\/chile\/wp-json\/wp\/v2\/users\/21"}],"replies":[{"embeddable":true,"href":"https:\/\/www.greenpeace.org\/chile\/wp-json\/wp\/v2\/comments?post=1090"}],"version-history":[{"count":7,"href":"https:\/\/www.greenpeace.org\/chile\/wp-json\/wp\/v2\/posts\/1090\/revisions"}],"predecessor-version":[{"id":7353,"href":"https:\/\/www.greenpeace.org\/chile\/wp-json\/wp\/v2\/posts\/1090\/revisions\/7353"}],"wp:featuredmedia":[{"embeddable":true,"href":"https:\/\/www.greenpeace.org\/chile\/wp-json\/wp\/v2\/media\/1092"}],"wp:attachment":[{"href":"https:\/\/www.greenpeace.org\/chile\/wp-json\/wp\/v2\/media?parent=1090"}],"wp:term":[{"taxonomy":"category","embeddable":true,"href":"https:\/\/www.greenpeace.org\/chile\/wp-json\/wp\/v2\/categories?post=1090"},{"taxonomy":"post_tag","embeddable":true,"href":"https:\/\/www.greenpeace.org\/chile\/wp-json\/wp\/v2\/tags?post=1090"},{"taxonomy":"p4-page-type","embeddable":true,"href":"https:\/\/www.greenpeace.org\/chile\/wp-json\/wp\/v2\/p4-page-type?post=1090"}],"curies":[{"name":"wp","href":"https:\/\/api.w.org\/{rel}","templated":true}]}}