{"id":1130,"date":"2019-03-08T13:13:18","date_gmt":"2019-03-08T13:13:18","guid":{"rendered":"https:\/\/www.greenpeace.org\/chile\/?p=1130"},"modified":"2021-12-01T12:29:51","modified_gmt":"2021-12-01T12:29:51","slug":"dia-internacional-de-la-mujer-estamos-creando-nuevas-formas-de-relacionarnos-mas-libres-e-iguales-para-todas-y-todos","status":"publish","type":"post","link":"https:\/\/www.greenpeace.org\/chile\/blog\/blog\/dia-internacional-de-la-mujer-estamos-creando-nuevas-formas-de-relacionarnos-mas-libres-e-iguales-para-todas-y-todos\/","title":{"rendered":"D\u00eda Internacional de la Mujer: \u201cEstamos creando nuevas formas de relacionarnos, m\u00e1s libres e iguales para todas y todos\u201d"},"content":{"rendered":"<p><img loading=\"lazy\" decoding=\"async\" class=\"alignnone size-full wp-image-1131\" src=\"https:\/\/www.greenpeace.org\/static\/planet4-chile-stateless\/2019\/03\/f75d0ed8-0000960572.jpg\" alt=\"\" width=\"800\" height=\"533\" srcset=\"https:\/\/www.greenpeace.org\/static\/planet4-chile-stateless\/2019\/03\/f75d0ed8-0000960572.jpg 800w, https:\/\/www.greenpeace.org\/static\/planet4-chile-stateless\/2019\/03\/f75d0ed8-0000960572-300x200.jpg 300w, https:\/\/www.greenpeace.org\/static\/planet4-chile-stateless\/2019\/03\/f75d0ed8-0000960572-768x512.jpg 768w, https:\/\/www.greenpeace.org\/static\/planet4-chile-stateless\/2019\/03\/f75d0ed8-0000960572-510x340.jpg 510w\" sizes=\"auto, (max-width: 800px) 100vw, 800px\" \/><\/p>\n<p><span style=\"font-weight: 400;\">Por Luz Maria Le Dantec<\/span><\/p>\n<p><strong><i>\u201cLa visi\u00f3n feminista y ecol\u00f3gica cambiar\u00e1 el mundo. Para ser verdaderamente humanos los hombres tendr\u00edan que ser feministas\u201d<\/i><\/strong><\/p>\n<p><i><span style=\"font-weight: 400;\"> Vandana Shiva (fil\u00f3sofa y activista ecofeminista india)<\/span><\/i><\/p>\n<p><span style=\"font-weight: 400;\">No nac\u00ed feminista, me reconstru\u00ed feminista y eso cambi\u00f3 mi vida para siempre.<\/span><\/p>\n<p><span style=\"font-weight: 400;\">Decidir pararme as\u00ed frente al mundo fue un acto de completa liberaci\u00f3n y de rebeld\u00eda consciente al tomar el control sobre m\u00ed misma. No es f\u00e1cil, &nbsp;a veces nos toma a\u00f1os desaprender todo lo que ancestralmente hemos incorporado como cierto, sobretodo en una sociedad donde se suele confundir lo que no es nombrado con lo inexistente. Es doloroso y hay mucha resistencia, pero creo que es el acto de amor propio m\u00e1s grande que cualquier ser humano puede regalarse.<\/span><\/p>\n<p><span style=\"font-weight: 400;\">Me refiero al ser humano en general y no s\u00f3lo a nosotras, las mujeres, pues creo con total firmeza que s\u00f3lo siendo capaces de incluir de manera eficaz el problema del sexismo en la lucha medioambiental lograremos cambiar el mundo por uno respetuoso con el medio ambiente.<\/span><\/p>\n<p><span style=\"font-weight: 400;\">Estamos aqu\u00ed, firmes para encabezar una revoluci\u00f3n ecol\u00f3gica que integre nuevas relaciones entre g\u00e9neros y que conlleve finalmente a una relaci\u00f3n distinta entre los seres humanos y la naturaleza.<\/span><\/p>\n<p><span style=\"font-weight: 400;\">Soy una agradecida de poder compartir todos los d\u00edas con mujeres as\u00ed, valientes, creativas, fuertes, inteligentes y sin miedo, que trabajan con total convicci\u00f3n de que hay que ser parte activa de los cambios que el planeta y quienes lo habitamos necesitamos para poder vivir en paz.<\/span><\/p>\n<p><span style=\"font-weight: 400;\">Tambi\u00e9n reconocer a mis compa\u00f1eros que en su mayor\u00eda entienden que ser hombre y feminista no significa ocupar un espacio dentro del feminismo, sino que entendieron que su activismo consiste en tomar el espacio que ya tienen en la sociedad y volverlo feminista. Su rol es fundamental en la construcci\u00f3n de este cambio cultural donde estamos creando en conjunto nuevas formas de relacionarnos, m\u00e1s libres e iguales para todas y todos.<\/span><\/p>\n<p><span style=\"font-weight: 400;\">\u00a1Sigamos creando y creyendo que otro mundo es posible!<\/span><\/p>\n<div class=\"EmptyMessage\">Block content is empty. Check the block&#8217;s settings or remove it.<\/div>","protected":false},"excerpt":{"rendered":"<p>Por Luz Maria Le Dantec \u201cLa visi\u00f3n feminista y ecol\u00f3gica cambiar\u00e1 el mundo. Para ser verdaderamente humanos los hombres tendr\u00edan que ser feministas\u201d Vandana Shiva (fil\u00f3sofa y activista ecofeminista india)&hellip;<\/p>\n","protected":false},"author":19,"featured_media":1131,"comment_status":"closed","ping_status":"open","sticky":false,"template":"","format":"standard","meta":{"ep_exclude_from_search":false,"p4_og_title":"","p4_og_description":"","p4_og_image":"","p4_og_image_id":"","p4_seo_canonical_url":"","p4_campaign_name":"not set","p4_local_project":"not set","p4_basket_name":"not set","p4_department":"","footnotes":""},"categories":[19],"tags":[21],"p4-page-type":[14],"class_list":["post-1130","post","type-post","status-publish","format-standard","has-post-thumbnail","hentry","category-blog","tag-blog","p4-page-type-blog"],"_links":{"self":[{"href":"https:\/\/www.greenpeace.org\/chile\/wp-json\/wp\/v2\/posts\/1130","targetHints":{"allow":["GET"]}}],"collection":[{"href":"https:\/\/www.greenpeace.org\/chile\/wp-json\/wp\/v2\/posts"}],"about":[{"href":"https:\/\/www.greenpeace.org\/chile\/wp-json\/wp\/v2\/types\/post"}],"author":[{"embeddable":true,"href":"https:\/\/www.greenpeace.org\/chile\/wp-json\/wp\/v2\/users\/19"}],"replies":[{"embeddable":true,"href":"https:\/\/www.greenpeace.org\/chile\/wp-json\/wp\/v2\/comments?post=1130"}],"version-history":[{"count":4,"href":"https:\/\/www.greenpeace.org\/chile\/wp-json\/wp\/v2\/posts\/1130\/revisions"}],"predecessor-version":[{"id":7348,"href":"https:\/\/www.greenpeace.org\/chile\/wp-json\/wp\/v2\/posts\/1130\/revisions\/7348"}],"wp:featuredmedia":[{"embeddable":true,"href":"https:\/\/www.greenpeace.org\/chile\/wp-json\/wp\/v2\/media\/1131"}],"wp:attachment":[{"href":"https:\/\/www.greenpeace.org\/chile\/wp-json\/wp\/v2\/media?parent=1130"}],"wp:term":[{"taxonomy":"category","embeddable":true,"href":"https:\/\/www.greenpeace.org\/chile\/wp-json\/wp\/v2\/categories?post=1130"},{"taxonomy":"post_tag","embeddable":true,"href":"https:\/\/www.greenpeace.org\/chile\/wp-json\/wp\/v2\/tags?post=1130"},{"taxonomy":"p4-page-type","embeddable":true,"href":"https:\/\/www.greenpeace.org\/chile\/wp-json\/wp\/v2\/p4-page-type?post=1130"}],"curies":[{"name":"wp","href":"https:\/\/api.w.org\/{rel}","templated":true}]}}