{"id":1134,"date":"2019-03-08T13:15:04","date_gmt":"2019-03-08T13:15:04","guid":{"rendered":"https:\/\/www.greenpeace.org\/chile\/?p=1134"},"modified":"2021-12-01T12:29:50","modified_gmt":"2021-12-01T12:29:50","slug":"dia-internacional-de-la-mujer-cuando-una-mujer-avanza-nunca-la-veran-retroceder","status":"publish","type":"post","link":"https:\/\/www.greenpeace.org\/chile\/blog\/blog\/dia-internacional-de-la-mujer-cuando-una-mujer-avanza-nunca-la-veran-retroceder\/","title":{"rendered":"D\u00eda Internacional de la Mujer: &#8220;Cuando una mujer avanza , nunca la ver\u00e1n retroceder"},"content":{"rendered":"<p><img loading=\"lazy\" decoding=\"async\" class=\"alignnone size-full wp-image-1138\" src=\"https:\/\/www.greenpeace.org\/static\/planet4-chile-stateless\/2019\/03\/d147a678-img_20180921_142213.jpg\" alt=\"\" width=\"4160\" height=\"3120\" srcset=\"https:\/\/www.greenpeace.org\/static\/planet4-chile-stateless\/2019\/03\/d147a678-img_20180921_142213.jpg 4160w, https:\/\/www.greenpeace.org\/static\/planet4-chile-stateless\/2019\/03\/d147a678-img_20180921_142213-300x225.jpg 300w, https:\/\/www.greenpeace.org\/static\/planet4-chile-stateless\/2019\/03\/d147a678-img_20180921_142213-768x576.jpg 768w, https:\/\/www.greenpeace.org\/static\/planet4-chile-stateless\/2019\/03\/d147a678-img_20180921_142213-1024x768.jpg 1024w, https:\/\/www.greenpeace.org\/static\/planet4-chile-stateless\/2019\/03\/d147a678-img_20180921_142213-1821x1366.jpg 1821w, https:\/\/www.greenpeace.org\/static\/planet4-chile-stateless\/2019\/03\/d147a678-img_20180921_142213-453x340.jpg 453w\" sizes=\"auto, (max-width: 4160px) 100vw, 4160px\" \/><\/p>\n<p><i><span style=\"font-weight: 400;\">Por <\/span><\/i><i><span style=\"font-weight: 400;\">Leticia Caro, presidenta de la Comunidad Ind\u00edgena Kaw\u00e9sqar N\u00f3mades del Mar <\/span><\/i><\/p>\n<p><span style=\"font-weight: 400;\">Me han pedido que escriba algo en torno a la conmemoraci\u00f3n del D\u00eda Internacional de la Mujer, para homenajear a las &nbsp;mujeres que en busca de la igualdad han sucumbido en la historia del mundo.<\/span><\/p>\n<p><span style=\"font-weight: 400;\">Muchas mujeres vinieron antes que nosotras, levant\u00e1ndose &nbsp;contra la injusticia y luchando por la defensa de derechos fundamentales. A esas mujeres que la historia nos describe y nos recuerda, contin\u00faan en la retina, no estar\u00e1n ausentes, y quedar\u00e1n estampadas para siempre en nuestra memoria como parte del ADN de miles &nbsp;de mujeres trabajadoras que hoy mismo siguen en b\u00fasqueda de la igualdad, la equidad y de la protecci\u00f3n de sus familias y de los distintos territorios que habitan.<\/span><\/p>\n<p><span style=\"font-weight: 400;\">Veo a la mujer, compa\u00f1era, trabajadora, hija, amiga, madre incansable, que busca el sustento para los suyos, las diviso desde aqu\u00ed, &nbsp;desde mi andar y las admiro, a veces desde lejos, las observo cuidadosamente y veo en cada acci\u00f3n que hacen, cientos de momentos-hitos de libertad, a pesar de que muchas a\u00fan siguen sujetas a un sistema que se resiste a su presencia libre.<\/span><\/p>\n<p><span style=\"font-weight: 400;\">Desde mi Sur austral, Rosa \u00c1guila y sus hijas, Marcela Caro y su clan, Haydee Aguila junto a su familia, todas mujeres que luchan para la protecci\u00f3n de sus territorios ancestrales, desde el coraz\u00f3n de la cosmovisi\u00f3n Kaw\u00e9sqar se levantan frente a todo pron\u00f3stico y logran la acci\u00f3n m\u00e1s hermosa y esperanzadora, la protecci\u00f3n del mar, el romanticismo aparece, porque aunque son mujeres fuertes, aman delicadamente.<\/span><\/p>\n<p><span style=\"font-weight: 400;\">Desde otro punto del territorio, las veo, Quinchel Antillanca, Mar\u00eda Olmos Loncopan, Mona Leal Marilao, levantando sus luchas territoriales, derribando mitos, con el pecho erguido, son valientes, m\u00e1gicas, son Mapuche \u00a1son mujeres!<\/span><\/p>\n<p><span style=\"font-weight: 400;\">Y si veo m\u00e1s al norte, la veo, B\u00e1rbara Quenaya, cargando a su hijo por un lado y sus conocimientos por el otro , ayud\u00e1ndonos a todas , desde el territorio Aymara, &nbsp;en este pa\u00eds tan desigual que no es capaz de reconocer las 5 injusticias diarias que enfrentan las mujeres ind\u00edgenas doblemente apuntadas con el dedo por sus or\u00edgenes.<\/span><\/p>\n<p><span style=\"font-weight: 400;\">Las mujeres Afro Chilenas a\u00fan no reconocidas por el Estado, que buscan reivindicar en alguna media la injusta llegada de sus antepasados a este territorio desde el continente africano para esclavitud.<\/span><\/p>\n<p><span style=\"font-weight: 400;\">No puedo dejar de mencionar a las mujeres de la comunidad, a mi hermana Andrea, pescadora, ind\u00edgena, madre, &nbsp;compa\u00f1era, mujer de gran car\u00e1cter. A Patty, Jessica, Sylvia grandes formadoras de hijos, de esperanzas, que nos acompa\u00f1an en esta gran tarea de la protecci\u00f3n del territorio ancestral, para el bienestar de las futuras generaciones.<\/span><\/p>\n<p><span style=\"font-weight: 400;\">Faltan muchas por nombrar , pero es importante recordar que todas estas mujeres pasar\u00e1n a formar parte de una gran historia, la del regreso a una esencia, la de las mujeres &nbsp;que han tomado la lucha territorial como una responsabilidad, por los suyos y por los dem\u00e1s, que contin\u00faan contribuyendo para un mundo mejor, que est\u00e1n aqu\u00ed para reclamar derechos , como ha sido hist\u00f3ricamente.<\/span><\/p>\n<p><strong>&#8220;Cuando una mujer avanza , nunca la ver\u00e1n retroceder, &nbsp;las mujeres ind\u00edgenas se organizan, se levantan y constituyen las voces m\u00e1s fuertes que pueden o\u00edrse y esas voces no podr\u00e1n ser silenciadas, jam\u00e1s &#8221; .<\/strong><\/p>\n<div class=\"EmptyMessage\">Block content is empty. Check the block&#8217;s settings or remove it.<\/div>","protected":false},"excerpt":{"rendered":"<p>Por Leticia Caro, presidenta de la Comunidad Ind\u00edgena Kaw\u00e9sqar N\u00f3mades del Mar Me han pedido que escriba algo en torno a la conmemoraci\u00f3n del D\u00eda Internacional de la Mujer, para&hellip;<\/p>\n","protected":false},"author":19,"featured_media":1135,"comment_status":"closed","ping_status":"open","sticky":false,"template":"","format":"standard","meta":{"ep_exclude_from_search":false,"p4_og_title":"","p4_og_description":"","p4_og_image":"","p4_og_image_id":"","p4_seo_canonical_url":"","p4_campaign_name":"not set","p4_local_project":"not set","p4_basket_name":"not set","p4_department":"","footnotes":""},"categories":[19],"tags":[21],"p4-page-type":[14],"class_list":["post-1134","post","type-post","status-publish","format-standard","has-post-thumbnail","hentry","category-blog","tag-blog","p4-page-type-blog"],"_links":{"self":[{"href":"https:\/\/www.greenpeace.org\/chile\/wp-json\/wp\/v2\/posts\/1134","targetHints":{"allow":["GET"]}}],"collection":[{"href":"https:\/\/www.greenpeace.org\/chile\/wp-json\/wp\/v2\/posts"}],"about":[{"href":"https:\/\/www.greenpeace.org\/chile\/wp-json\/wp\/v2\/types\/post"}],"author":[{"embeddable":true,"href":"https:\/\/www.greenpeace.org\/chile\/wp-json\/wp\/v2\/users\/19"}],"replies":[{"embeddable":true,"href":"https:\/\/www.greenpeace.org\/chile\/wp-json\/wp\/v2\/comments?post=1134"}],"version-history":[{"count":6,"href":"https:\/\/www.greenpeace.org\/chile\/wp-json\/wp\/v2\/posts\/1134\/revisions"}],"predecessor-version":[{"id":7347,"href":"https:\/\/www.greenpeace.org\/chile\/wp-json\/wp\/v2\/posts\/1134\/revisions\/7347"}],"wp:featuredmedia":[{"embeddable":true,"href":"https:\/\/www.greenpeace.org\/chile\/wp-json\/wp\/v2\/media\/1135"}],"wp:attachment":[{"href":"https:\/\/www.greenpeace.org\/chile\/wp-json\/wp\/v2\/media?parent=1134"}],"wp:term":[{"taxonomy":"category","embeddable":true,"href":"https:\/\/www.greenpeace.org\/chile\/wp-json\/wp\/v2\/categories?post=1134"},{"taxonomy":"post_tag","embeddable":true,"href":"https:\/\/www.greenpeace.org\/chile\/wp-json\/wp\/v2\/tags?post=1134"},{"taxonomy":"p4-page-type","embeddable":true,"href":"https:\/\/www.greenpeace.org\/chile\/wp-json\/wp\/v2\/p4-page-type?post=1134"}],"curies":[{"name":"wp","href":"https:\/\/api.w.org\/{rel}","templated":true}]}}