{"id":11552,"date":"2024-02-15T14:28:56","date_gmt":"2024-02-15T14:28:56","guid":{"rendered":"https:\/\/www.greenpeace.org\/chile\/?p=11552"},"modified":"2024-02-15T14:35:17","modified_gmt":"2024-02-15T14:35:17","slug":"el-rol-de-la-cordillera-de-los-andes-frente-a-las-olas-de-calor-sus-montanas-reducen-la-temperatura-2","status":"publish","type":"post","link":"https:\/\/www.greenpeace.org\/chile\/noticia\/issues\/climayenergia\/el-rol-de-la-cordillera-de-los-andes-frente-a-las-olas-de-calor-sus-montanas-reducen-la-temperatura-2\/","title":{"rendered":"El rol de la Cordillera de Los Andes frente a las olas de calor: sus monta\u00f1as reducen la temperatura"},"content":{"rendered":"\n<h2 class=\"wp-block-heading\">Gracias a su altura, este cord\u00f3n monta\u00f1oso retiene las masas de aire h\u00famedo que vienen desde el Oc\u00e9ano Pac\u00edfico, moderando las temperaturas extremas que afectan a nuestro pa\u00eds.<\/h2>\n\n<p>Estos d\u00edas, la cordillera est\u00e1 en la palestra mundial con el estreno de la pel\u00edcula \u201cLa Sociedad de la Nieve\u201d, que retrata parte de su inmensidad. Pero m\u00e1s all\u00e1 de sus imponentes postales, este gigante de tierra, roca y minerales, nos regala protecci\u00f3n, sobre todo estos d\u00edas muy calurosos: sus monta\u00f1as atrapan en altura las las masas de aire fr\u00edo que capturan del pac\u00edfico, las que luego traspasan a nuestro territorio, reduciendo los efectos de las altas temperaturas originadas por el calentamiento global. Un verdadero biombo que mantiene aislado a nuestro pa\u00eds de los efectos clim\u00e1ticos externos.&nbsp;<\/p>\n\n<p>Algunos datos de Los Andes: su cord\u00f3n monta\u00f1oso nace en Tierra del Fuego y culmina en Venezuela y es la cordillera continental m\u00e1s larga del planeta, con m\u00e1s de 7.500 kil\u00f3metros de extensi\u00f3n, como consigna la Organizaci\u00f3n de las Naciones Unidas para la Alimentaci\u00f3n y la Agricultura, FAO. Desde la Guajira colombiana, a la cordillera de Darwin en Tierra del Fuego, pasando por el Altiplano o el Aconcagua -la cumbre m\u00e1s alta fuera de Asia-, sus hermosos y diversos paisajes marcan a casi toda la regi\u00f3n sudamericana y, adem\u00e1s, entregan algunas de las reservas de agua m\u00e1s importantes del planeta.&nbsp;<\/p>\n\n<p>\u201cNuestra cordillera es un regulador del clima a nivel regional y un verdadero refrigerador natural que desempe\u00f1a un papel vital en nuestra adaptaci\u00f3n a los desaf\u00edos del cambio clim\u00e1tico. En sus alturas \u2018atrapa\u2019 las masas de aire h\u00famedo que vienen desde el Pac\u00edfico (que tambi\u00e9n tienden a ser m\u00e1s fr\u00edas que otras presiones, gracias a la corriente de Humboldt), lo que ayuda a regular la temperatura, generando microclimas en las zonas de premonta\u00f1a y mitigando, por tanto, las temperaturas extremas de las olas de calor\u201d, explica Silvana Espinosa, vocera de Greenpeace Chile y ge\u00f3grafa de profesi\u00f3n.<\/p>\n\n<p>Otro de los atributos claves de los Andes, dice Espinosa, es que se trata de un espacio clave para la resiliencia clim\u00e1tica, \u201cya que en sus monta\u00f1as est\u00e1n presentes numerosos ecosistemas que proporcionan m\u00faltiples procesos y funciones ecol\u00f3gicas, fortaleciendo las capacidades de nuestro pa\u00eds para adaptarse y reducir la intensidad y frecuencia de los eventos clim\u00e1ticos extremos, adem\u00e1s de constituir un reservorio de biodiversidad de gran valor para la conservaci\u00f3n de las especies\u201d.<\/p>\n\n<p>De ah\u00ed, que el llamado de la organizaci\u00f3n es a cuidar la Cordillera, sus glaciares, ecosistemas, y biodiversidad, \u201cevitando las actividades industriales que mutilan las monta\u00f1as y sus recursos, como lo hace la miner\u00eda, para que nos pueda seguir brindando protecci\u00f3n natural por mucho tiempo m\u00e1s. Es momento de tomar conciencia que, sin la actuaci\u00f3n de la Cordillera de Los Andes, el calor que sentimos estos d\u00edas podr\u00eda ser mucho peor\u201d, sentencia Espinosa.&nbsp;<\/p>\n\n<p><strong>Principales ecosistemas andinos en el pa\u00eds<\/strong><\/p>\n\n<p>Cuando de ecosistemas cordilleranos se trata, el primero que se viene a la mente es el de monta\u00f1a: \u201cCerca del 80% del territorio chileno es monta\u00f1oso y en eso somos muy privilegiados\u201d, expresa Silvana Espinosa. Caracterizado por la altura, la diversidad clim\u00e1tica y los cambios de temperaturas (que pueden ser muy dr\u00e1sticos entre el d\u00eda y la noche), presenta una biodiversidad riqu\u00edsima, de hecho, parte importante de la biodiversidad del mundo se desarrolla y sostiene en los ecosistemas de monta\u00f1a.<br><\/p>\n\n<p>Otro ecosistema que posibilita nuestros Andes es el de los bosques. Verdaderos santuarios de vida que proporcionan refugio, sombra y regulaci\u00f3n t\u00e9rmica para la fauna, las personas e incluso para formaciones vegetacionales de menor altura.<\/p>\n\n<p>Los glaciares son, tambi\u00e9n, otro de los ecosistemas claves que alberga la cordillera. Esta fuente de agua dulce en estado s\u00f3lido alimenta constantemente a r\u00edos y esteros hacia las zonas m\u00e1s bajas, los que funcionan como reguladores t\u00e9rmicos naturales para la flora, fauna y comunidades que habitan cerca de estos cauces, adem\u00e1s de aportar humedad al aire, factores que ayudan a disminuir los efectos de las olas de calor.<\/p>\n\n<p>Lamentablemente, los glaciares de nuestra cordillera se est\u00e1n derretido con mayor rapidez de lo que se estimaba, debido al calentamiento global. Un estudio publicado en Nature Geoscience en 2022, dio cuenta de esta realidad. Utilizando im\u00e1genes satelitales de glaciares y de su modificaci\u00f3n, los investigadores crearon un atlas en el que se deduce el espesor del 98% de los m\u00e1s de 200.000 glaciares monta\u00f1osos del planeta y advirtieron que las reservas en los Andes contienen un 72% menos de agua de lo que se pensaba.<br><\/p>\n\n<p>\u201cExiste una conexi\u00f3n crucial entre la preservaci\u00f3n de la naturaleza y la capacidad que tiene nuestro pa\u00eds para hacer frente a las olas de calor. La protecci\u00f3n de nuestros ecosistemas y la biodiversidad no s\u00f3lo es esencial para la salud del planeta, sino que tambi\u00e9n desempe\u00f1a un papel fundamental en nuestra capacidad para enfrentar los impactos del cambio clim\u00e1tico\u201d, declara Espinosa.<\/p>\n\n<p>La ge\u00f3grafa a\u00f1ade que si las grandes industrias contin\u00faan abusando de los combustibles f\u00f3siles como hasta ahora y los gobiernos no le dan la importancia que tiene legislar y fiscalizar en esta tem\u00e1tica, \u201cseguiremos creando el escenario perfecto para facilitar el aumento de la temperatura global y la ocurrencia de las olas de calor. Debemos ser conscientes del valor de la cordillera de los Andes en cada permiso de explotaci\u00f3n industrial, como por ejemplo los relacionados con las actividades mineras, y entender que el costo que estamos pagando por la extracci\u00f3n de algunos metales es demasiado alto\u201d, comenta la vocera de Greenpeace.<\/p>\n\n<figure class=\"wp-block-image size-large\"><img loading=\"lazy\" decoding=\"async\" width=\"1024\" height=\"682\" src=\"https:\/\/www.greenpeace.org\/static\/planet4-chile-stateless\/2024\/02\/244befca-whatsapp-image-2024-02-15-at-11.11.44-1024x682.jpeg\" alt=\"\" class=\"wp-image-11555\" srcset=\"https:\/\/www.greenpeace.org\/static\/planet4-chile-stateless\/2024\/02\/244befca-whatsapp-image-2024-02-15-at-11.11.44-1024x682.jpeg 1024w, https:\/\/www.greenpeace.org\/static\/planet4-chile-stateless\/2024\/02\/244befca-whatsapp-image-2024-02-15-at-11.11.44-300x200.jpeg 300w, https:\/\/www.greenpeace.org\/static\/planet4-chile-stateless\/2024\/02\/244befca-whatsapp-image-2024-02-15-at-11.11.44-768x512.jpeg 768w, https:\/\/www.greenpeace.org\/static\/planet4-chile-stateless\/2024\/02\/244befca-whatsapp-image-2024-02-15-at-11.11.44-1536x1024.jpeg 1536w, https:\/\/www.greenpeace.org\/static\/planet4-chile-stateless\/2024\/02\/244befca-whatsapp-image-2024-02-15-at-11.11.44-2048x1366.jpeg 2048w, https:\/\/www.greenpeace.org\/static\/planet4-chile-stateless\/2024\/02\/244befca-whatsapp-image-2024-02-15-at-11.11.44-510x340.jpeg 510w\" sizes=\"auto, (max-width: 1024px) 100vw, 1024px\" \/><\/figure>\n","protected":false},"excerpt":{"rendered":"<p>Estos d\u00edas, la cordillera est\u00e1 nuevamente en la palestra mundial con el estreno de la pel\u00edcula \u201cLa Sociedad de la Nieve\u201d, que retrata parte de su inmensidad. Pero m\u00e1s all\u00e1&hellip;<\/p>\n","protected":false},"author":58,"featured_media":11553,"comment_status":"closed","ping_status":"open","sticky":false,"template":"","format":"standard","meta":{"ep_exclude_from_search":false,"p4_og_title":"","p4_og_description":"","p4_og_image":"","p4_og_image_id":"","p4_seo_canonical_url":"","p4_campaign_name":"","p4_local_project":"","p4_basket_name":"","p4_department":"","footnotes":""},"categories":[3,33],"tags":[],"p4-page-type":[16],"class_list":["post-11552","post","type-post","status-publish","format-standard","has-post-thumbnail","hentry","category-climayenergia","category-greenpeace","p4-page-type-noticia"],"_links":{"self":[{"href":"https:\/\/www.greenpeace.org\/chile\/wp-json\/wp\/v2\/posts\/11552","targetHints":{"allow":["GET"]}}],"collection":[{"href":"https:\/\/www.greenpeace.org\/chile\/wp-json\/wp\/v2\/posts"}],"about":[{"href":"https:\/\/www.greenpeace.org\/chile\/wp-json\/wp\/v2\/types\/post"}],"author":[{"embeddable":true,"href":"https:\/\/www.greenpeace.org\/chile\/wp-json\/wp\/v2\/users\/58"}],"replies":[{"embeddable":true,"href":"https:\/\/www.greenpeace.org\/chile\/wp-json\/wp\/v2\/comments?post=11552"}],"version-history":[{"count":2,"href":"https:\/\/www.greenpeace.org\/chile\/wp-json\/wp\/v2\/posts\/11552\/revisions"}],"predecessor-version":[{"id":11557,"href":"https:\/\/www.greenpeace.org\/chile\/wp-json\/wp\/v2\/posts\/11552\/revisions\/11557"}],"wp:featuredmedia":[{"embeddable":true,"href":"https:\/\/www.greenpeace.org\/chile\/wp-json\/wp\/v2\/media\/11553"}],"wp:attachment":[{"href":"https:\/\/www.greenpeace.org\/chile\/wp-json\/wp\/v2\/media?parent=11552"}],"wp:term":[{"taxonomy":"category","embeddable":true,"href":"https:\/\/www.greenpeace.org\/chile\/wp-json\/wp\/v2\/categories?post=11552"},{"taxonomy":"post_tag","embeddable":true,"href":"https:\/\/www.greenpeace.org\/chile\/wp-json\/wp\/v2\/tags?post=11552"},{"taxonomy":"p4-page-type","embeddable":true,"href":"https:\/\/www.greenpeace.org\/chile\/wp-json\/wp\/v2\/p4-page-type?post=11552"}],"curies":[{"name":"wp","href":"https:\/\/api.w.org\/{rel}","templated":true}]}}