{"id":12130,"date":"2024-04-18T15:05:45","date_gmt":"2024-04-18T15:05:45","guid":{"rendered":"https:\/\/www.greenpeace.org\/chile\/?p=12130"},"modified":"2024-04-18T16:29:22","modified_gmt":"2024-04-18T16:29:22","slug":"accion-sobre-el-mapocho-greenpeace-alerta-sobre-la-destruccion-de-glaciares-en-la-region-metropolitana","status":"publish","type":"post","link":"https:\/\/www.greenpeace.org\/chile\/noticia\/issues\/climayenergia\/accion-sobre-el-mapocho-greenpeace-alerta-sobre-la-destruccion-de-glaciares-en-la-region-metropolitana\/","title":{"rendered":"Acci\u00f3n sobre el Mapocho: Greenpeace alerta sobre la destrucci\u00f3n de glaciares en la Regi\u00f3n Metropolitana\u00a0"},"content":{"rendered":"\n<figure class=\"wp-block-image size-large\"><img loading=\"lazy\" decoding=\"async\" width=\"1024\" height=\"683\" src=\"https:\/\/www.greenpeace.org\/static\/planet4-chile-stateless\/2024\/04\/6c8b7b3a-dji_0092-1024x683.jpg\" alt=\"\" class=\"wp-image-12132\" srcset=\"https:\/\/www.greenpeace.org\/static\/planet4-chile-stateless\/2024\/04\/6c8b7b3a-dji_0092-1024x683.jpg 1024w, https:\/\/www.greenpeace.org\/static\/planet4-chile-stateless\/2024\/04\/6c8b7b3a-dji_0092-300x200.jpg 300w, https:\/\/www.greenpeace.org\/static\/planet4-chile-stateless\/2024\/04\/6c8b7b3a-dji_0092-768x512.jpg 768w, https:\/\/www.greenpeace.org\/static\/planet4-chile-stateless\/2024\/04\/6c8b7b3a-dji_0092-1536x1024.jpg 1536w, https:\/\/www.greenpeace.org\/static\/planet4-chile-stateless\/2024\/04\/6c8b7b3a-dji_0092-2048x1366.jpg 2048w, https:\/\/www.greenpeace.org\/static\/planet4-chile-stateless\/2024\/04\/6c8b7b3a-dji_0092-510x340.jpg 510w\" sizes=\"auto, (max-width: 1024px) 100vw, 1024px\" \/><figcaption class=\"wp-element-caption\">\u00a9 Sebastien Mora \/ Greenpeace<\/figcaption><\/figure>\n\n<ul class=\"wp-block-list\">\n<li>La organizaci\u00f3n<strong> lanz\u00f3 campa\u00f1a para detener la expansi\u00f3n de la mina Los Bronces, en la cordillera de los Andes, cuya operaci\u00f3n pone en riesgo el futuro de las reservas de agua.<\/strong><\/li>\n<\/ul>\n\n<p><a href=\"https:\/\/fotos.greenpeace.org.ar\/Chile\/indexdesktop.php?layout=4col&amp;dir=20240418+Bajemos+Los+Bronces+Nueva+Tobalaba\" target=\"_blank\" rel=\"noreferrer noopener\"><em>Galeria de fotos disponibles aqu\u00ed<\/em><\/a><\/p>\n\n<p>Santiago, 18 de abril de 2024.<strong> <\/strong>La ma\u00f1ana de este jueves,<strong> activistas de Greenpeace se colgaron sobre el puente Nueva Tobalaba y desplegaron un cartel de 25 metros sobre el r\u00edo Mapocho con el mensaje: \u201cM\u00e1s miner\u00eda en glaciares, menos agua para Santiago\u201d<\/strong>, con el objetivo de alertar sobre el impacto que esta industria tiene sobre los glaciares de los Andes Centrales y c\u00f3mo aquello podr\u00eda afectar la disponibilidad h\u00eddrica, particularmente en la Regi\u00f3n Metropolitana, en el marco de la expansi\u00f3n de la mina Los Bronces.<\/p>\n\n<div class=\"wp-block-buttons is-content-justification-center is-layout-flex wp-container-core-buttons-is-layout-16018d1d wp-block-buttons-is-layout-flex\">\n<div class=\"wp-block-button is-style-cta\"><a class=\"wp-block-button__link wp-element-button\" href=\"http:\/\/bajemoslosbronces.cl\/\" target=\"_blank\" rel=\"noreferrer noopener\">Protege nuestros glaciares, agua y aire. Firma para decir NO al avance de la mina Los Bronces <\/a><\/div>\n<\/div>\n\n<figure class=\"wp-block-image size-large\"><img loading=\"lazy\" decoding=\"async\" width=\"1024\" height=\"683\" src=\"https:\/\/www.greenpeace.org\/static\/planet4-chile-stateless\/2024\/04\/0d201a46-gp_banner_cs_006-1024x683.jpg\" alt=\"\" class=\"wp-image-12133\" srcset=\"https:\/\/www.greenpeace.org\/static\/planet4-chile-stateless\/2024\/04\/0d201a46-gp_banner_cs_006-1024x683.jpg 1024w, https:\/\/www.greenpeace.org\/static\/planet4-chile-stateless\/2024\/04\/0d201a46-gp_banner_cs_006-300x200.jpg 300w, https:\/\/www.greenpeace.org\/static\/planet4-chile-stateless\/2024\/04\/0d201a46-gp_banner_cs_006-768x513.jpg 768w, https:\/\/www.greenpeace.org\/static\/planet4-chile-stateless\/2024\/04\/0d201a46-gp_banner_cs_006-1536x1025.jpg 1536w, https:\/\/www.greenpeace.org\/static\/planet4-chile-stateless\/2024\/04\/0d201a46-gp_banner_cs_006-2048x1366.jpg 2048w, https:\/\/www.greenpeace.org\/static\/planet4-chile-stateless\/2024\/04\/0d201a46-gp_banner_cs_006-510x340.jpg 510w\" sizes=\"auto, (max-width: 1024px) 100vw, 1024px\" \/><figcaption class=\"wp-element-caption\">\u00a9 Sebastien Mora \/ Greenpeace<\/figcaption><\/figure>\n\n<p>\u201cBuscamos movilizar a todos los santiaguinos para que <strong>rechacemos en conjunto el proyecto de ampliaci\u00f3n, Los Bronces Integrado<\/strong>. Las <strong>consecuencias <\/strong>que podr\u00eda tener sobre nuestras reservas de agua son grav\u00edsimas, y su efecto sobre la contaminaci\u00f3n del aire y en nuestra biodiversidad, <strong>no han sido informados ni dimensionados por los habitantes de la capital<\/strong>\u201d, afirm\u00f3 Carmen Barahona, una de los voluntarias que se encaden\u00f3 sobre el Mapocho.&nbsp;<\/p>\n\t\t\t<section\n\t\t\tclass=\"boxout post-11943 \"\n\t\t\t\n\t\t>\n\t\t\t<a\n\t\t\t\tdata-ga-category=\"Take Action Boxout\"\n\t\t\t\tdata-ga-action=\"Image\"\n\t\t\t\tdata-ga-label=\"n\/a\"\n\t\t\t\tclass=\"cover-card-overlay\"\n\t\t\t\thref=\"https:\/\/www.greenpeace.org\/chile\/involucrate\/bronces-integrado\/\" \n\t\t\t><\/a>\n\t\t\t\t\t\t\t<img\n\t\t\t\t\t\tsrc=\"https:\/\/www.greenpeace.org\/static\/planet4-chile-stateless\/2024\/04\/022f47d8-gpch-los-bronces-integrados-credito-nicole-kramm-caifal-greenpeace-15-1024x683.jpg\"\n\t\t\t\t\t\tsrcset=\"https:\/\/www.greenpeace.org\/static\/planet4-chile-stateless\/2024\/04\/022f47d8-gpch-los-bronces-integrados-credito-nicole-kramm-caifal-greenpeace-15-300x200.jpg 300w, https:\/\/www.greenpeace.org\/static\/planet4-chile-stateless\/2024\/04\/022f47d8-gpch-los-bronces-integrados-credito-nicole-kramm-caifal-greenpeace-15-1024x683.jpg 1024w, https:\/\/www.greenpeace.org\/static\/planet4-chile-stateless\/2024\/04\/022f47d8-gpch-los-bronces-integrados-credito-nicole-kramm-caifal-greenpeace-15-768x513.jpg 768w, https:\/\/www.greenpeace.org\/static\/planet4-chile-stateless\/2024\/04\/022f47d8-gpch-los-bronces-integrados-credito-nicole-kramm-caifal-greenpeace-15-1536x1025.jpg 1536w, https:\/\/www.greenpeace.org\/static\/planet4-chile-stateless\/2024\/04\/022f47d8-gpch-los-bronces-integrados-credito-nicole-kramm-caifal-greenpeace-15-2048x1366.jpg 2048w, https:\/\/www.greenpeace.org\/static\/planet4-chile-stateless\/2024\/04\/022f47d8-gpch-los-bronces-integrados-credito-nicole-kramm-caifal-greenpeace-15-510x340.jpg 510w\"\n\t\t\t\t\t\tsizes=\"(min-width: 1000px) 358px, (min-width: 780px) 313px, 88px\"\n\t\t\t\t\t\talt=\"\" title=\"\"\n\t\t\t\t\/>\n            \t\t\t<div class=\"boxout-content\">\n\t\t\t\t\t\t\t\t\t<a\n\t\t\t\t\t\tclass=\"boxout-heading medium\"\n\t\t\t\t\t\tdata-ga-category=\"Take Action Boxout\"\n\t\t\t\t\t\tdata-ga-action=\"Title\"\n\t\t\t\t\t\tdata-ga-label=\"n\/a\"\n\t\t\t\t\t\thref=\"https:\/\/www.greenpeace.org\/chile\/involucrate\/bronces-integrado\/\"\n\t\t\t\t\t\t\n\t\t\t\t\t>\n\t\t\t\t\t\tLos Bronces\n\t\t\t\t\t<\/a>\n\t\t\t\t\t\t\t\t\t\t\t\t\t<p class=\"boxout-excerpt\">El proyecto minero Los Bronces Integrado pone en riesgo las reservas de agua de toda la Regi\u00f3n. Dile \u00a1No!<\/p>\n\t\t\t\t                                    <a\n                        class=\"btn btn-primary\"\n                        data-ga-category=\"Take Action Boxout\"\n                        data-ga-action=\"Call to Action\"\n                        data-ga-label=\"n\/a\"\n                        href=\"https:\/\/www.greenpeace.org\/chile\/involucrate\/bronces-integrado\/\"\n                        \n                    >\n                        Invol\u00facrate\n                    <\/a>\n                \t\t\t<\/div>\n\t\t\t\t\t<\/section>\n\t\n<h4 class=\"wp-block-heading\"><strong>Los Bronces: una mina en plena capital<\/strong><\/h4>\n\n<figure class=\"wp-block-image size-large\"><img loading=\"lazy\" decoding=\"async\" width=\"1024\" height=\"683\" src=\"https:\/\/www.greenpeace.org\/static\/planet4-chile-stateless\/2024\/04\/9a4c4990-gp_banner_cs_039-1024x683.jpg\" alt=\"\" class=\"wp-image-12134\" srcset=\"https:\/\/www.greenpeace.org\/static\/planet4-chile-stateless\/2024\/04\/9a4c4990-gp_banner_cs_039-1024x683.jpg 1024w, https:\/\/www.greenpeace.org\/static\/planet4-chile-stateless\/2024\/04\/9a4c4990-gp_banner_cs_039-300x200.jpg 300w, https:\/\/www.greenpeace.org\/static\/planet4-chile-stateless\/2024\/04\/9a4c4990-gp_banner_cs_039-768x513.jpg 768w, https:\/\/www.greenpeace.org\/static\/planet4-chile-stateless\/2024\/04\/9a4c4990-gp_banner_cs_039-1536x1025.jpg 1536w, https:\/\/www.greenpeace.org\/static\/planet4-chile-stateless\/2024\/04\/9a4c4990-gp_banner_cs_039-2048x1366.jpg 2048w, https:\/\/www.greenpeace.org\/static\/planet4-chile-stateless\/2024\/04\/9a4c4990-gp_banner_cs_039-510x340.jpg 510w\" sizes=\"auto, (max-width: 1024px) 100vw, 1024px\" \/><figcaption class=\"wp-element-caption\">\u00a9 Sebastien Mora \/ Greenpeace<\/figcaption><\/figure>\n\n<p>Los Bronces Integrado es el <strong>proyecto de Anglo American<\/strong> que busca extender la operaci\u00f3n de la mina Los Bronces, de extracci\u00f3n de cobre y molibdeno, hasta el a\u00f1o 2036. Sus obras contemplan, entre otras cosas, aumentar el rajo en 124 hect\u00e1reas (hoy tiene 400) y la construcci\u00f3n de una mina subterr\u00e1nea de 114 hect\u00e1reas, lo que ampliar\u00e1 su \u00e1rea de impacto hasta las comunas de Lo Barnechea y Colina y el santuario de la naturaleza Yerba Loca.<\/p>\n\n<figure class=\"wp-block-image size-large\"><img loading=\"lazy\" decoding=\"async\" width=\"1024\" height=\"683\" src=\"https:\/\/www.greenpeace.org\/static\/planet4-chile-stateless\/2024\/04\/fe106636-gp_banner_cs_044-1024x683.jpg\" alt=\"\" class=\"wp-image-12135\" srcset=\"https:\/\/www.greenpeace.org\/static\/planet4-chile-stateless\/2024\/04\/fe106636-gp_banner_cs_044-1024x683.jpg 1024w, https:\/\/www.greenpeace.org\/static\/planet4-chile-stateless\/2024\/04\/fe106636-gp_banner_cs_044-300x200.jpg 300w, https:\/\/www.greenpeace.org\/static\/planet4-chile-stateless\/2024\/04\/fe106636-gp_banner_cs_044-768x512.jpg 768w, https:\/\/www.greenpeace.org\/static\/planet4-chile-stateless\/2024\/04\/fe106636-gp_banner_cs_044-1536x1024.jpg 1536w, https:\/\/www.greenpeace.org\/static\/planet4-chile-stateless\/2024\/04\/fe106636-gp_banner_cs_044-2048x1366.jpg 2048w, https:\/\/www.greenpeace.org\/static\/planet4-chile-stateless\/2024\/04\/fe106636-gp_banner_cs_044-510x340.jpg 510w\" sizes=\"auto, (max-width: 1024px) 100vw, 1024px\" \/><figcaption class=\"wp-element-caption\">\u00a9 Sebastien Mora \/ Greenpeace<\/figcaption><\/figure>\n\n<figure class=\"wp-block-image size-large\"><img loading=\"lazy\" decoding=\"async\" width=\"1024\" height=\"683\" src=\"https:\/\/www.greenpeace.org\/static\/planet4-chile-stateless\/2024\/04\/9c716bea-gp_banner_cs_012-1024x683.jpg\" alt=\"\" class=\"wp-image-12136\" srcset=\"https:\/\/www.greenpeace.org\/static\/planet4-chile-stateless\/2024\/04\/9c716bea-gp_banner_cs_012-1024x683.jpg 1024w, https:\/\/www.greenpeace.org\/static\/planet4-chile-stateless\/2024\/04\/9c716bea-gp_banner_cs_012-300x200.jpg 300w, https:\/\/www.greenpeace.org\/static\/planet4-chile-stateless\/2024\/04\/9c716bea-gp_banner_cs_012-768x513.jpg 768w, https:\/\/www.greenpeace.org\/static\/planet4-chile-stateless\/2024\/04\/9c716bea-gp_banner_cs_012-1536x1025.jpg 1536w, https:\/\/www.greenpeace.org\/static\/planet4-chile-stateless\/2024\/04\/9c716bea-gp_banner_cs_012-2048x1366.jpg 2048w, https:\/\/www.greenpeace.org\/static\/planet4-chile-stateless\/2024\/04\/9c716bea-gp_banner_cs_012-510x340.jpg 510w\" sizes=\"auto, (max-width: 1024px) 100vw, 1024px\" \/><figcaption class=\"wp-element-caption\">\u00a9 Sebastien Mora \/ Greenpeace<\/figcaption><\/figure>\n\n<p>Bajo la consigna \u201c<strong>Subamos la voz, bajemos Los Bronces\u201d<\/strong>, desde Greenpeace se <strong>oponen a que este proyecto se ejecute<\/strong>. \u201cEn su aprobaci\u00f3n pesaron m\u00e1s los intereses pol\u00edticos y econ\u00f3micos que los aspectos t\u00e9cnicos. Y se pas\u00f3 por alto los impactos ambientales que un proyecto de esta envergadura podr\u00eda tener sobre nuestras reservas de agua, la salud de las personas y la preservaci\u00f3n de nuestros ecosistemas\u201d, dice Silvana Espinosa, vocera de la organizaci\u00f3n.&nbsp;<\/p>\n\n<figure class=\"wp-block-image size-large\"><img loading=\"lazy\" decoding=\"async\" width=\"1024\" height=\"683\" src=\"https:\/\/www.greenpeace.org\/static\/planet4-chile-stateless\/2024\/04\/a68b5c8c-gp_banner_cs_031-1024x683.jpg\" alt=\"\" class=\"wp-image-12137\" srcset=\"https:\/\/www.greenpeace.org\/static\/planet4-chile-stateless\/2024\/04\/a68b5c8c-gp_banner_cs_031-1024x683.jpg 1024w, https:\/\/www.greenpeace.org\/static\/planet4-chile-stateless\/2024\/04\/a68b5c8c-gp_banner_cs_031-300x200.jpg 300w, https:\/\/www.greenpeace.org\/static\/planet4-chile-stateless\/2024\/04\/a68b5c8c-gp_banner_cs_031-768x513.jpg 768w, https:\/\/www.greenpeace.org\/static\/planet4-chile-stateless\/2024\/04\/a68b5c8c-gp_banner_cs_031-1536x1025.jpg 1536w, https:\/\/www.greenpeace.org\/static\/planet4-chile-stateless\/2024\/04\/a68b5c8c-gp_banner_cs_031-2048x1366.jpg 2048w, https:\/\/www.greenpeace.org\/static\/planet4-chile-stateless\/2024\/04\/a68b5c8c-gp_banner_cs_031-510x340.jpg 510w\" sizes=\"auto, (max-width: 1024px) 100vw, 1024px\" \/><figcaption class=\"wp-element-caption\">\u00a9 Sebastien Mora \/ Greenpeace<\/figcaption><\/figure>\n\n<p>Espinosa relata que \u201ceste proyecto fue rechazado por el Servicio de Evaluaci\u00f3n Ambiental (SEA) el 2022, luego de dos a\u00f1os de an\u00e1lisis, porque los documentos aportados por la empresa no fueron concluyentes. Entre otras cosas, <strong>no precisaron cu\u00e1ntas emisiones de contaminantes adicionales aportar\u00edan con su operaci\u00f3n, ni cu\u00e1nto empeorar\u00eda la calidad del aire<\/strong>\u201d, explica. <\/p>\n\n<p>\u201cA pesar de estos antecedentes, la minera reclam\u00f3 ante el Comit\u00e9 de Ministros, instancia que hace justo un a\u00f1o le di\u00f3 luz verde al proyecto en una decisi\u00f3n pol\u00edtica, ignorando todas las alertas realizadas por las comunidades cient\u00edficas y locales, y el propio Servicio de Evaluaci\u00f3n Ambiental, en primera instancia\u201d, agrega.<\/p>\n\n<figure class=\"wp-block-image size-large\"><img loading=\"lazy\" decoding=\"async\" width=\"1024\" height=\"683\" src=\"https:\/\/www.greenpeace.org\/static\/planet4-chile-stateless\/2024\/04\/4e320853-dji_0095-1024x683.jpg\" alt=\"\" class=\"wp-image-12138\" srcset=\"https:\/\/www.greenpeace.org\/static\/planet4-chile-stateless\/2024\/04\/4e320853-dji_0095-1024x683.jpg 1024w, https:\/\/www.greenpeace.org\/static\/planet4-chile-stateless\/2024\/04\/4e320853-dji_0095-300x200.jpg 300w, https:\/\/www.greenpeace.org\/static\/planet4-chile-stateless\/2024\/04\/4e320853-dji_0095-768x512.jpg 768w, https:\/\/www.greenpeace.org\/static\/planet4-chile-stateless\/2024\/04\/4e320853-dji_0095-1536x1024.jpg 1536w, https:\/\/www.greenpeace.org\/static\/planet4-chile-stateless\/2024\/04\/4e320853-dji_0095-2048x1366.jpg 2048w, https:\/\/www.greenpeace.org\/static\/planet4-chile-stateless\/2024\/04\/4e320853-dji_0095-510x340.jpg 510w\" sizes=\"auto, (max-width: 1024px) 100vw, 1024px\" \/><figcaption class=\"wp-element-caption\">\u00a9 Sebastien Mora \/ Greenpeace<\/figcaption><\/figure>\n\n<p>Por estas razones, <strong>organizaciones ambientales como Modatima y movimientos sociales como No M\u00e1s Anglo, y consejeros regionales y comunidades locales de Lo Barnechea y Colina, han presentado diferentes recursos judiciales y administrativos buscando revertir este permiso<\/strong>. Greenpeace, en tanto, dispuso el sitio web <a href=\"http:\/\/bajemoslosbronces.cl\" target=\"_blank\" rel=\"noreferrer noopener\">bajemoslosbronces.cl<\/a> donde los santiag\u00fcinos pueden firmar para mostrar su rechazo a este proyecto.<\/p>\n\n<h4 class=\"wp-block-heading\"><strong>Amenaza sobre los glaciares<\/strong><\/h4>\n\n<figure class=\"wp-block-image size-large\"><img loading=\"lazy\" decoding=\"async\" width=\"1024\" height=\"683\" src=\"https:\/\/www.greenpeace.org\/static\/planet4-chile-stateless\/2024\/04\/a0d52a82-gp_banner_cs_010-1024x683.jpg\" alt=\"\" class=\"wp-image-12139\" srcset=\"https:\/\/www.greenpeace.org\/static\/planet4-chile-stateless\/2024\/04\/a0d52a82-gp_banner_cs_010-1024x683.jpg 1024w, https:\/\/www.greenpeace.org\/static\/planet4-chile-stateless\/2024\/04\/a0d52a82-gp_banner_cs_010-300x200.jpg 300w, https:\/\/www.greenpeace.org\/static\/planet4-chile-stateless\/2024\/04\/a0d52a82-gp_banner_cs_010-768x512.jpg 768w, https:\/\/www.greenpeace.org\/static\/planet4-chile-stateless\/2024\/04\/a0d52a82-gp_banner_cs_010-1536x1024.jpg 1536w, https:\/\/www.greenpeace.org\/static\/planet4-chile-stateless\/2024\/04\/a0d52a82-gp_banner_cs_010-2048x1366.jpg 2048w, https:\/\/www.greenpeace.org\/static\/planet4-chile-stateless\/2024\/04\/a0d52a82-gp_banner_cs_010-510x340.jpg 510w\" sizes=\"auto, (max-width: 1024px) 100vw, 1024px\" \/><figcaption class=\"wp-element-caption\">\u00a9 Sebastien Mora \/ Greenpeace<\/figcaption><\/figure>\n\n<p>El aire no es la \u00fanica amenaza ambiental de este proyecto. Desde Greenpeace tambi\u00e9n relevan <strong>impactos en la biodiversidad de la cordillera, en la disponibilidad de agua y en la preservaci\u00f3n de glaciares<\/strong>. Para detectar los potenciales da\u00f1os sobre \u00e9stos \u00faltimos, la organizaci\u00f3n se vali\u00f3 de diferentes estudios cient\u00edficos, cuyos resultados publicaron en el<strong> informe <a href=\"https:\/\/www.greenpeace.org\/static\/planet4-chile-stateless\/2024\/04\/ae94b486-informe-glaciares-de-la-cordillera-de-los-andes-impactos-de-la-industria-minera-diciembre-2023-greenpeace.pdf\" target=\"_blank\" rel=\"noreferrer noopener\">\u201cGlaciares de la Cordillera de Los Andes, Impactos de la industria minera\u201d<\/a><\/strong>, disponible en su p\u00e1gina web.<\/p>\n\n<p>Uno de los impactos que destaca el estudio est\u00e1 relacionado con las emisiones de polvo y carbono negro (BC) que se liberan, sobre todo, en las minas de rajo abierto, y que cubren con un manto oscuro la superficie de los glaciares. \u201cEl hielo y la nieve tienen una gran capacidad para reflejar la luz solar. Esto les permite mantener la temperatura baja y conservar el agua congelada en su interior\u201d, explica la vocera de Greenpeace. Sin embargo, cuando se oscurecen, generan el efecto inverso, \u201cabsorben calor y por ende, aceleran su deshielo\u201d, a\u00f1ade. Un ejemplo de aquello lo evidencia el glaciar Olivares Alpha, ubicado cerca de la mina Los Bronces. \u201cLa<strong> depositaci\u00f3n de material particulado generado por la industria minera, en un plazo de 10 a\u00f1os, explica el 82% del derretimiento de su hie<\/strong>lo\u201d, afirma el ingeniero y experto en glaciares, Ra\u00fal Cisternas, autor del informe de Greenpeace.<\/p>\n\n<p>\u201cEsta <strong>cadena de impactos, finalmente, repercute sobre las reservas de agua de todos los capitalinos<\/strong>, cuya protecci\u00f3n es muy valiosa. Sobre todo en el actual contexto de crisis h\u00eddrica\u201d, reflexiona Espinosa.<\/p>\n\n<h4 class=\"wp-block-heading\"><a href=\"https:\/\/www.greenpeace.org\/static\/planet4-chile-stateless\/2024\/04\/ae94b486-informe-glaciares-de-la-cordillera-de-los-andes-impactos-de-la-industria-minera-diciembre-2023-greenpeace.pdf\" target=\"_blank\" rel=\"noreferrer noopener\">Haz click aqu\u00ed para leer el informe \u201cGlaciares de la Cordillera de Los Andes, Impactos de la industria minera\u201d <\/a><\/h4>\n\n<div data-wp-interactive=\"core\/file\" class=\"wp-block-file\"><object data-wp-bind--hidden=\"!state.hasPdfPreview\" hidden class=\"wp-block-file__embed\" data=\"https:\/\/www.greenpeace.org\/static\/planet4-chile-stateless\/2024\/04\/23be7934-informe-glaciares-de-la-cordillera-de-los-andes-impactos-de-la-industria-minera-diciembre-2023-greenpeace.pdf\" type=\"application\/pdf\" style=\"width:100%;height:600px\" aria-label=\"Incrustado de 23be7934-informe-glaciares-de-la-cordillera-de-los-andes-impactos-de-la-industria-minera-diciembre-2023-greenpeace.\"><\/object><a id=\"wp-block-file--media-8a5b8ec0-a06a-43d1-bef0-ef7ce94b4c58\" href=\"https:\/\/www.greenpeace.org\/static\/planet4-chile-stateless\/2024\/04\/23be7934-informe-glaciares-de-la-cordillera-de-los-andes-impactos-de-la-industria-minera-diciembre-2023-greenpeace.pdf\">23be7934-informe-glaciares-de-la-cordillera-de-los-andes-impactos-de-la-industria-minera-diciembre-2023-greenpeace<\/a><\/div>\n\t\t\t<section\n\t\t\tclass=\"boxout post-11943 \"\n\t\t\t\n\t\t>\n\t\t\t<a\n\t\t\t\tdata-ga-category=\"Take Action Boxout\"\n\t\t\t\tdata-ga-action=\"Image\"\n\t\t\t\tdata-ga-label=\"n\/a\"\n\t\t\t\tclass=\"cover-card-overlay\"\n\t\t\t\thref=\"https:\/\/www.greenpeace.org\/chile\/involucrate\/bronces-integrado\/\" \n\t\t\t><\/a>\n\t\t\t\t\t\t\t<img\n\t\t\t\t\t\tsrc=\"https:\/\/www.greenpeace.org\/static\/planet4-chile-stateless\/2024\/04\/022f47d8-gpch-los-bronces-integrados-credito-nicole-kramm-caifal-greenpeace-15-1024x683.jpg\"\n\t\t\t\t\t\tsrcset=\"https:\/\/www.greenpeace.org\/static\/planet4-chile-stateless\/2024\/04\/022f47d8-gpch-los-bronces-integrados-credito-nicole-kramm-caifal-greenpeace-15-300x200.jpg 300w, https:\/\/www.greenpeace.org\/static\/planet4-chile-stateless\/2024\/04\/022f47d8-gpch-los-bronces-integrados-credito-nicole-kramm-caifal-greenpeace-15-1024x683.jpg 1024w, https:\/\/www.greenpeace.org\/static\/planet4-chile-stateless\/2024\/04\/022f47d8-gpch-los-bronces-integrados-credito-nicole-kramm-caifal-greenpeace-15-768x513.jpg 768w, https:\/\/www.greenpeace.org\/static\/planet4-chile-stateless\/2024\/04\/022f47d8-gpch-los-bronces-integrados-credito-nicole-kramm-caifal-greenpeace-15-1536x1025.jpg 1536w, https:\/\/www.greenpeace.org\/static\/planet4-chile-stateless\/2024\/04\/022f47d8-gpch-los-bronces-integrados-credito-nicole-kramm-caifal-greenpeace-15-2048x1366.jpg 2048w, https:\/\/www.greenpeace.org\/static\/planet4-chile-stateless\/2024\/04\/022f47d8-gpch-los-bronces-integrados-credito-nicole-kramm-caifal-greenpeace-15-510x340.jpg 510w\"\n\t\t\t\t\t\tsizes=\"(min-width: 1000px) 358px, (min-width: 780px) 313px, 88px\"\n\t\t\t\t\t\talt=\"\" title=\"\"\n\t\t\t\t\/>\n            \t\t\t<div class=\"boxout-content\">\n\t\t\t\t\t\t\t\t\t<a\n\t\t\t\t\t\tclass=\"boxout-heading medium\"\n\t\t\t\t\t\tdata-ga-category=\"Take Action Boxout\"\n\t\t\t\t\t\tdata-ga-action=\"Title\"\n\t\t\t\t\t\tdata-ga-label=\"n\/a\"\n\t\t\t\t\t\thref=\"https:\/\/www.greenpeace.org\/chile\/involucrate\/bronces-integrado\/\"\n\t\t\t\t\t\t\n\t\t\t\t\t>\n\t\t\t\t\t\tLos Bronces\n\t\t\t\t\t<\/a>\n\t\t\t\t\t\t\t\t\t\t\t\t\t<p class=\"boxout-excerpt\">El proyecto minero Los Bronces Integrado pone en riesgo las reservas de agua de toda la Regi\u00f3n. Dile \u00a1No!<\/p>\n\t\t\t\t                                    <a\n                        class=\"btn btn-primary\"\n                        data-ga-category=\"Take Action Boxout\"\n                        data-ga-action=\"Call to Action\"\n                        data-ga-label=\"n\/a\"\n                        href=\"https:\/\/www.greenpeace.org\/chile\/involucrate\/bronces-integrado\/\"\n                        \n                    >\n                        Invol\u00facrate\n                    <\/a>\n                \t\t\t<\/div>\n\t\t\t\t\t<\/section>\n\t","protected":false},"excerpt":{"rendered":"<p>La organizaci\u00f3n lanz\u00f3 campa\u00f1a para detener la expansi\u00f3n de la mina Los Bronces, en la cordillera de los Andes, cuya operaci\u00f3n pone en riesgo el futuro de las reservas de agua.<\/p>\n","protected":false},"author":24,"featured_media":12132,"comment_status":"closed","ping_status":"open","sticky":false,"template":"","format":"standard","meta":{"ep_exclude_from_search":false,"p4_og_title":"Acci\u00f3n sobre el Mapocho: Greenpeace alerta sobre la destrucci\u00f3n de glaciares en la Regi\u00f3n Metropolitana\u00a0","p4_og_description":"La organizaci\u00f3n lanz\u00f3 campa\u00f1a para detener la expansi\u00f3n de la mina Los Bronces, en la cordillera de los Andes, cuya operaci\u00f3n pone en riesgo el futuro de las reservas de agua.","p4_og_image":"https:\/\/www.greenpeace.org\/static\/planet4-chile-stateless\/2024\/04\/6c8b7b3a-dji_0092-scaled.jpg","p4_og_image_id":"12132","p4_seo_canonical_url":"","p4_campaign_name":"","p4_local_project":"","p4_basket_name":"","p4_department":"","footnotes":""},"categories":[3,4],"tags":[57],"p4-page-type":[16],"class_list":["post-12130","post","type-post","status-publish","format-standard","has-post-thumbnail","hentry","category-climayenergia","category-contaminacion","tag-bajemoslosbronces","p4-page-type-noticia"],"_links":{"self":[{"href":"https:\/\/www.greenpeace.org\/chile\/wp-json\/wp\/v2\/posts\/12130","targetHints":{"allow":["GET"]}}],"collection":[{"href":"https:\/\/www.greenpeace.org\/chile\/wp-json\/wp\/v2\/posts"}],"about":[{"href":"https:\/\/www.greenpeace.org\/chile\/wp-json\/wp\/v2\/types\/post"}],"author":[{"embeddable":true,"href":"https:\/\/www.greenpeace.org\/chile\/wp-json\/wp\/v2\/users\/24"}],"replies":[{"embeddable":true,"href":"https:\/\/www.greenpeace.org\/chile\/wp-json\/wp\/v2\/comments?post=12130"}],"version-history":[{"count":8,"href":"https:\/\/www.greenpeace.org\/chile\/wp-json\/wp\/v2\/posts\/12130\/revisions"}],"predecessor-version":[{"id":12151,"href":"https:\/\/www.greenpeace.org\/chile\/wp-json\/wp\/v2\/posts\/12130\/revisions\/12151"}],"wp:featuredmedia":[{"embeddable":true,"href":"https:\/\/www.greenpeace.org\/chile\/wp-json\/wp\/v2\/media\/12132"}],"wp:attachment":[{"href":"https:\/\/www.greenpeace.org\/chile\/wp-json\/wp\/v2\/media?parent=12130"}],"wp:term":[{"taxonomy":"category","embeddable":true,"href":"https:\/\/www.greenpeace.org\/chile\/wp-json\/wp\/v2\/categories?post=12130"},{"taxonomy":"post_tag","embeddable":true,"href":"https:\/\/www.greenpeace.org\/chile\/wp-json\/wp\/v2\/tags?post=12130"},{"taxonomy":"p4-page-type","embeddable":true,"href":"https:\/\/www.greenpeace.org\/chile\/wp-json\/wp\/v2\/p4-page-type?post=12130"}],"curies":[{"name":"wp","href":"https:\/\/api.w.org\/{rel}","templated":true}]}}