{"id":12216,"date":"2024-05-03T13:34:49","date_gmt":"2024-05-03T13:34:49","guid":{"rendered":"https:\/\/www.greenpeace.org\/chile\/?p=12216"},"modified":"2025-07-02T07:16:32","modified_gmt":"2025-07-02T07:16:32","slug":"mujeres-unidas-por-el-agua-asi-fue-el-conversatorio-historias-de-in-seguridad-hidrica","status":"publish","type":"post","link":"https:\/\/www.greenpeace.org\/chile\/blog\/blog\/mujeres-unidas-por-el-agua-asi-fue-el-conversatorio-historias-de-in-seguridad-hidrica\/","title":{"rendered":"Mujeres unidas por el agua: as\u00ed fue el conversatorio Historias de In\/seguridad h\u00eddrica"},"content":{"rendered":"\n<p><strong><em>Por Luz Mar\u00eda Le Dantec<\/em>, <em>Coordinadora de Loyalty<\/em><\/strong><\/p>\n\n<figure class=\"wp-block-image size-large\"><img loading=\"lazy\" decoding=\"async\" width=\"820\" height=\"1024\" src=\"https:\/\/www.greenpeace.org\/static\/planet4-chile-stateless\/2024\/05\/152674cc-flyerevento-820x1024.jpg\" alt=\"\" class=\"wp-image-12217\" srcset=\"https:\/\/www.greenpeace.org\/static\/planet4-chile-stateless\/2024\/05\/152674cc-flyerevento-820x1024.jpg 820w, https:\/\/www.greenpeace.org\/static\/planet4-chile-stateless\/2024\/05\/152674cc-flyerevento-240x300.jpg 240w, https:\/\/www.greenpeace.org\/static\/planet4-chile-stateless\/2024\/05\/152674cc-flyerevento-768x959.jpg 768w, https:\/\/www.greenpeace.org\/static\/planet4-chile-stateless\/2024\/05\/152674cc-flyerevento-272x340.jpg 272w, https:\/\/www.greenpeace.org\/static\/planet4-chile-stateless\/2024\/05\/152674cc-flyerevento.jpg 862w\" sizes=\"auto, (max-width: 820px) 100vw, 820px\" \/><\/figure>\n\n<p>El mi\u00e9rcoles 24 de abril a las 19 h. realizamos un<strong> conversatorio online<\/strong> muy especial del que participaron m\u00e1s de un <strong>centenar de<\/strong> <strong>mujeres de distintos territorios <\/strong>de nuestro pa\u00eds. \u00bfEl motivo? Hablar sobre el agua y lo que implica gestionar este recurso escaso en los hogares.&nbsp;<\/p>\n\n<p>La propuesta se dio en el marco de nuestra nueva campa\u00f1a <strong>Subamos la voz! Bajemos Los Bronces<\/strong> que busca frenar la expansi\u00f3n de este proyecto minero que, en un contexto de emergencia h\u00eddrica y sequ\u00eda, amenaza los glaciares y las reservas de agua potable de la ciudad de Santiago.&nbsp;&nbsp;<\/p>\n\n<div class=\"wp-block-buttons is-layout-flex wp-block-buttons-is-layout-flex\">\n<div class=\"wp-block-button is-style-cta\"><a class=\"wp-block-button__link wp-element-button\" href=\"https:\/\/bajemoslosbronces.cl\/#formulario\" target=\"_blank\" rel=\"noreferrer noopener\">\u00a1Ya firmaron 12.157 personas! Tu ayuda es fundamental para detener su avance y proteger el agua y el aire de toda la ciudad de Santiago.<\/a><\/div>\n<\/div>\n\n<h1 class=\"wp-block-heading\"><\/h1>\n\n<h2 class=\"wp-block-heading\"><strong>Un conversatorio esperanzador<\/strong><\/h2>\n\n<p>Junto con Silvana Espinosa, campa\u00f1ista de Greenpeace, dimos pie a la <strong>presentaci\u00f3n del libro <\/strong><strong><em>Guardianas del Agua &#8211; Historias de In\/seguridad H\u00eddrica en la vida cotidiana de las mujeres.<\/em><\/strong><em> <\/em>Por supuesto, tuvimos el honor de que<strong> nos acompa\u00f1aran sus autoras, <\/strong><strong>Macarena Salinas Camus e Isaura Becker Rodr\u00edguez<\/strong>.&nbsp;<\/p>\n\n<figure class=\"wp-block-image size-large\"><img loading=\"lazy\" decoding=\"async\" width=\"1024\" height=\"576\" src=\"https:\/\/www.greenpeace.org\/static\/planet4-chile-stateless\/2024\/05\/ef1e905f-placa-campanista-1024x576.png\" alt=\"\" class=\"wp-image-12223\" srcset=\"https:\/\/www.greenpeace.org\/static\/planet4-chile-stateless\/2024\/05\/ef1e905f-placa-campanista-1024x576.png 1024w, https:\/\/www.greenpeace.org\/static\/planet4-chile-stateless\/2024\/05\/ef1e905f-placa-campanista-300x169.png 300w, https:\/\/www.greenpeace.org\/static\/planet4-chile-stateless\/2024\/05\/ef1e905f-placa-campanista-768x432.png 768w, https:\/\/www.greenpeace.org\/static\/planet4-chile-stateless\/2024\/05\/ef1e905f-placa-campanista-1536x864.png 1536w, https:\/\/www.greenpeace.org\/static\/planet4-chile-stateless\/2024\/05\/ef1e905f-placa-campanista-510x287.png 510w, https:\/\/www.greenpeace.org\/static\/planet4-chile-stateless\/2024\/05\/ef1e905f-placa-campanista.png 1920w\" sizes=\"auto, (max-width: 1024px) 100vw, 1024px\" \/><\/figure>\n\n<p>Eso funcion\u00f3 como disparador para luego reflexionar y debatir sobre la crisis h\u00eddrica que vive Chile desde una perspectiva de g\u00e9nero, considerando que somos las mujeres las m\u00e1s afectadas de manera f\u00edsica, emocional y laboral por la escasez del agua.<\/p>\n\n<p>As\u00ed, se abri\u00f3 un espacio enriquecedor en el que pudimos conocer de cerca las voces de Herna Gonz\u00e1lez, de la comuna de Tiltil y Jessica Olivares Garc\u00eda, de la ciudad de Combarbal\u00e1, quienes son parte del coraz\u00f3n de la lucha por el acceso al agua.&nbsp;<\/p>\n\n<figure class=\"wp-block-image size-large\"><img loading=\"lazy\" decoding=\"async\" width=\"1024\" height=\"576\" src=\"https:\/\/www.greenpeace.org\/static\/planet4-chile-stateless\/2024\/05\/9183b492-placa-poema-1024x576.png\" alt=\"\" class=\"wp-image-12220\" srcset=\"https:\/\/www.greenpeace.org\/static\/planet4-chile-stateless\/2024\/05\/9183b492-placa-poema-1024x576.png 1024w, https:\/\/www.greenpeace.org\/static\/planet4-chile-stateless\/2024\/05\/9183b492-placa-poema-300x169.png 300w, https:\/\/www.greenpeace.org\/static\/planet4-chile-stateless\/2024\/05\/9183b492-placa-poema-768x432.png 768w, https:\/\/www.greenpeace.org\/static\/planet4-chile-stateless\/2024\/05\/9183b492-placa-poema-1536x864.png 1536w, https:\/\/www.greenpeace.org\/static\/planet4-chile-stateless\/2024\/05\/9183b492-placa-poema-510x287.png 510w, https:\/\/www.greenpeace.org\/static\/planet4-chile-stateless\/2024\/05\/9183b492-placa-poema.png 1920w\" sizes=\"auto, (max-width: 1024px) 100vw, 1024px\" \/><\/figure>\n\n<p>Durante la hora que dur\u00f3 el conversatorio se estableci\u00f3 una conexi\u00f3n incre\u00edble entre las Guardianas, las escritoras y las asistentes (socias activistas, ciber activistas y voluntarias de Greenpeace; seguidoras de redes sociales, integrantes de organizaciones aliadas, etc.)<\/p>\n\n<p>Puedes revivir el encuentro aqu\u00ed:<\/p>\n\n<figure class=\"wp-block-embed is-type-video is-provider-youtube wp-block-embed-youtube wp-embed-aspect-16-9 wp-has-aspect-ratio\"><div class=\"wp-block-embed__wrapper\">\n<lite-youtube style=\"background-image: url('https:\/\/i.ytimg.com\/vi\/RdKGstMyWwY\/hqdefault.jpg');\" videoid=\"RdKGstMyWwY\" params=\"rel=0\"><\/lite-youtube>\n<\/div><\/figure>\n\n<p>Entre las ideas que m\u00e1s circularon hubo dos que me hace feliz compartirte: la primera, comprobar cu\u00e1nta <strong>fuerza <\/strong>surge al juntarnos en <strong>comunidad<\/strong>, la segunda, la importancia de <strong>seguir tejiendo redes de resistencia<\/strong> para que no se sigan multiplicando las zonas de sacrificio.<\/p>\n\n<p>En definitiva, se sinti\u00f3 c\u00f3mo minuto a minuto esta uni\u00f3n fue creciendo hasta convertirse en un encuentro de reflexi\u00f3n s\u00faper movilizador que ayud\u00f3 a renovar la esperanza de cada una de las <strong>150 personas que se conectaron v\u00eda Zoom<\/strong>.<\/p>\n\n<p>Para cerrar y celebrar tan lindo momento,<strong> sorteamos los libros f\u00edsicos Guardianas del Agua y Herederas de la Tierra, el <em>artbook<\/em> de Greenpeace<\/strong>.<\/p>\n\n<figure class=\"wp-block-image size-full is-style-default\"><a href=\"https:\/\/landing.infogreenpeace.org\/es-cl\/8mherederasdelatierra-0\" target=\"_blank\" rel=\"noreferrer noopener\"><img loading=\"lazy\" decoding=\"async\" width=\"706\" height=\"842\" src=\"https:\/\/www.greenpeace.org\/static\/planet4-chile-stateless\/2024\/05\/ddf61307-captura-de-pantalla-2024-02-26-133121.webp\" alt=\"\" class=\"wp-image-12219\" srcset=\"https:\/\/www.greenpeace.org\/static\/planet4-chile-stateless\/2024\/05\/ddf61307-captura-de-pantalla-2024-02-26-133121.webp 706w, https:\/\/www.greenpeace.org\/static\/planet4-chile-stateless\/2024\/05\/ddf61307-captura-de-pantalla-2024-02-26-133121-252x300.webp 252w, https:\/\/www.greenpeace.org\/static\/planet4-chile-stateless\/2024\/05\/ddf61307-captura-de-pantalla-2024-02-26-133121-285x340.webp 285w\" sizes=\"auto, (max-width: 706px) 100vw, 706px\" \/><\/a><figcaption class=\"wp-element-caption\"><strong><a href=\"https:\/\/landing.infogreenpeace.org\/es-cl\/8mherederasdelatierra-0?_ga=2.243472645.1271158765.1714674933-729152527.1663160449\" target=\"_blank\" rel=\"noreferrer noopener\">Puedes descargar la versi\u00f3n digital aqu\u00ed<\/a> <\/strong><\/figcaption><\/figure>\n\n<h3 class=\"wp-block-heading\"><strong>Sobre el libro<\/strong><\/h3>\n\n<p>El libro<em> Guardianas del Agua &#8211; Historias de In\/seguridad H\u00eddrica en la vida cotidiana de las mujeres<\/em> es una colecci\u00f3n de <strong>31 relatos que ponen rostro a la experiencia en zonas afectadas por la mega sequ\u00eda entre Coquimbo y el Maule<\/strong>.<\/p>\n\n<figure class=\"wp-block-image aligncenter size-full\"><img loading=\"lazy\" decoding=\"async\" width=\"471\" height=\"684\" src=\"https:\/\/www.greenpeace.org\/static\/planet4-chile-stateless\/2024\/05\/20c11694-guardianas-del-agua.png\" alt=\"\" class=\"wp-image-12218\" srcset=\"https:\/\/www.greenpeace.org\/static\/planet4-chile-stateless\/2024\/05\/20c11694-guardianas-del-agua.png 471w, https:\/\/www.greenpeace.org\/static\/planet4-chile-stateless\/2024\/05\/20c11694-guardianas-del-agua-207x300.png 207w, https:\/\/www.greenpeace.org\/static\/planet4-chile-stateless\/2024\/05\/20c11694-guardianas-del-agua-234x340.png 234w\" sizes=\"auto, (max-width: 471px) 100vw, 471px\" \/><\/figure>\n\n<p>\u201cLas mujeres somos m\u00e1s resilientes, te acostumbras a lo que hay, porque sabes que tenemos que sacar adelante las tareas igual a pesar de la falta de agua\u201d relata Susana de Coquimbo. En sus p\u00e1ginas <strong>se intercalan la sensibilidad de relatos<\/strong> como \u00e9ste, <strong>con la rigurosidad de un ejercicio acad\u00e9mico y bonitas ilustraciones<\/strong>.<\/p>\n\n<figure class=\"wp-block-image aligncenter size-full\"><img loading=\"lazy\" decoding=\"async\" width=\"336\" height=\"336\" src=\"https:\/\/www.greenpeace.org\/static\/planet4-chile-stateless\/2024\/05\/44107037-unnamed-4.png\" alt=\"\" class=\"wp-image-12224\" srcset=\"https:\/\/www.greenpeace.org\/static\/planet4-chile-stateless\/2024\/05\/44107037-unnamed-4.png 336w, https:\/\/www.greenpeace.org\/static\/planet4-chile-stateless\/2024\/05\/44107037-unnamed-4-300x300.png 300w, https:\/\/www.greenpeace.org\/static\/planet4-chile-stateless\/2024\/05\/44107037-unnamed-4-150x150.png 150w\" sizes=\"auto, (max-width: 336px) 100vw, 336px\" \/><\/figure>\n\n<p>Es muy hermoso que contar con los testimonios de mujeres resilientes y m\u00e1s a\u00fan haberlos podido compartir en el conversatorio ?.<\/p>\n\n<div class=\"wp-block-buttons is-layout-flex wp-block-buttons-is-layout-flex\">\n<div class=\"wp-block-button has-custom-width wp-block-button__width-100 is-style-secondary\"><a class=\"wp-block-button__link has-green-400-background-color has-background wp-element-button\" href=\"https:\/\/cl.boell.org\/sites\/default\/files\/2022-03\/Guardianas%20del%20Agua%20Inseguridad%20H%C3%ADdrica%20-%20Digital%20%281%29_0.pdf\" target=\"_blank\" rel=\"noreferrer noopener\"><strong>Te invito a que descargues el libro completo y gratis aqu\u00ed<\/strong><\/a><\/div>\n<\/div>\n\n<p>\u00a1Hasta el pr\u00f3ximo encuentro!<\/p>\n","protected":false},"excerpt":{"rendered":"<p>En defensa del agua, nos juntamos a compartir experiencias y emociones en un espacio de comunidad y apoyo mutuo.<\/p>\n","protected":false},"author":19,"featured_media":12217,"comment_status":"closed","ping_status":"open","sticky":false,"template":"","format":"standard","meta":{"ep_exclude_from_search":false,"p4_og_title":"Mujeres unidas por el agua: as\u00ed fue el conversatorio Historias de In\/seguridad h\u00eddrica","p4_og_description":"En defensa del agua, nos juntamos a compartir experiencias y emociones en un espacio de comunidad y apoyo mutuo.","p4_og_image":"https:\/\/www.greenpeace.org\/static\/planet4-chile-stateless\/2024\/05\/152674cc-flyerevento.jpg","p4_og_image_id":"12217","p4_seo_canonical_url":"","p4_campaign_name":"","p4_local_project":"","p4_basket_name":"","p4_department":"","footnotes":""},"categories":[19],"tags":[24,57,21],"p4-page-type":[14],"class_list":["post-12216","post","type-post","status-publish","format-standard","has-post-thumbnail","hentry","category-blog","tag-socios","tag-bajemoslosbronces","tag-blog","p4-page-type-blog"],"_links":{"self":[{"href":"https:\/\/www.greenpeace.org\/chile\/wp-json\/wp\/v2\/posts\/12216","targetHints":{"allow":["GET"]}}],"collection":[{"href":"https:\/\/www.greenpeace.org\/chile\/wp-json\/wp\/v2\/posts"}],"about":[{"href":"https:\/\/www.greenpeace.org\/chile\/wp-json\/wp\/v2\/types\/post"}],"author":[{"embeddable":true,"href":"https:\/\/www.greenpeace.org\/chile\/wp-json\/wp\/v2\/users\/19"}],"replies":[{"embeddable":true,"href":"https:\/\/www.greenpeace.org\/chile\/wp-json\/wp\/v2\/comments?post=12216"}],"version-history":[{"count":13,"href":"https:\/\/www.greenpeace.org\/chile\/wp-json\/wp\/v2\/posts\/12216\/revisions"}],"predecessor-version":[{"id":14681,"href":"https:\/\/www.greenpeace.org\/chile\/wp-json\/wp\/v2\/posts\/12216\/revisions\/14681"}],"wp:featuredmedia":[{"embeddable":true,"href":"https:\/\/www.greenpeace.org\/chile\/wp-json\/wp\/v2\/media\/12217"}],"wp:attachment":[{"href":"https:\/\/www.greenpeace.org\/chile\/wp-json\/wp\/v2\/media?parent=12216"}],"wp:term":[{"taxonomy":"category","embeddable":true,"href":"https:\/\/www.greenpeace.org\/chile\/wp-json\/wp\/v2\/categories?post=12216"},{"taxonomy":"post_tag","embeddable":true,"href":"https:\/\/www.greenpeace.org\/chile\/wp-json\/wp\/v2\/tags?post=12216"},{"taxonomy":"p4-page-type","embeddable":true,"href":"https:\/\/www.greenpeace.org\/chile\/wp-json\/wp\/v2\/p4-page-type?post=12216"}],"curies":[{"name":"wp","href":"https:\/\/api.w.org\/{rel}","templated":true}]}}