{"id":12330,"date":"2024-05-17T15:32:30","date_gmt":"2024-05-17T15:32:30","guid":{"rendered":"https:\/\/www.greenpeace.org\/chile\/?p=12330"},"modified":"2024-05-17T15:32:38","modified_gmt":"2024-05-17T15:32:38","slug":"en-el-dia-del-reciclaje-greenpeace-advierte-en-plasticos-la-cifra-no-alcanza-el-8","status":"publish","type":"post","link":"https:\/\/www.greenpeace.org\/chile\/noticia\/issues\/contaminacion\/en-el-dia-del-reciclaje-greenpeace-advierte-en-plasticos-la-cifra-no-alcanza-el-8\/","title":{"rendered":"En el D\u00eda del Reciclaje Greenpeace advierte: \u201cEn pl\u00e1sticos la cifra no alcanza el 8%\u201d"},"content":{"rendered":"\n<figure class=\"wp-block-image size-large\"><img loading=\"lazy\" decoding=\"async\" width=\"1024\" height=\"683\" src=\"https:\/\/www.greenpeace.org\/static\/planet4-chile-stateless\/2024\/05\/dfe4cd02-gpch-providencia-regula-plasticos-\u00a9-cristobal-olivares-greenpeace-1024x683.jpg\" alt=\"\" class=\"wp-image-12332\" srcset=\"https:\/\/www.greenpeace.org\/static\/planet4-chile-stateless\/2024\/05\/dfe4cd02-gpch-providencia-regula-plasticos-\u00a9-cristobal-olivares-greenpeace-1024x683.jpg 1024w, https:\/\/www.greenpeace.org\/static\/planet4-chile-stateless\/2024\/05\/dfe4cd02-gpch-providencia-regula-plasticos-\u00a9-cristobal-olivares-greenpeace-300x200.jpg 300w, https:\/\/www.greenpeace.org\/static\/planet4-chile-stateless\/2024\/05\/dfe4cd02-gpch-providencia-regula-plasticos-\u00a9-cristobal-olivares-greenpeace-768x512.jpg 768w, https:\/\/www.greenpeace.org\/static\/planet4-chile-stateless\/2024\/05\/dfe4cd02-gpch-providencia-regula-plasticos-\u00a9-cristobal-olivares-greenpeace-1536x1025.jpg 1536w, https:\/\/www.greenpeace.org\/static\/planet4-chile-stateless\/2024\/05\/dfe4cd02-gpch-providencia-regula-plasticos-\u00a9-cristobal-olivares-greenpeace-2048x1366.jpg 2048w, https:\/\/www.greenpeace.org\/static\/planet4-chile-stateless\/2024\/05\/dfe4cd02-gpch-providencia-regula-plasticos-\u00a9-cristobal-olivares-greenpeace-510x340.jpg 510w\" sizes=\"auto, (max-width: 1024px) 100vw, 1024px\" \/><\/figure>\n\n<ul class=\"wp-block-list\">\n<li><em>De acuerdo con cifras de la ONU, cada a\u00f1o se producen a nivel mundial m\u00e1s de 430 millones de toneladas de pl\u00e1stico, de las cuales dos tercios se tiran a la basura.<\/em><\/li>\n\n\n\n<li><em>La<\/em><em> Asociaci\u00f3n Gremial de Industriales del Pl\u00e1stico (<\/em><a href=\"https:\/\/www.asipla.cl\/\"><strong><em>Asipla<\/em><\/strong><\/a><em>), detalla que del total de pl\u00e1sticos que se consumieron en 2022 en nuestro pa\u00eds, se recicl\u00f3 un 7,8%, es decir 106.870 toneladas.<\/em><\/li>\n<\/ul>\n\n<p>El 17 de mayo se conmemora el <strong>D\u00eda Internacional del Reciclaje<\/strong> y, de acuerdo con cifras de la ONU, <strong>cada a\u00f1o se producen a nivel mundial m\u00e1s de 430 millones de toneladas de pl\u00e1stico<\/strong>, de las cuales dos tercios se tiran a la basura. En cuanto a la realidad local, la Asociaci\u00f3n Gremial de Industriales del Pl\u00e1stico (<a href=\"https:\/\/www.asipla.cl\/\">Asipla<\/a>), detalla que en <strong>el a\u00f1o 2022 en Chile se consumieron 1 mill\u00f3n 375 mil toneladas de productos derivados de este material, de los que se recicl\u00f3 un 7,8%, equivalentes a 106.870 toneladas.\u00a0<\/strong><\/p>\n\n<figure class=\"wp-block-image size-large\"><img loading=\"lazy\" decoding=\"async\" width=\"1024\" height=\"682\" src=\"https:\/\/www.greenpeace.org\/static\/planet4-chile-stateless\/2024\/05\/55b86656-gpch-vina-del-mar-\u00a9-gonzalo-ponce-marambio-greenpeace-1024x682.jpg\" alt=\"\" class=\"wp-image-12333\" srcset=\"https:\/\/www.greenpeace.org\/static\/planet4-chile-stateless\/2024\/05\/55b86656-gpch-vina-del-mar-\u00a9-gonzalo-ponce-marambio-greenpeace-1024x682.jpg 1024w, https:\/\/www.greenpeace.org\/static\/planet4-chile-stateless\/2024\/05\/55b86656-gpch-vina-del-mar-\u00a9-gonzalo-ponce-marambio-greenpeace-300x200.jpg 300w, https:\/\/www.greenpeace.org\/static\/planet4-chile-stateless\/2024\/05\/55b86656-gpch-vina-del-mar-\u00a9-gonzalo-ponce-marambio-greenpeace-768x512.jpg 768w, https:\/\/www.greenpeace.org\/static\/planet4-chile-stateless\/2024\/05\/55b86656-gpch-vina-del-mar-\u00a9-gonzalo-ponce-marambio-greenpeace-1536x1024.jpg 1536w, https:\/\/www.greenpeace.org\/static\/planet4-chile-stateless\/2024\/05\/55b86656-gpch-vina-del-mar-\u00a9-gonzalo-ponce-marambio-greenpeace-2048x1366.jpg 2048w, https:\/\/www.greenpeace.org\/static\/planet4-chile-stateless\/2024\/05\/55b86656-gpch-vina-del-mar-\u00a9-gonzalo-ponce-marambio-greenpeace-510x340.jpg 510w\" sizes=\"auto, (max-width: 1024px) 100vw, 1024px\" \/><\/figure>\n\n<p>Estas cifras demuestran que<strong> el reciclaje no es suficiente para resolver el problema de la basura <\/strong>y, por esta raz\u00f3n, los esfuerzos institucionales apuntan a la reducci\u00f3n del consumo y a que las industrias asuman sus responsabilidad en el caso. Un ejemplo es el \u201cTratado Global Contra la Contaminaci\u00f3n por Pl\u00e1sticos\u201d, instruido por la ONU en 2022 y suscrito por Chile, que <strong>busca reducir la producci\u00f3n y el uso de pl\u00e1sticos v\u00edrgenes<\/strong>. O las leyes locales, la Ley Responsabilidad Extendida del Productor (REP) del 2016, \u201cNo M\u00e1s Bolsas Pl\u00e1sticas\u201d, del a\u00f1o 2021 y \u201cNo m\u00e1s Pl\u00e1sticos\u201d del a\u00f1o 2022.\u00a0<\/p>\n\n<figure class=\"wp-block-image size-large\"><img loading=\"lazy\" decoding=\"async\" width=\"1024\" height=\"682\" src=\"https:\/\/www.greenpeace.org\/static\/planet4-chile-stateless\/2024\/05\/64efe222-gpch-plastico-magallanes-\u00a9-vicente-gonzalez-mimica-greenpeace-1024x682.jpg\" alt=\"\" class=\"wp-image-12335\" srcset=\"https:\/\/www.greenpeace.org\/static\/planet4-chile-stateless\/2024\/05\/64efe222-gpch-plastico-magallanes-\u00a9-vicente-gonzalez-mimica-greenpeace-1024x682.jpg 1024w, https:\/\/www.greenpeace.org\/static\/planet4-chile-stateless\/2024\/05\/64efe222-gpch-plastico-magallanes-\u00a9-vicente-gonzalez-mimica-greenpeace-300x200.jpg 300w, https:\/\/www.greenpeace.org\/static\/planet4-chile-stateless\/2024\/05\/64efe222-gpch-plastico-magallanes-\u00a9-vicente-gonzalez-mimica-greenpeace-768x512.jpg 768w, https:\/\/www.greenpeace.org\/static\/planet4-chile-stateless\/2024\/05\/64efe222-gpch-plastico-magallanes-\u00a9-vicente-gonzalez-mimica-greenpeace-1536x1024.jpg 1536w, https:\/\/www.greenpeace.org\/static\/planet4-chile-stateless\/2024\/05\/64efe222-gpch-plastico-magallanes-\u00a9-vicente-gonzalez-mimica-greenpeace-2048x1366.jpg 2048w, https:\/\/www.greenpeace.org\/static\/planet4-chile-stateless\/2024\/05\/64efe222-gpch-plastico-magallanes-\u00a9-vicente-gonzalez-mimica-greenpeace-510x340.jpg 510w\" sizes=\"auto, (max-width: 1024px) 100vw, 1024px\" \/><\/figure>\n\n<p>Desde Greenpeace Chile, evidencian que, \u201c<strong>el hecho de que en pl\u00e1sticos la cifra de reciclaje no alcance el 8%, nos dice que la mayor\u00eda de estos residuos van a parar a los vertederos, desencadenando una serie de problemas ambientales<\/strong>\u201d, dice Silvana Espinosa, vocera de la organizaci\u00f3n ambiental. Y agrega que la \u00fanica soluci\u00f3n real para abordar la crisis de contaminaci\u00f3n por pl\u00e1sticos es evitar su generaci\u00f3n desde el origen. \u201c<strong>Se prev\u00e9 que la producci\u00f3n de este material se triplicar\u00e1 antes del a\u00f1o 2060, lo que intensifica la urgencia de tomar medidas dr\u00e1sticas<\/strong>\u201d, agrega.<\/p>\n\n<figure class=\"wp-block-image size-large\"><img loading=\"lazy\" decoding=\"async\" width=\"1024\" height=\"768\" src=\"https:\/\/www.greenpeace.org\/static\/planet4-chile-stateless\/2024\/05\/3eb9b130-gpch-plastico-supermercado-\u00a9-cristobal-olivares_greenpeace-1024x768.jpg\" alt=\"\" class=\"wp-image-12334\" srcset=\"https:\/\/www.greenpeace.org\/static\/planet4-chile-stateless\/2024\/05\/3eb9b130-gpch-plastico-supermercado-\u00a9-cristobal-olivares_greenpeace-1024x768.jpg 1024w, https:\/\/www.greenpeace.org\/static\/planet4-chile-stateless\/2024\/05\/3eb9b130-gpch-plastico-supermercado-\u00a9-cristobal-olivares_greenpeace-300x225.jpg 300w, https:\/\/www.greenpeace.org\/static\/planet4-chile-stateless\/2024\/05\/3eb9b130-gpch-plastico-supermercado-\u00a9-cristobal-olivares_greenpeace-768x576.jpg 768w, https:\/\/www.greenpeace.org\/static\/planet4-chile-stateless\/2024\/05\/3eb9b130-gpch-plastico-supermercado-\u00a9-cristobal-olivares_greenpeace-1536x1152.jpg 1536w, https:\/\/www.greenpeace.org\/static\/planet4-chile-stateless\/2024\/05\/3eb9b130-gpch-plastico-supermercado-\u00a9-cristobal-olivares_greenpeace-2048x1536.jpg 2048w, https:\/\/www.greenpeace.org\/static\/planet4-chile-stateless\/2024\/05\/3eb9b130-gpch-plastico-supermercado-\u00a9-cristobal-olivares_greenpeace-1821x1366.jpg 1821w, https:\/\/www.greenpeace.org\/static\/planet4-chile-stateless\/2024\/05\/3eb9b130-gpch-plastico-supermercado-\u00a9-cristobal-olivares_greenpeace-453x340.jpg 453w\" sizes=\"auto, (max-width: 1024px) 100vw, 1024px\" \/><\/figure>\n\n<p>Frente a este panorama, Espinosa dice que resulta imperativo que las industrias que contribuyen a la generaci\u00f3n de pl\u00e1sticos y otros residuos en sus operaciones,&nbsp;<\/p>\n\n<p>\u201casuman un papel proactivo. <strong>Es urgente y necesario que reformulen sus procesos productivos para eliminar o reducir dr\u00e1sticamente el uso de materiales que no se pueden reciclar <\/strong>y que s\u00f3lo generan contaminaci\u00f3n\u201d, afirma.<\/p>\n\n<p>Estos esfuerzos tambi\u00e9n deben ser individuales, destacan desde Greenpeace. \u201cCada uno, desde la reflexi\u00f3n y responsabilidad personal, podemos reevaluar nuestros h\u00e1bitos de consumo y nuestra perspectiva en relaci\u00f3n con el uso del pl\u00e1stico y otros residuos, y avanzar en su reducci\u00f3n\u201d, agrega la especialista.&nbsp;<\/p>\n\n<figure class=\"wp-block-image size-large\"><img loading=\"lazy\" decoding=\"async\" width=\"1024\" height=\"683\" src=\"https:\/\/www.greenpeace.org\/static\/planet4-chile-stateless\/2024\/05\/fe0e7f9c-gco-reciclador-bogota-credito-diana-rey-melo-greenpeace-1024x683.jpg\" alt=\"\" class=\"wp-image-12336\" srcset=\"https:\/\/www.greenpeace.org\/static\/planet4-chile-stateless\/2024\/05\/fe0e7f9c-gco-reciclador-bogota-credito-diana-rey-melo-greenpeace-1024x683.jpg 1024w, https:\/\/www.greenpeace.org\/static\/planet4-chile-stateless\/2024\/05\/fe0e7f9c-gco-reciclador-bogota-credito-diana-rey-melo-greenpeace-300x200.jpg 300w, https:\/\/www.greenpeace.org\/static\/planet4-chile-stateless\/2024\/05\/fe0e7f9c-gco-reciclador-bogota-credito-diana-rey-melo-greenpeace-768x512.jpg 768w, https:\/\/www.greenpeace.org\/static\/planet4-chile-stateless\/2024\/05\/fe0e7f9c-gco-reciclador-bogota-credito-diana-rey-melo-greenpeace-1536x1024.jpg 1536w, https:\/\/www.greenpeace.org\/static\/planet4-chile-stateless\/2024\/05\/fe0e7f9c-gco-reciclador-bogota-credito-diana-rey-melo-greenpeace-2048x1366.jpg 2048w, https:\/\/www.greenpeace.org\/static\/planet4-chile-stateless\/2024\/05\/fe0e7f9c-gco-reciclador-bogota-credito-diana-rey-melo-greenpeace-510x340.jpg 510w\" sizes=\"auto, (max-width: 1024px) 100vw, 1024px\" \/><figcaption class=\"wp-element-caption\">Recoleccion de residuios aprovechables,  dia del reciclador de oficio. Bogot\u00e1, Colombia. Foto Diana Rey Melo<\/figcaption><\/figure>\n\n<p>Seg\u00fan las cifras entregadas por el ranking <a href=\"https:\/\/www.minderoo.org\/plastic-waste-makers-index\/\">The plastic Waste Makers Index<\/a>, elaborado por la asociaci\u00f3n australiana <a href=\"https:\/\/www.minderoo.org\/plastic-waste-makers-index\/\">Minderoo Fundation<\/a>, <strong>el a\u00f1o 2021 nuestro pa\u00eds alcanz\u00f3 los 51 kilos de pl\u00e1stico de un solo uso por habitante desechado al a\u00f1o, ubicando a Chile en el puesto 11 de las 100 naciones analizadas.<\/strong><\/p>\n\n<p>\u201cFrente a este escenario, es importante recordar que en el ciclo de vida de los productos la Reducci\u00f3n es el primer paso, el Reuso el segundo y el \u00faltimo es el Reciclaje\u201d, a\u00f1ade.&nbsp;<\/p>\n\n<h4 class=\"wp-block-heading\"><strong>Reducir antes que reciclar: \u00bfQu\u00e9 podemos hacer?<\/strong><\/h4>\n\n<ul class=\"wp-block-list\">\n<li>Evita comprar productos envueltos en pl\u00e1stico. Por ejemplo, legumbres o frutas. Puedes llevar bolsas de tela reutilizables o frascos de vidrio y transportarlo todo ah\u00ed.<\/li>\n\n\n\n<li>Elimina los chicles, ya que muchos de los que est\u00e1n a la venta contienen pl\u00e1stico. Tambi\u00e9n puedes consumir chicles 100% naturales y ecol\u00f3gicos.<\/li>\n\n\n\n<li>Elige productos que est\u00e9n envasados con cart\u00f3n o vidrio. Por ejemplo, si compras una bebida elige botellas de cristal o si adquieres detergente para el lavavajillas opta por una caja de cart\u00f3n.<\/li>\n\n\n\n<li>Evita los productos desechables. Es fundamental decir no al uso de platos, cubiertos y vasos de pl\u00e1stico de un solo uso.<\/li>\n\n\n\n<li>Cuando tengas que comprar pinzas nuevas para tender la ropa, elige las de madera y de buena calidad, para que duren mucho tiempo.<\/li>\n\n\n\n<li>Utiliza encendedores recargables.&nbsp;<\/li>\n\n\n\n<li>Si tienes que renovar los contenedores para la comida, olv\u00eddate de los tuppers o films pl\u00e1sticos. Opta por recipientes de vidrio o bee wraps (envoltorios de cera de abeja).<\/li>\n\n\n\n<li>Evita las maquinillas de afeitar desechables.<\/li>\n<\/ul>\n\n<h4 class=\"wp-block-heading\"><strong>Medidas que gobiernos y empresas pueden poner en pr\u00e1ctica para reducir:&nbsp;<\/strong><\/h4>\n\n<ul class=\"wp-block-list\">\n<li>Fomentar el consumo sostenible y responsable del agua en los hogares, as\u00ed como en la v\u00eda p\u00fablica, instalaciones municipales y establecimientos de hosteler\u00eda y restaurantes.&nbsp;<\/li>\n\n\n\n<li>Implementar sistemas de incentivo a la devoluci\u00f3n de envases, conocidos como sistemas de dep\u00f3sito, devoluci\u00f3n y retorno (SDDR).<\/li>\n\n\n\n<li>Asegurar una mejor obtenci\u00f3n de recuperaci\u00f3n de los envases.<\/li>\n\n\n\n<li>Prevenir la mala disposici\u00f3n de envases pl\u00e1sticos en el ambiente.&nbsp;<\/li>\n<\/ul>\n\n<ul class=\"wp-block-list\">\n<li>Fomentar la creaci\u00f3n y el apoyo p\u00fablico a las tiendas de reparabilidad y comercios de segunda mano, as\u00ed como a establecimientos que eliminen el uso innecesario de envases, primando la venta a granel y generando de este modo nuevos empleos en la econom\u00eda circular.<\/li>\n\n\n\n<li>Contar con supermercados con pasillos libres de pl\u00e1sticos.<\/li>\n<\/ul>\n","protected":false},"excerpt":{"rendered":"<p>En el a\u00f1o 2022 en Chile se consumieron 1 mill\u00f3n 375 mil toneladas de productos derivados de este material, de los que se recicl\u00f3 un 7,8%, equivalentes a 106.870 toneladas<\/p>\n","protected":false},"author":24,"featured_media":12332,"comment_status":"closed","ping_status":"open","sticky":false,"template":"","format":"standard","meta":{"ep_exclude_from_search":false,"p4_og_title":"En el D\u00eda del Reciclaje Greenpeace advierte: \u201cEn pl\u00e1sticos la cifra no alcanza el 8%\u201d","p4_og_description":"En el a\u00f1o 2022 en Chile se consumieron 1 mill\u00f3n 375 mil toneladas de productos derivados de este material, de los que se recicl\u00f3 un 7,8%, equivalentes a 106.870 toneladas","p4_og_image":"https:\/\/www.greenpeace.org\/static\/planet4-chile-stateless\/2024\/05\/dfe4cd02-gpch-providencia-regula-plasticos-\u00a9-cristobal-olivares-greenpeace.jpg","p4_og_image_id":"12332","p4_seo_canonical_url":"","p4_campaign_name":"","p4_local_project":"","p4_basket_name":"","p4_department":"","footnotes":""},"categories":[4],"tags":[29],"p4-page-type":[16],"class_list":["post-12330","post","type-post","status-publish","format-standard","has-post-thumbnail","hentry","category-contaminacion","tag-plasticos","p4-page-type-noticia"],"_links":{"self":[{"href":"https:\/\/www.greenpeace.org\/chile\/wp-json\/wp\/v2\/posts\/12330","targetHints":{"allow":["GET"]}}],"collection":[{"href":"https:\/\/www.greenpeace.org\/chile\/wp-json\/wp\/v2\/posts"}],"about":[{"href":"https:\/\/www.greenpeace.org\/chile\/wp-json\/wp\/v2\/types\/post"}],"author":[{"embeddable":true,"href":"https:\/\/www.greenpeace.org\/chile\/wp-json\/wp\/v2\/users\/24"}],"replies":[{"embeddable":true,"href":"https:\/\/www.greenpeace.org\/chile\/wp-json\/wp\/v2\/comments?post=12330"}],"version-history":[{"count":4,"href":"https:\/\/www.greenpeace.org\/chile\/wp-json\/wp\/v2\/posts\/12330\/revisions"}],"predecessor-version":[{"id":12339,"href":"https:\/\/www.greenpeace.org\/chile\/wp-json\/wp\/v2\/posts\/12330\/revisions\/12339"}],"wp:featuredmedia":[{"embeddable":true,"href":"https:\/\/www.greenpeace.org\/chile\/wp-json\/wp\/v2\/media\/12332"}],"wp:attachment":[{"href":"https:\/\/www.greenpeace.org\/chile\/wp-json\/wp\/v2\/media?parent=12330"}],"wp:term":[{"taxonomy":"category","embeddable":true,"href":"https:\/\/www.greenpeace.org\/chile\/wp-json\/wp\/v2\/categories?post=12330"},{"taxonomy":"post_tag","embeddable":true,"href":"https:\/\/www.greenpeace.org\/chile\/wp-json\/wp\/v2\/tags?post=12330"},{"taxonomy":"p4-page-type","embeddable":true,"href":"https:\/\/www.greenpeace.org\/chile\/wp-json\/wp\/v2\/p4-page-type?post=12330"}],"curies":[{"name":"wp","href":"https:\/\/api.w.org\/{rel}","templated":true}]}}