{"id":12468,"date":"2024-06-07T16:37:26","date_gmt":"2024-06-07T16:37:26","guid":{"rendered":"https:\/\/www.greenpeace.org\/chile\/?p=12468"},"modified":"2025-08-20T16:21:40","modified_gmt":"2025-08-20T16:21:40","slug":"dia-mundial-de-los-oceanos-el-claroscuro-de-los-mares-de-chile","status":"publish","type":"post","link":"https:\/\/www.greenpeace.org\/chile\/noticia\/issues\/oceanos\/dia-mundial-de-los-oceanos-el-claroscuro-de-los-mares-de-chile\/","title":{"rendered":"D\u00eda Mundial de los Oc\u00e9anos:\u00a0\u201cEl claroscuro de los mares de Chile\u201d"},"content":{"rendered":"\n<h4 class=\"wp-block-heading\"><strong>Greenpeace destaca la ratificaci\u00f3n del Tratado de los Oc\u00e9anos a nivel mundial y hace un llamado a preocuparse por la gesti\u00f3n local y&nbsp; la protecci\u00f3n de los mares en la Patagonia Chilena.&nbsp;<\/strong><\/h4>\n\n<p>8 de junio de 2024. La celebraci\u00f3n del <strong>D\u00eda Mundial de los Oc\u00e9anos <\/strong>se constituye como un evento a nivel internacional cuya finalidad es hacer <strong>conciencia sobre las problem\u00e1ticas que afectan a los mares y sus ecosistemas<\/strong>. Es en esta conmemoraci\u00f3n donde la organizaci\u00f3n ambientalista,<strong> Greenpeace, se\u00f1ala el claroscuro de la situaci\u00f3n de nuestro pa\u00eds, en esta materia.<\/strong>&nbsp;<\/p>\n\n<p>A nivel internacional, destacan la gesti\u00f3n del Estado como <strong>uno de los primeros pa\u00edses del mundo en aprobar el Tratado Global de los Oc\u00e9anos<\/strong>, que busca proteger el 30% de las aguas internacionales para el a\u00f1o 2030.&nbsp; Esto incluye la creaci\u00f3n de \u00e1reas marinas protegidas en alta mar, la promoci\u00f3n del uso sostenible de los recursos gen\u00e9ticos marinos, la evaluaci\u00f3n de los impactos ambientales y el aseguramiento de un reparto equitativo de los beneficios, de modo que tambi\u00e9n se favorezca a los pa\u00edses en desarrollo.<\/p>\n\n<figure class=\"wp-block-image size-large\"><img loading=\"lazy\" decoding=\"async\" width=\"1024\" height=\"684\" src=\"https:\/\/www.greenpeace.org\/static\/planet4-chile-stateless\/2024\/06\/5834496f-estefania-gonzalez-onu-tratado-global-oceanos-\u00a9-stephanie-keith-greenpeace-1024x684.jpg\" alt=\"\" class=\"wp-image-12469\" srcset=\"https:\/\/www.greenpeace.org\/static\/planet4-chile-stateless\/2024\/06\/5834496f-estefania-gonzalez-onu-tratado-global-oceanos-\u00a9-stephanie-keith-greenpeace-1024x684.jpg 1024w, https:\/\/www.greenpeace.org\/static\/planet4-chile-stateless\/2024\/06\/5834496f-estefania-gonzalez-onu-tratado-global-oceanos-\u00a9-stephanie-keith-greenpeace-300x200.jpg 300w, https:\/\/www.greenpeace.org\/static\/planet4-chile-stateless\/2024\/06\/5834496f-estefania-gonzalez-onu-tratado-global-oceanos-\u00a9-stephanie-keith-greenpeace-768x513.jpg 768w, https:\/\/www.greenpeace.org\/static\/planet4-chile-stateless\/2024\/06\/5834496f-estefania-gonzalez-onu-tratado-global-oceanos-\u00a9-stephanie-keith-greenpeace-1536x1025.jpg 1536w, https:\/\/www.greenpeace.org\/static\/planet4-chile-stateless\/2024\/06\/5834496f-estefania-gonzalez-onu-tratado-global-oceanos-\u00a9-stephanie-keith-greenpeace-2048x1367.jpg 2048w, https:\/\/www.greenpeace.org\/static\/planet4-chile-stateless\/2024\/06\/5834496f-estefania-gonzalez-onu-tratado-global-oceanos-\u00a9-stephanie-keith-greenpeace-2046x1366.jpg 2046w, https:\/\/www.greenpeace.org\/static\/planet4-chile-stateless\/2024\/06\/5834496f-estefania-gonzalez-onu-tratado-global-oceanos-\u00a9-stephanie-keith-greenpeace-510x340.jpg 510w\" sizes=\"auto, (max-width: 1024px) 100vw, 1024px\" \/><figcaption class=\"wp-element-caption\">Estefan\u00eda Gonz\u00e1lez, subdirectora de campa\u00f1as de Greenpeace Chile, durante las negociaciones del Tratado Global de los Oc\u00e9anos en la ONU. \u00a9 Stephanie Keith&nbsp; Greenpeace<\/figcaption><\/figure>\n\n<p>Sin embargo, <strong>en la gesti\u00f3n local, Greenpeace hace un llamado, a trav\u00e9s de impactantes fotograf\u00edas, a reconocer los impactos de la salmonicultura sobre los ecosistemas marinos de la Patagonia<\/strong> de nuestro pa\u00eds.<\/p>\n\n<h4 class=\"wp-block-heading\"><strong>Impactos de la Salmonicultura en mares chilenos<\/strong><\/h4>\n\n<p><strong>1. Opera en zonas de alto valor ecol\u00f3gico:<\/strong> En Chile vive el 46% de los cet\u00e1ceos del mundo y nuestra Patagonia alberga el 34% de ellos. Esto nos dota de ecosistemas con una biodiversidad significativa y de paisajes hermosos reconocidos a nivel mundial. Pese a su enorme valor, <strong>esta zona se encuentra amenazada por el avance de la salmonicultura.<\/strong><\/p>\n\n<figure class=\"wp-block-image size-large is-resized\"><img loading=\"lazy\" decoding=\"async\" width=\"1024\" height=\"684\" src=\"https:\/\/www.greenpeace.org\/static\/planet4-chile-stateless\/2024\/06\/819cd41e-ballena-azul-\u00a9-cristina-harboe-_-greenpeace-1024x684.jpg\" alt=\"\" class=\"wp-image-12470\" style=\"width:736px;height:auto\" srcset=\"https:\/\/www.greenpeace.org\/static\/planet4-chile-stateless\/2024\/06\/819cd41e-ballena-azul-\u00a9-cristina-harboe-_-greenpeace-1024x684.jpg 1024w, https:\/\/www.greenpeace.org\/static\/planet4-chile-stateless\/2024\/06\/819cd41e-ballena-azul-\u00a9-cristina-harboe-_-greenpeace-300x200.jpg 300w, https:\/\/www.greenpeace.org\/static\/planet4-chile-stateless\/2024\/06\/819cd41e-ballena-azul-\u00a9-cristina-harboe-_-greenpeace-768x513.jpg 768w, https:\/\/www.greenpeace.org\/static\/planet4-chile-stateless\/2024\/06\/819cd41e-ballena-azul-\u00a9-cristina-harboe-_-greenpeace-1536x1025.jpg 1536w, https:\/\/www.greenpeace.org\/static\/planet4-chile-stateless\/2024\/06\/819cd41e-ballena-azul-\u00a9-cristina-harboe-_-greenpeace-2048x1367.jpg 2048w, https:\/\/www.greenpeace.org\/static\/planet4-chile-stateless\/2024\/06\/819cd41e-ballena-azul-\u00a9-cristina-harboe-_-greenpeace-2046x1366.jpg 2046w, https:\/\/www.greenpeace.org\/static\/planet4-chile-stateless\/2024\/06\/819cd41e-ballena-azul-\u00a9-cristina-harboe-_-greenpeace-510x340.jpg 510w\" sizes=\"auto, (max-width: 1024px) 100vw, 1024px\" \/><figcaption class=\"wp-element-caption\">La Patagonia norte chilena es la zona de alimentaci\u00f3n m\u00e1s importante de la Ballena Azul del Pac\u00edfico Sur Oriental, una especie considerada en peligro de extinci\u00f3n. \u00a9 Cristina Harboe Greenpeace<\/figcaption><\/figure>\n\n<p><strong>2. Contaminaci\u00f3n del fondo marino:<\/strong> por el constante abandono de basura y desechos pl\u00e1sticos en los fiordos y canales patag\u00f3nicos, adem\u00e1s de la contaminaci\u00f3n por fecas y alimento no consumido por los salmones.\u00a0<\/p>\n\n<figure class=\"wp-block-image size-large\"><img loading=\"lazy\" decoding=\"async\" width=\"1024\" height=\"683\" src=\"https:\/\/www.greenpeace.org\/static\/planet4-chile-stateless\/2024\/06\/638faddd-fondo-marino-las-guaitecas-aysen-\u00a9-eduardo-sorensen-greenpeace-1024x683.jpg\" alt=\"\" class=\"wp-image-12471\" srcset=\"https:\/\/www.greenpeace.org\/static\/planet4-chile-stateless\/2024\/06\/638faddd-fondo-marino-las-guaitecas-aysen-\u00a9-eduardo-sorensen-greenpeace-1024x683.jpg 1024w, https:\/\/www.greenpeace.org\/static\/planet4-chile-stateless\/2024\/06\/638faddd-fondo-marino-las-guaitecas-aysen-\u00a9-eduardo-sorensen-greenpeace-300x200.jpg 300w, https:\/\/www.greenpeace.org\/static\/planet4-chile-stateless\/2024\/06\/638faddd-fondo-marino-las-guaitecas-aysen-\u00a9-eduardo-sorensen-greenpeace-768x513.jpg 768w, https:\/\/www.greenpeace.org\/static\/planet4-chile-stateless\/2024\/06\/638faddd-fondo-marino-las-guaitecas-aysen-\u00a9-eduardo-sorensen-greenpeace-1536x1025.jpg 1536w, https:\/\/www.greenpeace.org\/static\/planet4-chile-stateless\/2024\/06\/638faddd-fondo-marino-las-guaitecas-aysen-\u00a9-eduardo-sorensen-greenpeace-2048x1366.jpg 2048w, https:\/\/www.greenpeace.org\/static\/planet4-chile-stateless\/2024\/06\/638faddd-fondo-marino-las-guaitecas-aysen-\u00a9-eduardo-sorensen-greenpeace-510x340.jpg 510w\" sizes=\"auto, (max-width: 1024px) 100vw, 1024px\" \/><figcaption class=\"wp-element-caption\">Estructuras abandonadas por las salmoneras se entremezclan con la biodiversidad del fondo marino en el Archipi\u00e9lago de las Guaitecas en la Regi\u00f3n de Ays\u00e9n.  \u00a9 Eduardo Sorensen Greenpeace&nbsp;<\/figcaption><\/figure>\n\n<p><strong>3. Generaci\u00f3n de condiciones anaerobia: <\/strong>se trata de la <strong>p\u00e9rdida parcial o total de ox\u00edgeno en el mar<\/strong>, lo que se ha detectado que ocurre en el 50% de las concesiones de salmonicultura en operaci\u00f3n en la Regi\u00f3n de Magallanes. Esto afecta directamente las condiciones de vida de las especies que lo habitan.<\/p>\n\n<figure class=\"wp-block-image size-large\"><img loading=\"lazy\" decoding=\"async\" width=\"1024\" height=\"683\" src=\"https:\/\/www.greenpeace.org\/static\/planet4-chile-stateless\/2024\/06\/e7963234-patagonia-chilena-\u00a9-martin-katz-greenpeace-1024x683.jpg\" alt=\"\" class=\"wp-image-12472\" srcset=\"https:\/\/www.greenpeace.org\/static\/planet4-chile-stateless\/2024\/06\/e7963234-patagonia-chilena-\u00a9-martin-katz-greenpeace-1024x683.jpg 1024w, https:\/\/www.greenpeace.org\/static\/planet4-chile-stateless\/2024\/06\/e7963234-patagonia-chilena-\u00a9-martin-katz-greenpeace-300x200.jpg 300w, https:\/\/www.greenpeace.org\/static\/planet4-chile-stateless\/2024\/06\/e7963234-patagonia-chilena-\u00a9-martin-katz-greenpeace-768x513.jpg 768w, https:\/\/www.greenpeace.org\/static\/planet4-chile-stateless\/2024\/06\/e7963234-patagonia-chilena-\u00a9-martin-katz-greenpeace-1536x1025.jpg 1536w, https:\/\/www.greenpeace.org\/static\/planet4-chile-stateless\/2024\/06\/e7963234-patagonia-chilena-\u00a9-martin-katz-greenpeace-2048x1366.jpg 2048w, https:\/\/www.greenpeace.org\/static\/planet4-chile-stateless\/2024\/06\/e7963234-patagonia-chilena-\u00a9-martin-katz-greenpeace-510x340.jpg 510w\" sizes=\"auto, (max-width: 1024px) 100vw, 1024px\" \/><figcaption class=\"wp-element-caption\">La p\u00e9rdida parcial o total de ox\u00edgeno como consecuencia del cultivo de salmones afecta las condiciones de vida de toda la biodiversidad marina. \u00a9 Martin Katz Greenpeace<div class=\"credit icon-left\"> \u00a9 Mart\u00edn Katz \/ Greenpeace<\/div><\/figcaption><\/figure>\n\n<p><strong>4. 1.389 concesiones otorgadas en las regiones de Los Lagos, Ays\u00e9n y Magallanes: <\/strong>Alrededor del 30% de las concesiones otorgadas en estas tres regiones se ubican dentro de<strong> \u00e1reas protegidas <\/strong>y de las que se encuentran en tr\u00e1mite, el 45% pretenden tambi\u00e9n instalarse dentro de estas \u00e1reas.<strong> <\/strong>La <strong>mayor\u00eda de las concesiones otorgadas se ubican en la regi\u00f3n de Ays\u00e9n<\/strong>, con m\u00e1s de 700 y existen otras 158 en tr\u00e1mite, donde la mayor\u00eda pretende instalarse en la regi\u00f3n de Magallanes.<\/p>\n\n<figure class=\"wp-block-image size-large\"><img loading=\"lazy\" decoding=\"async\" width=\"1024\" height=\"683\" src=\"https:\/\/www.greenpeace.org\/static\/planet4-chile-stateless\/2024\/06\/3a8fac61-salmonera-region-aysen-\u00a9-matias-romagosa-greenpeace-1024x683.jpg\" alt=\"\" class=\"wp-image-12473\" srcset=\"https:\/\/www.greenpeace.org\/static\/planet4-chile-stateless\/2024\/06\/3a8fac61-salmonera-region-aysen-\u00a9-matias-romagosa-greenpeace-1024x683.jpg 1024w, https:\/\/www.greenpeace.org\/static\/planet4-chile-stateless\/2024\/06\/3a8fac61-salmonera-region-aysen-\u00a9-matias-romagosa-greenpeace-300x200.jpg 300w, https:\/\/www.greenpeace.org\/static\/planet4-chile-stateless\/2024\/06\/3a8fac61-salmonera-region-aysen-\u00a9-matias-romagosa-greenpeace-768x512.jpg 768w, https:\/\/www.greenpeace.org\/static\/planet4-chile-stateless\/2024\/06\/3a8fac61-salmonera-region-aysen-\u00a9-matias-romagosa-greenpeace-1536x1024.jpg 1536w, https:\/\/www.greenpeace.org\/static\/planet4-chile-stateless\/2024\/06\/3a8fac61-salmonera-region-aysen-\u00a9-matias-romagosa-greenpeace-2048x1366.jpg 2048w, https:\/\/www.greenpeace.org\/static\/planet4-chile-stateless\/2024\/06\/3a8fac61-salmonera-region-aysen-\u00a9-matias-romagosa-greenpeace-510x340.jpg 510w\" sizes=\"auto, (max-width: 1024px) 100vw, 1024px\" \/><figcaption class=\"wp-element-caption\">Jaula salmonera de una de las m\u00e1s de 700 concesiones otorgadas en la regi\u00f3n de Ays\u00e9n. \u00a9 Matias Romagosa Greenpeace<\/figcaption><\/figure>\n\n<p><strong>5.<\/strong> <strong>Basura pl\u00e1stica en la superficie: <\/strong>Los desechos de la producci\u00f3n de la industria de la salmonicultura en la superficie son evidentes. Sacos de comida de salmones, cuerdas, tuber\u00edas pl\u00e1sticas y jaulas de cultivo de salmones abandonadas, son algunas de las basuras que <strong>intervienen en el desarrollo de la biodiversidad de las especies<\/strong> de la zona.<\/p>\n\n<figure class=\"wp-block-image size-large\"><img loading=\"lazy\" decoding=\"async\" width=\"1024\" height=\"683\" src=\"https:\/\/www.greenpeace.org\/static\/planet4-chile-stateless\/2024\/06\/7d137ad9-reserva-kawesqar-estero-cordova-\u00a9-cristobal-olivares--1024x683.jpg\" alt=\"\" class=\"wp-image-12474\" srcset=\"https:\/\/www.greenpeace.org\/static\/planet4-chile-stateless\/2024\/06\/7d137ad9-reserva-kawesqar-estero-cordova-\u00a9-cristobal-olivares--1024x683.jpg 1024w, https:\/\/www.greenpeace.org\/static\/planet4-chile-stateless\/2024\/06\/7d137ad9-reserva-kawesqar-estero-cordova-\u00a9-cristobal-olivares--300x200.jpg 300w, https:\/\/www.greenpeace.org\/static\/planet4-chile-stateless\/2024\/06\/7d137ad9-reserva-kawesqar-estero-cordova-\u00a9-cristobal-olivares--768x513.jpg 768w, https:\/\/www.greenpeace.org\/static\/planet4-chile-stateless\/2024\/06\/7d137ad9-reserva-kawesqar-estero-cordova-\u00a9-cristobal-olivares--1536x1025.jpg 1536w, https:\/\/www.greenpeace.org\/static\/planet4-chile-stateless\/2024\/06\/7d137ad9-reserva-kawesqar-estero-cordova-\u00a9-cristobal-olivares--2048x1366.jpg 2048w, https:\/\/www.greenpeace.org\/static\/planet4-chile-stateless\/2024\/06\/7d137ad9-reserva-kawesqar-estero-cordova-\u00a9-cristobal-olivares--510x340.jpg 510w\" sizes=\"auto, (max-width: 1024px) 100vw, 1024px\" \/><figcaption class=\"wp-element-caption\">Abandono de basura y dem\u00e1s desechos contaminantes de la industria salmonera en la Reserva Nacional Kaw\u00e9sqar. \u00a9 Crist\u00f3bal Olivares Greenpeace<\/figcaption><\/figure>\n\n<p><\/p>\n\t\t\t<section\n\t\t\tclass=\"boxout post-370 \"\n\t\t\t\n\t\t>\n\t\t\t<a\n\t\t\t\tdata-ga-category=\"Take Action Boxout\"\n\t\t\t\tdata-ga-action=\"Image\"\n\t\t\t\tdata-ga-label=\"n\/a\"\n\t\t\t\tclass=\"cover-card-overlay\"\n\t\t\t\thref=\"https:\/\/www.greenpeace.org\/chile\/involucrate\/salmonicultura\/\" \n\t\t\t><\/a>\n\t\t\t\t\t\t\t<img\n\t\t\t\t\t\tsrc=\"https:\/\/www.greenpeace.org\/static\/planet4-chile-stateless\/2018\/11\/3cf2de80-img_0308-1024x683.jpg\"\n\t\t\t\t\t\tsrcset=\"https:\/\/www.greenpeace.org\/static\/planet4-chile-stateless\/2018\/11\/3cf2de80-img_0308-300x200.jpg 300w, https:\/\/www.greenpeace.org\/static\/planet4-chile-stateless\/2018\/11\/3cf2de80-img_0308-768x512.jpg 768w, https:\/\/www.greenpeace.org\/static\/planet4-chile-stateless\/2018\/11\/3cf2de80-img_0308-1024x683.jpg 1024w, https:\/\/www.greenpeace.org\/static\/planet4-chile-stateless\/2018\/11\/3cf2de80-img_0308-2048x1366.jpg 2048w, https:\/\/www.greenpeace.org\/static\/planet4-chile-stateless\/2018\/11\/3cf2de80-img_0308-510x340.jpg 510w\"\n\t\t\t\t\t\tsizes=\"(min-width: 1000px) 358px, (min-width: 780px) 313px, 88px\"\n\t\t\t\t\t\talt=\"\" title=\"\"\n\t\t\t\t\/>\n            \t\t\t<div class=\"boxout-content\">\n\t\t\t\t\t\t\t\t\t<a\n\t\t\t\t\t\tclass=\"boxout-heading medium\"\n\t\t\t\t\t\tdata-ga-category=\"Take Action Boxout\"\n\t\t\t\t\t\tdata-ga-action=\"Title\"\n\t\t\t\t\t\tdata-ga-label=\"n\/a\"\n\t\t\t\t\t\thref=\"https:\/\/www.greenpeace.org\/chile\/involucrate\/salmonicultura\/\"\n\t\t\t\t\t\t\n\t\t\t\t\t>\n\t\t\t\t\t\tFreno a la expansi\u00f3n salmonera\u00a0\n\t\t\t\t\t<\/a>\n\t\t\t\t\t\t\t\t\t\t\t\t\t<p class=\"boxout-excerpt\">Ya hay m\u00e1s de 1.300 proyectos salmoneros aprobados entre las regiones de Los Lagos y Magallanes \u00a1y van por m\u00e1s! <\/p>\n\t\t\t\t                                    <a\n                        class=\"btn btn-primary\"\n                        data-ga-category=\"Take Action Boxout\"\n                        data-ga-action=\"Call to Action\"\n                        data-ga-label=\"n\/a\"\n                        href=\"https:\/\/www.greenpeace.org\/chile\/involucrate\/salmonicultura\/\"\n                        \n                    >\n                        Invol\u00facrate\n                    <\/a>\n                \t\t\t<\/div>\n\t\t\t\t\t<\/section>\n\t","protected":false},"excerpt":{"rendered":"<p>Greenpeace destaca la ratificaci\u00f3n del Tratado de los Oc\u00e9anos a nivel mundial y hace un llamado a preocuparse por la gesti\u00f3n local y la protecci\u00f3n de los mares <\/p>\n","protected":false},"author":24,"featured_media":12472,"comment_status":"closed","ping_status":"open","sticky":false,"template":"","format":"standard","meta":{"ep_exclude_from_search":false,"p4_og_title":"D\u00eda Mundial de los Oc\u00e9anos:\u00a0\u201cEl claroscuro de los mares de Chile\u201d","p4_og_description":"Greenpeace destaca la ratificaci\u00f3n del Tratado de los Oc\u00e9anos a nivel mundial y hace un llamado a preocuparse por la gesti\u00f3n local y\u00a0 la protecci\u00f3n de los mares en la Patagonia Chilena.\u00a0","p4_og_image":"https:\/\/www.greenpeace.org\/static\/planet4-chile-stateless\/2024\/06\/e7963234-patagonia-chilena-\u00a9-martin-katz-greenpeace-scaled.jpg","p4_og_image_id":"12472","p4_seo_canonical_url":"","p4_campaign_name":"","p4_local_project":"","p4_basket_name":"","p4_department":"","footnotes":""},"categories":[18],"tags":[29,28,31],"p4-page-type":[16],"class_list":["post-12468","post","type-post","status-publish","format-standard","has-post-thumbnail","hentry","category-oceanos","tag-plasticos","tag-salmonera","tag-santuariosmarinos","p4-page-type-noticia"],"_links":{"self":[{"href":"https:\/\/www.greenpeace.org\/chile\/wp-json\/wp\/v2\/posts\/12468","targetHints":{"allow":["GET"]}}],"collection":[{"href":"https:\/\/www.greenpeace.org\/chile\/wp-json\/wp\/v2\/posts"}],"about":[{"href":"https:\/\/www.greenpeace.org\/chile\/wp-json\/wp\/v2\/types\/post"}],"author":[{"embeddable":true,"href":"https:\/\/www.greenpeace.org\/chile\/wp-json\/wp\/v2\/users\/24"}],"replies":[{"embeddable":true,"href":"https:\/\/www.greenpeace.org\/chile\/wp-json\/wp\/v2\/comments?post=12468"}],"version-history":[{"count":2,"href":"https:\/\/www.greenpeace.org\/chile\/wp-json\/wp\/v2\/posts\/12468\/revisions"}],"predecessor-version":[{"id":12490,"href":"https:\/\/www.greenpeace.org\/chile\/wp-json\/wp\/v2\/posts\/12468\/revisions\/12490"}],"wp:featuredmedia":[{"embeddable":true,"href":"https:\/\/www.greenpeace.org\/chile\/wp-json\/wp\/v2\/media\/12472"}],"wp:attachment":[{"href":"https:\/\/www.greenpeace.org\/chile\/wp-json\/wp\/v2\/media?parent=12468"}],"wp:term":[{"taxonomy":"category","embeddable":true,"href":"https:\/\/www.greenpeace.org\/chile\/wp-json\/wp\/v2\/categories?post=12468"},{"taxonomy":"post_tag","embeddable":true,"href":"https:\/\/www.greenpeace.org\/chile\/wp-json\/wp\/v2\/tags?post=12468"},{"taxonomy":"p4-page-type","embeddable":true,"href":"https:\/\/www.greenpeace.org\/chile\/wp-json\/wp\/v2\/p4-page-type?post=12468"}],"curies":[{"name":"wp","href":"https:\/\/api.w.org\/{rel}","templated":true}]}}