{"id":12585,"date":"2024-07-05T20:41:11","date_gmt":"2024-07-05T20:41:11","guid":{"rendered":"https:\/\/www.greenpeace.org\/chile\/?p=12585"},"modified":"2024-07-05T20:41:14","modified_gmt":"2024-07-05T20:41:14","slug":"con-las-recientes-lluvias-se-acabo-la-sequia","status":"publish","type":"post","link":"https:\/\/www.greenpeace.org\/chile\/noticia\/issues\/climayenergia\/con-las-recientes-lluvias-se-acabo-la-sequia\/","title":{"rendered":"Con las recientes lluvias, \u00bfse acab\u00f3 la sequ\u00eda?"},"content":{"rendered":"\n<figure class=\"wp-block-image size-large\"><img loading=\"lazy\" decoding=\"async\" width=\"1024\" height=\"683\" src=\"https:\/\/www.greenpeace.org\/static\/planet4-chile-stateless\/2024\/07\/af57cac9-gpch-sequia-lago-penuelas-\u00a9-greenpeace-1024x683.jpg\" alt=\"\" class=\"wp-image-12588\" srcset=\"https:\/\/www.greenpeace.org\/static\/planet4-chile-stateless\/2024\/07\/af57cac9-gpch-sequia-lago-penuelas-\u00a9-greenpeace-1024x683.jpg 1024w, https:\/\/www.greenpeace.org\/static\/planet4-chile-stateless\/2024\/07\/af57cac9-gpch-sequia-lago-penuelas-\u00a9-greenpeace-300x200.jpg 300w, https:\/\/www.greenpeace.org\/static\/planet4-chile-stateless\/2024\/07\/af57cac9-gpch-sequia-lago-penuelas-\u00a9-greenpeace-768x512.jpg 768w, https:\/\/www.greenpeace.org\/static\/planet4-chile-stateless\/2024\/07\/af57cac9-gpch-sequia-lago-penuelas-\u00a9-greenpeace-1536x1024.jpg 1536w, https:\/\/www.greenpeace.org\/static\/planet4-chile-stateless\/2024\/07\/af57cac9-gpch-sequia-lago-penuelas-\u00a9-greenpeace-2048x1366.jpg 2048w, https:\/\/www.greenpeace.org\/static\/planet4-chile-stateless\/2024\/07\/af57cac9-gpch-sequia-lago-penuelas-\u00a9-greenpeace-510x340.jpg 510w\" sizes=\"auto, (max-width: 1024px) 100vw, 1024px\" \/><figcaption class=\"wp-element-caption\">Voluntaria en zona de sequ\u00eda Lago Pe\u00f1uelas \u00a9 Greenpeace <\/figcaption><\/figure>\n\n<h4 class=\"wp-block-heading\">Embalses al 89% y &#8220;nieve ca\u00edda alcanza niveles hist\u00f3ricos&#8221; son algunas de las afirmaciones que se tomaron la prensa despu\u00e9s de la lluvia. Sin embargo, desde Greenpeace dicen que estos indicadores, aunque positivos, no resuelven la sequ\u00eda que Chile arrastra por 14 a\u00f1os.<\/h4>\n\n<p>28 de junio, 2024.- Seg\u00fan informaci\u00f3n de la Direcci\u00f3n Meteorol\u00f3gica de Chile,<strong> el oto\u00f1o de este a\u00f1o es el que m\u00e1s lluvias ha acumulado en los \u00faltimos 22 a\u00f1os en Santiago.<\/strong> De acuerdo al organismo, durante junio han ca\u00eddo 183,1 mil\u00edmetros de agua en la capital, superando los 146 mil\u00edmetros registrados en 2005.<\/p>\n\n<p>Las, en apariencia, inusuales <strong>lluvias<\/strong> registradas las \u00faltimas semanas,<strong> despiertan el optimismo respecto de un posible fin de la mega sequ\u00eda que afecta la zona norte y centro sur de nuestro pa\u00eds<\/strong>, hace 14 a\u00f1os. De hecho, hace algunos d\u00edas, el Centro del Agua y Observatorio Clim\u00e1tico de la Universidad San Sebasti\u00e1n public\u00f3 un an\u00e1lisis donde expone que 8 de los 25 embalses de la Direcci\u00f3n General de Aguas est\u00e1n por sobre los niveles observados en 2023. Es m\u00e1s, los embalses El Yeso (Regi\u00f3n Metropolitana) y Los Aromos (R. de Valpara\u00edso) est\u00e1n a un 89% y 99%, respectivamente, de su capacidad.<\/p>\n\n<p>Sin embargo, el mismo reporte tambi\u00e9n advierte que el vol\u00famen total de agua en estas obras alcanza el 44%, donde <strong>la mayor\u00eda de los embalses en el pa\u00eds tienen menos agua acumulada de la que debieran.<\/strong> En efecto, pese a que (como ya se mencionaba) en la Regi\u00f3n de Valpara\u00edso Los \u00c1lamos est\u00e1 pr\u00e1cticamente lleno, la realidad es muy distinta para<strong> Pe\u00f1uelas, el que est\u00e1 en apenas un 3% de su capacidad, mientras que en promedio los embalses de la Regi\u00f3n de Coquimbo est\u00e1n en un 13%<\/strong>.<\/p>\n\n<figure class=\"wp-block-image size-large\"><img loading=\"lazy\" decoding=\"async\" width=\"1024\" height=\"683\" src=\"https:\/\/www.greenpeace.org\/static\/planet4-chile-stateless\/2024\/07\/1cde4886-gpch-escacez-hidrica-\u00a9-rodrigo-saez-greenpeace-1024x683.jpg\" alt=\"\" class=\"wp-image-12589\" srcset=\"https:\/\/www.greenpeace.org\/static\/planet4-chile-stateless\/2024\/07\/1cde4886-gpch-escacez-hidrica-\u00a9-rodrigo-saez-greenpeace-1024x683.jpg 1024w, https:\/\/www.greenpeace.org\/static\/planet4-chile-stateless\/2024\/07\/1cde4886-gpch-escacez-hidrica-\u00a9-rodrigo-saez-greenpeace-300x200.jpg 300w, https:\/\/www.greenpeace.org\/static\/planet4-chile-stateless\/2024\/07\/1cde4886-gpch-escacez-hidrica-\u00a9-rodrigo-saez-greenpeace-768x512.jpg 768w, https:\/\/www.greenpeace.org\/static\/planet4-chile-stateless\/2024\/07\/1cde4886-gpch-escacez-hidrica-\u00a9-rodrigo-saez-greenpeace-1536x1024.jpg 1536w, https:\/\/www.greenpeace.org\/static\/planet4-chile-stateless\/2024\/07\/1cde4886-gpch-escacez-hidrica-\u00a9-rodrigo-saez-greenpeace-2048x1366.jpg 2048w, https:\/\/www.greenpeace.org\/static\/planet4-chile-stateless\/2024\/07\/1cde4886-gpch-escacez-hidrica-\u00a9-rodrigo-saez-greenpeace-510x340.jpg 510w\" sizes=\"auto, (max-width: 1024px) 100vw, 1024px\" \/><figcaption class=\"wp-element-caption\"> Escacez H\u00eddrica \u00a9 Rodrigo S\u00e1ez \/ Greenpeace<\/figcaption><\/figure>\n\n<p>\u201cHemos tenido un comienzo de invierno muy afortunado respecto de la cantidad de agua que ha ca\u00eddo en la Regi\u00f3n Metropolitana. Pero <strong>debemos recordar que la mega sequ\u00eda que enfrenta el pa\u00eds es estructural y no se soluciona con un a\u00f1o donde se generen buenas reservas de agua<\/strong>\u201d, aclara al respecto la ge\u00f3grafa y vocera de Greenpeace, Silvana Espinosa.\u00a0<\/p>\n\n<p>El experto en hidrolog\u00eda andina y glaci\u00f3logo, Dr. Alexis Caro, expresa que si bien a\u00fan podemos esperar m\u00e1s lluvias -pues, en un a\u00f1o normal, <strong>los meses m\u00e1s lluviosos son junio y julio, e incluso se pueden registrar importantes precipitaciones en agosto-<\/strong>, dos a\u00f1os con precipitaciones normales no tienen la capacidad para terminar con una mega sequ\u00eda.\u00a0<\/p>\n\n<p>\u201cSi este a\u00f1o logra tener precipitaciones normales, ser\u00edan dos a\u00f1os seguidos con lluvias cerca o sobre lo normal, lo que no se registra desde 2006. Pero es importante recordar que lo que se estima como un a\u00f1o normal es el resultado de un promedio que considera la precipitaci\u00f3n total anual por un periodo de 30 a\u00f1os, en los cuales siempre hay a\u00f1os con menos y m\u00e1s precipitaciones\u201d, explica el experto.<\/p>\n\n<p>Espinosa profundiza en el punto y complementa: \u201cSi miramos m\u00e1s all\u00e1 del promedio y observamos el comportamiento de las precipitaciones o acumulaci\u00f3n de nieve en los \u00faltimos 10 a\u00f1os, lo que vemos es que <strong>la tendencia es hacia una reducci\u00f3n en la ocurrencia de episodios de lluvia<\/strong>, lo que deriv\u00f3 en que, en lo que va del a\u00f1o, el gobierno ha emitido Decretos de Escasez H\u00eddrica en 49 comunas del pa\u00eds, repercutiendo en m\u00e1s 1.600.000 personas.\u00a0<\/p>\n\n<figure class=\"wp-block-image size-large\"><img loading=\"lazy\" decoding=\"async\" width=\"1024\" height=\"683\" src=\"https:\/\/www.greenpeace.org\/static\/planet4-chile-stateless\/2024\/07\/2a9c24da-embalse-el-yeso-4-1024x683.jpg\" alt=\"\" class=\"wp-image-12590\" srcset=\"https:\/\/www.greenpeace.org\/static\/planet4-chile-stateless\/2024\/07\/2a9c24da-embalse-el-yeso-4-1024x683.jpg 1024w, https:\/\/www.greenpeace.org\/static\/planet4-chile-stateless\/2024\/07\/2a9c24da-embalse-el-yeso-4-300x200.jpg 300w, https:\/\/www.greenpeace.org\/static\/planet4-chile-stateless\/2024\/07\/2a9c24da-embalse-el-yeso-4-768x512.jpg 768w, https:\/\/www.greenpeace.org\/static\/planet4-chile-stateless\/2024\/07\/2a9c24da-embalse-el-yeso-4-1536x1024.jpg 1536w, https:\/\/www.greenpeace.org\/static\/planet4-chile-stateless\/2024\/07\/2a9c24da-embalse-el-yeso-4-2048x1366.jpg 2048w, https:\/\/www.greenpeace.org\/static\/planet4-chile-stateless\/2024\/07\/2a9c24da-embalse-el-yeso-4-510x340.jpg 510w\" sizes=\"auto, (max-width: 1024px) 100vw, 1024px\" \/><figcaption class=\"wp-element-caption\">Embalse El Yeso \u00a9 Greenpeace<\/figcaption><\/figure>\n\n<p>Con todo, lo importante para los especialistas es entender que la sequ\u00eda no\u00a0 acaba con un a\u00f1o lluvioso. <strong>Considerar que estos episodios son suficientes para revertir esta situaci\u00f3n, es sumamente perjudicial, ya que puede implicar que se relajen las medidas de cuidado en la materia.<\/strong> \u201cCreer que estamos \u2018salvados\u2019 y tenemos efectivamente agua asegurada hasta 2025 (al menos en los casos de las regiones Metropolitana y de Valpara\u00edso), <strong>podr\u00eda generar una falsa sensaci\u00f3n de tranquilidad que posibilite, por ejemplo, que sigamos rellenando humedales, permitiendo la explotaci\u00f3n minera cerca de glaciares o entregando m\u00e1s derechos de agua de los que los territorios pueden aguantar.<\/strong> <\/p>\n\n<p>Lo cierto es que dos regiones del pa\u00eds han tenido la fortuna de poder rellenar sus embalses en un mes, pero la gran parte del pa\u00eds est\u00e1 muy bajo la capacidad y esto sumado al fen\u00f3meno de La Ni\u00f1a, y su caracter\u00edstica principal que tiende a una disminuci\u00f3n de las lluvias, est\u00e1n a la vuelta de la esquina, por lo que<strong> debemos ser m\u00e1s responsables y cautelosos<\/strong>\u201d, advierte la vocera de Greenpeace.<\/p>\n\n<p>Espinosa a\u00f1ade que uno de los objetivos de<strong> la campa\u00f1a que Greenpeace Chile est\u00e1 empujando por estos d\u00edas, \u201c<a href=\"https:\/\/bajemoslosbronces.cl\/\">Subamos la voz, bajemos Los Bronces<\/a>\u201d, precisamente radica en aquello: proteger de forma m\u00e1s determinada las reservas de agua de la capital.\u00a0<\/strong><\/p>\n\n<figure class=\"wp-block-image size-large\"><img loading=\"lazy\" decoding=\"async\" width=\"1024\" height=\"576\" src=\"https:\/\/www.greenpeace.org\/static\/planet4-chile-stateless\/2024\/07\/cf8edb0e-laguna-aculeo-credito-roberto-roa-greenpeace-1024x576.jpg\" alt=\"\" class=\"wp-image-12591\" srcset=\"https:\/\/www.greenpeace.org\/static\/planet4-chile-stateless\/2024\/07\/cf8edb0e-laguna-aculeo-credito-roberto-roa-greenpeace-1024x576.jpg 1024w, https:\/\/www.greenpeace.org\/static\/planet4-chile-stateless\/2024\/07\/cf8edb0e-laguna-aculeo-credito-roberto-roa-greenpeace-300x169.jpg 300w, https:\/\/www.greenpeace.org\/static\/planet4-chile-stateless\/2024\/07\/cf8edb0e-laguna-aculeo-credito-roberto-roa-greenpeace-768x432.jpg 768w, https:\/\/www.greenpeace.org\/static\/planet4-chile-stateless\/2024\/07\/cf8edb0e-laguna-aculeo-credito-roberto-roa-greenpeace-1536x864.jpg 1536w, https:\/\/www.greenpeace.org\/static\/planet4-chile-stateless\/2024\/07\/cf8edb0e-laguna-aculeo-credito-roberto-roa-greenpeace-2048x1152.jpg 2048w, https:\/\/www.greenpeace.org\/static\/planet4-chile-stateless\/2024\/07\/cf8edb0e-laguna-aculeo-credito-roberto-roa-greenpeace-510x287.jpg 510w\" sizes=\"auto, (max-width: 1024px) 100vw, 1024px\" \/><figcaption class=\"wp-element-caption\">Laguna Aculeo  \u00a9 Roberto Roa \/ Greenpeace<\/figcaption><\/figure>\n\n<p>\u201cEn sus estudios de impacto ambiental para la ampliaci\u00f3n de la mina (proyecto conocido como Los Bronces Integrado), la compa\u00f1\u00eda fue muy laxa al analizar c\u00f3mo su operaci\u00f3n podr\u00eda afectar el ecosistema y la naturaleza de la zona de operaci\u00f3n y de toda la regi\u00f3n. Ejemplo de ello es que d<strong>eclararon como impactos no significativos sus posibles afectaciones a glaciares y flujos de agua superficiales y subterr\u00e1neos<\/strong>, utilizando para ello modelos que no s\u00f3lo son poco precisos, sino que derechamente presentan inconsistencias metodol\u00f3gicas claras\u201d, acusa la ge\u00f3grafa, y agrega que, en el caso de la subcuenca Estero Yerba Loca, estos reportes no incluyeron el an\u00e1lisis integrado de los procesos y posibles impactos indirectos que la actividad minera podr\u00eda provocar en el lugar.<\/p>\n\n<figure class=\"wp-block-image size-large\"><img loading=\"lazy\" decoding=\"async\" width=\"1024\" height=\"683\" src=\"https:\/\/www.greenpeace.org\/static\/planet4-chile-stateless\/2024\/07\/451810a0-gpch-sobrevuelo-los-bronces-integrados-credito-nicole-kramm-caifal-greenpeace-16-1024x683.jpg\" alt=\"\" class=\"wp-image-12592\" srcset=\"https:\/\/www.greenpeace.org\/static\/planet4-chile-stateless\/2024\/07\/451810a0-gpch-sobrevuelo-los-bronces-integrados-credito-nicole-kramm-caifal-greenpeace-16-1024x683.jpg 1024w, https:\/\/www.greenpeace.org\/static\/planet4-chile-stateless\/2024\/07\/451810a0-gpch-sobrevuelo-los-bronces-integrados-credito-nicole-kramm-caifal-greenpeace-16-300x200.jpg 300w, https:\/\/www.greenpeace.org\/static\/planet4-chile-stateless\/2024\/07\/451810a0-gpch-sobrevuelo-los-bronces-integrados-credito-nicole-kramm-caifal-greenpeace-16-768x513.jpg 768w, https:\/\/www.greenpeace.org\/static\/planet4-chile-stateless\/2024\/07\/451810a0-gpch-sobrevuelo-los-bronces-integrados-credito-nicole-kramm-caifal-greenpeace-16-1536x1025.jpg 1536w, https:\/\/www.greenpeace.org\/static\/planet4-chile-stateless\/2024\/07\/451810a0-gpch-sobrevuelo-los-bronces-integrados-credito-nicole-kramm-caifal-greenpeace-16-2048x1366.jpg 2048w, https:\/\/www.greenpeace.org\/static\/planet4-chile-stateless\/2024\/07\/451810a0-gpch-sobrevuelo-los-bronces-integrados-credito-nicole-kramm-caifal-greenpeace-16-510x340.jpg 510w\" sizes=\"auto, (max-width: 1024px) 100vw, 1024px\" \/><figcaption class=\"wp-element-caption\">Sobrevuelo Los Bronces Integrados  \u00a9  Nicole Kramm Caifal \/ Greenpeace <\/figcaption><\/figure>\n\n<p>\u201cCreemos que<strong> esta falta de an\u00e1lisis integral es un acto premeditado, que imposibilita conocer el impacto real de una actividad antr\u00f3pica sobre un entorno natural.<\/strong> Ejemplo de ello es la caracterizaci\u00f3n que realizan en estos informes de los glaciares, en su contenido de hielo y los aspectos que evidencian su din\u00e1mica de flujo, que no tienen relaci\u00f3n con los estudios de depositaci\u00f3n de material particulado o carbono negro en sus superficies o de las vibraciones que podr\u00edan afectar su din\u00e1mica, lo que resulta catastr\u00f3fico para la preservaci\u00f3n de sus masas de hielo, que son nuestras reservas de agua para el futuro. A mi parecer, estas acciones buscan desinformar a la autoridad y las comunidades, en pro del beneficio de unos pocos\u201d, comenta Espinosa.<\/p>\n\t\t\t<section\n\t\t\tclass=\"boxout post-11943 \"\n\t\t\t\n\t\t>\n\t\t\t<a\n\t\t\t\tdata-ga-category=\"Take Action Boxout\"\n\t\t\t\tdata-ga-action=\"Image\"\n\t\t\t\tdata-ga-label=\"n\/a\"\n\t\t\t\tclass=\"cover-card-overlay\"\n\t\t\t\thref=\"https:\/\/www.greenpeace.org\/chile\/involucrate\/bronces-integrado\/\" \n\t\t\t><\/a>\n\t\t\t\t\t\t\t<img\n\t\t\t\t\t\tsrc=\"https:\/\/www.greenpeace.org\/static\/planet4-chile-stateless\/2024\/04\/022f47d8-gpch-los-bronces-integrados-credito-nicole-kramm-caifal-greenpeace-15-1024x683.jpg\"\n\t\t\t\t\t\tsrcset=\"https:\/\/www.greenpeace.org\/static\/planet4-chile-stateless\/2024\/04\/022f47d8-gpch-los-bronces-integrados-credito-nicole-kramm-caifal-greenpeace-15-300x200.jpg 300w, https:\/\/www.greenpeace.org\/static\/planet4-chile-stateless\/2024\/04\/022f47d8-gpch-los-bronces-integrados-credito-nicole-kramm-caifal-greenpeace-15-1024x683.jpg 1024w, https:\/\/www.greenpeace.org\/static\/planet4-chile-stateless\/2024\/04\/022f47d8-gpch-los-bronces-integrados-credito-nicole-kramm-caifal-greenpeace-15-768x513.jpg 768w, https:\/\/www.greenpeace.org\/static\/planet4-chile-stateless\/2024\/04\/022f47d8-gpch-los-bronces-integrados-credito-nicole-kramm-caifal-greenpeace-15-1536x1025.jpg 1536w, https:\/\/www.greenpeace.org\/static\/planet4-chile-stateless\/2024\/04\/022f47d8-gpch-los-bronces-integrados-credito-nicole-kramm-caifal-greenpeace-15-2048x1366.jpg 2048w, https:\/\/www.greenpeace.org\/static\/planet4-chile-stateless\/2024\/04\/022f47d8-gpch-los-bronces-integrados-credito-nicole-kramm-caifal-greenpeace-15-510x340.jpg 510w\"\n\t\t\t\t\t\tsizes=\"(min-width: 1000px) 358px, (min-width: 780px) 313px, 88px\"\n\t\t\t\t\t\talt=\"\" title=\"\"\n\t\t\t\t\/>\n            \t\t\t<div class=\"boxout-content\">\n\t\t\t\t\t\t\t\t\t<a\n\t\t\t\t\t\tclass=\"boxout-heading medium\"\n\t\t\t\t\t\tdata-ga-category=\"Take Action Boxout\"\n\t\t\t\t\t\tdata-ga-action=\"Title\"\n\t\t\t\t\t\tdata-ga-label=\"n\/a\"\n\t\t\t\t\t\thref=\"https:\/\/www.greenpeace.org\/chile\/involucrate\/bronces-integrado\/\"\n\t\t\t\t\t\t\n\t\t\t\t\t>\n\t\t\t\t\t\tLos Bronces\n\t\t\t\t\t<\/a>\n\t\t\t\t\t\t\t\t\t\t\t\t\t<p class=\"boxout-excerpt\">El proyecto minero Los Bronces Integrado pone en riesgo las reservas de agua de toda la Regi\u00f3n. Dile \u00a1No!<\/p>\n\t\t\t\t                                    <a\n                        class=\"btn btn-primary\"\n                        data-ga-category=\"Take Action Boxout\"\n                        data-ga-action=\"Call to Action\"\n                        data-ga-label=\"n\/a\"\n                        href=\"https:\/\/www.greenpeace.org\/chile\/involucrate\/bronces-integrado\/\"\n                        \n                    >\n                        Invol\u00facrate\n                    <\/a>\n                \t\t\t<\/div>\n\t\t\t\t\t<\/section>\n\t","protected":false},"excerpt":{"rendered":"<p>Estos indicadores, aunque positivos, no resuelven la sequ\u00eda que Chile arrastra por 14 a\u00f1os.<\/p>\n","protected":false},"author":24,"featured_media":12588,"comment_status":"closed","ping_status":"open","sticky":false,"template":"","format":"standard","meta":{"ep_exclude_from_search":false,"p4_og_title":"Con las recientes lluvias, \u00bfse acab\u00f3 la sequ\u00eda?","p4_og_description":"Considerar que estos episodios son suficientes para revertir esta situaci\u00f3n, es sumamente perjudicial, ya que puede implicar que se relajen las medidas de cuidado en la materia.","p4_og_image":"https:\/\/www.greenpeace.org\/static\/planet4-chile-stateless\/2024\/07\/af57cac9-gpch-sequia-lago-penuelas-\u00a9-greenpeace.jpg","p4_og_image_id":"12588","p4_seo_canonical_url":"","p4_campaign_name":"","p4_local_project":"","p4_basket_name":"","p4_department":"","footnotes":""},"categories":[3,4],"tags":[57],"p4-page-type":[16],"class_list":["post-12585","post","type-post","status-publish","format-standard","has-post-thumbnail","hentry","category-climayenergia","category-contaminacion","tag-bajemoslosbronces","p4-page-type-noticia"],"_links":{"self":[{"href":"https:\/\/www.greenpeace.org\/chile\/wp-json\/wp\/v2\/posts\/12585","targetHints":{"allow":["GET"]}}],"collection":[{"href":"https:\/\/www.greenpeace.org\/chile\/wp-json\/wp\/v2\/posts"}],"about":[{"href":"https:\/\/www.greenpeace.org\/chile\/wp-json\/wp\/v2\/types\/post"}],"author":[{"embeddable":true,"href":"https:\/\/www.greenpeace.org\/chile\/wp-json\/wp\/v2\/users\/24"}],"replies":[{"embeddable":true,"href":"https:\/\/www.greenpeace.org\/chile\/wp-json\/wp\/v2\/comments?post=12585"}],"version-history":[{"count":3,"href":"https:\/\/www.greenpeace.org\/chile\/wp-json\/wp\/v2\/posts\/12585\/revisions"}],"predecessor-version":[{"id":12593,"href":"https:\/\/www.greenpeace.org\/chile\/wp-json\/wp\/v2\/posts\/12585\/revisions\/12593"}],"wp:featuredmedia":[{"embeddable":true,"href":"https:\/\/www.greenpeace.org\/chile\/wp-json\/wp\/v2\/media\/12588"}],"wp:attachment":[{"href":"https:\/\/www.greenpeace.org\/chile\/wp-json\/wp\/v2\/media?parent=12585"}],"wp:term":[{"taxonomy":"category","embeddable":true,"href":"https:\/\/www.greenpeace.org\/chile\/wp-json\/wp\/v2\/categories?post=12585"},{"taxonomy":"post_tag","embeddable":true,"href":"https:\/\/www.greenpeace.org\/chile\/wp-json\/wp\/v2\/tags?post=12585"},{"taxonomy":"p4-page-type","embeddable":true,"href":"https:\/\/www.greenpeace.org\/chile\/wp-json\/wp\/v2\/p4-page-type?post=12585"}],"curies":[{"name":"wp","href":"https:\/\/api.w.org\/{rel}","templated":true}]}}