{"id":1273,"date":"2019-04-23T17:32:35","date_gmt":"2019-04-23T17:32:35","guid":{"rendered":"https:\/\/www.greenpeace.org\/chile\/?p=1273"},"modified":"2021-12-01T12:29:38","modified_gmt":"2021-12-01T12:29:38","slug":"providencia-aprobo-la-ordenanza-que-elimina-los-plasticos-de-un-solo-uso-en-esa-comuna","status":"publish","type":"post","link":"https:\/\/www.greenpeace.org\/chile\/noticia\/issues\/contaminacion\/providencia-aprobo-la-ordenanza-que-elimina-los-plasticos-de-un-solo-uso-en-esa-comuna\/","title":{"rendered":"Providencia aprob\u00f3 la ordenanza que elimina los pl\u00e1sticos de un solo uso en esa comuna"},"content":{"rendered":"<div id=\"attachment_1279\" style=\"width: 666px\" class=\"wp-caption aligncenter\"><img loading=\"lazy\" decoding=\"async\" aria-describedby=\"caption-attachment-1279\" class=\" wp-image-1279\" src=\"https:\/\/www.greenpeace.org\/static\/planet4-chile-stateless\/2019\/04\/69fe58e4-gpc_providencia_06-1024x683.jpg\" alt=\"\" width=\"656\" height=\"437\" srcset=\"https:\/\/www.greenpeace.org\/static\/planet4-chile-stateless\/2019\/04\/69fe58e4-gpc_providencia_06-1024x683.jpg 1024w, https:\/\/www.greenpeace.org\/static\/planet4-chile-stateless\/2019\/04\/69fe58e4-gpc_providencia_06-300x200.jpg 300w, https:\/\/www.greenpeace.org\/static\/planet4-chile-stateless\/2019\/04\/69fe58e4-gpc_providencia_06-768x512.jpg 768w, https:\/\/www.greenpeace.org\/static\/planet4-chile-stateless\/2019\/04\/69fe58e4-gpc_providencia_06-2048x1366.jpg 2048w, https:\/\/www.greenpeace.org\/static\/planet4-chile-stateless\/2019\/04\/69fe58e4-gpc_providencia_06-510x340.jpg 510w\" sizes=\"auto, (max-width: 656px) 100vw, 656px\" \/><p id=\"caption-attachment-1279\" class=\"wp-caption-text\">La alcaldesa Evelyn Matthei Fornet, junto a miembros del Concejo Municipal y Greenpeace presentan la nueva ordenanza que regula el uso de pl\u00e1sticos en el comercio de la comuna.<\/p><\/div>\n<p><strong>Esta victoria de prohibir dr\u00e1sticamente los pl\u00e1sticos en un municipio es el comienzo de una tendencia nacional.<\/strong><\/p>\n<p>Ante esto, la vocera del movimiento Chile Sin Pl\u00e1sticos de Greenpeace, Soledad Acu\u00f1a, enfatiz\u00f3 que: \u201cCon esta ordenanza <strong>la comuna de Providencia est\u00e1 estableciendo est\u00e1ndares nuevos y ambiciosos y preparando el camino para que el resto de los municipios del pa\u00eds elijan reducir un material que en los \u00faltimos tiempos ha sobrepoblado vertederos<\/strong> en distintas zonas urbanas de nuestro pa\u00eds. Hacemos un <strong>llamado al resto de las comunas de todo Chile<\/strong> a sumarse a este compromiso medioambiental que ha iniciado la comuna de Providencia \u201d.<\/p>\n<p>S\u00f3lo en la Regi\u00f3n Metropolitana hay m\u00e1s de 70 vertederos ilegales con alta presencia de pl\u00e1stico, y cerca de una quinta parte de estos vertederos se encuentran en riberas de r\u00edos que luego desembocan en el mar.<\/p>\n<p>\u201cDesde el movimiento ciudadano Chile Sin Pl\u00e1sticos <strong>celebramos esta ordenanza municipal que fue empujada desde un llamado de la ciudadan\u00eda<\/strong>, convirti\u00e9ndose en una victoria de una nueva generaci\u00f3n de chilenos y uno de los mayores pasos adelante en Chile en la lucha por impedir la llegada a los oc\u00e9anos de millones de toneladas de pl\u00e1sticos\u201d, afirm\u00f3 Acu\u00f1a.<\/p>\n<div id=\"attachment_1282\" style=\"width: 1034px\" class=\"wp-caption alignnone\"><img loading=\"lazy\" decoding=\"async\" aria-describedby=\"caption-attachment-1282\" class=\"size-large wp-image-1282\" src=\"https:\/\/www.greenpeace.org\/static\/planet4-chile-stateless\/2019\/04\/c809c0cf-gpc_providencia_03-1024x683.jpg\" alt=\"\" width=\"1024\" height=\"683\" srcset=\"https:\/\/www.greenpeace.org\/static\/planet4-chile-stateless\/2019\/04\/c809c0cf-gpc_providencia_03-1024x683.jpg 1024w, https:\/\/www.greenpeace.org\/static\/planet4-chile-stateless\/2019\/04\/c809c0cf-gpc_providencia_03-300x200.jpg 300w, https:\/\/www.greenpeace.org\/static\/planet4-chile-stateless\/2019\/04\/c809c0cf-gpc_providencia_03-768x512.jpg 768w, https:\/\/www.greenpeace.org\/static\/planet4-chile-stateless\/2019\/04\/c809c0cf-gpc_providencia_03-2048x1366.jpg 2048w, https:\/\/www.greenpeace.org\/static\/planet4-chile-stateless\/2019\/04\/c809c0cf-gpc_providencia_03-510x340.jpg 510w\" sizes=\"auto, (max-width: 1024px) 100vw, 1024px\" \/><p id=\"caption-attachment-1282\" class=\"wp-caption-text\">Intervenci\u00f3n en los jardines de la Plaza Centenario, ubicada en el frontis del Palacio Consistorial de Providencia.<\/p><\/div>\n<p>A nivel local, seg\u00fan el informe de la Asociaci\u00f3n de Pl\u00e1sticos de Chile <strong>s\u00f3lo se recicla el 8% del pl\u00e1stico. El 92% restante nadie sabe d\u00f3nde termina.<\/strong><\/p>\n<p>\u201cEn Chile <strong>no basta con separar la basura en distintos cubos y tirar los envases en el amarillo.<\/strong> <strong>Hay que reducir el consumo.<\/strong> Esto, porque el 92% de los pl\u00e1sticos hoy no se reciclan y contaminan tu barrio, tu casa, el mar donde te ba\u00f1as. Es necesario hacer mucho m\u00e1s. Por eso celebramos que Providencia haya atendido nuestro llamado ciudadano dando este primer paso que busca acabar con este tipo de contaminaci\u00f3n\u201d, asegur\u00f3 la vocera de Greenpeace.<\/p>\n<div id=\"attachment_1283\" style=\"width: 1034px\" class=\"wp-caption alignnone\"><img loading=\"lazy\" decoding=\"async\" aria-describedby=\"caption-attachment-1283\" class=\"size-large wp-image-1283\" src=\"https:\/\/www.greenpeace.org\/static\/planet4-chile-stateless\/2019\/04\/3a6b8117-gpc_providencia_04-1024x683.jpg\" alt=\"\" width=\"1024\" height=\"683\" srcset=\"https:\/\/www.greenpeace.org\/static\/planet4-chile-stateless\/2019\/04\/3a6b8117-gpc_providencia_04-1024x683.jpg 1024w, https:\/\/www.greenpeace.org\/static\/planet4-chile-stateless\/2019\/04\/3a6b8117-gpc_providencia_04-300x200.jpg 300w, https:\/\/www.greenpeace.org\/static\/planet4-chile-stateless\/2019\/04\/3a6b8117-gpc_providencia_04-768x513.jpg 768w, https:\/\/www.greenpeace.org\/static\/planet4-chile-stateless\/2019\/04\/3a6b8117-gpc_providencia_04-2048x1366.jpg 2048w, https:\/\/www.greenpeace.org\/static\/planet4-chile-stateless\/2019\/04\/3a6b8117-gpc_providencia_04-510x340.jpg 510w\" sizes=\"auto, (max-width: 1024px) 100vw, 1024px\" \/><p id=\"caption-attachment-1283\" class=\"wp-caption-text\">Greenpeace ofrece caf\u00e9 de cortes\u00eda a quienes se presentan con una taza para promover el cambio de h\u00e1bito.\u00a0<\/p><\/div>\n<p>Y agrega: \u201cQuiz\u00e1s, para muchos, que el resto de especies del planeta se alimentan de nuestra basura no sea importante. Para nosotros, vivir sin pl\u00e1sticos es posible y es necesario. Solo pisando el freno al consumo de pl\u00e1sticos podemos evitar llegar a un camino sin retorno producto de la contaminacion por plasticos en el planeta. El planeta est\u00e1 repleto, y los mares y oc\u00e9anos se llevan la peor parte.<\/p>\n<p>A nivel global, el Foro Econ\u00f3mico Mundial estima que <strong>hay cerca de 150 millones de toneladas de pl\u00e1stico en los mares del mundo.<\/strong> Un estudio publicado en Science en 2015 sugiri\u00f3 que entre cinco y 13 millones de toneladas m\u00e1s se vierten al mar cada a\u00f1o.<\/p>\n<p><img loading=\"lazy\" decoding=\"async\" class=\"size-large wp-image-1284\" src=\"https:\/\/www.greenpeace.org\/static\/planet4-chile-stateless\/2019\/04\/cbd74681-gpc_providencia_05-1024x683.jpg\" alt=\"\" width=\"1024\" height=\"683\" srcset=\"https:\/\/www.greenpeace.org\/static\/planet4-chile-stateless\/2019\/04\/cbd74681-gpc_providencia_05-1024x683.jpg 1024w, https:\/\/www.greenpeace.org\/static\/planet4-chile-stateless\/2019\/04\/cbd74681-gpc_providencia_05-300x200.jpg 300w, https:\/\/www.greenpeace.org\/static\/planet4-chile-stateless\/2019\/04\/cbd74681-gpc_providencia_05-768x512.jpg 768w, https:\/\/www.greenpeace.org\/static\/planet4-chile-stateless\/2019\/04\/cbd74681-gpc_providencia_05-2048x1366.jpg 2048w, https:\/\/www.greenpeace.org\/static\/planet4-chile-stateless\/2019\/04\/cbd74681-gpc_providencia_05-510x340.jpg 510w\" sizes=\"auto, (max-width: 1024px) 100vw, 1024px\" \/><\/p>\n<p>Las investigaciones muestran que para 2050 habr\u00e1 m\u00e1s pl\u00e1stico que peces en los oc\u00e9anos del mundo, lo que ha impulsado a los responsables de pol\u00edticas p\u00fablicas, a los individuos y a las empresas a actuar.<\/p>\n<p>La campa\u00f1a de Greenpeace para eliminar los pl\u00e1sticos de un solo uso en Chile y el mundo surge despu\u00e9s que \u201cdescubrimos que cada a\u00f1o a\u00f1o llegan entre ocho y 12 millones de toneladas al mar. <strong>Esto es como si se descargara un cami\u00f3n lleno de pl\u00e1stico cada minuto del d\u00eda.<\/strong> As\u00ed nos dimos cuenta que los pl\u00e1sticos representan m\u00e1s del 80% de los desechos marinos, lo que tiene efectos desastrosos en la vida silvestre y los h\u00e1bitats y que es algo que debemos detener en todo los lugares del planeta\u201d.<\/p>\n<p><strong>\u00bfY en tu barrio? Pide a tu municipio que siga el ejemplo de Providencia y elimine los pl\u00e1sticos de un solo uso. <a href=\"http:\/\/pages.greenpeace.cl\/plasticoscl\">Haz click aqu\u00ed<\/a><\/strong><\/p>\n\t\t\t<section\n\t\t\tclass=\"boxout post-557 \"\n\t\t\t\n\t\t>\n\t\t\t<a\n\t\t\t\tdata-ga-category=\"Take Action Boxout\"\n\t\t\t\tdata-ga-action=\"Image\"\n\t\t\t\tdata-ga-label=\"n\/a\"\n\t\t\t\tclass=\"cover-card-overlay\"\n\t\t\t\thref=\"https:\/\/www.greenpeace.org\/chile\/involucrate\/sumate-a-chilesinplasticos\/\" \n\t\t\t><\/a>\n\t\t\t\t\t\t\t<img\n\t\t\t\t\t\tsrc=\"https:\/\/www.greenpeace.org\/static\/planet4-chile-stateless\/2018\/10\/88d02357-d8d69f40-gp0stsbcz_pressmedia-1024x683.jpg\"\n\t\t\t\t\t\tsrcset=\"https:\/\/www.greenpeace.org\/static\/planet4-chile-stateless\/2018\/10\/88d02357-d8d69f40-gp0stsbcz_pressmedia-300x200.jpg 300w, https:\/\/www.greenpeace.org\/static\/planet4-chile-stateless\/2018\/10\/88d02357-d8d69f40-gp0stsbcz_pressmedia-768x512.jpg 768w, https:\/\/www.greenpeace.org\/static\/planet4-chile-stateless\/2018\/10\/88d02357-d8d69f40-gp0stsbcz_pressmedia-1024x683.jpg 1024w, https:\/\/www.greenpeace.org\/static\/planet4-chile-stateless\/2018\/10\/88d02357-d8d69f40-gp0stsbcz_pressmedia-2048x1366.jpg 2048w, https:\/\/www.greenpeace.org\/static\/planet4-chile-stateless\/2018\/10\/88d02357-d8d69f40-gp0stsbcz_pressmedia-510x340.jpg 510w\"\n\t\t\t\t\t\tsizes=\"(min-width: 1000px) 358px, (min-width: 780px) 313px, 88px\"\n\t\t\t\t\t\talt=\"\" title=\"\"\n\t\t\t\t\/>\n            \t\t\t<div class=\"boxout-content\">\n\t\t\t\t\t\t\t\t\t<a\n\t\t\t\t\t\tclass=\"boxout-heading medium\"\n\t\t\t\t\t\tdata-ga-category=\"Take Action Boxout\"\n\t\t\t\t\t\tdata-ga-action=\"Title\"\n\t\t\t\t\t\tdata-ga-label=\"n\/a\"\n\t\t\t\t\t\thref=\"https:\/\/www.greenpeace.org\/chile\/involucrate\/sumate-a-chilesinplasticos\/\"\n\t\t\t\t\t\t\n\t\t\t\t\t>\n\t\t\t\t\t\tS\u00famate a Chile Sin Pl\u00e1sticos\n\t\t\t\t\t<\/a>\n\t\t\t\t\t\t\t\t                                    <a\n                        class=\"btn btn-primary\"\n                        data-ga-category=\"Take Action Boxout\"\n                        data-ga-action=\"Call to Action\"\n                        data-ga-label=\"n\/a\"\n                        href=\"https:\/\/www.greenpeace.org\/chile\/involucrate\/sumate-a-chilesinplasticos\/\"\n                        \n                    >\n                        Invol\u00facrate\n                    <\/a>\n                \t\t\t<\/div>\n\t\t\t\t\t<\/section>\n\t","protected":false},"excerpt":{"rendered":"<p>Esta victoria de prohibir dr\u00e1sticamente los pl\u00e1sticos en un municipio es el comienzo de una tendencia nacional. Ante esto, la vocera del movimiento Chile Sin Pl\u00e1sticos de Greenpeace enfatiz\u00f3 que:&hellip;<\/p>\n","protected":false},"author":19,"featured_media":1274,"comment_status":"closed","ping_status":"open","sticky":false,"template":"","format":"standard","meta":{"ep_exclude_from_search":false,"p4_og_title":"","p4_og_description":"","p4_og_image":"","p4_og_image_id":"","p4_seo_canonical_url":"","p4_campaign_name":"","p4_local_project":"","p4_basket_name":"","p4_department":"","footnotes":""},"categories":[4],"tags":[29],"p4-page-type":[16],"class_list":["post-1273","post","type-post","status-publish","format-standard","has-post-thumbnail","hentry","category-contaminacion","tag-plasticos","p4-page-type-noticia"],"_links":{"self":[{"href":"https:\/\/www.greenpeace.org\/chile\/wp-json\/wp\/v2\/posts\/1273","targetHints":{"allow":["GET"]}}],"collection":[{"href":"https:\/\/www.greenpeace.org\/chile\/wp-json\/wp\/v2\/posts"}],"about":[{"href":"https:\/\/www.greenpeace.org\/chile\/wp-json\/wp\/v2\/types\/post"}],"author":[{"embeddable":true,"href":"https:\/\/www.greenpeace.org\/chile\/wp-json\/wp\/v2\/users\/19"}],"replies":[{"embeddable":true,"href":"https:\/\/www.greenpeace.org\/chile\/wp-json\/wp\/v2\/comments?post=1273"}],"version-history":[{"count":5,"href":"https:\/\/www.greenpeace.org\/chile\/wp-json\/wp\/v2\/posts\/1273\/revisions"}],"predecessor-version":[{"id":7329,"href":"https:\/\/www.greenpeace.org\/chile\/wp-json\/wp\/v2\/posts\/1273\/revisions\/7329"}],"wp:featuredmedia":[{"embeddable":true,"href":"https:\/\/www.greenpeace.org\/chile\/wp-json\/wp\/v2\/media\/1274"}],"wp:attachment":[{"href":"https:\/\/www.greenpeace.org\/chile\/wp-json\/wp\/v2\/media?parent=1273"}],"wp:term":[{"taxonomy":"category","embeddable":true,"href":"https:\/\/www.greenpeace.org\/chile\/wp-json\/wp\/v2\/categories?post=1273"},{"taxonomy":"post_tag","embeddable":true,"href":"https:\/\/www.greenpeace.org\/chile\/wp-json\/wp\/v2\/tags?post=1273"},{"taxonomy":"p4-page-type","embeddable":true,"href":"https:\/\/www.greenpeace.org\/chile\/wp-json\/wp\/v2\/p4-page-type?post=1273"}],"curies":[{"name":"wp","href":"https:\/\/api.w.org\/{rel}","templated":true}]}}