{"id":12732,"date":"2024-07-25T19:41:12","date_gmt":"2024-07-25T19:41:12","guid":{"rendered":"https:\/\/www.greenpeace.org\/chile\/?p=12732"},"modified":"2025-07-07T14:52:09","modified_gmt":"2025-07-07T14:52:09","slug":"estudio-revela-que-2-000-ninos-mueren-cada-dia-en-el-mundo-por-mala-calidad-del-aire","status":"publish","type":"post","link":"https:\/\/www.greenpeace.org\/chile\/noticia\/issues\/contaminacion\/estudio-revela-que-2-000-ninos-mueren-cada-dia-en-el-mundo-por-mala-calidad-del-aire\/","title":{"rendered":"Estudio revela que 2.000 ni\u00f1os mueren cada d\u00eda en el mundo por mala calidad del aire"},"content":{"rendered":"\n<figure class=\"wp-block-image size-large\"><img loading=\"lazy\" decoding=\"async\" width=\"1024\" height=\"683\" src=\"https:\/\/www.greenpeace.org\/static\/planet4-chile-stateless\/2024\/06\/f690118f-gpco-calidad-de-aire-bogota-1-1536x1024-1-1024x683.jpg\" alt=\"\" class=\"wp-image-12578\" srcset=\"https:\/\/www.greenpeace.org\/static\/planet4-chile-stateless\/2024\/06\/f690118f-gpco-calidad-de-aire-bogota-1-1536x1024-1-1024x683.jpg 1024w, https:\/\/www.greenpeace.org\/static\/planet4-chile-stateless\/2024\/06\/f690118f-gpco-calidad-de-aire-bogota-1-1536x1024-1-300x200.jpg 300w, https:\/\/www.greenpeace.org\/static\/planet4-chile-stateless\/2024\/06\/f690118f-gpco-calidad-de-aire-bogota-1-1536x1024-1-768x512.jpg 768w, https:\/\/www.greenpeace.org\/static\/planet4-chile-stateless\/2024\/06\/f690118f-gpco-calidad-de-aire-bogota-1-1536x1024-1-510x340.jpg 510w, https:\/\/www.greenpeace.org\/static\/planet4-chile-stateless\/2024\/06\/f690118f-gpco-calidad-de-aire-bogota-1-1536x1024-1.jpg 1536w\" sizes=\"auto, (max-width: 1024px) 100vw, 1024px\" \/><figcaption class=\"wp-element-caption\">\u00a9 Nathalia Angarita \/ Greenpeace<\/figcaption><\/figure>\n\n<h4 class=\"wp-block-heading\">La cifra es del Reporte sobre el Estado Global del Aire 2024, publicado por Health Effects Institute que, adem\u00e1s, revel\u00f3 que m\u00e1s de 8 millones de personas mueren cada a\u00f1o por enfermedades asociadas a la poluci\u00f3n ambiental. Situaci\u00f3n que causa preocupaci\u00f3n en Chile, considerando que esta semana, en la Regi\u00f3n Metropolitana, se decret\u00f3 la 21\u00aa alerta ambiental y el domingo pasado se declar\u00f3 la sexta preemergencia en lo que va del a\u00f1o.<\/h4>\n\n<p><strong>18 de julio, 2024. <\/strong>Las<strong> condiciones de ventilaci\u00f3n en la cuenca de Santiago est\u00e1n afectando gravemente la calidad del aire<\/strong>, poniendo en alerta a las autoridades y a sus habitantes. En efecto, el pasado martes 16,<strong> la Delegaci\u00f3n Presidencial de la Regi\u00f3n Metropolitana<\/strong> (por recomendaci\u00f3n de la Seremi de Medio Ambiente de la regi\u00f3n) <strong>decret\u00f3 la tercera \u2018alerta ambiental\u2019 consecutiva para la ciudad de Santiago,<\/strong> producto de la alta concentraci\u00f3n de contaminantes en la zona, acto que ven\u00eda precedido por la sexta declaraci\u00f3n de \u2018preemergencia ambiental\u2019, decretada el domingo anterior.<\/p>\n\n<p>\u201cEste es un escenario preocupante. De hecho, <strong>en 2023 -en la Regi\u00f3n Metropolitana- se registraron 17 episodios cr\u00edticos: dos preemergencias y 15 alertas ambientales; mientras que en lo que va de este a\u00f1o se han decretado ya 21 alertas ambientales y seis preemergencias<\/strong>, y el invierno reci\u00e9n comenz\u00f3 hace unas semanas\u201d, expresa Silvana Espinosa, vocera de Greenpeace Chile.<\/p>\n\n<p>Espinosa reflexiona sobre los posibles efectos de estos niveles de contaminaci\u00f3n entre sus habitantes: \u201c<strong>Cada vez m\u00e1s estudios revelan lo perjudicial que es la poluci\u00f3n atmosf\u00e9rica en la salud de las personas y la enorme cantidad de enfermedades y patolog\u00edas que se desprenden de ello<\/strong>, siendo responsables de millones de muertes cada a\u00f1o\u201d.<\/p>\n\n<figure class=\"wp-block-image size-large\"><img loading=\"lazy\" decoding=\"async\" width=\"1024\" height=\"683\" src=\"https:\/\/www.greenpeace.org\/static\/planet4-chile-stateless\/2024\/07\/c3011ad8-gpco-calidad-de-aire-bogota-4-1024x683.jpg\" alt=\"\" class=\"wp-image-12733\" srcset=\"https:\/\/www.greenpeace.org\/static\/planet4-chile-stateless\/2024\/07\/c3011ad8-gpco-calidad-de-aire-bogota-4-1024x683.jpg 1024w, https:\/\/www.greenpeace.org\/static\/planet4-chile-stateless\/2024\/07\/c3011ad8-gpco-calidad-de-aire-bogota-4-300x200.jpg 300w, https:\/\/www.greenpeace.org\/static\/planet4-chile-stateless\/2024\/07\/c3011ad8-gpco-calidad-de-aire-bogota-4-768x512.jpg 768w, https:\/\/www.greenpeace.org\/static\/planet4-chile-stateless\/2024\/07\/c3011ad8-gpco-calidad-de-aire-bogota-4-1536x1024.jpg 1536w, https:\/\/www.greenpeace.org\/static\/planet4-chile-stateless\/2024\/07\/c3011ad8-gpco-calidad-de-aire-bogota-4-2048x1366.jpg 2048w, https:\/\/www.greenpeace.org\/static\/planet4-chile-stateless\/2024\/07\/c3011ad8-gpco-calidad-de-aire-bogota-4-510x340.jpg 510w\" sizes=\"auto, (max-width: 1024px) 100vw, 1024px\" \/><figcaption class=\"wp-element-caption\">\u00a9 Nathalia Angarita Greenpeace<\/figcaption><\/figure>\n\n<p>En t\u00e9rminos concretos, seg\u00fan el <a href=\"https:\/\/www.stateofglobalair.org\/resources\/report\/state-global-air-report-2024\">State of Global Air report 2024<\/a> (Reporte sobre el Estado Global del Aire en espa\u00f1ol), publicado recientemente por el Health Effects Institute con datos recabados en 2021,<strong> la contaminaci\u00f3n del aire caus\u00f3 8,1 millones de defunciones en el mundo en ese a\u00f1o, convirti\u00e9ndose en el segundo factor de riesgo de muerte. <\/strong>El reporte da cuenta tambi\u00e9n que, de este total, las enfermedades no transmisibles -incluidas las card\u00edacas, accidentes cerebrovasculares, diabetes, c\u00e1ncer de pulm\u00f3n y la enfermedad pulmonar obstructiva cr\u00f3nica (EPOC)- representan casi el 90% de la carga de morbilidad causada por este fen\u00f3meno.<\/p>\n\n<p>Y no s\u00f3lo eso, el estudio muestra que m\u00e1s de 700.000 muertes de ni\u00f1os menores de 5 a\u00f1os en 2021 estuvieron relacionadas con la contaminaci\u00f3n del aire, lo que representa <strong>el 15% de todas las muertes mundiales en ni\u00f1os menores de cinco a\u00f1os.<\/strong> Esto implica la muerte de 2.000 ni\u00f1os cada d\u00eda por este problema.\u00a0<\/p>\n\n<figure class=\"wp-block-image aligncenter size-large\"><img loading=\"lazy\" decoding=\"async\" width=\"576\" height=\"1024\" src=\"https:\/\/www.greenpeace.org\/static\/planet4-chile-stateless\/2024\/07\/66504ad9-img_20220403_123110-576x1024.jpg\" alt=\"\" class=\"wp-image-12735\" srcset=\"https:\/\/www.greenpeace.org\/static\/planet4-chile-stateless\/2024\/07\/66504ad9-img_20220403_123110-576x1024.jpg 576w, https:\/\/www.greenpeace.org\/static\/planet4-chile-stateless\/2024\/07\/66504ad9-img_20220403_123110-169x300.jpg 169w, https:\/\/www.greenpeace.org\/static\/planet4-chile-stateless\/2024\/07\/66504ad9-img_20220403_123110-768x1366.jpg 768w, https:\/\/www.greenpeace.org\/static\/planet4-chile-stateless\/2024\/07\/66504ad9-img_20220403_123110-864x1536.jpg 864w, https:\/\/www.greenpeace.org\/static\/planet4-chile-stateless\/2024\/07\/66504ad9-img_20220403_123110-1152x2048.jpg 1152w, https:\/\/www.greenpeace.org\/static\/planet4-chile-stateless\/2024\/07\/66504ad9-img_20220403_123110-191x340.jpg 191w, https:\/\/www.greenpeace.org\/static\/planet4-chile-stateless\/2024\/07\/66504ad9-img_20220403_123110.jpg 1406w\" sizes=\"auto, (max-width: 576px) 100vw, 576px\" \/><\/figure>\n\n<p>En este escenario,<strong> Santiago presenta un desaf\u00edo importante, producto de su geograf\u00eda caracterizada por un valle rodeado por cordones monta\u00f1osos, lo que propicia que en la zona urbana se acumule la contaminaci\u00f3n atmosf\u00e9rica,<\/strong> caracterizada por altos niveles de MP10 y 2.5, considerados los m\u00e1s peligrosos para la salud. \u201cLa temporada de oto\u00f1o invierno acarrea problemas de ventilaci\u00f3n que se presentan por la inversi\u00f3n t\u00e9rmica: a menor temperatura, las masas de aire se enfr\u00edan y sobre todo, se comprimen en los valles. Esto dificulta su recambio y propicia la concentraci\u00f3n de material particulado en las partes bajas de la ciudad\u201d, explica Espinosa.<\/p>\n\n<p>La doctora Carolina Herrera, especialista en salud broncopulmonar, aclara que entre las principales causas de muerte por contaminaci\u00f3n ambiental, est\u00e1n las enfermedades respiratorias y cardiovasculares: \u201cModelos de riesgo ajustados para individuos, hogares y factores geogr\u00e1ficos, sugieren que aumentos de 10 microgramos por metro c\u00fabico de Material Particulado 2.5 (MP 2.5)<strong> se asocian con un mayor riesgo de padecer condiciones de salud que afecten al coraz\u00f3n y los vasos sangu\u00edneos<\/strong>, accidentes cerebrovasculares y mortalidad por enfermedad cardiovascular\u201d, afirma.<\/p>\n\n<p>Este exceso de riesgo, a\u00f1ade la doctora Herrera, es relevante en Chile dada la alta cantidad de personas expuestas a la contaminaci\u00f3n del aire. \u201cLa contaminaci\u00f3n por MP10 y MP2.5 determina un aumento en la frecuencia de infecciones virales infantiles, tales como influenza, virus respiratorio sincicial y resfr\u00edos en general; y en los escolares incrementa la tasa de hospitalizaci\u00f3n por influenza. <strong>Estudios, adem\u00e1s, han descrito disminuci\u00f3n de la funci\u00f3n pulmonar, tanto en volumen como en flujos pulmonares, en ni\u00f1os expuestos a la mala calidad del aire<\/strong>\u201d, aclara. La mayor sensibilizaci\u00f3n a aeroal\u00e9rgenos tambi\u00e9n son elementos de contaminaci\u00f3n ambiental y se estima que, globalmente, el 13% de los nuevos asm\u00e1ticos puede ser atribuido a la exposici\u00f3n por di\u00f3xido de nitr\u00f3geno y sus derivados, \u201ccifra que en Chile alcanzar\u00eda casi al 30% de los casos, en base a antecedentes de monitoreo de la calidad del aire en la ciudad de Santiago\u201d, dice la especialista.\u00a0<\/p>\n\n<p>\u201c<strong>La primera vez que Santiago fue declarada como zona saturada por MP fue en 1996<\/strong>, por lo que esta problem\u00e1tica nos acompa\u00f1a desde hace 27 a\u00f1os y <strong>las principales fuentes de esta contaminaci\u00f3n vienen de la quema de le\u00f1a y del sector de transporte, adem\u00e1s del aporte que realizan las industrias que operan en la zona urbana y colindante<\/strong>\u201d, destaca la vocera de la organizaci\u00f3n ambientalista.\u00a0<\/p>\n\n<p>Es por esto que, a juicio de Espinosa, urge que se tomen medidas de largo plazo, \u201ccomo el fortalecimiento del transporte p\u00fablico y promoci\u00f3n de su uso, por sobre los\u00a0 veh\u00edculos particulares; por otro lado, tampoco deber\u00edan entregarse nuevos permisos a industrias que seguir\u00e1n contribuyendo a la emanaci\u00f3n de contaminantes t\u00f3xicos para la salud de los habitantes de la regi\u00f3n, como ocurri\u00f3, por ejemplo, con la aprobaci\u00f3n de la expansi\u00f3n del proyecto minero de Los Bronces, en la comuna de Lo Barnechea. <strong>Cada a\u00f1o, millones de personas mueren producto de la contaminaci\u00f3n del aire<\/strong>; para que esto no sea cada vez m\u00e1s grave debemos hacer algo al respecto hoy\u201d, concluye Espinosa.\u00a0<\/p>\n\n<p><strong>En este video puedes encontrar m\u00e1s informaci\u00f3n sobre este proyecto y su impacto en el aire: <a href=\"https:\/\/www.youtube.com\/watch?v=iBZMKsRv0h8&amp;ab_channel=GreenpeaceChile\">\u201cPor Aqu\u00ed NO Los Bronces Integrado: Cap\u00edtulo Aire\u201d.<\/a><\/strong><\/p>\n\n<figure class=\"wp-block-embed is-type-video is-provider-youtube wp-block-embed-youtube wp-embed-aspect-16-9 wp-has-aspect-ratio\"><div class=\"wp-block-embed__wrapper\">\n<iframe loading=\"lazy\" title=\"#ESTRENO ? Por Aqu\u00ed No: Los Bronces Integrado ? Cap\u00edtulo 04: AIRE\" width=\"500\" height=\"281\" src=\"https:\/\/www.youtube.com\/embed\/iBZMKsRv0h8?feature=oembed\" frameborder=\"0\" allow=\"accelerometer; autoplay; clipboard-write; encrypted-media; gyroscope; picture-in-picture; web-share\" referrerpolicy=\"strict-origin-when-cross-origin\" allowfullscreen><\/iframe>\n<\/div><\/figure>\n\t\t\t<section\n\t\t\tclass=\"boxout post-11943 \"\n\t\t\t\n\t\t>\n\t\t\t<a\n\t\t\t\tdata-ga-category=\"Take Action Boxout\"\n\t\t\t\tdata-ga-action=\"Image\"\n\t\t\t\tdata-ga-label=\"n\/a\"\n\t\t\t\tclass=\"cover-card-overlay\"\n\t\t\t\thref=\"https:\/\/www.greenpeace.org\/chile\/involucrate\/bronces-integrado\/\" \n\t\t\t><\/a>\n\t\t\t\t\t\t\t<img\n\t\t\t\t\t\tsrc=\"https:\/\/www.greenpeace.org\/static\/planet4-chile-stateless\/2024\/04\/022f47d8-gpch-los-bronces-integrados-credito-nicole-kramm-caifal-greenpeace-15-1024x683.jpg\"\n\t\t\t\t\t\tsrcset=\"https:\/\/www.greenpeace.org\/static\/planet4-chile-stateless\/2024\/04\/022f47d8-gpch-los-bronces-integrados-credito-nicole-kramm-caifal-greenpeace-15-300x200.jpg 300w, https:\/\/www.greenpeace.org\/static\/planet4-chile-stateless\/2024\/04\/022f47d8-gpch-los-bronces-integrados-credito-nicole-kramm-caifal-greenpeace-15-1024x683.jpg 1024w, https:\/\/www.greenpeace.org\/static\/planet4-chile-stateless\/2024\/04\/022f47d8-gpch-los-bronces-integrados-credito-nicole-kramm-caifal-greenpeace-15-768x513.jpg 768w, https:\/\/www.greenpeace.org\/static\/planet4-chile-stateless\/2024\/04\/022f47d8-gpch-los-bronces-integrados-credito-nicole-kramm-caifal-greenpeace-15-1536x1025.jpg 1536w, https:\/\/www.greenpeace.org\/static\/planet4-chile-stateless\/2024\/04\/022f47d8-gpch-los-bronces-integrados-credito-nicole-kramm-caifal-greenpeace-15-2048x1366.jpg 2048w, https:\/\/www.greenpeace.org\/static\/planet4-chile-stateless\/2024\/04\/022f47d8-gpch-los-bronces-integrados-credito-nicole-kramm-caifal-greenpeace-15-510x340.jpg 510w\"\n\t\t\t\t\t\tsizes=\"(min-width: 1000px) 358px, (min-width: 780px) 313px, 88px\"\n\t\t\t\t\t\talt=\"\" title=\"\"\n\t\t\t\t\/>\n            \t\t\t<div class=\"boxout-content\">\n\t\t\t\t\t\t\t\t\t<a\n\t\t\t\t\t\tclass=\"boxout-heading medium\"\n\t\t\t\t\t\tdata-ga-category=\"Take Action Boxout\"\n\t\t\t\t\t\tdata-ga-action=\"Title\"\n\t\t\t\t\t\tdata-ga-label=\"n\/a\"\n\t\t\t\t\t\thref=\"https:\/\/www.greenpeace.org\/chile\/involucrate\/bronces-integrado\/\"\n\t\t\t\t\t\t\n\t\t\t\t\t>\n\t\t\t\t\t\tLos Bronces\n\t\t\t\t\t<\/a>\n\t\t\t\t\t\t\t\t\t\t\t\t\t<p class=\"boxout-excerpt\">El proyecto minero Los Bronces Integrado pone en riesgo las reservas de agua de toda la Regi\u00f3n. Dile \u00a1No!<\/p>\n\t\t\t\t                                    <a\n                        class=\"btn btn-primary\"\n                        data-ga-category=\"Take Action Boxout\"\n                        data-ga-action=\"Call to Action\"\n                        data-ga-label=\"n\/a\"\n                        href=\"https:\/\/www.greenpeace.org\/chile\/involucrate\/bronces-integrado\/\"\n                        \n                    >\n                        Invol\u00facrate\n                    <\/a>\n                \t\t\t<\/div>\n\t\t\t\t\t<\/section>\n\t","protected":false},"excerpt":{"rendered":"<p>La cifra es del Reporte sobre el Estado Global del Aire 2024, publicado por Health Effects Institute que, adem\u00e1s, revel\u00f3 que m\u00e1s de 8 millones de personas mueren cada a\u00f1o por enfermedades asociadas a la poluci\u00f3n ambiental.<\/p>\n","protected":false},"author":24,"featured_media":12733,"comment_status":"closed","ping_status":"open","sticky":false,"template":"","format":"standard","meta":{"ep_exclude_from_search":false,"p4_og_title":"Estudio revela que 2.000 ni\u00f1os mueren cada d\u00eda en el mundo por mala calidad del aire","p4_og_description":"La cifra es del Reporte sobre el Estado Global del Aire 2024, publicado por Health Effects Institute que, adem\u00e1s, revel\u00f3 que m\u00e1s de 8 millones de personas mueren cada a\u00f1o por enfermedades asociadas a la poluci\u00f3n ambiental.","p4_og_image":"https:\/\/www.greenpeace.org\/static\/planet4-chile-stateless\/2024\/07\/c3011ad8-gpco-calidad-de-aire-bogota-4.jpg","p4_og_image_id":"12733","p4_seo_canonical_url":"","p4_campaign_name":"","p4_local_project":"","p4_basket_name":"","p4_department":"","footnotes":""},"categories":[4],"tags":[57],"p4-page-type":[16],"class_list":["post-12732","post","type-post","status-publish","format-standard","has-post-thumbnail","hentry","category-contaminacion","tag-bajemoslosbronces","p4-page-type-noticia"],"_links":{"self":[{"href":"https:\/\/www.greenpeace.org\/chile\/wp-json\/wp\/v2\/posts\/12732","targetHints":{"allow":["GET"]}}],"collection":[{"href":"https:\/\/www.greenpeace.org\/chile\/wp-json\/wp\/v2\/posts"}],"about":[{"href":"https:\/\/www.greenpeace.org\/chile\/wp-json\/wp\/v2\/types\/post"}],"author":[{"embeddable":true,"href":"https:\/\/www.greenpeace.org\/chile\/wp-json\/wp\/v2\/users\/24"}],"replies":[{"embeddable":true,"href":"https:\/\/www.greenpeace.org\/chile\/wp-json\/wp\/v2\/comments?post=12732"}],"version-history":[{"count":6,"href":"https:\/\/www.greenpeace.org\/chile\/wp-json\/wp\/v2\/posts\/12732\/revisions"}],"predecessor-version":[{"id":14790,"href":"https:\/\/www.greenpeace.org\/chile\/wp-json\/wp\/v2\/posts\/12732\/revisions\/14790"}],"wp:featuredmedia":[{"embeddable":true,"href":"https:\/\/www.greenpeace.org\/chile\/wp-json\/wp\/v2\/media\/12733"}],"wp:attachment":[{"href":"https:\/\/www.greenpeace.org\/chile\/wp-json\/wp\/v2\/media?parent=12732"}],"wp:term":[{"taxonomy":"category","embeddable":true,"href":"https:\/\/www.greenpeace.org\/chile\/wp-json\/wp\/v2\/categories?post=12732"},{"taxonomy":"post_tag","embeddable":true,"href":"https:\/\/www.greenpeace.org\/chile\/wp-json\/wp\/v2\/tags?post=12732"},{"taxonomy":"p4-page-type","embeddable":true,"href":"https:\/\/www.greenpeace.org\/chile\/wp-json\/wp\/v2\/p4-page-type?post=12732"}],"curies":[{"name":"wp","href":"https:\/\/api.w.org\/{rel}","templated":true}]}}