{"id":12741,"date":"2024-07-26T18:00:06","date_gmt":"2024-07-26T18:00:06","guid":{"rendered":"https:\/\/www.greenpeace.org\/chile\/?p=12741"},"modified":"2024-07-26T18:03:26","modified_gmt":"2024-07-26T18:03:26","slug":"declaracion-publica","status":"publish","type":"post","link":"https:\/\/www.greenpeace.org\/chile\/noticia\/issues\/climayenergia\/declaracion-publica\/","title":{"rendered":"Declaraci\u00f3n P\u00fablica"},"content":{"rendered":"\n<p><strong>Viernes, 26 de julio de 2024<\/strong> &#8211; Comunicamos que<strong> el Festival Cultural Subamos La Voz, programado para el pr\u00f3ximo 25 de agosto en Movistar Arena, ha sido suspendido <\/strong>debido a imprevistos que imposibilitan su desarrollo.<\/p>\n\n<p>Lamentamos los inconvenientes que esto pueda causar e informamos que aquellas personas que ya hab\u00edan reservado su lugar en este festival cultural, deben ingresar a <a href=\"https:\/\/act.gp\/subamoslavoz\">https:\/\/act.gp\/subamoslavoz<\/a> para solicitar la devoluci\u00f3n total de su donaci\u00f3n.<\/p>\n\n<p>Expresamos nuestro profundo agradecimiento a los artistas y proveedores que quisieron acompa\u00f1arnos en la realizaci\u00f3n de este encuentro cultural y, del mismo modo, destacamos la gran adhesi\u00f3n que la campa\u00f1a <strong>Subamos la Voz, Bajemos Los Bronces<\/strong> ha tenido en los \u00faltimos meses, donde, a la fecha, m\u00e1s de 87.000 personas han firmado nuestra petici\u00f3n exigiendo que se detenga la expansi\u00f3n minera en la Regi\u00f3n Metropolitana. Les aseguramos que nuestros esfuerzos continuar\u00e1n puestos en ello y en la protecci\u00f3n de glaciares, cursos de agua y las especies que habitan la zona.<\/p>\n","protected":false},"excerpt":{"rendered":"<p>Comunicamos que el Festival Cultural Subamos La Voz, programado para el pr\u00f3ximo 25 de agosto en Movistar Arena, ha sido suspendido debido a&hellip;<\/p>\n","protected":false},"author":24,"featured_media":12744,"comment_status":"closed","ping_status":"open","sticky":false,"template":"","format":"standard","meta":{"ep_exclude_from_search":false,"p4_og_title":"","p4_og_description":"","p4_og_image":"","p4_og_image_id":"","p4_seo_canonical_url":"","p4_campaign_name":"","p4_local_project":"","p4_basket_name":"","p4_department":"","footnotes":""},"categories":[3,33],"tags":[57],"p4-page-type":[16],"class_list":["post-12741","post","type-post","status-publish","format-standard","has-post-thumbnail","hentry","category-climayenergia","category-greenpeace","tag-bajemoslosbronces","p4-page-type-noticia"],"_links":{"self":[{"href":"https:\/\/www.greenpeace.org\/chile\/wp-json\/wp\/v2\/posts\/12741","targetHints":{"allow":["GET"]}}],"collection":[{"href":"https:\/\/www.greenpeace.org\/chile\/wp-json\/wp\/v2\/posts"}],"about":[{"href":"https:\/\/www.greenpeace.org\/chile\/wp-json\/wp\/v2\/types\/post"}],"author":[{"embeddable":true,"href":"https:\/\/www.greenpeace.org\/chile\/wp-json\/wp\/v2\/users\/24"}],"replies":[{"embeddable":true,"href":"https:\/\/www.greenpeace.org\/chile\/wp-json\/wp\/v2\/comments?post=12741"}],"version-history":[{"count":1,"href":"https:\/\/www.greenpeace.org\/chile\/wp-json\/wp\/v2\/posts\/12741\/revisions"}],"predecessor-version":[{"id":12743,"href":"https:\/\/www.greenpeace.org\/chile\/wp-json\/wp\/v2\/posts\/12741\/revisions\/12743"}],"wp:featuredmedia":[{"embeddable":true,"href":"https:\/\/www.greenpeace.org\/chile\/wp-json\/wp\/v2\/media\/12744"}],"wp:attachment":[{"href":"https:\/\/www.greenpeace.org\/chile\/wp-json\/wp\/v2\/media?parent=12741"}],"wp:term":[{"taxonomy":"category","embeddable":true,"href":"https:\/\/www.greenpeace.org\/chile\/wp-json\/wp\/v2\/categories?post=12741"},{"taxonomy":"post_tag","embeddable":true,"href":"https:\/\/www.greenpeace.org\/chile\/wp-json\/wp\/v2\/tags?post=12741"},{"taxonomy":"p4-page-type","embeddable":true,"href":"https:\/\/www.greenpeace.org\/chile\/wp-json\/wp\/v2\/p4-page-type?post=12741"}],"curies":[{"name":"wp","href":"https:\/\/api.w.org\/{rel}","templated":true}]}}