{"id":12822,"date":"2024-08-12T19:40:28","date_gmt":"2024-08-12T19:40:28","guid":{"rendered":"https:\/\/www.greenpeace.org\/chile\/?p=12822"},"modified":"2025-07-02T07:16:10","modified_gmt":"2025-07-02T07:16:10","slug":"el-nuevo-lobby-feroz-plasticos","status":"publish","type":"post","link":"https:\/\/www.greenpeace.org\/chile\/noticia\/issues\/contaminacion\/el-nuevo-lobby-feroz-plasticos\/","title":{"rendered":"El nuevo lobby feroz: pl\u00e1sticos"},"content":{"rendered":"\n<figure class=\"wp-block-image aligncenter size-large\"><img loading=\"lazy\" decoding=\"async\" width=\"1024\" height=\"683\" src=\"https:\/\/www.greenpeace.org\/static\/planet4-chile-stateless\/2023\/05\/1e290048-gp0str6il_medium_res_with_credit_line-1024x683.jpg\" alt=\"\" class=\"wp-image-9625\" srcset=\"https:\/\/www.greenpeace.org\/static\/planet4-chile-stateless\/2023\/05\/1e290048-gp0str6il_medium_res_with_credit_line-1024x683.jpg 1024w, https:\/\/www.greenpeace.org\/static\/planet4-chile-stateless\/2023\/05\/1e290048-gp0str6il_medium_res_with_credit_line-300x200.jpg 300w, https:\/\/www.greenpeace.org\/static\/planet4-chile-stateless\/2023\/05\/1e290048-gp0str6il_medium_res_with_credit_line-768x512.jpg 768w, https:\/\/www.greenpeace.org\/static\/planet4-chile-stateless\/2023\/05\/1e290048-gp0str6il_medium_res_with_credit_line-510x340.jpg 510w, https:\/\/www.greenpeace.org\/static\/planet4-chile-stateless\/2023\/05\/1e290048-gp0str6il_medium_res_with_credit_line.jpg 1200w\" sizes=\"auto, (max-width: 1024px) 100vw, 1024px\" \/><figcaption class=\"wp-element-caption\">Imagen de la campa\u00f1a # YoSinPl\u00e1sticos de Greenpeace M\u00e9xico<\/figcaption><\/figure>\n\n<p><em><strong>Por<\/strong> <strong>Estefan\u00eda Gonz\u00e1lez, subdirectora de Campa\u00f1as de Greenpeace\u00a0<\/strong><\/em><\/p>\n\n<p>En agosto de 2018, la subsecretaria de Telecomunicaciones del segundo gobierno de Sebasti\u00e1n Pi\u00f1era, Pamela Gidi, acusaba un <strong>\u2018<em>lobby feroz<\/em>\u2019 <\/strong>de la industria debido a las decisiones del Ejecutivo previas al despliegue del 5G. En una entrevista con un medio nacional, la autoridad se\u00f1al\u00f3 que <em>&#8220;cada vez que se ha querido hacer un cambio de pol\u00edticas p\u00fablicas en beneficio de usuarios y la competencia, las empresas han reaccionado con un gran lobby<\/em>&#8220;.<\/p>\n\n<p>Parece el cuento de nunca acabar. Cada vez que se busca legislar sobre una materia que pone a la ciudadan\u00eda y al medio ambiente en primer lugar, <strong>la industria arremete con un lobby implacable para detener o demorar la puesta en marcha de las iniciativas planteadas.\u00a0<\/strong><\/p>\n\n<figure class=\"wp-block-image aligncenter size-full\"><img loading=\"lazy\" decoding=\"async\" width=\"600\" height=\"400\" src=\"https:\/\/www.greenpeace.org\/static\/planet4-chile-stateless\/2023\/07\/e05627c6-gp0stpn3m_low_res_with_credit_line.jpg\" alt=\"\" class=\"wp-image-9905\" srcset=\"https:\/\/www.greenpeace.org\/static\/planet4-chile-stateless\/2023\/07\/e05627c6-gp0stpn3m_low_res_with_credit_line.jpg 600w, https:\/\/www.greenpeace.org\/static\/planet4-chile-stateless\/2023\/07\/e05627c6-gp0stpn3m_low_res_with_credit_line-300x200.jpg 300w, https:\/\/www.greenpeace.org\/static\/planet4-chile-stateless\/2023\/07\/e05627c6-gp0stpn3m_low_res_with_credit_line-510x340.jpg 510w\" sizes=\"auto, (max-width: 600px) 100vw, 600px\" \/><figcaption class=\"wp-element-caption\">Pl\u00e1sticos de un solo uso<\/figcaption><\/figure>\n\n<p>En esta oportunidad, cambian los personajes pero la historia es la misma: <strong>el pr\u00f3ximo 13 de agosto se cumpl\u00eda el plazo estipulado hace tres a\u00f1os, para la entrada en vigencia de la \u00faltima etapa de la Ley 21.368<\/strong> -que regula la entrega de pl\u00e1sticos de un solo uso y botellas pl\u00e1sticas- y que establece la <strong>prohibici\u00f3n a todos los locales de expendio de alimentos de entregar productos desechables dentro de los establecimientos<\/strong>. Sin embargo, todo indica que esta puesta en marcha ser\u00e1 nuevamente aplazada.<\/p>\n\n<p>El lobby de las diferentes empresas responsables de esta contaminaci\u00f3n, especialmente el llevado a cabo por Arcos Dorados, operador de McDonald\u2019s en Am\u00e9rica Latina, y la Asociaci\u00f3n Chilena de Gastronom\u00eda (Achiga), han logrado que el aparataje p\u00fablico les entregue un verdadero perdonazo: el pasado mi\u00e9rcoles 7 de agosto <strong>la C\u00e1mara de Diputados y Diputadas aprob\u00f3 en Sala un proyecto de ley que modifica estos plazos y le entrega al sector 18 meses adicionales para acatar la normativa, <\/strong>sumando un total de 54 meses de plazo: casi 5 a\u00f1os.<\/p>\n\n<figure class=\"wp-block-image aligncenter size-large\"><img loading=\"lazy\" decoding=\"async\" width=\"1024\" height=\"683\" src=\"https:\/\/www.greenpeace.org\/static\/planet4-chile-stateless\/2024\/05\/dfe4cd02-gpch-providencia-regula-plasticos-\u00a9-cristobal-olivares-greenpeace-1024x683.jpg\" alt=\"\" class=\"wp-image-12332\" srcset=\"https:\/\/www.greenpeace.org\/static\/planet4-chile-stateless\/2024\/05\/dfe4cd02-gpch-providencia-regula-plasticos-\u00a9-cristobal-olivares-greenpeace-1024x683.jpg 1024w, https:\/\/www.greenpeace.org\/static\/planet4-chile-stateless\/2024\/05\/dfe4cd02-gpch-providencia-regula-plasticos-\u00a9-cristobal-olivares-greenpeace-300x200.jpg 300w, https:\/\/www.greenpeace.org\/static\/planet4-chile-stateless\/2024\/05\/dfe4cd02-gpch-providencia-regula-plasticos-\u00a9-cristobal-olivares-greenpeace-768x512.jpg 768w, https:\/\/www.greenpeace.org\/static\/planet4-chile-stateless\/2024\/05\/dfe4cd02-gpch-providencia-regula-plasticos-\u00a9-cristobal-olivares-greenpeace-1536x1025.jpg 1536w, https:\/\/www.greenpeace.org\/static\/planet4-chile-stateless\/2024\/05\/dfe4cd02-gpch-providencia-regula-plasticos-\u00a9-cristobal-olivares-greenpeace-2048x1366.jpg 2048w, https:\/\/www.greenpeace.org\/static\/planet4-chile-stateless\/2024\/05\/dfe4cd02-gpch-providencia-regula-plasticos-\u00a9-cristobal-olivares-greenpeace-510x340.jpg 510w\" sizes=\"auto, (max-width: 1024px) 100vw, 1024px\" \/><figcaption class=\"wp-element-caption\">\u00a9Cristobal Olivares \/ Greenpeace<\/figcaption><\/figure>\n\n<p>La excusa de la industria (junto a los senadores que presentaron esta modificaci\u00f3n) fue que sin la publicaci\u00f3n del reglamento les resulta imposible cumplir con esta normativa, pero lo cierto es que este <strong>fundamento es inconsistente y se aleja de la realidad<\/strong>, ya que, seg\u00fan lo estipulado en la ley, la obligaci\u00f3n principal del art\u00edculo 3\u00b0 (prohibici\u00f3n de entrega para consumo dentro del establecimiento) no depende de ning\u00fan reglamento y se puede aplicar desde ya.&nbsp;<\/p>\n\n<figure class=\"wp-block-image size-full\"><img loading=\"lazy\" decoding=\"async\" width=\"800\" height=\"533\" src=\"https:\/\/www.greenpeace.org\/static\/planet4-chile-stateless\/2024\/08\/67232009-gp0su1hns_low-res-with-credit-line-800px.jpg\" alt=\"\" class=\"wp-image-12794\" srcset=\"https:\/\/www.greenpeace.org\/static\/planet4-chile-stateless\/2024\/08\/67232009-gp0su1hns_low-res-with-credit-line-800px.jpg 800w, https:\/\/www.greenpeace.org\/static\/planet4-chile-stateless\/2024\/08\/67232009-gp0su1hns_low-res-with-credit-line-800px-300x200.jpg 300w, https:\/\/www.greenpeace.org\/static\/planet4-chile-stateless\/2024\/08\/67232009-gp0su1hns_low-res-with-credit-line-800px-768x512.jpg 768w, https:\/\/www.greenpeace.org\/static\/planet4-chile-stateless\/2024\/08\/67232009-gp0su1hns_low-res-with-credit-line-800px-510x340.jpg 510w\" sizes=\"auto, (max-width: 800px) 100vw, 800px\" \/><figcaption class=\"wp-element-caption\">Activistas de Greenpeace Colombia en la Plaza de Bolivar en Bogot\u00e1 <\/figcaption><\/figure>\n\n<p>Durante tres a\u00f1os<strong> hemos esperado para que se materialice el cumplimiento efectivo de la ley, siendo testigos de las graves consecuencias medioambientales del uso de pl\u00e1sticos en nuestros entornos<\/strong>, y hoy, tristemente, vemos que dos grandes poderes del Estado (el Legislativo con respaldo del Ejecutivo) se alejan del esp\u00edritu de esta ley, que busca proteger a la naturaleza, y muestran su real falta de voluntad y compromiso para asumir su responsabilidad y rol de liderazgo en la actual crisis clim\u00e1tica, generando as\u00ed un p\u00e9simo y regresivo\u00a0 precedente en materia ambiental.<\/p>\n\n<figure class=\"wp-block-image aligncenter size-large\"><img loading=\"lazy\" decoding=\"async\" width=\"683\" height=\"1024\" src=\"https:\/\/www.greenpeace.org\/static\/planet4-chile-stateless\/2023\/09\/d9f16776-blanca-lewin-1-683x1024.jpg\" alt=\"\" class=\"wp-image-10598\" srcset=\"https:\/\/www.greenpeace.org\/static\/planet4-chile-stateless\/2023\/09\/d9f16776-blanca-lewin-1-683x1024.jpg 683w, https:\/\/www.greenpeace.org\/static\/planet4-chile-stateless\/2023\/09\/d9f16776-blanca-lewin-1-200x300.jpg 200w, https:\/\/www.greenpeace.org\/static\/planet4-chile-stateless\/2023\/09\/d9f16776-blanca-lewin-1-768x1152.jpg 768w, https:\/\/www.greenpeace.org\/static\/planet4-chile-stateless\/2023\/09\/d9f16776-blanca-lewin-1-1024x1536.jpg 1024w, https:\/\/www.greenpeace.org\/static\/planet4-chile-stateless\/2023\/09\/d9f16776-blanca-lewin-1-1366x2048.jpg 1366w, https:\/\/www.greenpeace.org\/static\/planet4-chile-stateless\/2023\/09\/d9f16776-blanca-lewin-1-911x1366.jpg 911w, https:\/\/www.greenpeace.org\/static\/planet4-chile-stateless\/2023\/09\/d9f16776-blanca-lewin-1-227x340.jpg 227w, https:\/\/www.greenpeace.org\/static\/planet4-chile-stateless\/2023\/09\/d9f16776-blanca-lewin-1.jpg 1667w\" sizes=\"auto, (max-width: 683px) 100vw, 683px\" \/><figcaption class=\"wp-element-caption\">Blanca Lewin y otras personalidades formaron parte de la campa\u00f1a de Greenpeace Exige Alternativas, para revelar c\u00f3mo el pl\u00e1stico est\u00e1 invadiendo nuestras vidas \u00a0\u00a9 Alfredo Le\u00f3n Bulling \/ Greenpeace<\/figcaption><\/figure>\n\n<p><strong>Lo \u00fanico que se ha logrado con la aprobaci\u00f3n de esta dilataci\u00f3n es abrir la puerta para que contin\u00faen las presiones de ciertos sectores para modificar la ley<\/strong>. Cabe recordar que la fundaci\u00f3n Oceana recientemente <a href=\"https:\/\/www.youtube.com\/watch?v=zCVawbLfpwY\">public\u00f3 un reportaje<\/a> que da cuenta de los esfuerzos liderados por McDonald\u2019s y la industria del papel en Europa, cuando en febrero de 2023 se discut\u00eda el Reglamento de Envases y Residuos de Envases, financiando estudios, creando websites, desplegando enormes campa\u00f1as de desinformaci\u00f3n y reuni\u00e9ndose con una enorme cantidad de parlamentarios europeos para frenar esta nueva normativa.\u00a0<\/p>\n\n<p class=\"has-grey-200-background-color has-background\"><strong>Es triste pensar que las autoridades de nuestro pa\u00eds est\u00e1n permitiendo que esta historia se repita, y que la hist\u00f3rica ley promulgada en 2021 -y que puso a Chile a la vanguardia de estas materias- quede seriamente amenazada y que el \u2018lobby feroz\u2019 pueda cobrar una nueva v\u00edctima: nuestra naturaleza y, con ella, nuestra forma de vivir en ella.<\/strong><\/p>\n\t\t\t<section\n\t\t\tclass=\"boxout post-557 \"\n\t\t\t\n\t\t>\n\t\t\t<a\n\t\t\t\tdata-ga-category=\"Take Action Boxout\"\n\t\t\t\tdata-ga-action=\"Image\"\n\t\t\t\tdata-ga-label=\"n\/a\"\n\t\t\t\tclass=\"cover-card-overlay\"\n\t\t\t\thref=\"https:\/\/www.greenpeace.org\/chile\/involucrate\/sumate-a-chilesinplasticos\/\" \n\t\t\t><\/a>\n\t\t\t\t\t\t\t<img\n\t\t\t\t\t\tsrc=\"https:\/\/www.greenpeace.org\/static\/planet4-chile-stateless\/2018\/10\/88d02357-d8d69f40-gp0stsbcz_pressmedia-1024x683.jpg\"\n\t\t\t\t\t\tsrcset=\"https:\/\/www.greenpeace.org\/static\/planet4-chile-stateless\/2018\/10\/88d02357-d8d69f40-gp0stsbcz_pressmedia-300x200.jpg 300w, https:\/\/www.greenpeace.org\/static\/planet4-chile-stateless\/2018\/10\/88d02357-d8d69f40-gp0stsbcz_pressmedia-768x512.jpg 768w, https:\/\/www.greenpeace.org\/static\/planet4-chile-stateless\/2018\/10\/88d02357-d8d69f40-gp0stsbcz_pressmedia-1024x683.jpg 1024w, https:\/\/www.greenpeace.org\/static\/planet4-chile-stateless\/2018\/10\/88d02357-d8d69f40-gp0stsbcz_pressmedia-2048x1366.jpg 2048w, https:\/\/www.greenpeace.org\/static\/planet4-chile-stateless\/2018\/10\/88d02357-d8d69f40-gp0stsbcz_pressmedia-510x340.jpg 510w\"\n\t\t\t\t\t\tsizes=\"(min-width: 1000px) 358px, (min-width: 780px) 313px, 88px\"\n\t\t\t\t\t\talt=\"\" title=\"\"\n\t\t\t\t\/>\n            \t\t\t<div class=\"boxout-content\">\n\t\t\t\t\t\t\t\t\t<a\n\t\t\t\t\t\tclass=\"boxout-heading medium\"\n\t\t\t\t\t\tdata-ga-category=\"Take Action Boxout\"\n\t\t\t\t\t\tdata-ga-action=\"Title\"\n\t\t\t\t\t\tdata-ga-label=\"n\/a\"\n\t\t\t\t\t\thref=\"https:\/\/www.greenpeace.org\/chile\/involucrate\/sumate-a-chilesinplasticos\/\"\n\t\t\t\t\t\t\n\t\t\t\t\t>\n\t\t\t\t\t\tS\u00famate a Chile Sin Pl\u00e1sticos\n\t\t\t\t\t<\/a>\n\t\t\t\t\t\t\t\t                                    <a\n                        class=\"btn btn-primary\"\n                        data-ga-category=\"Take Action Boxout\"\n                        data-ga-action=\"Call to Action\"\n                        data-ga-label=\"n\/a\"\n                        href=\"https:\/\/www.greenpeace.org\/chile\/involucrate\/sumate-a-chilesinplasticos\/\"\n                        \n                    >\n                        Invol\u00facrate\n                    <\/a>\n                \t\t\t<\/div>\n\t\t\t\t\t<\/section>\n\t","protected":false},"excerpt":{"rendered":"<p>Cada vez que se busca legislar sobre una materia que pone a la ciudadan\u00eda y al medio ambiente en primer lugar, la industria arremete con un lobby implacable para detener o demorar la puesta en marcha de las iniciativas planteadas.\u00a0<\/p>\n","protected":false},"author":24,"featured_media":10598,"comment_status":"closed","ping_status":"open","sticky":false,"template":"","format":"standard","meta":{"ep_exclude_from_search":false,"p4_og_title":"El nuevo lobby feroz: pl\u00e1sticos","p4_og_description":"Cada vez que se busca legislar sobre una materia que pone a la ciudadan\u00eda y al medio ambiente en primer lugar, la industria arremete con un lobby implacable para detener o demorar la puesta en marcha de las iniciativas planteadas.\u00a0","p4_og_image":"https:\/\/www.greenpeace.org\/static\/planet4-chile-stateless\/2023\/05\/1e290048-gp0str6il_medium_res_with_credit_line.jpg","p4_og_image_id":"9625","p4_seo_canonical_url":"","p4_campaign_name":"","p4_local_project":"","p4_basket_name":"","p4_department":"","footnotes":""},"categories":[4],"tags":[41,29],"p4-page-type":[16],"class_list":["post-12822","post","type-post","status-publish","format-standard","has-post-thumbnail","hentry","category-contaminacion","tag-exigealternativas","tag-plasticos","p4-page-type-noticia"],"_links":{"self":[{"href":"https:\/\/www.greenpeace.org\/chile\/wp-json\/wp\/v2\/posts\/12822","targetHints":{"allow":["GET"]}}],"collection":[{"href":"https:\/\/www.greenpeace.org\/chile\/wp-json\/wp\/v2\/posts"}],"about":[{"href":"https:\/\/www.greenpeace.org\/chile\/wp-json\/wp\/v2\/types\/post"}],"author":[{"embeddable":true,"href":"https:\/\/www.greenpeace.org\/chile\/wp-json\/wp\/v2\/users\/24"}],"replies":[{"embeddable":true,"href":"https:\/\/www.greenpeace.org\/chile\/wp-json\/wp\/v2\/comments?post=12822"}],"version-history":[{"count":3,"href":"https:\/\/www.greenpeace.org\/chile\/wp-json\/wp\/v2\/posts\/12822\/revisions"}],"predecessor-version":[{"id":14662,"href":"https:\/\/www.greenpeace.org\/chile\/wp-json\/wp\/v2\/posts\/12822\/revisions\/14662"}],"wp:featuredmedia":[{"embeddable":true,"href":"https:\/\/www.greenpeace.org\/chile\/wp-json\/wp\/v2\/media\/10598"}],"wp:attachment":[{"href":"https:\/\/www.greenpeace.org\/chile\/wp-json\/wp\/v2\/media?parent=12822"}],"wp:term":[{"taxonomy":"category","embeddable":true,"href":"https:\/\/www.greenpeace.org\/chile\/wp-json\/wp\/v2\/categories?post=12822"},{"taxonomy":"post_tag","embeddable":true,"href":"https:\/\/www.greenpeace.org\/chile\/wp-json\/wp\/v2\/tags?post=12822"},{"taxonomy":"p4-page-type","embeddable":true,"href":"https:\/\/www.greenpeace.org\/chile\/wp-json\/wp\/v2\/p4-page-type?post=12822"}],"curies":[{"name":"wp","href":"https:\/\/api.w.org\/{rel}","templated":true}]}}