{"id":13075,"date":"2025-10-03T08:45:00","date_gmt":"2025-10-03T08:45:00","guid":{"rendered":"https:\/\/www.greenpeace.org\/chile\/?p=13075"},"modified":"2025-10-03T15:31:30","modified_gmt":"2025-10-03T15:31:30","slug":"greenpeace-en-chile-celebra-30-anos-de-independencia-politica-y-economica","status":"publish","type":"post","link":"https:\/\/www.greenpeace.org\/chile\/blog\/issues\/bosques\/greenpeace-en-chile-celebra-30-anos-de-independencia-politica-y-economica\/","title":{"rendered":"Greenpeace en Chile celebra 30 a\u00f1os de independencia pol\u00edtica y econ\u00f3mica"},"content":{"rendered":"\n<figure class=\"wp-block-image size-large\"><img loading=\"lazy\" decoding=\"async\" width=\"1024\" height=\"683\" src=\"https:\/\/www.greenpeace.org\/static\/planet4-chile-stateless\/2024\/10\/cb59a7fb-grupo-1-foto-4-1024x683.jpg\" alt=\"\" class=\"wp-image-13079\" srcset=\"https:\/\/www.greenpeace.org\/static\/planet4-chile-stateless\/2024\/10\/cb59a7fb-grupo-1-foto-4-1024x683.jpg 1024w, https:\/\/www.greenpeace.org\/static\/planet4-chile-stateless\/2024\/10\/cb59a7fb-grupo-1-foto-4-300x200.jpg 300w, https:\/\/www.greenpeace.org\/static\/planet4-chile-stateless\/2024\/10\/cb59a7fb-grupo-1-foto-4-768x512.jpg 768w, https:\/\/www.greenpeace.org\/static\/planet4-chile-stateless\/2024\/10\/cb59a7fb-grupo-1-foto-4-1536x1024.jpg 1536w, https:\/\/www.greenpeace.org\/static\/planet4-chile-stateless\/2024\/10\/cb59a7fb-grupo-1-foto-4-2048x1366.jpg 2048w, https:\/\/www.greenpeace.org\/static\/planet4-chile-stateless\/2024\/10\/cb59a7fb-grupo-1-foto-4-510x340.jpg 510w\" sizes=\"auto, (max-width: 1024px) 100vw, 1024px\" \/><\/figure>\n\n<h4 class=\"wp-block-heading\">Este 5 de octubre celebramos un nuevo a\u00f1o en nuestra historia. <strong>En esta oportunidad queremos que puedan ver reflejados nuestros valores mediante estas im\u00e1genes hist\u00f3ricas que son solo una peque\u00f1a muestra de las diferentes luchas que Greenpeace, junto a activistas, celebridades, socios y socias, comunidades y voluntariado, ha realizado en los \u00faltimos 30 a\u00f1os en Chile.\u00a0\u00a0<\/strong><\/h4>\n\n<figure class=\"wp-block-image size-large\"><img loading=\"lazy\" decoding=\"async\" width=\"1024\" height=\"819\" src=\"https:\/\/www.greenpeace.org\/static\/planet4-chile-stateless\/2024\/10\/fa813ca7-grupo-1-foto-2-1024x819.jpg\" alt=\"\" class=\"wp-image-13084\" srcset=\"https:\/\/www.greenpeace.org\/static\/planet4-chile-stateless\/2024\/10\/fa813ca7-grupo-1-foto-2-1024x819.jpg 1024w, https:\/\/www.greenpeace.org\/static\/planet4-chile-stateless\/2024\/10\/fa813ca7-grupo-1-foto-2-300x240.jpg 300w, https:\/\/www.greenpeace.org\/static\/planet4-chile-stateless\/2024\/10\/fa813ca7-grupo-1-foto-2-768x614.jpg 768w, https:\/\/www.greenpeace.org\/static\/planet4-chile-stateless\/2024\/10\/fa813ca7-grupo-1-foto-2-1536x1229.jpg 1536w, https:\/\/www.greenpeace.org\/static\/planet4-chile-stateless\/2024\/10\/fa813ca7-grupo-1-foto-2-2048x1638.jpg 2048w, https:\/\/www.greenpeace.org\/static\/planet4-chile-stateless\/2024\/10\/fa813ca7-grupo-1-foto-2-1708x1366.jpg 1708w, https:\/\/www.greenpeace.org\/static\/planet4-chile-stateless\/2024\/10\/fa813ca7-grupo-1-foto-2-425x340.jpg 425w\" sizes=\"auto, (max-width: 1024px) 100vw, 1024px\" \/><\/figure>\n\n<p>Nuestra misi\u00f3n por proteger el medioambiente inspira y motiva a las miles de personas que han sido testigos de la labor que realizamos en nuestro pa\u00eds.&nbsp;<\/p>\n\n<p><em>\u201cCon mucho orgullo, <strong>celebramos un a\u00f1o m\u00e1s de Greenpeace <\/strong>en nuestro pa\u00eds. Somos una organizaci\u00f3n <strong>independiente econ\u00f3mica y pol\u00edticamente que&nbsp; utiliza la confrontaci\u00f3n pac\u00edfica y creativa<\/strong> para exponer los problemas ambientales.&nbsp; Desde sus inicios y a lo largo de estos a\u00f1os, nuestra alma y motor&nbsp; han sido las personas que, con voluntad y convicci\u00f3n dedican parte de su tiempo a proteger nuestro planeta\u201d <\/em>declar\u00f3 Mat\u00edas Asun, Director de Greenpeace en Chile.<\/p>\n\n<h3 class=\"wp-block-heading\">Nuestros valores son:<\/h3>\n\n<h4 class=\"wp-block-heading has-green-400-background-color has-background\"><strong>INDEPENDENCIA: GREENPEACE NO DEPENDE DE EMPRESAS NI GOBIERNOS&nbsp;<\/strong><\/h4>\n\n<figure class=\"wp-block-image size-large\"><img loading=\"lazy\" decoding=\"async\" width=\"1024\" height=\"683\" src=\"https:\/\/www.greenpeace.org\/static\/planet4-chile-stateless\/2024\/10\/f4248589-grupo-2-foto-3-1024x683.jpg\" alt=\"\" class=\"wp-image-13080\" srcset=\"https:\/\/www.greenpeace.org\/static\/planet4-chile-stateless\/2024\/10\/f4248589-grupo-2-foto-3-1024x683.jpg 1024w, https:\/\/www.greenpeace.org\/static\/planet4-chile-stateless\/2024\/10\/f4248589-grupo-2-foto-3-300x200.jpg 300w, https:\/\/www.greenpeace.org\/static\/planet4-chile-stateless\/2024\/10\/f4248589-grupo-2-foto-3-768x512.jpg 768w, https:\/\/www.greenpeace.org\/static\/planet4-chile-stateless\/2024\/10\/f4248589-grupo-2-foto-3-1536x1024.jpg 1536w, https:\/\/www.greenpeace.org\/static\/planet4-chile-stateless\/2024\/10\/f4248589-grupo-2-foto-3-2048x1366.jpg 2048w, https:\/\/www.greenpeace.org\/static\/planet4-chile-stateless\/2024\/10\/f4248589-grupo-2-foto-3-510x340.jpg 510w\" sizes=\"auto, (max-width: 1024px) 100vw, 1024px\" \/><\/figure>\n\n<p>Somos <strong>independientes pol\u00edtica y econ\u00f3micamente<\/strong>, es decir, no aceptamos dinero de empresas ni de gobiernos, ni respondemos a intereses particulares. Nos financiamos solo con las donaciones de personas naturales, supporters,&nbsp; las que constituyen el pilar de nuestra organizaci\u00f3n y representan el soporte de Greenpeace.<\/p>\n\n<figure class=\"wp-block-image size-large\"><img loading=\"lazy\" decoding=\"async\" width=\"1024\" height=\"683\" src=\"https:\/\/www.greenpeace.org\/static\/planet4-chile-stateless\/2024\/10\/6f013f86-grupo-4-foto-1-1024x683.jpg\" alt=\"\" class=\"wp-image-13093\" srcset=\"https:\/\/www.greenpeace.org\/static\/planet4-chile-stateless\/2024\/10\/6f013f86-grupo-4-foto-1-1024x683.jpg 1024w, https:\/\/www.greenpeace.org\/static\/planet4-chile-stateless\/2024\/10\/6f013f86-grupo-4-foto-1-300x200.jpg 300w, https:\/\/www.greenpeace.org\/static\/planet4-chile-stateless\/2024\/10\/6f013f86-grupo-4-foto-1-768x512.jpg 768w, https:\/\/www.greenpeace.org\/static\/planet4-chile-stateless\/2024\/10\/6f013f86-grupo-4-foto-1-1536x1024.jpg 1536w, https:\/\/www.greenpeace.org\/static\/planet4-chile-stateless\/2024\/10\/6f013f86-grupo-4-foto-1-2048x1366.jpg 2048w, https:\/\/www.greenpeace.org\/static\/planet4-chile-stateless\/2024\/10\/6f013f86-grupo-4-foto-1-510x340.jpg 510w\" sizes=\"auto, (max-width: 1024px) 100vw, 1024px\" \/><\/figure>\n\n<p>Gracias a ellos, adem\u00e1s, es que podemos enfrentar con libertad cualquier amenaza ambiental.<\/p>\n\n<h4 class=\"wp-block-heading has-green-400-background-color has-background\">TRANSPARENCIA: GREENPEACE PROMUEVE EL DEBATE ABIERTO&nbsp;<\/h4>\n\n<figure class=\"wp-block-image size-large\"><img loading=\"lazy\" decoding=\"async\" width=\"1024\" height=\"683\" src=\"https:\/\/www.greenpeace.org\/static\/planet4-chile-stateless\/2024\/10\/90e226dc-grupo-2-foto-2-1024x683.jpg\" alt=\"\" class=\"wp-image-13081\" srcset=\"https:\/\/www.greenpeace.org\/static\/planet4-chile-stateless\/2024\/10\/90e226dc-grupo-2-foto-2-1024x683.jpg 1024w, https:\/\/www.greenpeace.org\/static\/planet4-chile-stateless\/2024\/10\/90e226dc-grupo-2-foto-2-300x200.jpg 300w, https:\/\/www.greenpeace.org\/static\/planet4-chile-stateless\/2024\/10\/90e226dc-grupo-2-foto-2-768x512.jpg 768w, https:\/\/www.greenpeace.org\/static\/planet4-chile-stateless\/2024\/10\/90e226dc-grupo-2-foto-2-1536x1024.jpg 1536w, https:\/\/www.greenpeace.org\/static\/planet4-chile-stateless\/2024\/10\/90e226dc-grupo-2-foto-2-2048x1366.jpg 2048w, https:\/\/www.greenpeace.org\/static\/planet4-chile-stateless\/2024\/10\/90e226dc-grupo-2-foto-2-510x340.jpg 510w\" sizes=\"auto, (max-width: 1024px) 100vw, 1024px\" \/><\/figure>\n\n<p>En nuestra constante lucha por visibilizar las amenazas que acechan al medio ambiente y en nuestra b\u00fasqueda de soluciones, no tenemos adversarios ni aliados permanentes justamente para garantizar la independencia en el cuidado del ambiente. <\/p>\n\n<figure class=\"wp-block-image size-large\"><img loading=\"lazy\" decoding=\"async\" width=\"1024\" height=\"683\" src=\"https:\/\/www.greenpeace.org\/static\/planet4-chile-stateless\/2024\/10\/49fa66e1-grupo-3-foto-3-1024x683.jpg\" alt=\"\" class=\"wp-image-13086\" srcset=\"https:\/\/www.greenpeace.org\/static\/planet4-chile-stateless\/2024\/10\/49fa66e1-grupo-3-foto-3-1024x683.jpg 1024w, https:\/\/www.greenpeace.org\/static\/planet4-chile-stateless\/2024\/10\/49fa66e1-grupo-3-foto-3-300x200.jpg 300w, https:\/\/www.greenpeace.org\/static\/planet4-chile-stateless\/2024\/10\/49fa66e1-grupo-3-foto-3-768x512.jpg 768w, https:\/\/www.greenpeace.org\/static\/planet4-chile-stateless\/2024\/10\/49fa66e1-grupo-3-foto-3-1536x1024.jpg 1536w, https:\/\/www.greenpeace.org\/static\/planet4-chile-stateless\/2024\/10\/49fa66e1-grupo-3-foto-3-2048x1366.jpg 2048w, https:\/\/www.greenpeace.org\/static\/planet4-chile-stateless\/2024\/10\/49fa66e1-grupo-3-foto-3-510x340.jpg 510w\" sizes=\"auto, (max-width: 1024px) 100vw, 1024px\" \/><\/figure>\n\n<p>Si una empresa o gobierno est\u00e1 dispuesto a escuchar nuestras demandas y hacer reformas, trabajaremos con ellos para alcanzar nuestros objetivos, pero si cambian en sus propuestas, nosotros tambi\u00e9n cambiaremos. Lo que nos importa son los hechos y no las palabras, y nuestra prioridad es una sola: la protecci\u00f3n del medioambiente.&nbsp;&nbsp;<\/p>\n\n<h4 class=\"wp-block-heading has-green-400-background-color has-background\">AUDACIA: GREENPEACE SE HACE CARGO DE SUS ACCIONES HASTA EL FINAL<\/h4>\n\n<figure class=\"wp-block-image size-large\"><img loading=\"lazy\" decoding=\"async\" width=\"1024\" height=\"683\" src=\"https:\/\/www.greenpeace.org\/static\/planet4-chile-stateless\/2024\/10\/9de52cc0-grupo-1-foto-1-1024x683.jpg\" alt=\"\" class=\"wp-image-13082\" srcset=\"https:\/\/www.greenpeace.org\/static\/planet4-chile-stateless\/2024\/10\/9de52cc0-grupo-1-foto-1-1024x683.jpg 1024w, https:\/\/www.greenpeace.org\/static\/planet4-chile-stateless\/2024\/10\/9de52cc0-grupo-1-foto-1-300x200.jpg 300w, https:\/\/www.greenpeace.org\/static\/planet4-chile-stateless\/2024\/10\/9de52cc0-grupo-1-foto-1-768x512.jpg 768w, https:\/\/www.greenpeace.org\/static\/planet4-chile-stateless\/2024\/10\/9de52cc0-grupo-1-foto-1-1536x1024.jpg 1536w, https:\/\/www.greenpeace.org\/static\/planet4-chile-stateless\/2024\/10\/9de52cc0-grupo-1-foto-1-2048x1366.jpg 2048w, https:\/\/www.greenpeace.org\/static\/planet4-chile-stateless\/2024\/10\/9de52cc0-grupo-1-foto-1-510x340.jpg 510w\" sizes=\"auto, (max-width: 1024px) 100vw, 1024px\" \/><\/figure>\n\n<p>Desde que comenzamos a defender el medioambiente en el a\u00f1o 1971, hasta hoy,&nbsp; los activistas y voluntarios de Greenpeace alrededor del mundo seguimos uno de nuestros valores primordiales: la no violencia. <\/p>\n\n<figure class=\"wp-block-image size-large\"><img loading=\"lazy\" decoding=\"async\" width=\"1024\" height=\"692\" src=\"https:\/\/www.greenpeace.org\/static\/planet4-chile-stateless\/2024\/10\/482e58a4-grupo-2-foto-1-1024x692.jpg\" alt=\"\" class=\"wp-image-13085\" srcset=\"https:\/\/www.greenpeace.org\/static\/planet4-chile-stateless\/2024\/10\/482e58a4-grupo-2-foto-1-1024x692.jpg 1024w, https:\/\/www.greenpeace.org\/static\/planet4-chile-stateless\/2024\/10\/482e58a4-grupo-2-foto-1-300x203.jpg 300w, https:\/\/www.greenpeace.org\/static\/planet4-chile-stateless\/2024\/10\/482e58a4-grupo-2-foto-1-768x519.jpg 768w, https:\/\/www.greenpeace.org\/static\/planet4-chile-stateless\/2024\/10\/482e58a4-grupo-2-foto-1-1536x1038.jpg 1536w, https:\/\/www.greenpeace.org\/static\/planet4-chile-stateless\/2024\/10\/482e58a4-grupo-2-foto-1-2048x1384.jpg 2048w, https:\/\/www.greenpeace.org\/static\/planet4-chile-stateless\/2024\/10\/482e58a4-grupo-2-foto-1-2022x1366.jpg 2022w, https:\/\/www.greenpeace.org\/static\/planet4-chile-stateless\/2024\/10\/482e58a4-grupo-2-foto-1-503x340.jpg 503w\" sizes=\"auto, (max-width: 1024px) 100vw, 1024px\" \/><\/figure>\n\n<p>Ya sea cuando nos colgamos de un edificio, hasta cuando reciclamos, sabemos que estamos marcando una diferencia. Lo que hacemos es dejar que nuestras acciones hablen por nosotros y no imponernos mediante la fuerza.<\/p>\n\n<figure class=\"wp-block-image size-large\"><img loading=\"lazy\" decoding=\"async\" width=\"717\" height=\"1024\" src=\"https:\/\/www.greenpeace.org\/static\/planet4-chile-stateless\/2024\/10\/fa87a9fc-grupo-3-foto-1-717x1024.jpg\" alt=\"\" class=\"wp-image-13096\" srcset=\"https:\/\/www.greenpeace.org\/static\/planet4-chile-stateless\/2024\/10\/fa87a9fc-grupo-3-foto-1-717x1024.jpg 717w, https:\/\/www.greenpeace.org\/static\/planet4-chile-stateless\/2024\/10\/fa87a9fc-grupo-3-foto-1-210x300.jpg 210w, https:\/\/www.greenpeace.org\/static\/planet4-chile-stateless\/2024\/10\/fa87a9fc-grupo-3-foto-1-768x1097.jpg 768w, https:\/\/www.greenpeace.org\/static\/planet4-chile-stateless\/2024\/10\/fa87a9fc-grupo-3-foto-1-1075x1536.jpg 1075w, https:\/\/www.greenpeace.org\/static\/planet4-chile-stateless\/2024\/10\/fa87a9fc-grupo-3-foto-1-1434x2048.jpg 1434w, https:\/\/www.greenpeace.org\/static\/planet4-chile-stateless\/2024\/10\/fa87a9fc-grupo-3-foto-1-956x1366.jpg 956w, https:\/\/www.greenpeace.org\/static\/planet4-chile-stateless\/2024\/10\/fa87a9fc-grupo-3-foto-1-238x340.jpg 238w, https:\/\/www.greenpeace.org\/static\/planet4-chile-stateless\/2024\/10\/fa87a9fc-grupo-3-foto-1-scaled.jpg 1792w\" sizes=\"auto, (max-width: 717px) 100vw, 717px\" \/><\/figure>\n\n<h4 class=\"wp-block-heading has-green-400-background-color has-background\">PACIFISMO: GREENPEACE BUSCA UN MUNDO JUSTO Y SOLIDARIO<\/h4>\n\n<figure class=\"wp-block-image size-large\"><img loading=\"lazy\" decoding=\"async\" width=\"1024\" height=\"683\" src=\"https:\/\/www.greenpeace.org\/static\/planet4-chile-stateless\/2024\/10\/1b3dfae0-grupo-1-foto-5-1024x683.jpg\" alt=\"\" class=\"wp-image-13083\" srcset=\"https:\/\/www.greenpeace.org\/static\/planet4-chile-stateless\/2024\/10\/1b3dfae0-grupo-1-foto-5-1024x683.jpg 1024w, https:\/\/www.greenpeace.org\/static\/planet4-chile-stateless\/2024\/10\/1b3dfae0-grupo-1-foto-5-300x200.jpg 300w, https:\/\/www.greenpeace.org\/static\/planet4-chile-stateless\/2024\/10\/1b3dfae0-grupo-1-foto-5-768x512.jpg 768w, https:\/\/www.greenpeace.org\/static\/planet4-chile-stateless\/2024\/10\/1b3dfae0-grupo-1-foto-5-1536x1024.jpg 1536w, https:\/\/www.greenpeace.org\/static\/planet4-chile-stateless\/2024\/10\/1b3dfae0-grupo-1-foto-5-2048x1366.jpg 2048w, https:\/\/www.greenpeace.org\/static\/planet4-chile-stateless\/2024\/10\/1b3dfae0-grupo-1-foto-5-510x340.jpg 510w\" sizes=\"auto, (max-width: 1024px) 100vw, 1024px\" \/><\/figure>\n\n<p>Buscamos garantizar la capacidad de la Tierra para nutrir la vida en toda su diversidad.<\/p>\n\n<figure class=\"wp-block-image size-large\"><img loading=\"lazy\" decoding=\"async\" width=\"1024\" height=\"683\" src=\"https:\/\/www.greenpeace.org\/static\/planet4-chile-stateless\/2024\/10\/886e6c5c-grupo-4-foto-5-1024x683.jpg\" alt=\"\" class=\"wp-image-13097\" srcset=\"https:\/\/www.greenpeace.org\/static\/planet4-chile-stateless\/2024\/10\/886e6c5c-grupo-4-foto-5-1024x683.jpg 1024w, https:\/\/www.greenpeace.org\/static\/planet4-chile-stateless\/2024\/10\/886e6c5c-grupo-4-foto-5-300x200.jpg 300w, https:\/\/www.greenpeace.org\/static\/planet4-chile-stateless\/2024\/10\/886e6c5c-grupo-4-foto-5-768x512.jpg 768w, https:\/\/www.greenpeace.org\/static\/planet4-chile-stateless\/2024\/10\/886e6c5c-grupo-4-foto-5-1536x1024.jpg 1536w, https:\/\/www.greenpeace.org\/static\/planet4-chile-stateless\/2024\/10\/886e6c5c-grupo-4-foto-5-2048x1366.jpg 2048w, https:\/\/www.greenpeace.org\/static\/planet4-chile-stateless\/2024\/10\/886e6c5c-grupo-4-foto-5-510x340.jpg 510w\" sizes=\"auto, (max-width: 1024px) 100vw, 1024px\" \/><\/figure>\n\n<p> Queremos un mundo justo, pac\u00edfico, digno, sano, solidario y equitativo, donde las personas ejercen su poder, act\u00faan y deciden vivir en armon\u00eda con el medio ambiente y la biodiversidad.<\/p>\n\n<figure class=\"wp-block-image size-large\"><img loading=\"lazy\" decoding=\"async\" width=\"1024\" height=\"683\" src=\"https:\/\/www.greenpeace.org\/static\/planet4-chile-stateless\/2024\/10\/3699b1cd-grupo-3-foto-2-1024x683.jpg\" alt=\"\" class=\"wp-image-13094\" srcset=\"https:\/\/www.greenpeace.org\/static\/planet4-chile-stateless\/2024\/10\/3699b1cd-grupo-3-foto-2-1024x683.jpg 1024w, https:\/\/www.greenpeace.org\/static\/planet4-chile-stateless\/2024\/10\/3699b1cd-grupo-3-foto-2-300x200.jpg 300w, https:\/\/www.greenpeace.org\/static\/planet4-chile-stateless\/2024\/10\/3699b1cd-grupo-3-foto-2-768x512.jpg 768w, https:\/\/www.greenpeace.org\/static\/planet4-chile-stateless\/2024\/10\/3699b1cd-grupo-3-foto-2-1536x1024.jpg 1536w, https:\/\/www.greenpeace.org\/static\/planet4-chile-stateless\/2024\/10\/3699b1cd-grupo-3-foto-2-2048x1366.jpg 2048w, https:\/\/www.greenpeace.org\/static\/planet4-chile-stateless\/2024\/10\/3699b1cd-grupo-3-foto-2-510x340.jpg 510w\" sizes=\"auto, (max-width: 1024px) 100vw, 1024px\" \/><\/figure>\n\n<p>Tal como indica nuestro nombre, siempre sustentados en el valor que nos define hace 53 a\u00f1os: la Paz.&nbsp;<\/p>\n\n<h4 class=\"wp-block-heading has-green-400-background-color has-background\">DIVERSIDAD: GREENPEACE ACT\u00daA JUNTO A LA GENTE<\/h4>\n\n<figure class=\"wp-block-image size-large\"><img loading=\"lazy\" decoding=\"async\" width=\"1024\" height=\"683\" src=\"https:\/\/www.greenpeace.org\/static\/planet4-chile-stateless\/2024\/10\/180475fb-grupo-5-foto-1-1024x683.jpg\" alt=\"\" class=\"wp-image-13088\" srcset=\"https:\/\/www.greenpeace.org\/static\/planet4-chile-stateless\/2024\/10\/180475fb-grupo-5-foto-1-1024x683.jpg 1024w, https:\/\/www.greenpeace.org\/static\/planet4-chile-stateless\/2024\/10\/180475fb-grupo-5-foto-1-300x200.jpg 300w, https:\/\/www.greenpeace.org\/static\/planet4-chile-stateless\/2024\/10\/180475fb-grupo-5-foto-1-768x512.jpg 768w, https:\/\/www.greenpeace.org\/static\/planet4-chile-stateless\/2024\/10\/180475fb-grupo-5-foto-1-1536x1024.jpg 1536w, https:\/\/www.greenpeace.org\/static\/planet4-chile-stateless\/2024\/10\/180475fb-grupo-5-foto-1-2048x1366.jpg 2048w, https:\/\/www.greenpeace.org\/static\/planet4-chile-stateless\/2024\/10\/180475fb-grupo-5-foto-1-510x340.jpg 510w\" sizes=\"auto, (max-width: 1024px) 100vw, 1024px\" \/><\/figure>\n\n<p>Tenemos la convicci\u00f3n de que una organizaci\u00f3n que fomenta la diversidad e integraci\u00f3n de distintas personas es esencial para proteger el lugar en que vivimos. <\/p>\n\n<figure class=\"wp-block-image size-large\"><img loading=\"lazy\" decoding=\"async\" width=\"1024\" height=\"717\" src=\"https:\/\/www.greenpeace.org\/static\/planet4-chile-stateless\/2024\/10\/9f671676-grupo-5-foto-3-1024x717.jpg\" alt=\"\" class=\"wp-image-13090\" srcset=\"https:\/\/www.greenpeace.org\/static\/planet4-chile-stateless\/2024\/10\/9f671676-grupo-5-foto-3-1024x717.jpg 1024w, https:\/\/www.greenpeace.org\/static\/planet4-chile-stateless\/2024\/10\/9f671676-grupo-5-foto-3-300x210.jpg 300w, https:\/\/www.greenpeace.org\/static\/planet4-chile-stateless\/2024\/10\/9f671676-grupo-5-foto-3-768x538.jpg 768w, https:\/\/www.greenpeace.org\/static\/planet4-chile-stateless\/2024\/10\/9f671676-grupo-5-foto-3-1536x1075.jpg 1536w, https:\/\/www.greenpeace.org\/static\/planet4-chile-stateless\/2024\/10\/9f671676-grupo-5-foto-3-2048x1434.jpg 2048w, https:\/\/www.greenpeace.org\/static\/planet4-chile-stateless\/2024\/10\/9f671676-grupo-5-foto-3-1951x1366.jpg 1951w, https:\/\/www.greenpeace.org\/static\/planet4-chile-stateless\/2024\/10\/9f671676-grupo-5-foto-3-486x340.jpg 486w\" sizes=\"auto, (max-width: 1024px) 100vw, 1024px\" \/><\/figure>\n\n<p>Por eso, para cumplir nuestros objetivos de cuidado del planeta, trabajamos junto a comunidades locales, celebridades, seguidores, supporters activist@s y ciberactvist@s y todos quienes, voluntariamente, quieran formar parte de nuestra organizaci\u00f3n.&nbsp; <\/p>\n\n<figure class=\"wp-block-image size-large\"><img loading=\"lazy\" decoding=\"async\" width=\"1024\" height=\"683\" src=\"https:\/\/www.greenpeace.org\/static\/planet4-chile-stateless\/2024\/10\/635b4a5b-grupo-5-foto-2-1024x683.jpg\" alt=\"\" class=\"wp-image-13095\" srcset=\"https:\/\/www.greenpeace.org\/static\/planet4-chile-stateless\/2024\/10\/635b4a5b-grupo-5-foto-2-1024x683.jpg 1024w, https:\/\/www.greenpeace.org\/static\/planet4-chile-stateless\/2024\/10\/635b4a5b-grupo-5-foto-2-300x200.jpg 300w, https:\/\/www.greenpeace.org\/static\/planet4-chile-stateless\/2024\/10\/635b4a5b-grupo-5-foto-2-768x512.jpg 768w, https:\/\/www.greenpeace.org\/static\/planet4-chile-stateless\/2024\/10\/635b4a5b-grupo-5-foto-2-1536x1024.jpg 1536w, https:\/\/www.greenpeace.org\/static\/planet4-chile-stateless\/2024\/10\/635b4a5b-grupo-5-foto-2-2048x1366.jpg 2048w, https:\/\/www.greenpeace.org\/static\/planet4-chile-stateless\/2024\/10\/635b4a5b-grupo-5-foto-2-510x340.jpg 510w\" sizes=\"auto, (max-width: 1024px) 100vw, 1024px\" \/><\/figure>\n\n<p>En Greenpeace creemos firmemente en el poder de las personas para salvar el medioambiente.&nbsp;<\/p>\n\n<h4 class=\"wp-block-heading has-green-400-background-color has-background\">CREATIVIDAD: GREENPEACE NO DEJA INDIFERENTE<\/h4>\n\n<figure class=\"wp-block-image size-large\"><img loading=\"lazy\" decoding=\"async\" width=\"1024\" height=\"683\" src=\"https:\/\/www.greenpeace.org\/static\/planet4-chile-stateless\/2024\/10\/800da759-grupo-4-foto-2-1024x683.jpg\" alt=\"\" class=\"wp-image-13091\" srcset=\"https:\/\/www.greenpeace.org\/static\/planet4-chile-stateless\/2024\/10\/800da759-grupo-4-foto-2-1024x683.jpg 1024w, https:\/\/www.greenpeace.org\/static\/planet4-chile-stateless\/2024\/10\/800da759-grupo-4-foto-2-300x200.jpg 300w, https:\/\/www.greenpeace.org\/static\/planet4-chile-stateless\/2024\/10\/800da759-grupo-4-foto-2-768x512.jpg 768w, https:\/\/www.greenpeace.org\/static\/planet4-chile-stateless\/2024\/10\/800da759-grupo-4-foto-2-1536x1024.jpg 1536w, https:\/\/www.greenpeace.org\/static\/planet4-chile-stateless\/2024\/10\/800da759-grupo-4-foto-2-2048x1366.jpg 2048w, https:\/\/www.greenpeace.org\/static\/planet4-chile-stateless\/2024\/10\/800da759-grupo-4-foto-2-510x340.jpg 510w\" sizes=\"auto, (max-width: 1024px) 100vw, 1024px\" \/><\/figure>\n\n<p>La creatividad y el uso de medios no convencionales son nuestra herramienta para promover nuestros ideales, realizar denuncias sociales y transmitir los valores de nuestra organizaci\u00f3n. Buscamos generar contenido con ingenio y de esta manera dar a conocer nuestros mensajes. <\/p>\n\n<figure class=\"wp-block-image size-large\"><img loading=\"lazy\" decoding=\"async\" width=\"1024\" height=\"683\" src=\"https:\/\/www.greenpeace.org\/static\/planet4-chile-stateless\/2024\/10\/419cbff5-grupo-4-foto-8-1024x683.jpg\" alt=\"\" class=\"wp-image-13092\" srcset=\"https:\/\/www.greenpeace.org\/static\/planet4-chile-stateless\/2024\/10\/419cbff5-grupo-4-foto-8-1024x683.jpg 1024w, https:\/\/www.greenpeace.org\/static\/planet4-chile-stateless\/2024\/10\/419cbff5-grupo-4-foto-8-300x200.jpg 300w, https:\/\/www.greenpeace.org\/static\/planet4-chile-stateless\/2024\/10\/419cbff5-grupo-4-foto-8-768x512.jpg 768w, https:\/\/www.greenpeace.org\/static\/planet4-chile-stateless\/2024\/10\/419cbff5-grupo-4-foto-8-1536x1024.jpg 1536w, https:\/\/www.greenpeace.org\/static\/planet4-chile-stateless\/2024\/10\/419cbff5-grupo-4-foto-8-2048x1366.jpg 2048w, https:\/\/www.greenpeace.org\/static\/planet4-chile-stateless\/2024\/10\/419cbff5-grupo-4-foto-8-510x340.jpg 510w\" sizes=\"auto, (max-width: 1024px) 100vw, 1024px\" \/><\/figure>\n\n<p>No queremos dejar indiferente a nadie a la hora de formar conciencia p\u00fablica en los ciudadanos y ser insistentes respecto a la importancia de cuidar el medioambiente.&nbsp;<\/p>\n\n<figure class=\"wp-block-image size-large\"><img loading=\"lazy\" decoding=\"async\" width=\"717\" height=\"1024\" src=\"https:\/\/www.greenpeace.org\/static\/planet4-chile-stateless\/2025\/10\/c6bf3693-grupo-5-foto-4-717x1024.jpg\" alt=\"\" class=\"wp-image-15538\" srcset=\"https:\/\/www.greenpeace.org\/static\/planet4-chile-stateless\/2025\/10\/c6bf3693-grupo-5-foto-4-717x1024.jpg 717w, https:\/\/www.greenpeace.org\/static\/planet4-chile-stateless\/2025\/10\/c6bf3693-grupo-5-foto-4-210x300.jpg 210w, https:\/\/www.greenpeace.org\/static\/planet4-chile-stateless\/2025\/10\/c6bf3693-grupo-5-foto-4-768x1097.jpg 768w, https:\/\/www.greenpeace.org\/static\/planet4-chile-stateless\/2025\/10\/c6bf3693-grupo-5-foto-4-1075x1536.jpg 1075w, https:\/\/www.greenpeace.org\/static\/planet4-chile-stateless\/2025\/10\/c6bf3693-grupo-5-foto-4-1434x2048.jpg 1434w, https:\/\/www.greenpeace.org\/static\/planet4-chile-stateless\/2025\/10\/c6bf3693-grupo-5-foto-4-956x1366.jpg 956w, https:\/\/www.greenpeace.org\/static\/planet4-chile-stateless\/2025\/10\/c6bf3693-grupo-5-foto-4-238x340.jpg 238w, https:\/\/www.greenpeace.org\/static\/planet4-chile-stateless\/2025\/10\/c6bf3693-grupo-5-foto-4-scaled.jpg 1792w\" sizes=\"auto, (max-width: 717px) 100vw, 717px\" \/><\/figure>\n\n<figure class=\"wp-block-image size-large\"><img loading=\"lazy\" decoding=\"async\" width=\"1024\" height=\"683\" src=\"https:\/\/www.greenpeace.org\/static\/planet4-chile-stateless\/2025\/10\/65ac4a12-grupo-6-foto-1-1024x683.jpg\" alt=\"\" class=\"wp-image-15539\" srcset=\"https:\/\/www.greenpeace.org\/static\/planet4-chile-stateless\/2025\/10\/65ac4a12-grupo-6-foto-1-1024x683.jpg 1024w, https:\/\/www.greenpeace.org\/static\/planet4-chile-stateless\/2025\/10\/65ac4a12-grupo-6-foto-1-300x200.jpg 300w, https:\/\/www.greenpeace.org\/static\/planet4-chile-stateless\/2025\/10\/65ac4a12-grupo-6-foto-1-768x512.jpg 768w, https:\/\/www.greenpeace.org\/static\/planet4-chile-stateless\/2025\/10\/65ac4a12-grupo-6-foto-1-1536x1024.jpg 1536w, https:\/\/www.greenpeace.org\/static\/planet4-chile-stateless\/2025\/10\/65ac4a12-grupo-6-foto-1-2048x1366.jpg 2048w, https:\/\/www.greenpeace.org\/static\/planet4-chile-stateless\/2025\/10\/65ac4a12-grupo-6-foto-1-510x340.jpg 510w\" sizes=\"auto, (max-width: 1024px) 100vw, 1024px\" \/><\/figure>\n\n<figure class=\"wp-block-image size-large\"><img loading=\"lazy\" decoding=\"async\" width=\"1024\" height=\"683\" src=\"https:\/\/www.greenpeace.org\/static\/planet4-chile-stateless\/2025\/10\/40a3d4fb-grupo-6-foto-2-1024x683.jpg\" alt=\"\" class=\"wp-image-15540\" srcset=\"https:\/\/www.greenpeace.org\/static\/planet4-chile-stateless\/2025\/10\/40a3d4fb-grupo-6-foto-2-1024x683.jpg 1024w, https:\/\/www.greenpeace.org\/static\/planet4-chile-stateless\/2025\/10\/40a3d4fb-grupo-6-foto-2-300x200.jpg 300w, https:\/\/www.greenpeace.org\/static\/planet4-chile-stateless\/2025\/10\/40a3d4fb-grupo-6-foto-2-768x512.jpg 768w, https:\/\/www.greenpeace.org\/static\/planet4-chile-stateless\/2025\/10\/40a3d4fb-grupo-6-foto-2-1536x1024.jpg 1536w, https:\/\/www.greenpeace.org\/static\/planet4-chile-stateless\/2025\/10\/40a3d4fb-grupo-6-foto-2-2048x1366.jpg 2048w, https:\/\/www.greenpeace.org\/static\/planet4-chile-stateless\/2025\/10\/40a3d4fb-grupo-6-foto-2-510x340.jpg 510w\" sizes=\"auto, (max-width: 1024px) 100vw, 1024px\" \/><\/figure>\n\n<figure class=\"wp-block-image size-large\"><img loading=\"lazy\" decoding=\"async\" width=\"1024\" height=\"683\" src=\"https:\/\/www.greenpeace.org\/static\/planet4-chile-stateless\/2025\/10\/b35d59ad-grupo-6-foto-3-1024x683.jpg\" alt=\"\" class=\"wp-image-15542\" srcset=\"https:\/\/www.greenpeace.org\/static\/planet4-chile-stateless\/2025\/10\/b35d59ad-grupo-6-foto-3-1024x683.jpg 1024w, https:\/\/www.greenpeace.org\/static\/planet4-chile-stateless\/2025\/10\/b35d59ad-grupo-6-foto-3-300x200.jpg 300w, https:\/\/www.greenpeace.org\/static\/planet4-chile-stateless\/2025\/10\/b35d59ad-grupo-6-foto-3-768x512.jpg 768w, https:\/\/www.greenpeace.org\/static\/planet4-chile-stateless\/2025\/10\/b35d59ad-grupo-6-foto-3-1536x1024.jpg 1536w, https:\/\/www.greenpeace.org\/static\/planet4-chile-stateless\/2025\/10\/b35d59ad-grupo-6-foto-3-2048x1366.jpg 2048w, https:\/\/www.greenpeace.org\/static\/planet4-chile-stateless\/2025\/10\/b35d59ad-grupo-6-foto-3-510x340.jpg 510w\" sizes=\"auto, (max-width: 1024px) 100vw, 1024px\" \/><\/figure>\n\n<figure class=\"wp-block-image size-large\"><img loading=\"lazy\" decoding=\"async\" width=\"1024\" height=\"683\" src=\"https:\/\/www.greenpeace.org\/static\/planet4-chile-stateless\/2025\/10\/2d10879b-grupo-6-foto-4-1024x683.jpg\" alt=\"\" class=\"wp-image-15543\" srcset=\"https:\/\/www.greenpeace.org\/static\/planet4-chile-stateless\/2025\/10\/2d10879b-grupo-6-foto-4-1024x683.jpg 1024w, https:\/\/www.greenpeace.org\/static\/planet4-chile-stateless\/2025\/10\/2d10879b-grupo-6-foto-4-300x200.jpg 300w, https:\/\/www.greenpeace.org\/static\/planet4-chile-stateless\/2025\/10\/2d10879b-grupo-6-foto-4-768x512.jpg 768w, https:\/\/www.greenpeace.org\/static\/planet4-chile-stateless\/2025\/10\/2d10879b-grupo-6-foto-4-1536x1024.jpg 1536w, https:\/\/www.greenpeace.org\/static\/planet4-chile-stateless\/2025\/10\/2d10879b-grupo-6-foto-4-2048x1366.jpg 2048w, https:\/\/www.greenpeace.org\/static\/planet4-chile-stateless\/2025\/10\/2d10879b-grupo-6-foto-4-510x340.jpg 510w\" sizes=\"auto, (max-width: 1024px) 100vw, 1024px\" \/><\/figure>\n\n<h4 class=\"wp-block-heading has-text-align-center has-grey-200-background-color has-background\"><strong>Nada de esto hubiera sido posible sin el apoyo de personas que defienden el medio ambiente y est\u00e1n dispuestas a movilizarse y alzar la voz, son quienes nos permiten seguir creciendo. Celebra con nosostros un nuevo a\u00f1o de Greenpeace en Chile y \u00a1Gracias!<\/strong><\/h4>\n\n<p><\/p>\n","protected":false},"excerpt":{"rendered":"<p>Nuestra misi\u00f3n por proteger el medioambiente inspira y motiva a las miles de personas que han sido testigos de la labor que realizamos en nuestro pa\u00eds.&nbsp;<\/p>\n","protected":false},"author":22,"featured_media":15545,"comment_status":"closed","ping_status":"open","sticky":false,"template":"","format":"standard","meta":{"ep_exclude_from_search":false,"p4_og_title":"Greenpeace en Chile celebra 30 a\u00f1os de independencia pol\u00edtica y econ\u00f3mica","p4_og_description":"Estas im\u00e1genes hist\u00f3ricas son solo una peque\u00f1a muestra de las diferentes luchas que Greenpeace, junto a activistas, celebridades, socios y socias, comunidades y voluntarios, ha realizado en los \u00faltimos 30 a\u00f1os en Chile.\u00a0\u00a0","p4_og_image":"https:\/\/www.greenpeace.org\/static\/planet4-chile-stateless\/2025\/10\/9a4cca24-grupo-3-foto-2-scaled.jpg","p4_og_image_id":"15545","p4_seo_canonical_url":"","p4_campaign_name":"","p4_local_project":"","p4_basket_name":"","p4_department":"","footnotes":""},"categories":[56,2,3,4,18],"tags":[],"p4-page-type":[14],"class_list":["post-13075","post","type-post","status-publish","format-standard","has-post-thumbnail","hentry","category-biodiversidad","category-bosques","category-climayenergia","category-contaminacion","category-oceanos","p4-page-type-blog"],"_links":{"self":[{"href":"https:\/\/www.greenpeace.org\/chile\/wp-json\/wp\/v2\/posts\/13075","targetHints":{"allow":["GET"]}}],"collection":[{"href":"https:\/\/www.greenpeace.org\/chile\/wp-json\/wp\/v2\/posts"}],"about":[{"href":"https:\/\/www.greenpeace.org\/chile\/wp-json\/wp\/v2\/types\/post"}],"author":[{"embeddable":true,"href":"https:\/\/www.greenpeace.org\/chile\/wp-json\/wp\/v2\/users\/22"}],"replies":[{"embeddable":true,"href":"https:\/\/www.greenpeace.org\/chile\/wp-json\/wp\/v2\/comments?post=13075"}],"version-history":[{"count":11,"href":"https:\/\/www.greenpeace.org\/chile\/wp-json\/wp\/v2\/posts\/13075\/revisions"}],"predecessor-version":[{"id":15549,"href":"https:\/\/www.greenpeace.org\/chile\/wp-json\/wp\/v2\/posts\/13075\/revisions\/15549"}],"wp:featuredmedia":[{"embeddable":true,"href":"https:\/\/www.greenpeace.org\/chile\/wp-json\/wp\/v2\/media\/15545"}],"wp:attachment":[{"href":"https:\/\/www.greenpeace.org\/chile\/wp-json\/wp\/v2\/media?parent=13075"}],"wp:term":[{"taxonomy":"category","embeddable":true,"href":"https:\/\/www.greenpeace.org\/chile\/wp-json\/wp\/v2\/categories?post=13075"},{"taxonomy":"post_tag","embeddable":true,"href":"https:\/\/www.greenpeace.org\/chile\/wp-json\/wp\/v2\/tags?post=13075"},{"taxonomy":"p4-page-type","embeddable":true,"href":"https:\/\/www.greenpeace.org\/chile\/wp-json\/wp\/v2\/p4-page-type?post=13075"}],"curies":[{"name":"wp","href":"https:\/\/api.w.org\/{rel}","templated":true}]}}