{"id":13214,"date":"2024-11-20T20:19:16","date_gmt":"2024-11-20T20:19:16","guid":{"rendered":"https:\/\/www.greenpeace.org\/chile\/?p=13214"},"modified":"2024-11-20T20:24:57","modified_gmt":"2024-11-20T20:24:57","slug":"greenpeace-realiza-su-primera-protesta-ambiental-aerea","status":"publish","type":"post","link":"https:\/\/www.greenpeace.org\/chile\/noticia\/issues\/climayenergia\/greenpeace-realiza-su-primera-protesta-ambiental-aerea\/","title":{"rendered":"Greenpeace realiza su primera protesta ambiental a\u00e9rea"},"content":{"rendered":"\n<ul class=\"wp-block-list\">\n<li><em>La organizaci\u00f3n realiz\u00f3 un show de drones al cierre del primer d\u00eda del festival Ladera Sur con un mensaje para proteger la cordillera de Los Andes, los glaciares y al gato andino, de los peligros que amenazan su conservaci\u00f3n.\u00a0<\/em><\/li>\n<\/ul>\n\n<ul class=\"wp-block-list\">\n<li><em>El espect\u00e1culo lum\u00ednico cont\u00f3 con m\u00e1s de 200 drones en el aire y pudo ser observado en un radio de 5 kil\u00f3metros a la redonda.<\/em><\/li>\n<\/ul>\n\n<figure class=\"wp-block-image size-large\"><img loading=\"lazy\" decoding=\"async\" width=\"1024\" height=\"683\" src=\"https:\/\/www.greenpeace.org\/static\/planet4-chile-stateless\/2024\/11\/4326bf2c-drones-en-ladera-sur-14-foto-cristobal-olivares-greenpeace-1024x683.jpg\" alt=\"\" class=\"wp-image-13215\" srcset=\"https:\/\/www.greenpeace.org\/static\/planet4-chile-stateless\/2024\/11\/4326bf2c-drones-en-ladera-sur-14-foto-cristobal-olivares-greenpeace-1024x683.jpg 1024w, https:\/\/www.greenpeace.org\/static\/planet4-chile-stateless\/2024\/11\/4326bf2c-drones-en-ladera-sur-14-foto-cristobal-olivares-greenpeace-300x200.jpg 300w, https:\/\/www.greenpeace.org\/static\/planet4-chile-stateless\/2024\/11\/4326bf2c-drones-en-ladera-sur-14-foto-cristobal-olivares-greenpeace-768x513.jpg 768w, https:\/\/www.greenpeace.org\/static\/planet4-chile-stateless\/2024\/11\/4326bf2c-drones-en-ladera-sur-14-foto-cristobal-olivares-greenpeace-1536x1025.jpg 1536w, https:\/\/www.greenpeace.org\/static\/planet4-chile-stateless\/2024\/11\/4326bf2c-drones-en-ladera-sur-14-foto-cristobal-olivares-greenpeace-2048x1366.jpg 2048w, https:\/\/www.greenpeace.org\/static\/planet4-chile-stateless\/2024\/11\/4326bf2c-drones-en-ladera-sur-14-foto-cristobal-olivares-greenpeace-510x340.jpg 510w\" sizes=\"auto, (max-width: 1024px) 100vw, 1024px\" \/><figcaption class=\"wp-element-caption\"> Cristobal Olivares \/ Greenpeace<div class=\"credit icon-left\"> \u00a9 Cristobal Olivares \/ Greenpeace<\/div><\/figcaption><\/figure>\n\n<p>Noviembre 2024.<strong> <\/strong>La noche de este viernes, <strong>Greenpeace realiz\u00f3 su primera protesta ambiental a\u00e9rea, al cierre de la primera jornada del Festival Ladera Sur.<\/strong> La proyecci\u00f3n incluy\u00f3 una flota de m\u00e1s de 200 drones acrob\u00e1ticos que pudieron ser vistos por los asistentes al festival y en un radio de m\u00e1s de 5 kil\u00f3metros a la redonda, y se enmarca dentro de su campa\u00f1a<strong> \u201cSubamos la voz, Bajemos Los Bronces\u201d<\/strong>, que busca sumar miles de voces para detener el proyecto minero Los Bronces Integrado, que se ejecutar\u00e1 en la Cordillera de Los Andes, en la Regi\u00f3n Metropolitana.\u00a0<\/p>\n\n<blockquote class=\"instagram-media\" data-instgrm-captioned data-instgrm-permalink=\"https:\/\/www.instagram.com\/reel\/DCdMd4ltgMT\/?utm_source=ig_embed&amp;utm_campaign=loading\" data-instgrm-version=\"14\" style=\" background:#FFF; border:0; border-radius:3px; box-shadow:0 0 1px 0 rgba(0,0,0,0.5),0 1px 10px 0 rgba(0,0,0,0.15); margin: 1px; max-width:540px; min-width:326px; padding:0; width:99.375%; width:-webkit-calc(100% - 2px); width:calc(100% - 2px);\"><div style=\"padding:16px;\"> <a href=\"https:\/\/www.instagram.com\/reel\/DCdMd4ltgMT\/?utm_source=ig_embed&amp;utm_campaign=loading\" style=\" background:#FFFFFF; line-height:0; padding:0 0; text-align:center; text-decoration:none; width:100%;\" target=\"_blank\" rel=\"noopener\"> <div style=\" display: flex; flex-direction: row; align-items: center;\"> <div style=\"background-color: #F4F4F4; border-radius: 50%; flex-grow: 0; height: 40px; margin-right: 14px; width: 40px;\"><\/div> <div style=\"display: flex; flex-direction: column; flex-grow: 1; justify-content: center;\"> <div style=\" background-color: #F4F4F4; border-radius: 4px; flex-grow: 0; height: 14px; margin-bottom: 6px; width: 100px;\"><\/div> <div style=\" background-color: #F4F4F4; border-radius: 4px; flex-grow: 0; height: 14px; width: 60px;\"><\/div><\/div><\/div><div style=\"padding: 19% 0;\"><\/div> <div style=\"display:block; height:50px; margin:0 auto 12px; width:50px;\"><svg width=\"50px\" height=\"50px\" viewBox=\"0 0 60 60\" version=\"1.1\" xmlns=\"https:\/\/www.w3.org\/2000\/svg\" xmlns:xlink=\"https:\/\/www.w3.org\/1999\/xlink\"><g stroke=\"none\" stroke-width=\"1\" fill=\"none\" fill-rule=\"evenodd\"><g transform=\"translate(-511.000000, -20.000000)\" fill=\"#000000\"><g><path d=\"M556.869,30.41 C554.814,30.41 553.148,32.076 553.148,34.131 C553.148,36.186 554.814,37.852 556.869,37.852 C558.924,37.852 560.59,36.186 560.59,34.131 C560.59,32.076 558.924,30.41 556.869,30.41 M541,60.657 C535.114,60.657 530.342,55.887 530.342,50 C530.342,44.114 535.114,39.342 541,39.342 C546.887,39.342 551.658,44.114 551.658,50 C551.658,55.887 546.887,60.657 541,60.657 M541,33.886 C532.1,33.886 524.886,41.1 524.886,50 C524.886,58.899 532.1,66.113 541,66.113 C549.9,66.113 557.115,58.899 557.115,50 C557.115,41.1 549.9,33.886 541,33.886 M565.378,62.101 C565.244,65.022 564.756,66.606 564.346,67.663 C563.803,69.06 563.154,70.057 562.106,71.106 C561.058,72.155 560.06,72.803 558.662,73.347 C557.607,73.757 556.021,74.244 553.102,74.378 C549.944,74.521 548.997,74.552 541,74.552 C533.003,74.552 532.056,74.521 528.898,74.378 C525.979,74.244 524.393,73.757 523.338,73.347 C521.94,72.803 520.942,72.155 519.894,71.106 C518.846,70.057 518.197,69.06 517.654,67.663 C517.244,66.606 516.755,65.022 516.623,62.101 C516.479,58.943 516.448,57.996 516.448,50 C516.448,42.003 516.479,41.056 516.623,37.899 C516.755,34.978 517.244,33.391 517.654,32.338 C518.197,30.938 518.846,29.942 519.894,28.894 C520.942,27.846 521.94,27.196 523.338,26.654 C524.393,26.244 525.979,25.756 528.898,25.623 C532.057,25.479 533.004,25.448 541,25.448 C548.997,25.448 549.943,25.479 553.102,25.623 C556.021,25.756 557.607,26.244 558.662,26.654 C560.06,27.196 561.058,27.846 562.106,28.894 C563.154,29.942 563.803,30.938 564.346,32.338 C564.756,33.391 565.244,34.978 565.378,37.899 C565.522,41.056 565.552,42.003 565.552,50 C565.552,57.996 565.522,58.943 565.378,62.101 M570.82,37.631 C570.674,34.438 570.167,32.258 569.425,30.349 C568.659,28.377 567.633,26.702 565.965,25.035 C564.297,23.368 562.623,22.342 560.652,21.575 C558.743,20.834 556.562,20.326 553.369,20.18 C550.169,20.033 549.148,20 541,20 C532.853,20 531.831,20.033 528.631,20.18 C525.438,20.326 523.257,20.834 521.349,21.575 C519.376,22.342 517.703,23.368 516.035,25.035 C514.368,26.702 513.342,28.377 512.574,30.349 C511.834,32.258 511.326,34.438 511.181,37.631 C511.035,40.831 511,41.851 511,50 C511,58.147 511.035,59.17 511.181,62.369 C511.326,65.562 511.834,67.743 512.574,69.651 C513.342,71.625 514.368,73.296 516.035,74.965 C517.703,76.634 519.376,77.658 521.349,78.425 C523.257,79.167 525.438,79.673 528.631,79.82 C531.831,79.965 532.853,80.001 541,80.001 C549.148,80.001 550.169,79.965 553.369,79.82 C556.562,79.673 558.743,79.167 560.652,78.425 C562.623,77.658 564.297,76.634 565.965,74.965 C567.633,73.296 568.659,71.625 569.425,69.651 C570.167,67.743 570.674,65.562 570.82,62.369 C570.966,59.17 571,58.147 571,50 C571,41.851 570.966,40.831 570.82,37.631\"><\/path><\/g><\/g><\/g><\/svg><\/div><div style=\"padding-top: 8px;\"> <div style=\" color:#3897f0; font-family:Arial,sans-serif; font-size:14px; font-style:normal; font-weight:550; line-height:18px;\">Ver esta publicaci\u00f3n en Instagram<\/div><\/div><div style=\"padding: 12.5% 0;\"><\/div> <div style=\"display: flex; flex-direction: row; margin-bottom: 14px; align-items: center;\"><div> <div style=\"background-color: #F4F4F4; border-radius: 50%; height: 12.5px; width: 12.5px; transform: translateX(0px) translateY(7px);\"><\/div> <div style=\"background-color: #F4F4F4; height: 12.5px; transform: rotate(-45deg) translateX(3px) translateY(1px); width: 12.5px; flex-grow: 0; margin-right: 14px; margin-left: 2px;\"><\/div> <div style=\"background-color: #F4F4F4; border-radius: 50%; height: 12.5px; width: 12.5px; transform: translateX(9px) translateY(-18px);\"><\/div><\/div><div style=\"margin-left: 8px;\"> <div style=\" background-color: #F4F4F4; border-radius: 50%; flex-grow: 0; height: 20px; width: 20px;\"><\/div> <div style=\" width: 0; height: 0; border-top: 2px solid transparent; border-left: 6px solid #f4f4f4; border-bottom: 2px solid transparent; transform: translateX(16px) translateY(-4px) rotate(30deg)\"><\/div><\/div><div style=\"margin-left: auto;\"> <div style=\" width: 0px; border-top: 8px solid #F4F4F4; border-right: 8px solid transparent; transform: translateY(16px);\"><\/div> <div style=\" background-color: #F4F4F4; flex-grow: 0; height: 12px; width: 16px; transform: translateY(-4px);\"><\/div> <div style=\" width: 0; height: 0; border-top: 8px solid #F4F4F4; border-left: 8px solid transparent; transform: translateY(-4px) translateX(8px);\"><\/div><\/div><\/div> <div style=\"display: flex; flex-direction: column; flex-grow: 1; justify-content: center; margin-bottom: 24px;\"> <div style=\" background-color: #F4F4F4; border-radius: 4px; flex-grow: 0; height: 14px; margin-bottom: 6px; width: 224px;\"><\/div> <div style=\" background-color: #F4F4F4; border-radius: 4px; flex-grow: 0; height: 14px; width: 144px;\"><\/div><\/div><\/a><p style=\" color:#c9c8cd; font-family:Arial,sans-serif; font-size:14px; line-height:17px; margin-bottom:0; margin-top:8px; overflow:hidden; padding:8px 0 7px; text-align:center; text-overflow:ellipsis; white-space:nowrap;\"><a href=\"https:\/\/www.instagram.com\/reel\/DCdMd4ltgMT\/?utm_source=ig_embed&amp;utm_campaign=loading\" style=\" color:#c9c8cd; font-family:Arial,sans-serif; font-size:14px; font-style:normal; font-weight:normal; line-height:17px; text-decoration:none;\" target=\"_blank\" rel=\"noopener\">Una publicaci\u00f3n compartida de Greenpeace Chile (@greenpeacecl)<\/a><\/p><\/div><\/blockquote>\n<script async src=\"\/\/www.instagram.com\/embed.js\"><\/script>\n\n<figure class=\"wp-block-image size-large\"><img loading=\"lazy\" decoding=\"async\" width=\"1024\" height=\"683\" src=\"https:\/\/www.greenpeace.org\/static\/planet4-chile-stateless\/2024\/11\/46a1e4a2-drones-en-ladera-sur-02-foto-cristobal-olivares-greenpeace-1024x683.jpg\" alt=\"\" class=\"wp-image-13219\" srcset=\"https:\/\/www.greenpeace.org\/static\/planet4-chile-stateless\/2024\/11\/46a1e4a2-drones-en-ladera-sur-02-foto-cristobal-olivares-greenpeace-1024x683.jpg 1024w, https:\/\/www.greenpeace.org\/static\/planet4-chile-stateless\/2024\/11\/46a1e4a2-drones-en-ladera-sur-02-foto-cristobal-olivares-greenpeace-300x200.jpg 300w, https:\/\/www.greenpeace.org\/static\/planet4-chile-stateless\/2024\/11\/46a1e4a2-drones-en-ladera-sur-02-foto-cristobal-olivares-greenpeace-768x513.jpg 768w, https:\/\/www.greenpeace.org\/static\/planet4-chile-stateless\/2024\/11\/46a1e4a2-drones-en-ladera-sur-02-foto-cristobal-olivares-greenpeace-1536x1025.jpg 1536w, https:\/\/www.greenpeace.org\/static\/planet4-chile-stateless\/2024\/11\/46a1e4a2-drones-en-ladera-sur-02-foto-cristobal-olivares-greenpeace-2048x1366.jpg 2048w, https:\/\/www.greenpeace.org\/static\/planet4-chile-stateless\/2024\/11\/46a1e4a2-drones-en-ladera-sur-02-foto-cristobal-olivares-greenpeace-510x340.jpg 510w\" sizes=\"auto, (max-width: 1024px) 100vw, 1024px\" \/><figcaption class=\"wp-element-caption\">Cristobal Olivares \/ Greenpeace<\/figcaption><\/figure>\n\n<figure class=\"wp-block-image size-large\"><img loading=\"lazy\" decoding=\"async\" width=\"1024\" height=\"683\" src=\"https:\/\/www.greenpeace.org\/static\/planet4-chile-stateless\/2024\/11\/3c4ef473-drones-en-ladera-sur-11-foto-cristobal-olivares-greenpeace-1024x683.jpg\" alt=\"\" class=\"wp-image-13220\" srcset=\"https:\/\/www.greenpeace.org\/static\/planet4-chile-stateless\/2024\/11\/3c4ef473-drones-en-ladera-sur-11-foto-cristobal-olivares-greenpeace-1024x683.jpg 1024w, https:\/\/www.greenpeace.org\/static\/planet4-chile-stateless\/2024\/11\/3c4ef473-drones-en-ladera-sur-11-foto-cristobal-olivares-greenpeace-300x200.jpg 300w, https:\/\/www.greenpeace.org\/static\/planet4-chile-stateless\/2024\/11\/3c4ef473-drones-en-ladera-sur-11-foto-cristobal-olivares-greenpeace-768x513.jpg 768w, https:\/\/www.greenpeace.org\/static\/planet4-chile-stateless\/2024\/11\/3c4ef473-drones-en-ladera-sur-11-foto-cristobal-olivares-greenpeace-1536x1025.jpg 1536w, https:\/\/www.greenpeace.org\/static\/planet4-chile-stateless\/2024\/11\/3c4ef473-drones-en-ladera-sur-11-foto-cristobal-olivares-greenpeace-2048x1366.jpg 2048w, https:\/\/www.greenpeace.org\/static\/planet4-chile-stateless\/2024\/11\/3c4ef473-drones-en-ladera-sur-11-foto-cristobal-olivares-greenpeace-510x340.jpg 510w\" sizes=\"auto, (max-width: 1024px) 100vw, 1024px\" \/><figcaption class=\"wp-element-caption\">Cristobal Olivares \/ Greenpeace<\/figcaption><\/figure>\n\n<p>\u201cEl prop\u00f3sito de esta acci\u00f3n, que podemos considerar nuestra <strong>primera protesta ambiental a\u00e9rea<\/strong>, es<strong> llamar la atenci\u00f3n sobre la importancia de cuidar nuestra cordillera de la expansi\u00f3n minera.<\/strong> <strong>Esta industria amenaza con transformar paisajes y destruir recursos esenciales como los glaciares, que garantizan nuestro suministro futuro de agua.<\/strong> Estudios han demostrado que el polvo y las vibraciones de esta actividad aceleran su derretimiento\u00a0 hasta en un 80%. En un contexto de sequ\u00eda como el que vivimos, no podemos permitir que esto contin\u00fae\u201d, destac\u00f3 Mat\u00edas As\u00fan, director de Greenpeace Chile, al finalizar el show de luces.<\/p>\n\n<figure class=\"wp-block-image size-large\"><img loading=\"lazy\" decoding=\"async\" width=\"1024\" height=\"683\" src=\"https:\/\/www.greenpeace.org\/static\/planet4-chile-stateless\/2024\/11\/b2cff276-drones-en-ladera-sur-03-foto-cristobal-olivares-greenpeace-1024x683.jpg\" alt=\"\" class=\"wp-image-13218\" srcset=\"https:\/\/www.greenpeace.org\/static\/planet4-chile-stateless\/2024\/11\/b2cff276-drones-en-ladera-sur-03-foto-cristobal-olivares-greenpeace-1024x683.jpg 1024w, https:\/\/www.greenpeace.org\/static\/planet4-chile-stateless\/2024\/11\/b2cff276-drones-en-ladera-sur-03-foto-cristobal-olivares-greenpeace-300x200.jpg 300w, https:\/\/www.greenpeace.org\/static\/planet4-chile-stateless\/2024\/11\/b2cff276-drones-en-ladera-sur-03-foto-cristobal-olivares-greenpeace-768x513.jpg 768w, https:\/\/www.greenpeace.org\/static\/planet4-chile-stateless\/2024\/11\/b2cff276-drones-en-ladera-sur-03-foto-cristobal-olivares-greenpeace-1536x1025.jpg 1536w, https:\/\/www.greenpeace.org\/static\/planet4-chile-stateless\/2024\/11\/b2cff276-drones-en-ladera-sur-03-foto-cristobal-olivares-greenpeace-2048x1366.jpg 2048w, https:\/\/www.greenpeace.org\/static\/planet4-chile-stateless\/2024\/11\/b2cff276-drones-en-ladera-sur-03-foto-cristobal-olivares-greenpeace-510x340.jpg 510w\" sizes=\"auto, (max-width: 1024px) 100vw, 1024px\" \/><figcaption class=\"wp-element-caption\">Cristobal Olivares \/ Greenpeace<\/figcaption><\/figure>\n\n<figure class=\"wp-block-image size-large\"><img loading=\"lazy\" decoding=\"async\" width=\"1024\" height=\"683\" src=\"https:\/\/www.greenpeace.org\/static\/planet4-chile-stateless\/2024\/11\/a68acb53-drones-en-ladera-sur-05-foto-cristobal-olivares-greenpeace-1024x683.jpg\" alt=\"\" class=\"wp-image-13221\" srcset=\"https:\/\/www.greenpeace.org\/static\/planet4-chile-stateless\/2024\/11\/a68acb53-drones-en-ladera-sur-05-foto-cristobal-olivares-greenpeace-1024x683.jpg 1024w, https:\/\/www.greenpeace.org\/static\/planet4-chile-stateless\/2024\/11\/a68acb53-drones-en-ladera-sur-05-foto-cristobal-olivares-greenpeace-300x200.jpg 300w, https:\/\/www.greenpeace.org\/static\/planet4-chile-stateless\/2024\/11\/a68acb53-drones-en-ladera-sur-05-foto-cristobal-olivares-greenpeace-768x513.jpg 768w, https:\/\/www.greenpeace.org\/static\/planet4-chile-stateless\/2024\/11\/a68acb53-drones-en-ladera-sur-05-foto-cristobal-olivares-greenpeace-1536x1025.jpg 1536w, https:\/\/www.greenpeace.org\/static\/planet4-chile-stateless\/2024\/11\/a68acb53-drones-en-ladera-sur-05-foto-cristobal-olivares-greenpeace-2048x1366.jpg 2048w, https:\/\/www.greenpeace.org\/static\/planet4-chile-stateless\/2024\/11\/a68acb53-drones-en-ladera-sur-05-foto-cristobal-olivares-greenpeace-510x340.jpg 510w\" sizes=\"auto, (max-width: 1024px) 100vw, 1024px\" \/><figcaption class=\"wp-element-caption\">Cristobal Olivares \/ Greenpeace.<\/figcaption><\/figure>\n\n<p>En tanto Victoria Uranga,\u00a0 de la Corporaci\u00f3n Defensa de la Cuenca del Mapocho, que agrupa vecinos aleda\u00f1os al proyecto minero, valor\u00f3 que se realicen este tipo de llamados de atenci\u00f3n, que buscan generar conciencia entre los habitantes de Santiago. \u201c<strong>Muy cerca de aqu\u00ed, a s\u00f3lo 50 kil\u00f3metros de la ciudad, las obras de Los Bronces Integrado\u00a0 nos afectar\u00e1n a todas y todos, especialmente la vida en el Santuario de la Naturaleza Yerba Loca<\/strong>, que es el hogar de especies \u00fanicas como el gato andino, y cuya poblaci\u00f3n adulta se estima en apenas 1.400 ejemplares. <strong>Con registros recientes se confirm\u00f3 que habita en esta zona, lo que hace indispensable proteger su h\u00e1bitat del impacto del proyecto Los Bronces Integrado<\/strong>. Se hace urgente visibilizar estas amenazas y detener la ampliaci\u00f3n\u00a0 de esta mina\u201d, asegur\u00f3.<\/p>\n\n<p>Para sumarse a esta campa\u00f1a\u00a0 en defensa de la cordillera, la organizaci\u00f3n ambientalista dispuso el sitio <a href=\"http:\/\/www.bajemoslosbronces.cl\"><strong>www.bajemoslosbronces.cl<\/strong><\/a><\/p>\n\t\t\t<section\n\t\t\tclass=\"boxout post-11943 \"\n\t\t\t\n\t\t>\n\t\t\t<a\n\t\t\t\tdata-ga-category=\"Take Action Boxout\"\n\t\t\t\tdata-ga-action=\"Image\"\n\t\t\t\tdata-ga-label=\"n\/a\"\n\t\t\t\tclass=\"cover-card-overlay\"\n\t\t\t\thref=\"https:\/\/www.greenpeace.org\/chile\/involucrate\/bronces-integrado\/\" \n\t\t\t><\/a>\n\t\t\t\t\t\t\t<img\n\t\t\t\t\t\tsrc=\"https:\/\/www.greenpeace.org\/static\/planet4-chile-stateless\/2024\/04\/022f47d8-gpch-los-bronces-integrados-credito-nicole-kramm-caifal-greenpeace-15-1024x683.jpg\"\n\t\t\t\t\t\tsrcset=\"https:\/\/www.greenpeace.org\/static\/planet4-chile-stateless\/2024\/04\/022f47d8-gpch-los-bronces-integrados-credito-nicole-kramm-caifal-greenpeace-15-300x200.jpg 300w, https:\/\/www.greenpeace.org\/static\/planet4-chile-stateless\/2024\/04\/022f47d8-gpch-los-bronces-integrados-credito-nicole-kramm-caifal-greenpeace-15-1024x683.jpg 1024w, https:\/\/www.greenpeace.org\/static\/planet4-chile-stateless\/2024\/04\/022f47d8-gpch-los-bronces-integrados-credito-nicole-kramm-caifal-greenpeace-15-768x513.jpg 768w, https:\/\/www.greenpeace.org\/static\/planet4-chile-stateless\/2024\/04\/022f47d8-gpch-los-bronces-integrados-credito-nicole-kramm-caifal-greenpeace-15-1536x1025.jpg 1536w, https:\/\/www.greenpeace.org\/static\/planet4-chile-stateless\/2024\/04\/022f47d8-gpch-los-bronces-integrados-credito-nicole-kramm-caifal-greenpeace-15-2048x1366.jpg 2048w, https:\/\/www.greenpeace.org\/static\/planet4-chile-stateless\/2024\/04\/022f47d8-gpch-los-bronces-integrados-credito-nicole-kramm-caifal-greenpeace-15-510x340.jpg 510w\"\n\t\t\t\t\t\tsizes=\"(min-width: 1000px) 358px, (min-width: 780px) 313px, 88px\"\n\t\t\t\t\t\talt=\"\" title=\"\"\n\t\t\t\t\/>\n            \t\t\t<div class=\"boxout-content\">\n\t\t\t\t\t\t\t\t\t<a\n\t\t\t\t\t\tclass=\"boxout-heading medium\"\n\t\t\t\t\t\tdata-ga-category=\"Take Action Boxout\"\n\t\t\t\t\t\tdata-ga-action=\"Title\"\n\t\t\t\t\t\tdata-ga-label=\"n\/a\"\n\t\t\t\t\t\thref=\"https:\/\/www.greenpeace.org\/chile\/involucrate\/bronces-integrado\/\"\n\t\t\t\t\t\t\n\t\t\t\t\t>\n\t\t\t\t\t\tLos Bronces\n\t\t\t\t\t<\/a>\n\t\t\t\t\t\t\t\t\t\t\t\t\t<p class=\"boxout-excerpt\">El proyecto minero Los Bronces Integrado pone en riesgo las reservas de agua de toda la Regi\u00f3n. Dile \u00a1No!<\/p>\n\t\t\t\t                                    <a\n                        class=\"btn btn-primary\"\n                        data-ga-category=\"Take Action Boxout\"\n                        data-ga-action=\"Call to Action\"\n                        data-ga-label=\"n\/a\"\n                        href=\"https:\/\/www.greenpeace.org\/chile\/involucrate\/bronces-integrado\/\"\n                        \n                    >\n                        Invol\u00facrate\n                    <\/a>\n                \t\t\t<\/div>\n\t\t\t\t\t<\/section>\n\t","protected":false},"excerpt":{"rendered":"<p>La organizaci\u00f3n realiz\u00f3 un show de drones al cierre del primer d\u00eda del festival Ladera Sur con un mensaje para proteger la cordillera de Los Andes, los glaciares y al gato andino, de los peligros que amenazan su conservaci\u00f3n.<\/p>\n","protected":false},"author":24,"featured_media":13215,"comment_status":"closed","ping_status":"open","sticky":false,"template":"","format":"standard","meta":{"ep_exclude_from_search":false,"p4_og_title":"Greenpeace realiza su primera protesta ambiental a\u00e9rea","p4_og_description":"La organizaci\u00f3n realiz\u00f3 un show de drones al cierre del primer d\u00eda del festival Ladera Sur con un mensaje para proteger la cordillera de Los Andes, los glaciares y al gato andino, de los peligros que amenazan su conservaci\u00f3n.\u00a0","p4_og_image":"https:\/\/www.greenpeace.org\/static\/planet4-chile-stateless\/2024\/11\/46a1e4a2-drones-en-ladera-sur-02-foto-cristobal-olivares-greenpeace-scaled.jpg","p4_og_image_id":"13219","p4_seo_canonical_url":"","p4_campaign_name":"","p4_local_project":"","p4_basket_name":"","p4_department":"","footnotes":""},"categories":[3],"tags":[54],"p4-page-type":[16],"class_list":["post-13214","post","type-post","status-publish","format-standard","has-post-thumbnail","hentry","category-climayenergia","tag-cambio-climatico","p4-page-type-noticia"],"_links":{"self":[{"href":"https:\/\/www.greenpeace.org\/chile\/wp-json\/wp\/v2\/posts\/13214","targetHints":{"allow":["GET"]}}],"collection":[{"href":"https:\/\/www.greenpeace.org\/chile\/wp-json\/wp\/v2\/posts"}],"about":[{"href":"https:\/\/www.greenpeace.org\/chile\/wp-json\/wp\/v2\/types\/post"}],"author":[{"embeddable":true,"href":"https:\/\/www.greenpeace.org\/chile\/wp-json\/wp\/v2\/users\/24"}],"replies":[{"embeddable":true,"href":"https:\/\/www.greenpeace.org\/chile\/wp-json\/wp\/v2\/comments?post=13214"}],"version-history":[{"count":3,"href":"https:\/\/www.greenpeace.org\/chile\/wp-json\/wp\/v2\/posts\/13214\/revisions"}],"predecessor-version":[{"id":13225,"href":"https:\/\/www.greenpeace.org\/chile\/wp-json\/wp\/v2\/posts\/13214\/revisions\/13225"}],"wp:featuredmedia":[{"embeddable":true,"href":"https:\/\/www.greenpeace.org\/chile\/wp-json\/wp\/v2\/media\/13215"}],"wp:attachment":[{"href":"https:\/\/www.greenpeace.org\/chile\/wp-json\/wp\/v2\/media?parent=13214"}],"wp:term":[{"taxonomy":"category","embeddable":true,"href":"https:\/\/www.greenpeace.org\/chile\/wp-json\/wp\/v2\/categories?post=13214"},{"taxonomy":"post_tag","embeddable":true,"href":"https:\/\/www.greenpeace.org\/chile\/wp-json\/wp\/v2\/tags?post=13214"},{"taxonomy":"p4-page-type","embeddable":true,"href":"https:\/\/www.greenpeace.org\/chile\/wp-json\/wp\/v2\/p4-page-type?post=13214"}],"curies":[{"name":"wp","href":"https:\/\/api.w.org\/{rel}","templated":true}]}}