{"id":13226,"date":"2024-11-21T19:32:44","date_gmt":"2024-11-21T19:32:44","guid":{"rendered":"https:\/\/www.greenpeace.org\/chile\/?p=13226"},"modified":"2025-07-02T07:15:49","modified_gmt":"2025-07-02T07:15:49","slug":"derribando-barreras-de-acceso-a-la-justicia-ambiental-se-admiten-querellas-de-greenpeace-junto-a-comunidades-para-defender-la-naturaleza","status":"publish","type":"post","link":"https:\/\/www.greenpeace.org\/chile\/blog\/issues\/oceanos\/derribando-barreras-de-acceso-a-la-justicia-ambiental-se-admiten-querellas-de-greenpeace-junto-a-comunidades-para-defender-la-naturaleza\/","title":{"rendered":"Derribando barreras de acceso a la justicia ambiental:  se admiten querellas de Greenpeace junto a comunidades para defender la naturaleza"},"content":{"rendered":"\n<figure class=\"wp-block-image size-large\"><img loading=\"lazy\" decoding=\"async\" width=\"1024\" height=\"684\" src=\"https:\/\/www.greenpeace.org\/static\/planet4-chile-stateless\/2024\/11\/8affdf1c-ballena-jorobada-03-\u00a9-cristobal-olivares-greenpeace-1024x684.jpg\" alt=\"\" class=\"wp-image-13203\" srcset=\"https:\/\/www.greenpeace.org\/static\/planet4-chile-stateless\/2024\/11\/8affdf1c-ballena-jorobada-03-\u00a9-cristobal-olivares-greenpeace-1024x684.jpg 1024w, https:\/\/www.greenpeace.org\/static\/planet4-chile-stateless\/2024\/11\/8affdf1c-ballena-jorobada-03-\u00a9-cristobal-olivares-greenpeace-300x200.jpg 300w, https:\/\/www.greenpeace.org\/static\/planet4-chile-stateless\/2024\/11\/8affdf1c-ballena-jorobada-03-\u00a9-cristobal-olivares-greenpeace-768x513.jpg 768w, https:\/\/www.greenpeace.org\/static\/planet4-chile-stateless\/2024\/11\/8affdf1c-ballena-jorobada-03-\u00a9-cristobal-olivares-greenpeace-1536x1026.jpg 1536w, https:\/\/www.greenpeace.org\/static\/planet4-chile-stateless\/2024\/11\/8affdf1c-ballena-jorobada-03-\u00a9-cristobal-olivares-greenpeace-2048x1367.jpg 2048w, https:\/\/www.greenpeace.org\/static\/planet4-chile-stateless\/2024\/11\/8affdf1c-ballena-jorobada-03-\u00a9-cristobal-olivares-greenpeace-2046x1366.jpg 2046w, https:\/\/www.greenpeace.org\/static\/planet4-chile-stateless\/2024\/11\/8affdf1c-ballena-jorobada-03-\u00a9-cristobal-olivares-greenpeace-510x340.jpg 510w\" sizes=\"auto, (max-width: 1024px) 100vw, 1024px\" \/><figcaption class=\"wp-element-caption\">Cristobal Olivares \/ Greenpeace<\/figcaption><\/figure>\n\n<h4 class=\"wp-block-heading\">Celebramos un <strong>avance significativo<\/strong> en el reconocimiento del derecho de las comunidades ind\u00edgenas, la sociedad civil y los ciudadanos en general al acceso a la justicia ambiental. La justicia declar\u00f3 admisible la querella presentada por Greenpeace y la comunidad ind\u00edgena Kaw\u00e9sqar Grupos Familiares N\u00f3madas del Mar contra <a href=\"https:\/\/www.greenpeace.org\/chile\/noticia\/issues\/contaminacion\/por-primera-vez-en-chile-greenpeace-y-comunidades-se-querellan-penalmente-contra-responsables-de-la-muerte-de-ballenas-en-la-patagonia\/\">quienes resulten responsables de la muerte de dos ballenas jorobadas<\/a>. Esta acci\u00f3n legal no solo representa un<strong>\u00a0hito en materia de persecuci\u00f3n de delitos contra la naturaleza<\/strong> sino tambi\u00e9n se trata de un caso hist\u00f3rico en la justicia penal del pa\u00eds.<\/h4>\n\n<p>Por primera vez que <strong>se aplican las modificaciones de la Ley 21.595 de Delitos Econ\u00f3micos y Medioambientales al C\u00f3digo Penal<\/strong>, permitiendo la presentaci\u00f3n de querellas por infracciones ocurridas dentro de \u00e1reas protegidas.<\/p>\n\n<p>En este contexto, se destacan dos hitos hist\u00f3ricos en materia ambiental:<\/p>\n\n<p class=\"has-grey-200-background-color has-background\">&#8211;<strong>Primero,<\/strong> la presentaci\u00f3n de la querella: <strong>Esta es la primera vez que se presenta una querella utilizando la Ley 21.595 para abordar presuntas infracciones ocurridas dentro de \u00e1reas protegidas. <\/strong><\/p>\n\n<p>Greenpeace, junto con <strong>la comunidad ind\u00edgena Kaw\u00e9sqar Grupos Familiares N\u00f3madas del Mar,<\/strong> present\u00f3 el 11 de noviembre una acci\u00f3n legal contra los responsables de la muerte de dos ballenas jorobadas encontradas entre el 29 y 30 de octubre en el Parque Nacional San Rafael y la Reserva Nacional Kaw\u00e9sqar. Este hecho marca un avance significativo en el acceso a la justicia ambiental, al permitir que<strong> entidades no directamente involucradas en los hechos (como Greenpeace) puedan presentar demandas relacionadas con la protecci\u00f3n del medio ambiente.<\/strong><\/p>\n\n<p class=\"has-grey-200-background-color has-background\">&#8211;<strong>Segundo,<\/strong> la declaraci\u00f3n de admisibilidad de las querellas: <strong>Los juzgados de Letras y Garant\u00eda de Puerto Ays\u00e9n y de Punta Arenas declararon, por primera vez, \u201cadmisibles\u201d las querellas presentadas<\/strong>. <\/p>\n\n<p>Esta declaraci\u00f3n es un paso crucial porque implica que <strong>las querellas cumplen con los requisitos legales y que los tribunales proceder\u00e1n con la investigaci\u00f3n de los hechos denunciados<\/strong>. La admisibilidad no es solo un formalismo, sino que representa un <strong>avance significativo<\/strong> en el reconocimiento del derecho de las comunidades ind\u00edgenas, la sociedad civil y los ciudadanos en general al acceso a la justicia ambiental.<\/p>\n\n<h4 class=\"wp-block-heading\"><strong>La importancia de la Legitimaci\u00f3n activa<\/strong><\/h4>\n\n<figure class=\"wp-block-image size-full\"><img loading=\"lazy\" decoding=\"async\" width=\"800\" height=\"534\" src=\"https:\/\/www.greenpeace.org\/static\/planet4-chile-stateless\/2024\/09\/81850d45-gp1t4fz7_low-res-with-credit-line-800px.jpg\" alt=\"\" class=\"wp-image-13026\" srcset=\"https:\/\/www.greenpeace.org\/static\/planet4-chile-stateless\/2024\/09\/81850d45-gp1t4fz7_low-res-with-credit-line-800px.jpg 800w, https:\/\/www.greenpeace.org\/static\/planet4-chile-stateless\/2024\/09\/81850d45-gp1t4fz7_low-res-with-credit-line-800px-300x200.jpg 300w, https:\/\/www.greenpeace.org\/static\/planet4-chile-stateless\/2024\/09\/81850d45-gp1t4fz7_low-res-with-credit-line-800px-768x513.jpg 768w, https:\/\/www.greenpeace.org\/static\/planet4-chile-stateless\/2024\/09\/81850d45-gp1t4fz7_low-res-with-credit-line-800px-510x340.jpg 510w\" sizes=\"auto, (max-width: 800px) 100vw, 800px\" \/><\/figure>\n\n<p>Un aspecto fundamental de este proceso es el concepto de <strong>\u201clegitimaci\u00f3n activa\u201d,<\/strong> que hace referencia al <strong>derecho de Greenpeace y la comunidad ind\u00edgena de iniciar el juicio<\/strong>, dado su inter\u00e9s directo en el caso. <\/p>\n\n<p>En este caso,<strong> se ha reconocido a Greenpeace y a la comunidad ind\u00edgena la calidad de \u201cv\u00edctimas\u201d,esto constituye un hecho sin precedentes en la historia penal del pa\u00eds<\/strong>. Si bien, las <strong>v\u00edctimas directas en este caso son los individuos de ballenas jorobadas muertas dentro de \u00e1reas protegidas, se ha solicitado que se reconozca como v\u00edctimas a las comunidades ind\u00edgenas debido a su v\u00ednculo ancestral con los cet\u00e1ceos y su relaci\u00f3n con la Reserva Nacional Kaw\u00e9sqar<\/strong>. <\/p>\n\n<p>Por su parte, <strong>Greenpeace<\/strong>, como organizaci\u00f3n no gubernamental sin fines de lucro, dedicada a la protecci\u00f3n del medio ambiente, argument\u00f3 que su <strong>misi\u00f3n institucional es promover la preservaci\u00f3n de la naturaleza, la fauna, la flora y los recursos naturales.<\/strong> En base a la Constituci\u00f3n Pol\u00edtica de la Rep\u00fablica y a tratados internacionales, como el <strong>Acuerdo de Escaz\u00fa<\/strong>, Greenpeace defendi\u00f3 la <strong>legitimaci\u00f3n activa <\/strong>para intervenir en la protecci\u00f3n del medio ambiente.<\/p>\n\n<p>La <strong>interpretaci\u00f3n amplia de la legitimaci\u00f3n activa para actuar en defensa del medio ambiente<\/strong> representa un avance significativo en la persecuci\u00f3n de delitos ambientales y <strong>sienta un precedente<\/strong> en el \u00e1mbito penal y en el acceso a la justicia. Adem\u00e1s, este precedente <strong>puede servir como una gu\u00eda para los operadores de justicia<\/strong>, asegurando el cumplimiento efectivo de la normativa existente sobre delitos ambientales. A su vez, tiene el potencial de <strong>incentivar a la ciudadan\u00eda a hacer uso de la legislaci\u00f3n vigente <\/strong>y a denunciar los atentados contra el medio ambiente.<\/p>\n\n<p>\u201cEsta acci\u00f3n se alinea con <strong>nuestro foco de trabajo, el que se fundamenta en el constante trabajo con las comunidades locales<\/strong> afectadas por los impactos ambientales y sociales de la salmonicultura en la zona, y que conocen profundamente las din\u00e1micas de estas \u00e1reas protegidas\u201d, destac\u00f3 Mat\u00edas Asun, director de Greenpeace Chile.\u00a0<\/p>\n\n<p>Independiente de esta acci\u00f3n penal,<strong>\u00a0desde Greenpeace se refuerza que es esencial avanzar en verdaderos y efectivos m\u00e9todos de protecci\u00f3n para la biodiversidad marina.<\/strong>\u00a0<\/p>\n\t\t\t<section\n\t\t\tclass=\"boxout post-370 \"\n\t\t\t\n\t\t>\n\t\t\t<a\n\t\t\t\tdata-ga-category=\"Take Action Boxout\"\n\t\t\t\tdata-ga-action=\"Image\"\n\t\t\t\tdata-ga-label=\"n\/a\"\n\t\t\t\tclass=\"cover-card-overlay\"\n\t\t\t\thref=\"https:\/\/www.greenpeace.org\/chile\/involucrate\/salmonicultura\/\" \n\t\t\t><\/a>\n\t\t\t\t\t\t\t<img\n\t\t\t\t\t\tsrc=\"https:\/\/www.greenpeace.org\/static\/planet4-chile-stateless\/2018\/11\/3cf2de80-img_0308-1024x683.jpg\"\n\t\t\t\t\t\tsrcset=\"https:\/\/www.greenpeace.org\/static\/planet4-chile-stateless\/2018\/11\/3cf2de80-img_0308-300x200.jpg 300w, https:\/\/www.greenpeace.org\/static\/planet4-chile-stateless\/2018\/11\/3cf2de80-img_0308-768x512.jpg 768w, https:\/\/www.greenpeace.org\/static\/planet4-chile-stateless\/2018\/11\/3cf2de80-img_0308-1024x683.jpg 1024w, https:\/\/www.greenpeace.org\/static\/planet4-chile-stateless\/2018\/11\/3cf2de80-img_0308-2048x1366.jpg 2048w, https:\/\/www.greenpeace.org\/static\/planet4-chile-stateless\/2018\/11\/3cf2de80-img_0308-510x340.jpg 510w\"\n\t\t\t\t\t\tsizes=\"(min-width: 1000px) 358px, (min-width: 780px) 313px, 88px\"\n\t\t\t\t\t\talt=\"\" title=\"\"\n\t\t\t\t\/>\n            \t\t\t<div class=\"boxout-content\">\n\t\t\t\t\t\t\t\t\t<a\n\t\t\t\t\t\tclass=\"boxout-heading medium\"\n\t\t\t\t\t\tdata-ga-category=\"Take Action Boxout\"\n\t\t\t\t\t\tdata-ga-action=\"Title\"\n\t\t\t\t\t\tdata-ga-label=\"n\/a\"\n\t\t\t\t\t\thref=\"https:\/\/www.greenpeace.org\/chile\/involucrate\/salmonicultura\/\"\n\t\t\t\t\t\t\n\t\t\t\t\t>\n\t\t\t\t\t\tFreno a la expansi\u00f3n salmonera\u00a0\n\t\t\t\t\t<\/a>\n\t\t\t\t\t\t\t\t\t\t\t\t\t<p class=\"boxout-excerpt\">Ya hay m\u00e1s de 1.300 proyectos salmoneros aprobados entre las regiones de Los Lagos y Magallanes \u00a1y van por m\u00e1s! <\/p>\n\t\t\t\t                                    <a\n                        class=\"btn btn-primary\"\n                        data-ga-category=\"Take Action Boxout\"\n                        data-ga-action=\"Call to Action\"\n                        data-ga-label=\"n\/a\"\n                        href=\"https:\/\/www.greenpeace.org\/chile\/involucrate\/salmonicultura\/\"\n                        \n                    >\n                        Invol\u00facrate\n                    <\/a>\n                \t\t\t<\/div>\n\t\t\t\t\t<\/section>\n\t","protected":false},"excerpt":{"rendered":"<p>La reciente presentaci\u00f3n de esta acci\u00f3n legal representa un hito hist\u00f3rico en la justicia penal del pa\u00eds, ya que es la primera vez que se aplican las modificaciones de la&hellip;<\/p>\n","protected":false},"author":22,"featured_media":13203,"comment_status":"closed","ping_status":"open","sticky":false,"template":"","format":"standard","meta":{"ep_exclude_from_search":false,"p4_og_title":"Derribando barreras de acceso a la justicia ambiental: se admiten querellas de Greenpeace junto a comunidades para defender la naturaleza","p4_og_description":"Celebramos un avance significativo en el reconocimiento del derecho de las comunidades ind\u00edgenas, la sociedad civil y los ciudadanos en general al acceso a la justicia ambiental.","p4_og_image":"","p4_og_image_id":"","p4_seo_canonical_url":"","p4_campaign_name":"","p4_local_project":"","p4_basket_name":"","p4_department":"","footnotes":""},"categories":[18],"tags":[28],"p4-page-type":[14],"class_list":["post-13226","post","type-post","status-publish","format-standard","has-post-thumbnail","hentry","category-oceanos","tag-salmonera","p4-page-type-blog"],"_links":{"self":[{"href":"https:\/\/www.greenpeace.org\/chile\/wp-json\/wp\/v2\/posts\/13226","targetHints":{"allow":["GET"]}}],"collection":[{"href":"https:\/\/www.greenpeace.org\/chile\/wp-json\/wp\/v2\/posts"}],"about":[{"href":"https:\/\/www.greenpeace.org\/chile\/wp-json\/wp\/v2\/types\/post"}],"author":[{"embeddable":true,"href":"https:\/\/www.greenpeace.org\/chile\/wp-json\/wp\/v2\/users\/22"}],"replies":[{"embeddable":true,"href":"https:\/\/www.greenpeace.org\/chile\/wp-json\/wp\/v2\/comments?post=13226"}],"version-history":[{"count":3,"href":"https:\/\/www.greenpeace.org\/chile\/wp-json\/wp\/v2\/posts\/13226\/revisions"}],"predecessor-version":[{"id":14648,"href":"https:\/\/www.greenpeace.org\/chile\/wp-json\/wp\/v2\/posts\/13226\/revisions\/14648"}],"wp:featuredmedia":[{"embeddable":true,"href":"https:\/\/www.greenpeace.org\/chile\/wp-json\/wp\/v2\/media\/13203"}],"wp:attachment":[{"href":"https:\/\/www.greenpeace.org\/chile\/wp-json\/wp\/v2\/media?parent=13226"}],"wp:term":[{"taxonomy":"category","embeddable":true,"href":"https:\/\/www.greenpeace.org\/chile\/wp-json\/wp\/v2\/categories?post=13226"},{"taxonomy":"post_tag","embeddable":true,"href":"https:\/\/www.greenpeace.org\/chile\/wp-json\/wp\/v2\/tags?post=13226"},{"taxonomy":"p4-page-type","embeddable":true,"href":"https:\/\/www.greenpeace.org\/chile\/wp-json\/wp\/v2\/p4-page-type?post=13226"}],"curies":[{"name":"wp","href":"https:\/\/api.w.org\/{rel}","templated":true}]}}