{"id":13451,"date":"2025-01-15T15:21:57","date_gmt":"2025-01-15T15:21:57","guid":{"rendered":"https:\/\/www.greenpeace.org\/chile\/?p=13451"},"modified":"2025-01-15T15:25:40","modified_gmt":"2025-01-15T15:25:40","slug":"que-esperar-de-esta-temporada-estival","status":"publish","type":"post","link":"https:\/\/www.greenpeace.org\/chile\/noticia\/issues\/climayenergia\/que-esperar-de-esta-temporada-estival\/","title":{"rendered":"\u00bfQu\u00e9 esperar de esta temporada estival?"},"content":{"rendered":"\n<h4 class=\"wp-block-heading\">Hace pocos d\u00edas, La Ni\u00f1a finalmente lleg\u00f3 al pa\u00eds. Pese a que el fen\u00f3meno lleg\u00f3 debilitado y se espera que su paso sea breve, es importante recordar que, en un contexto de crisis clim\u00e1tica, las temperaturas estivales continuar\u00e1n subiendo, por lo que es importante mantener precauciones en materia sanitaria, de planificaci\u00f3n urbana y de control de incendios.<\/h4>\n\n<figure class=\"wp-block-image size-large\"><img loading=\"lazy\" decoding=\"async\" width=\"1024\" height=\"682\" src=\"https:\/\/www.greenpeace.org\/static\/planet4-chile-stateless\/2025\/01\/ade529b1-ola-de-calor-\u00a9-martin-katz-05-1024x682.jpg\" alt=\"\" class=\"wp-image-13457\" srcset=\"https:\/\/www.greenpeace.org\/static\/planet4-chile-stateless\/2025\/01\/ade529b1-ola-de-calor-\u00a9-martin-katz-05-1024x682.jpg 1024w, https:\/\/www.greenpeace.org\/static\/planet4-chile-stateless\/2025\/01\/ade529b1-ola-de-calor-\u00a9-martin-katz-05-300x200.jpg 300w, https:\/\/www.greenpeace.org\/static\/planet4-chile-stateless\/2025\/01\/ade529b1-ola-de-calor-\u00a9-martin-katz-05-768x512.jpg 768w, https:\/\/www.greenpeace.org\/static\/planet4-chile-stateless\/2025\/01\/ade529b1-ola-de-calor-\u00a9-martin-katz-05-1536x1024.jpg 1536w, https:\/\/www.greenpeace.org\/static\/planet4-chile-stateless\/2025\/01\/ade529b1-ola-de-calor-\u00a9-martin-katz-05-2048x1366.jpg 2048w, https:\/\/www.greenpeace.org\/static\/planet4-chile-stateless\/2025\/01\/ade529b1-ola-de-calor-\u00a9-martin-katz-05-510x340.jpg 510w\" sizes=\"auto, (max-width: 1024px) 100vw, 1024px\" \/><figcaption class=\"wp-element-caption\">\u00a9 Mart\u00edn Katz \/ Greenpeace<\/figcaption><\/figure>\n\n<p>\u201cHoy, puedo reportar oficialmente que hemos soportado una d\u00e9cada de calor mortal\u201d, expres\u00f3 en el marco de su mensaje de A\u00f1o Nuevo el secretario general de Naciones Unidas, Ant\u00f3nio Guterres, al dar a conocer que <strong>2024 es el a\u00f1o m\u00e1s c\u00e1lido desde que se tienen registros<\/strong>, logrando as\u00ed el triste r\u00e9cord de ser el d\u00e9cimo a\u00f1o consecutivo en lograr esta condici\u00f3n.&nbsp;<\/p>\n\n<figure class=\"wp-block-image size-large\"><img loading=\"lazy\" decoding=\"async\" width=\"1024\" height=\"682\" src=\"https:\/\/www.greenpeace.org\/static\/planet4-chile-stateless\/2025\/01\/7cc96316-ola-de-calor-\u00a9-martin-katz-03-1024x682.jpg\" alt=\"\" class=\"wp-image-13458\" srcset=\"https:\/\/www.greenpeace.org\/static\/planet4-chile-stateless\/2025\/01\/7cc96316-ola-de-calor-\u00a9-martin-katz-03-1024x682.jpg 1024w, https:\/\/www.greenpeace.org\/static\/planet4-chile-stateless\/2025\/01\/7cc96316-ola-de-calor-\u00a9-martin-katz-03-300x200.jpg 300w, https:\/\/www.greenpeace.org\/static\/planet4-chile-stateless\/2025\/01\/7cc96316-ola-de-calor-\u00a9-martin-katz-03-768x512.jpg 768w, https:\/\/www.greenpeace.org\/static\/planet4-chile-stateless\/2025\/01\/7cc96316-ola-de-calor-\u00a9-martin-katz-03-1536x1024.jpg 1536w, https:\/\/www.greenpeace.org\/static\/planet4-chile-stateless\/2025\/01\/7cc96316-ola-de-calor-\u00a9-martin-katz-03-2048x1366.jpg 2048w, https:\/\/www.greenpeace.org\/static\/planet4-chile-stateless\/2025\/01\/7cc96316-ola-de-calor-\u00a9-martin-katz-03-510x340.jpg 510w\" sizes=\"auto, (max-width: 1024px) 100vw, 1024px\" \/><figcaption class=\"wp-element-caption\">\u00a9 Mart\u00edn Katz \/ Greenpeace.<\/figcaption><\/figure>\n\n<p>El per\u00edodo estuvo, adem\u00e1s, marcado por <strong>eventos meteorol\u00f3gicos extremos, con lluvias e inundaciones, incendios, huracanes y ciclones sin precedentes y con graves consecuencias<\/strong>, seg\u00fan report\u00f3 la Organizaci\u00f3n Meteorol\u00f3gica Mundial (OMM). En su \u00faltimo informe, el organismo identific\u00f3 que la crisis clim\u00e1tica intensific\u00f3 26 de los 29 fen\u00f3menos meteorol\u00f3gicos estudiados por World Weather Attribution (WWA), dejando al menos 3.700 personas fallecidas y desplazando a millones.<\/p>\n\n<figure class=\"wp-block-image size-large\"><img loading=\"lazy\" decoding=\"async\" width=\"1024\" height=\"683\" src=\"https:\/\/www.greenpeace.org\/static\/planet4-chile-stateless\/2025\/01\/9cc0ba03-ola-de-calor-buenos-aires-credito-lucia-prieto-greenpeace-17-1024x683.jpg\" alt=\"\" class=\"wp-image-13453\" srcset=\"https:\/\/www.greenpeace.org\/static\/planet4-chile-stateless\/2025\/01\/9cc0ba03-ola-de-calor-buenos-aires-credito-lucia-prieto-greenpeace-17-1024x683.jpg 1024w, https:\/\/www.greenpeace.org\/static\/planet4-chile-stateless\/2025\/01\/9cc0ba03-ola-de-calor-buenos-aires-credito-lucia-prieto-greenpeace-17-300x200.jpg 300w, https:\/\/www.greenpeace.org\/static\/planet4-chile-stateless\/2025\/01\/9cc0ba03-ola-de-calor-buenos-aires-credito-lucia-prieto-greenpeace-17-768x512.jpg 768w, https:\/\/www.greenpeace.org\/static\/planet4-chile-stateless\/2025\/01\/9cc0ba03-ola-de-calor-buenos-aires-credito-lucia-prieto-greenpeace-17-1536x1024.jpg 1536w, https:\/\/www.greenpeace.org\/static\/planet4-chile-stateless\/2025\/01\/9cc0ba03-ola-de-calor-buenos-aires-credito-lucia-prieto-greenpeace-17-2048x1366.jpg 2048w, https:\/\/www.greenpeace.org\/static\/planet4-chile-stateless\/2025\/01\/9cc0ba03-ola-de-calor-buenos-aires-credito-lucia-prieto-greenpeace-17-510x340.jpg 510w\" sizes=\"auto, (max-width: 1024px) 100vw, 1024px\" \/><figcaption class=\"wp-element-caption\"><br>\u00a9 Luc\u00eda Prieto  \/ Greenpeace<\/figcaption><\/figure>\n\n<p>Dentro de ese contexto, el desaf\u00edo es <strong>prepararse para enfrentar 2025, que seguir\u00eda en la senda de los a\u00f1os anteriores<\/strong>. De hecho, el periodista cient\u00edfico, editor y especialista en el \u00e1mbito meteorol\u00f3gico, Alejandro Sep\u00falveda, proyecta que \u201cel pron\u00f3stico para este verano en Chile nos indica que, <strong>en promedio, debi\u00e9semos esperar temperaturas m\u00e1ximas por sobre la media hist\u00f3rica en todo el territorio nacional\u201d<\/strong>.<\/p>\n\n<p>El periodista aclara que, aunque desde hace un buen tiempo <strong>se apreciaban ya las consecuencias de La Ni\u00f1a en el pa\u00eds<\/strong> -con una mayor cantidad de d\u00edas frescos y grises en el litoral, m\u00e1s precipitaciones en el Altiplano y la probabilidad de precipitaciones en la Regi\u00f3n de Los Lagos y en la Patagonia-, la llegada de este fen\u00f3meno reci\u00e9n se confirm\u00f3 hace unos d\u00edas. Sin embargo, esta oscilaci\u00f3n ser\u00eda d\u00e9bil y de corta duraci\u00f3n; de hecho, se estima que durar\u00eda de enero a marzo, y ya en abril se debiera transitar a una fase de neutralidad.<\/p>\n\n<p>Silvana Espinosa, ge\u00f3grafa y vocera de Greenpeace, acota que, aunque existen probabilidades de debilitamiento de La Ni\u00f1a, n<strong>o podemos olvidar que debido al cambio clim\u00e1tico existe mucha incertidumbre en los pron\u00f3sticos, donde la tendencia hist\u00f3rica es que cada a\u00f1o sea m\u00e1s caluroso que el anterior, considerando adem\u00e1s que las condiciones del fen\u00f3meno tardan en instalarse<\/strong>: \u201cEn este escenario, es urgente que seamos conscientes del riesgo que el calor reviste para las poblaciones de riesgo (ni\u00f1os y ni\u00f1as, mujeres embarazadas, enfermos cr\u00f3nicos y adultos mayores) y en nuestros territorios, y nos preparemos para enfrentarlo de mejor manera\u201d, expresa.&nbsp;&nbsp;<\/p>\n\n<figure class=\"wp-block-image size-full\"><img loading=\"lazy\" decoding=\"async\" width=\"800\" height=\"534\" src=\"https:\/\/www.greenpeace.org\/static\/planet4-chile-stateless\/2025\/01\/22d9a018-ola-de-calor-california-credito-\u00a9-david-mcnew-greenpeace.jpg\" alt=\"\" class=\"wp-image-13454\" srcset=\"https:\/\/www.greenpeace.org\/static\/planet4-chile-stateless\/2025\/01\/22d9a018-ola-de-calor-california-credito-\u00a9-david-mcnew-greenpeace.jpg 800w, https:\/\/www.greenpeace.org\/static\/planet4-chile-stateless\/2025\/01\/22d9a018-ola-de-calor-california-credito-\u00a9-david-mcnew-greenpeace-300x200.jpg 300w, https:\/\/www.greenpeace.org\/static\/planet4-chile-stateless\/2025\/01\/22d9a018-ola-de-calor-california-credito-\u00a9-david-mcnew-greenpeace-768x513.jpg 768w, https:\/\/www.greenpeace.org\/static\/planet4-chile-stateless\/2025\/01\/22d9a018-ola-de-calor-california-credito-\u00a9-david-mcnew-greenpeace-510x340.jpg 510w\" sizes=\"auto, (max-width: 800px) 100vw, 800px\" \/><figcaption class=\"wp-element-caption\"> \u00a9 David McNew \/ Greenpeace <\/figcaption><\/figure>\n\n<p>Adicionalmente, la ge\u00f3grafa recuerda que, en este escenario, <strong>la ocurrencia de incendios forestales ha aumentado en los \u00faltimos a\u00f1os producto de la variabilidad de las condiciones meteorol\u00f3gicas y clim\u00e1ticas junto a \u00e9pocas de prolongadas sequ\u00edas,<\/strong> y tambi\u00e9n por factores humanos (intencionales o involuntarios) que terminan desatando feroces siniestros, algo que se puede evidenciar en, por ejemplo, la Regi\u00f3n Metropolitana, donde se presenta el mayor porcentaje de variaci\u00f3n del pa\u00eds (+85%) al comparar los \u00faltimos dos per\u00edodos. <\/p>\n\n<p>\u201cLa <strong>falta de una planificaci\u00f3n territorial adecuada, sobre todo para la interfaz urbano-rural<\/strong>; la expansi\u00f3n de asentamientos humanos y la consecuente degradaci\u00f3n de los ecosistemas han provocado que los incendios forestales sean cada vez m\u00e1s extensos o m\u00e1s da\u00f1inos, por lo que la ocurrencia de estos se ha convertido en una de las principales preocupaciones cada verano\u201d, comenta Espinosa.<\/p>\n\n<p>Sep\u00falveda coincide con aquello y agrega que<strong> \u201cdebido al invierno lluvioso que tuvimos, hay m\u00e1s combustible vegetal disponible para la propagaci\u00f3n de los incendios\u201d,<\/strong> lo que sumado a la posibilidad de vientos (incluso una simple brisa) es suficiente para mantener una mayor preocupaci\u00f3n, \u201csobre todo considerando que hoy en Chile la distribuci\u00f3n poblacional ha provocado una proliferaci\u00f3n de viviendas en sectores rurales\u201d.&nbsp;<\/p>\n\n<p>Teniendo en cuenta lo anterior, los expertos concuerdan que es importante reducir los riesgos en verano, donde Sep\u00falveda destaca la importancia de la educaci\u00f3n: \u201cEs importante dar a conocer a las personas que el calor extremo mata, que hay que proteger no s\u00f3lo la piel y los ojos de la radiaci\u00f3n UV, sino que tambi\u00e9n es clave la hidrataci\u00f3n\u201d. En la misma l\u00ednea, e<strong>l periodista a\u00f1ade que es fundamental promover la creaci\u00f3n de m\u00e1s \u00e1reas verdes en los centros urbanos, \u201cpara que la sensaci\u00f3n t\u00e9rmica no sea tan desigual<\/strong> en, por ejemplo, Providencia y Pedro Aguirre Cerda\u201d.&nbsp;<\/p>\n\n<figure class=\"wp-block-image size-large\"><img loading=\"lazy\" decoding=\"async\" width=\"1024\" height=\"683\" src=\"https:\/\/www.greenpeace.org\/static\/planet4-chile-stateless\/2025\/01\/6a8b9582-ola-de-calor-\u00a9-lucia-prieto-02-1024x683.jpg\" alt=\"\" class=\"wp-image-13460\" srcset=\"https:\/\/www.greenpeace.org\/static\/planet4-chile-stateless\/2025\/01\/6a8b9582-ola-de-calor-\u00a9-lucia-prieto-02-1024x683.jpg 1024w, https:\/\/www.greenpeace.org\/static\/planet4-chile-stateless\/2025\/01\/6a8b9582-ola-de-calor-\u00a9-lucia-prieto-02-300x200.jpg 300w, https:\/\/www.greenpeace.org\/static\/planet4-chile-stateless\/2025\/01\/6a8b9582-ola-de-calor-\u00a9-lucia-prieto-02-768x512.jpg 768w, https:\/\/www.greenpeace.org\/static\/planet4-chile-stateless\/2025\/01\/6a8b9582-ola-de-calor-\u00a9-lucia-prieto-02-1536x1024.jpg 1536w, https:\/\/www.greenpeace.org\/static\/planet4-chile-stateless\/2025\/01\/6a8b9582-ola-de-calor-\u00a9-lucia-prieto-02-2048x1366.jpg 2048w, https:\/\/www.greenpeace.org\/static\/planet4-chile-stateless\/2025\/01\/6a8b9582-ola-de-calor-\u00a9-lucia-prieto-02-510x340.jpg 510w\" sizes=\"auto, (max-width: 1024px) 100vw, 1024px\" \/><figcaption class=\"wp-element-caption\">\u00a9 Mart\u00edn Katz \/ Greenpeace.<\/figcaption><\/figure>\n\n<p>Por su parte, la vocera de Greenpeace recuerda lo <strong>relevante que es contar con una regulaci\u00f3n que sea capaz de prevenir la ocurrencia de incendios, y a la vez organizar sus combates una vez que estos han sido declarados<\/strong>. \u201cEs crucial contar con una ley que proteja de manera efectiva las zonas de interfaz urbano-rural, as\u00ed como la incorporaci\u00f3n de \u00e1reas de amortiguaci\u00f3n que eviten la r\u00e1pida propagaci\u00f3n de incendios y\/o permitan que estos sean controlados. Es por esto que esperamos que el Senado, particularmente su Comisi\u00f3n de Agricultura, avance con mayor celeridad en la discusi\u00f3n del proyecto de ley presentado por el Ejecutivo que se hace cargo de algunas de estas urgencias\u201d, concluye Espinosa.&nbsp;<\/p>\n","protected":false},"excerpt":{"rendered":"<p>Hace pocos d\u00edas, La Ni\u00f1a finalmente lleg\u00f3 al pa\u00eds. Pese a que el fen\u00f3meno lleg\u00f3 debilitado y se espera que su paso sea breve, es importante recordar que, en un&hellip;<\/p>\n","protected":false},"author":24,"featured_media":13453,"comment_status":"closed","ping_status":"open","sticky":false,"template":"","format":"standard","meta":{"ep_exclude_from_search":false,"p4_og_title":"\u00bfQu\u00e9 esperar de esta temporada estival?","p4_og_description":"Hace pocos d\u00edas, La Ni\u00f1a finalmente lleg\u00f3 al pa\u00eds. Pese a que el fen\u00f3meno lleg\u00f3 debilitado y se espera que su paso sea breve, es importante recordar que, en un contexto de crisis clim\u00e1tica, las temperaturas estivales continuar\u00e1n subiendo, por lo que es importante mantener precauciones en materia sanitaria, de planificaci\u00f3n urbana y de control de incendios.","p4_og_image":"https:\/\/www.greenpeace.org\/static\/planet4-chile-stateless\/2025\/01\/9cc0ba03-ola-de-calor-buenos-aires-credito-lucia-prieto-greenpeace-17.jpg","p4_og_image_id":"13453","p4_seo_canonical_url":"","p4_campaign_name":"","p4_local_project":"","p4_basket_name":"","p4_department":"","footnotes":""},"categories":[3],"tags":[54],"p4-page-type":[16],"class_list":["post-13451","post","type-post","status-publish","format-standard","has-post-thumbnail","hentry","category-climayenergia","tag-cambio-climatico","p4-page-type-noticia"],"_links":{"self":[{"href":"https:\/\/www.greenpeace.org\/chile\/wp-json\/wp\/v2\/posts\/13451","targetHints":{"allow":["GET"]}}],"collection":[{"href":"https:\/\/www.greenpeace.org\/chile\/wp-json\/wp\/v2\/posts"}],"about":[{"href":"https:\/\/www.greenpeace.org\/chile\/wp-json\/wp\/v2\/types\/post"}],"author":[{"embeddable":true,"href":"https:\/\/www.greenpeace.org\/chile\/wp-json\/wp\/v2\/users\/24"}],"replies":[{"embeddable":true,"href":"https:\/\/www.greenpeace.org\/chile\/wp-json\/wp\/v2\/comments?post=13451"}],"version-history":[{"count":3,"href":"https:\/\/www.greenpeace.org\/chile\/wp-json\/wp\/v2\/posts\/13451\/revisions"}],"predecessor-version":[{"id":13461,"href":"https:\/\/www.greenpeace.org\/chile\/wp-json\/wp\/v2\/posts\/13451\/revisions\/13461"}],"wp:featuredmedia":[{"embeddable":true,"href":"https:\/\/www.greenpeace.org\/chile\/wp-json\/wp\/v2\/media\/13453"}],"wp:attachment":[{"href":"https:\/\/www.greenpeace.org\/chile\/wp-json\/wp\/v2\/media?parent=13451"}],"wp:term":[{"taxonomy":"category","embeddable":true,"href":"https:\/\/www.greenpeace.org\/chile\/wp-json\/wp\/v2\/categories?post=13451"},{"taxonomy":"post_tag","embeddable":true,"href":"https:\/\/www.greenpeace.org\/chile\/wp-json\/wp\/v2\/tags?post=13451"},{"taxonomy":"p4-page-type","embeddable":true,"href":"https:\/\/www.greenpeace.org\/chile\/wp-json\/wp\/v2\/p4-page-type?post=13451"}],"curies":[{"name":"wp","href":"https:\/\/api.w.org\/{rel}","templated":true}]}}