{"id":13799,"date":"2025-03-21T07:51:58","date_gmt":"2025-03-21T07:51:58","guid":{"rendered":"https:\/\/www.greenpeace.org\/chile\/?p=13799"},"modified":"2025-07-02T07:12:51","modified_gmt":"2025-07-02T07:12:51","slug":"chile-pais-de-glaciares-hielo-en-el-desierto-y-otras-curiosidades-de-estos-gigantes-helados","status":"publish","type":"post","link":"https:\/\/www.greenpeace.org\/chile\/blog\/issues\/climayenergia\/chile-pais-de-glaciares-hielo-en-el-desierto-y-otras-curiosidades-de-estos-gigantes-helados\/","title":{"rendered":"Chile, pa\u00eds de glaciares: hielo en el desierto y otras curiosidades de estos gigantes helados\u00a0"},"content":{"rendered":"\n<p>Los glaciares son importantes masas de hielo que se forman a lo largo del tiempo por la acumulaci\u00f3n y compactaci\u00f3n de la nieve. Son <strong>nuestras principales reservas de agua dulce en estado s\u00f3lido y aunque suene incre\u00edble, est\u00e1n presentes de norte a sur en nuestra Cordillera de Los Andes<\/strong>.\u00a0<\/p>\n\n<figure class=\"wp-block-image size-full\"><img loading=\"lazy\" decoding=\"async\" width=\"800\" height=\"534\" src=\"https:\/\/www.greenpeace.org\/static\/planet4-chile-stateless\/2025\/03\/f0906ebf-gp0x6x_low-res-with-credit-line-800px.jpg\" alt=\"\" class=\"wp-image-13803\" srcset=\"https:\/\/www.greenpeace.org\/static\/planet4-chile-stateless\/2025\/03\/f0906ebf-gp0x6x_low-res-with-credit-line-800px.jpg 800w, https:\/\/www.greenpeace.org\/static\/planet4-chile-stateless\/2025\/03\/f0906ebf-gp0x6x_low-res-with-credit-line-800px-300x200.jpg 300w, https:\/\/www.greenpeace.org\/static\/planet4-chile-stateless\/2025\/03\/f0906ebf-gp0x6x_low-res-with-credit-line-800px-768x513.jpg 768w, https:\/\/www.greenpeace.org\/static\/planet4-chile-stateless\/2025\/03\/f0906ebf-gp0x6x_low-res-with-credit-line-800px-510x340.jpg 510w\" sizes=\"auto, (max-width: 800px) 100vw, 800px\" \/><figcaption class=\"wp-element-caption\">Glaciar San Rafael.<\/figcaption><\/figure>\n\n<p>A partir de este a\u00f1o, el <strong>D\u00eda Mundial de los Glaciares <\/strong>se conmemorar\u00e1 cada <strong>21 de marzo<\/strong>, seg\u00fan lo estableci\u00f3 la Organizaci\u00f3n de las Naciones Unidas (ONU). Con esta nueva fecha se busca llamar la atenci\u00f3n sobre el <strong>derretimiento acelerado <\/strong>de estos gigantes helados y sobre los <strong>severos impactos <\/strong>que esto tendr\u00e1 en los ecosistemas, las comunidades y la econom\u00eda global.&nbsp;<\/p>\n\n<p>La ONU tambi\u00e9n proclam\u00f3 <strong>2025<\/strong> como el <strong>A\u00f1o Internacional de Conservaci\u00f3n de los Glaciares<\/strong> para crear conciencia sobre el rol vital que cumplen, junto con la nieve y el hielo, en el sistema clim\u00e1tico y el ciclo hidrol\u00f3gico.<\/p>\n\n<h2 class=\"wp-block-heading\"><strong>Chile, pa\u00eds de glaciares<\/strong><\/h2>\n<div data-hydrate=\"planet4-blocks\/gallery\" data-attributes=\"{&quot;attributes&quot;:{&quot;gallery_block_style&quot;:0,&quot;gallery_block_title&quot;:&quot;&quot;,&quot;gallery_block_description&quot;:&quot;&quot;,&quot;multiple_image&quot;:&quot;&quot;,&quot;gallery_block_focus_points&quot;:&quot;&quot;,&quot;image_data&quot;:[],&quot;images&quot;:[]}}\"><section class=\"block carousel-wrap \"><\/section><\/div>\n<p>En la actualidad existen 275.000 glaciares en todo el mundo, que se extienden por 700.000 km\u00b2 aprox. De ese total, <strong>Chile concentra m\u00e1s de 26.000 glaciares<\/strong>. Si bien alrededor de 70% est\u00e1n en la Patagonia (debido a los extensos Campos de Hielo), en la zona norte (Arica, Tarapac\u00e1, Antofagasta, Atacama y Coquimbo) hay m\u00e1s de 2.000 glaciares. Estos se encuentran en la Cordillera de los Andes, a gran altitud, donde las bajas temperaturas permiten su conservaci\u00f3n a pesar del clima \u00e1rido.<\/p>\n\n<p>Nuestra naturaleza nos convierte as\u00ed en el pa\u00eds con la<strong> mayor superficie englaciada de Sudam\u00e9rica, seg\u00fan<\/strong><a href=\"https:\/\/investigacionesgeograficas.uchile.cl\/index.php\/IG\/article\/view\/41739\/48945\"><strong> estudios geol\u00f3gicos<\/strong><\/a>, y nos dota de una caracter\u00edstica curiosa y muy singular: <strong>cerca del desierto m\u00e1s \u00e1rido del mundo tambi\u00e9n encontramos glaciares<\/strong>, dos ambientes que parecen tan distintos pero, aqu\u00ed, se unen.&nbsp;<\/p>\n\n<h2 class=\"wp-block-heading\"><strong>Glaciares en el desierto chileno<\/strong><\/h2>\n\n<p>En la regi\u00f3n de Atacama hay 863 glaciares que se dividen en tres tipos: 33 son glaciares de monta\u00f1a, 422 son rocosos y 408 glaciaretes.&nbsp;<\/p>\n\n<p>En especial, los que est\u00e1n en las cercan\u00edas del desierto de Atacama corresponden a glaciares rocosos. Se encuentran a unos 36 km aproximadamente al sur. Tambi\u00e9n hay&nbsp; algunos de tipo monta\u00f1oso y glaciaretes, como el Guanaco.&nbsp;<\/p>\n\n<h2 class=\"wp-block-heading\"><strong>\u00bfCu\u00e1l es la relaci\u00f3n de los glaciares con el agua dulce?<\/strong><\/h2>\n\n<div class=\"wp-block-columns is-not-stacked-on-mobile is-layout-flex wp-container-core-columns-is-layout-9d6595d7 wp-block-columns-is-layout-flex\">\n<div class=\"wp-block-column is-layout-flow wp-block-column-is-layout-flow\" style=\"flex-basis:60%\">\n<p>Los glaciares, junto con las capas de hielo, <strong>almacenan alrededor del 70 % de los recursos de agua dulce mundiales<\/strong>. Sin embargo, y a pesar de su importancia para sostener la vida tal cual la conocemos, <strong>est\u00e1n en peligro<\/strong>.&nbsp;<\/p>\n<\/div>\n\n\n\n<div class=\"wp-block-column is-layout-flow wp-block-column-is-layout-flow\" style=\"flex-basis:40%\">\n<figure class=\"wp-block-image size-full\"><img loading=\"lazy\" decoding=\"async\" width=\"800\" height=\"533\" src=\"https:\/\/www.greenpeace.org\/static\/planet4-chile-stateless\/2025\/03\/cb63d92b-gp0su2t57_low-res-with-credit-line-800px.jpg\" alt=\"\" class=\"wp-image-13815\" srcset=\"https:\/\/www.greenpeace.org\/static\/planet4-chile-stateless\/2025\/03\/cb63d92b-gp0su2t57_low-res-with-credit-line-800px.jpg 800w, https:\/\/www.greenpeace.org\/static\/planet4-chile-stateless\/2025\/03\/cb63d92b-gp0su2t57_low-res-with-credit-line-800px-300x200.jpg 300w, https:\/\/www.greenpeace.org\/static\/planet4-chile-stateless\/2025\/03\/cb63d92b-gp0su2t57_low-res-with-credit-line-800px-768x512.jpg 768w, https:\/\/www.greenpeace.org\/static\/planet4-chile-stateless\/2025\/03\/cb63d92b-gp0su2t57_low-res-with-credit-line-800px-510x340.jpg 510w\" sizes=\"auto, (max-width: 800px) 100vw, 800px\" \/><figcaption class=\"wp-element-caption\">Glaciar Lys en Italia.<\/figcaption><\/figure>\n<\/div>\n<\/div>\n\n<div class=\"wp-block-columns is-not-stacked-on-mobile is-layout-flex wp-container-core-columns-is-layout-9d6595d7 wp-block-columns-is-layout-flex\">\n<div class=\"wp-block-column is-layout-flow wp-block-column-is-layout-flow\" style=\"flex-basis:60%\">\n<p>Existen diferentes amenazas a las que se ven expuestos, como a la miner\u00eda y los efectos del cambio clim\u00e1tico, que influyen de manera negativa sobre ellos, como la p\u00e9rdida de masa glaciar.&nbsp;<\/p>\n<\/div>\n\n\n\n<div class=\"wp-block-column is-layout-flow wp-block-column-is-layout-flow\" style=\"flex-basis:40%\">\n<figure class=\"wp-block-image size-large\"><img loading=\"lazy\" decoding=\"async\" width=\"1024\" height=\"473\" src=\"https:\/\/www.greenpeace.org\/static\/planet4-chile-stateless\/2024\/05\/0fdae6a7-sobrevuelo-andina-y-los-bronces-credito-greenpeace-55-1024x473.jpg\" alt=\"\" class=\"wp-image-12318\" style=\"aspect-ratio:4\/3;object-fit:cover\" srcset=\"https:\/\/www.greenpeace.org\/static\/planet4-chile-stateless\/2024\/05\/0fdae6a7-sobrevuelo-andina-y-los-bronces-credito-greenpeace-55-1024x473.jpg 1024w, https:\/\/www.greenpeace.org\/static\/planet4-chile-stateless\/2024\/05\/0fdae6a7-sobrevuelo-andina-y-los-bronces-credito-greenpeace-55-300x139.jpg 300w, https:\/\/www.greenpeace.org\/static\/planet4-chile-stateless\/2024\/05\/0fdae6a7-sobrevuelo-andina-y-los-bronces-credito-greenpeace-55-768x355.jpg 768w, https:\/\/www.greenpeace.org\/static\/planet4-chile-stateless\/2024\/05\/0fdae6a7-sobrevuelo-andina-y-los-bronces-credito-greenpeace-55-1536x709.jpg 1536w, https:\/\/www.greenpeace.org\/static\/planet4-chile-stateless\/2024\/05\/0fdae6a7-sobrevuelo-andina-y-los-bronces-credito-greenpeace-55-2048x945.jpg 2048w, https:\/\/www.greenpeace.org\/static\/planet4-chile-stateless\/2024\/05\/0fdae6a7-sobrevuelo-andina-y-los-bronces-credito-greenpeace-55-510x235.jpg 510w\" sizes=\"auto, (max-width: 1024px) 100vw, 1024px\" \/><figcaption class=\"wp-element-caption\">Sobrevuelo Andina y Los Bronces.<div class=\"credit icon-left\"> \u00a9 Greenpeace<\/div><\/figcaption><\/figure>\n<\/div>\n<\/div>\n\n<p>Los datos difundidos por la Organizaci\u00f3n Meteorol\u00f3gica Mundial (WMO por sus siglas en ingl\u00e9s) ilustran lo grave de la situaci\u00f3n: 5 de los \u00faltimos 6 a\u00f1os fueron testigos de <strong>derretimiento a una velocidad r\u00e9cord<\/strong>. En tanto, el trienio 2022-2024 fue el per\u00edodo m\u00e1s cr\u00edtico.&nbsp;<\/p>\n\n<div class=\"wp-block-columns is-not-stacked-on-mobile is-layout-flex wp-container-core-columns-is-layout-9d6595d7 wp-block-columns-is-layout-flex\">\n<div class=\"wp-block-column is-layout-flow wp-block-column-is-layout-flow\" style=\"flex-basis:50%\">\n<figure class=\"wp-block-image size-large\"><img decoding=\"async\" src=\"https:\/\/www.greenpeace.org\/static\/planet4-argentina-stateless\/2024\/11\/d497cfed-artico-10.jpg\" alt=\"\"\/><figcaption class=\"wp-element-caption\">Arriba: imagen hist\u00f3rica del glaciar Kongsbreen. 24 de agosto de 1928. Fuente: Instituto Polar de Noruega.<br>Abajo: fotograf\u00eda desde la misma ubicaci\u00f3n tomada el 23 de agosto de 2024. \u00a9 Christian \u00c5slund \/ Instituto Polar de Noruega\/ Greenpeace.<\/figcaption><\/figure>\n<\/div>\n\n\n\n<div class=\"wp-block-column is-layout-flow wp-block-column-is-layout-flow\" style=\"flex-basis:50%\">\n<figure class=\"wp-block-image size-full\"><img loading=\"lazy\" decoding=\"async\" width=\"800\" height=\"533\" src=\"https:\/\/www.greenpeace.org\/static\/planet4-chile-stateless\/2025\/03\/23ac3cfd-gp0kds_low-res-with-credit-line-800px.jpg\" alt=\"\" class=\"wp-image-13811\" style=\"aspect-ratio:3\/4;object-fit:cover\" srcset=\"https:\/\/www.greenpeace.org\/static\/planet4-chile-stateless\/2025\/03\/23ac3cfd-gp0kds_low-res-with-credit-line-800px.jpg 800w, https:\/\/www.greenpeace.org\/static\/planet4-chile-stateless\/2025\/03\/23ac3cfd-gp0kds_low-res-with-credit-line-800px-300x200.jpg 300w, https:\/\/www.greenpeace.org\/static\/planet4-chile-stateless\/2025\/03\/23ac3cfd-gp0kds_low-res-with-credit-line-800px-768x512.jpg 768w, https:\/\/www.greenpeace.org\/static\/planet4-chile-stateless\/2025\/03\/23ac3cfd-gp0kds_low-res-with-credit-line-800px-510x340.jpg 510w\" sizes=\"auto, (max-width: 800px) 100vw, 800px\" \/><figcaption class=\"wp-element-caption\">Jorge Quinteros con una vista antigua del glaciar HPS31 se encuentra frente al glaciar tal como est\u00e1 ahora. El hielo del glaciar se ha reducido visiblemente.<\/figcaption><\/figure>\n<\/div>\n<\/div>\n\n<p>Hemos llegado al punto en que los <strong>\u201chielos eternos\u201d<\/strong> de muchas regiones, <strong>no sobrevivir\u00e1n al siglo XXI<\/strong>, alertan los expertos de la WMO y el Servicio de Monitoreo de Glaciares (WGMS).<\/p>\n\n<p>Si no logramos preservar a los glaciares, <strong>cientos de millones de personas<\/strong> que dependen de sus aguas de deshielo<strong> ver\u00e1n amenazada su subsistencia<\/strong> mientras, en el corto plazo, las probabilidades de que se produzcan<strong> inundaciones aumentar\u00e1n <\/strong>de manera considerable.<\/p>\n\n<p>En cadena, esto afecta a todos quienes dependemos de su estado de conservaci\u00f3n. De ah\u00ed proviene entonces, la urgente necesidad de su protecci\u00f3n.<\/p>\n\n<h2 class=\"wp-block-heading\"><strong>\u00bfCu\u00e1l es la situaci\u00f3n de los glaciares y el agua dulce en Chile?&nbsp;<\/strong><\/h2>\n\n<p>Chile es un pa\u00eds monta\u00f1oso donde <strong>el 70% de la poblaci\u00f3n se abastece del agua proveniente de las zonas cordilleranas.<\/strong> Por citar un ejemplo, s\u00f3lo en la Regi\u00f3n Metropolitana, los glaciares aportan hasta el 67% del caudal de verano en la cuenca del r\u00edo Maipo especialmente durante per\u00edodos de sequ\u00eda prolongada. Este r\u00edo es la principal fuente de agua de la capital.\u00a0<\/p>\n\n<div class=\"wp-block-columns is-not-stacked-on-mobile is-layout-flex wp-container-core-columns-is-layout-9d6595d7 wp-block-columns-is-layout-flex\">\n<div class=\"wp-block-column is-layout-flow wp-block-column-is-layout-flow\" style=\"flex-basis:50%\">\n<figure class=\"wp-block-image size-large\"><img loading=\"lazy\" decoding=\"async\" width=\"1024\" height=\"683\" src=\"https:\/\/www.greenpeace.org\/static\/planet4-chile-stateless\/2021\/02\/9c774d5f-cajondelmaipocs_085-1024x683.jpg\" alt=\"\" class=\"wp-image-6175\" srcset=\"https:\/\/www.greenpeace.org\/static\/planet4-chile-stateless\/2021\/02\/9c774d5f-cajondelmaipocs_085-1024x683.jpg 1024w, https:\/\/www.greenpeace.org\/static\/planet4-chile-stateless\/2021\/02\/9c774d5f-cajondelmaipocs_085-300x200.jpg 300w, https:\/\/www.greenpeace.org\/static\/planet4-chile-stateless\/2021\/02\/9c774d5f-cajondelmaipocs_085-768x512.jpg 768w, https:\/\/www.greenpeace.org\/static\/planet4-chile-stateless\/2021\/02\/9c774d5f-cajondelmaipocs_085-1536x1025.jpg 1536w, https:\/\/www.greenpeace.org\/static\/planet4-chile-stateless\/2021\/02\/9c774d5f-cajondelmaipocs_085-2048x1366.jpg 2048w, https:\/\/www.greenpeace.org\/static\/planet4-chile-stateless\/2021\/02\/9c774d5f-cajondelmaipocs_085-510x340.jpg 510w\" sizes=\"auto, (max-width: 1024px) 100vw, 1024px\" \/><figcaption class=\"wp-element-caption\">Sobrevuelo al Caj\u00f3n del Maipo post-lluvias.<\/figcaption><\/figure>\n<\/div>\n\n\n\n<div class=\"wp-block-column is-layout-flow wp-block-column-is-layout-flow\" style=\"flex-basis:50%\">\n<figure class=\"wp-block-image size-large\"><img loading=\"lazy\" decoding=\"async\" width=\"1024\" height=\"680\" src=\"https:\/\/www.greenpeace.org\/static\/planet4-chile-stateless\/2021\/02\/c431c609-cajondelmaipocs_096-1024x680.jpg\" alt=\"\" class=\"wp-image-6173\" srcset=\"https:\/\/www.greenpeace.org\/static\/planet4-chile-stateless\/2021\/02\/c431c609-cajondelmaipocs_096-1024x680.jpg 1024w, https:\/\/www.greenpeace.org\/static\/planet4-chile-stateless\/2021\/02\/c431c609-cajondelmaipocs_096-300x199.jpg 300w, https:\/\/www.greenpeace.org\/static\/planet4-chile-stateless\/2021\/02\/c431c609-cajondelmaipocs_096-768x510.jpg 768w, https:\/\/www.greenpeace.org\/static\/planet4-chile-stateless\/2021\/02\/c431c609-cajondelmaipocs_096-1536x1020.jpg 1536w, https:\/\/www.greenpeace.org\/static\/planet4-chile-stateless\/2021\/02\/c431c609-cajondelmaipocs_096-2048x1360.jpg 2048w, https:\/\/www.greenpeace.org\/static\/planet4-chile-stateless\/2021\/02\/c431c609-cajondelmaipocs_096-510x340.jpg 510w\" sizes=\"auto, (max-width: 1024px) 100vw, 1024px\" \/><figcaption class=\"wp-element-caption\">Sobrevuelo al Caj\u00f3n del Maipo post-lluvias. <\/figcaption><\/figure>\n<\/div>\n<\/div>\n\n<p>\u201cSin embargo, el calentamiento global y actividades mineras que los contaminan y destruyen, est\u00e1n acelerando su derretimiento y alterando el flujo de r\u00edos y napas subterr\u00e1neas.\u00a0 <strong>Esto impacta la disponibilidad de agua potable y la seguridad alimentaria en zonas que ya enfrentan la escasez h\u00eddrica<\/strong> o la enfrentar\u00e1n en el futuro\u201d, explica Silvana Espinosa, vocera de Greenpeace.<\/p>\n\n<p>Seg\u00fan el \u00faltimo informe del estado del medio ambiente del MMA,<strong> algunas regiones que ya afrontan este problema son Regi\u00f3n de Coquimbo, con un 48% de la poblaci\u00f3n en situaci\u00f3n de crisis, \u00d1uble (30%) y Valpara\u00edso (15%), principalmente en las provincias de Petorca y San Antonio<\/strong>, donde adem\u00e1s se profundiza la situaci\u00f3n por la ineficiente gesti\u00f3n del recurso.<\/p>\n\n<p>En definitiva, <strong>a pesar de que el pa\u00eds cuenta con algunos instrumentos legales que mencionan los glaciares, como la Ley N\u00b019.300 sobre Bases Generales del Medio Ambiente y el C\u00f3digo de Aguas, estos no ofrecen una protecci\u00f3n integral ni prev\u00e9n un enfoque adecuado frente a desaf\u00edos globales como el cambio clim\u00e1tico.<\/strong><\/p>\n\n<p>\u201cEs fundamental que trabajemos juntos para proteger nuestra agua y nuestros glaciares, antes de que sea demasiado tarde\u201d, cierra Espinosa.<\/p>\n\t\t\t<section\n\t\t\tclass=\"boxout post-11943 \"\n\t\t\t\n\t\t>\n\t\t\t<a\n\t\t\t\tdata-ga-category=\"Take Action Boxout\"\n\t\t\t\tdata-ga-action=\"Image\"\n\t\t\t\tdata-ga-label=\"n\/a\"\n\t\t\t\tclass=\"cover-card-overlay\"\n\t\t\t\thref=\"https:\/\/www.greenpeace.org\/chile\/involucrate\/bronces-integrado\/\" \n\t\t\t><\/a>\n\t\t\t\t\t\t\t<img\n\t\t\t\t\t\tsrc=\"https:\/\/www.greenpeace.org\/static\/planet4-chile-stateless\/2024\/04\/022f47d8-gpch-los-bronces-integrados-credito-nicole-kramm-caifal-greenpeace-15-1024x683.jpg\"\n\t\t\t\t\t\tsrcset=\"https:\/\/www.greenpeace.org\/static\/planet4-chile-stateless\/2024\/04\/022f47d8-gpch-los-bronces-integrados-credito-nicole-kramm-caifal-greenpeace-15-300x200.jpg 300w, https:\/\/www.greenpeace.org\/static\/planet4-chile-stateless\/2024\/04\/022f47d8-gpch-los-bronces-integrados-credito-nicole-kramm-caifal-greenpeace-15-1024x683.jpg 1024w, https:\/\/www.greenpeace.org\/static\/planet4-chile-stateless\/2024\/04\/022f47d8-gpch-los-bronces-integrados-credito-nicole-kramm-caifal-greenpeace-15-768x513.jpg 768w, https:\/\/www.greenpeace.org\/static\/planet4-chile-stateless\/2024\/04\/022f47d8-gpch-los-bronces-integrados-credito-nicole-kramm-caifal-greenpeace-15-1536x1025.jpg 1536w, https:\/\/www.greenpeace.org\/static\/planet4-chile-stateless\/2024\/04\/022f47d8-gpch-los-bronces-integrados-credito-nicole-kramm-caifal-greenpeace-15-2048x1366.jpg 2048w, https:\/\/www.greenpeace.org\/static\/planet4-chile-stateless\/2024\/04\/022f47d8-gpch-los-bronces-integrados-credito-nicole-kramm-caifal-greenpeace-15-510x340.jpg 510w\"\n\t\t\t\t\t\tsizes=\"(min-width: 1000px) 358px, (min-width: 780px) 313px, 88px\"\n\t\t\t\t\t\talt=\"\" title=\"\"\n\t\t\t\t\/>\n            \t\t\t<div class=\"boxout-content\">\n\t\t\t\t\t\t\t\t\t<a\n\t\t\t\t\t\tclass=\"boxout-heading medium\"\n\t\t\t\t\t\tdata-ga-category=\"Take Action Boxout\"\n\t\t\t\t\t\tdata-ga-action=\"Title\"\n\t\t\t\t\t\tdata-ga-label=\"n\/a\"\n\t\t\t\t\t\thref=\"https:\/\/www.greenpeace.org\/chile\/involucrate\/bronces-integrado\/\"\n\t\t\t\t\t\t\n\t\t\t\t\t>\n\t\t\t\t\t\tLos Bronces\n\t\t\t\t\t<\/a>\n\t\t\t\t\t\t\t\t\t\t\t\t\t<p class=\"boxout-excerpt\">El proyecto minero Los Bronces Integrado pone en riesgo las reservas de agua de toda la Regi\u00f3n. Dile \u00a1No!<\/p>\n\t\t\t\t                                    <a\n                        class=\"btn btn-primary\"\n                        data-ga-category=\"Take Action Boxout\"\n                        data-ga-action=\"Call to Action\"\n                        data-ga-label=\"n\/a\"\n                        href=\"https:\/\/www.greenpeace.org\/chile\/involucrate\/bronces-integrado\/\"\n                        \n                    >\n                        Invol\u00facrate\n                    <\/a>\n                \t\t\t<\/div>\n\t\t\t\t\t<\/section>\n\t","protected":false},"excerpt":{"rendered":"<p> Conocer lo que tenemos para preservar lo que nos queda.<\/p>\n","protected":false},"author":55,"featured_media":13810,"comment_status":"closed","ping_status":"open","sticky":false,"template":"","format":"standard","meta":{"ep_exclude_from_search":false,"p4_og_title":"Chile,pa\u00eds de glaciares: hielo en el desierto y otras curiosidades de estos gigantes helados\u00a0","p4_og_description":"Conocer lo que tenemos para preservar lo que nos queda.","p4_og_image":"https:\/\/www.greenpeace.org\/static\/planet4-chile-stateless\/2025\/03\/3c957f71-gp0stt3u2_low-res-with-credit-line-800px.jpg","p4_og_image_id":"13810","p4_seo_canonical_url":"","p4_campaign_name":"","p4_local_project":"","p4_basket_name":"","p4_department":"","footnotes":""},"categories":[3],"tags":[],"p4-page-type":[14],"class_list":["post-13799","post","type-post","status-publish","format-standard","has-post-thumbnail","hentry","category-climayenergia","p4-page-type-blog"],"_links":{"self":[{"href":"https:\/\/www.greenpeace.org\/chile\/wp-json\/wp\/v2\/posts\/13799","targetHints":{"allow":["GET"]}}],"collection":[{"href":"https:\/\/www.greenpeace.org\/chile\/wp-json\/wp\/v2\/posts"}],"about":[{"href":"https:\/\/www.greenpeace.org\/chile\/wp-json\/wp\/v2\/types\/post"}],"author":[{"embeddable":true,"href":"https:\/\/www.greenpeace.org\/chile\/wp-json\/wp\/v2\/users\/55"}],"replies":[{"embeddable":true,"href":"https:\/\/www.greenpeace.org\/chile\/wp-json\/wp\/v2\/comments?post=13799"}],"version-history":[{"count":6,"href":"https:\/\/www.greenpeace.org\/chile\/wp-json\/wp\/v2\/posts\/13799\/revisions"}],"predecessor-version":[{"id":14515,"href":"https:\/\/www.greenpeace.org\/chile\/wp-json\/wp\/v2\/posts\/13799\/revisions\/14515"}],"wp:featuredmedia":[{"embeddable":true,"href":"https:\/\/www.greenpeace.org\/chile\/wp-json\/wp\/v2\/media\/13810"}],"wp:attachment":[{"href":"https:\/\/www.greenpeace.org\/chile\/wp-json\/wp\/v2\/media?parent=13799"}],"wp:term":[{"taxonomy":"category","embeddable":true,"href":"https:\/\/www.greenpeace.org\/chile\/wp-json\/wp\/v2\/categories?post=13799"},{"taxonomy":"post_tag","embeddable":true,"href":"https:\/\/www.greenpeace.org\/chile\/wp-json\/wp\/v2\/tags?post=13799"},{"taxonomy":"p4-page-type","embeddable":true,"href":"https:\/\/www.greenpeace.org\/chile\/wp-json\/wp\/v2\/p4-page-type?post=13799"}],"curies":[{"name":"wp","href":"https:\/\/api.w.org\/{rel}","templated":true}]}}