{"id":13960,"date":"2025-04-22T13:48:18","date_gmt":"2025-04-22T13:48:18","guid":{"rendered":"https:\/\/www.greenpeace.org\/chile\/?p=13960"},"modified":"2025-07-02T07:15:13","modified_gmt":"2025-07-02T07:15:13","slug":"en-el-dia-de-la-tierra-los-impactos-ambientales-mas-visibles-en-nuestro-pais","status":"publish","type":"post","link":"https:\/\/www.greenpeace.org\/chile\/noticia\/issues\/climayenergia\/en-el-dia-de-la-tierra-los-impactos-ambientales-mas-visibles-en-nuestro-pais\/","title":{"rendered":"En el D\u00eda de la Tierra: los impactos ambientales m\u00e1s visibles en nuestro pa\u00eds"},"content":{"rendered":"\n<ul class=\"wp-block-list\">\n<li><strong>Greenpeace revela el estado ambiental de Chile a trav\u00e9s de una fotogaler\u00eda: desde el Desierto de Atacama convertido en vertedero global, hasta las frecuentes muertes de ballenas en la Patagonia<\/strong>.\u00a0<\/li>\n<\/ul>\n\n<ul class=\"wp-block-list\">\n<li><strong>La conmemoraci\u00f3n de esta efem\u00e9ride coincide con la muerte del l\u00edder de la Iglesia Cat\u00f3lica, el Papa Francisco, quien durante su gesti\u00f3n de pont\u00edfice abog\u00f3 por la protecci\u00f3n de \u201cnuestra casa com\u00fan\u201d.<\/strong><\/li>\n<\/ul>\n\n<figure class=\"wp-block-image size-large\"><img loading=\"lazy\" decoding=\"async\" width=\"1024\" height=\"683\" src=\"https:\/\/www.greenpeace.org\/static\/planet4-chile-stateless\/2025\/04\/2af8cdc5-mortandad-fiordo-comau-chiloe-1024x683.jpg\" alt=\"\" class=\"wp-image-13963\" srcset=\"https:\/\/www.greenpeace.org\/static\/planet4-chile-stateless\/2025\/04\/2af8cdc5-mortandad-fiordo-comau-chiloe-1024x683.jpg 1024w, https:\/\/www.greenpeace.org\/static\/planet4-chile-stateless\/2025\/04\/2af8cdc5-mortandad-fiordo-comau-chiloe-300x200.jpg 300w, https:\/\/www.greenpeace.org\/static\/planet4-chile-stateless\/2025\/04\/2af8cdc5-mortandad-fiordo-comau-chiloe-768x512.jpg 768w, https:\/\/www.greenpeace.org\/static\/planet4-chile-stateless\/2025\/04\/2af8cdc5-mortandad-fiordo-comau-chiloe-1536x1024.jpg 1536w, https:\/\/www.greenpeace.org\/static\/planet4-chile-stateless\/2025\/04\/2af8cdc5-mortandad-fiordo-comau-chiloe-2048x1366.jpg 2048w, https:\/\/www.greenpeace.org\/static\/planet4-chile-stateless\/2025\/04\/2af8cdc5-mortandad-fiordo-comau-chiloe-510x340.jpg 510w\" sizes=\"auto, (max-width: 1024px) 100vw, 1024px\" \/><figcaption class=\"wp-element-caption\">@ Alvaro Vidal \/ Greenpeace<\/figcaption><\/figure>\n\n<p><strong>22 de Abril 2025. <\/strong>El origen de la conmemoraci\u00f3n del D\u00eda de la Tierra se remonta a Estados Unidos en 1970, cuando el entonces senador Gaylord Nelson organiz\u00f3 una serie de manifestaciones sociales para alertar sobre los problemas ambientales que aquejaban al planeta.\u00a0<\/p>\n\n<p>En tanto, <strong>la 55\u00ba conmemoraci\u00f3n de este d\u00eda ha estado marcada por el anuncio de la muerte del Papa Francisco y su legado en la defensa ambiental, cuyo corolario se encuentra en las publicaciones de su enc\u00edclica <em>Laudato Si<\/em><\/strong><em>\u2019<\/em> (en 2015) y la exhortaci\u00f3n apost\u00f3lica Laudate Deus (en 2023), en las que realiza una invitaci\u00f3n a \u201cproteger nuestra casa com\u00fan\u201d y critica en duros t\u00e9rminos los abusos humanos que la ponen en riesgo, abogando adem\u00e1s por la protecci\u00f3n de la Amazon\u00eda y el abandono de los combustibles f\u00f3siles.<\/p>\n\n<p>Destacando las urgencias que revela esta efem\u00e9ride, Greenpeace realiz\u00f3 esta fotogaler\u00eda, con algunas de las situaciones clim\u00e1ticas y de contaminaci\u00f3n m\u00e1s cr\u00edticas que afectan a nuestro pa\u00eds.<\/p>\n\n<h4 class=\"wp-block-heading\"><strong>Desierto de Atacama: El destino de la basura del mundo.<\/strong><\/h4>\n\n<figure class=\"wp-block-image\"><img decoding=\"async\" src=\"https:\/\/lh7-rt.googleusercontent.com\/docsz\/AD_4nXfHvwbebgdtoSrY1rSZD5Rpj04TG_Q2sNmxEg3eOEDwgemt2wqFEgTUpiDraKkSJDb4p_fY7p4-ZMZ5qO445lpe2RUSciTEymzpwjPCKMF22phJfTgifs2FCl6Ql54LfqimpO6N?key=XqWQqYpTAM2geWj5vIxEUpbG\" alt=\"\"\/><figcaption class=\"wp-element-caption\">Vertedero de basura global en el Desierto de Atacama. @ Crist\u00f3bal Olivares Greenpeace<\/figcaption><\/figure>\n\n<p>En el Desierto de Atacama existe un enorme vertedero textil. De acuerdo a cifras de la Comisi\u00f3n Econ\u00f3mica para Am\u00e9rica Latina y el Caribe (CEPAL), <strong>Chile es el cuarto pa\u00eds del mundo que importa m\u00e1s textiles usados: s\u00f3lo el 2021 se ingresaron a nuestro territorio 156 mil toneladas de ropa usada o sin usar, de las cuales cerca del 60% termin\u00f3 en vertederos ilegales y en el Desierto de Atacama.<\/strong>\u00a0<\/p>\n\n<p><\/p>\n\n<h4 class=\"wp-block-heading\"><strong>Quintero-Puchuncav\u00ed:&nbsp; M\u00e1s de 50 a\u00f1os de la \u201cZona de Sacrificio Ambiental\u201d<\/strong><\/h4>\n\n<figure class=\"wp-block-image\"><img decoding=\"async\" src=\"https:\/\/lh7-rt.googleusercontent.com\/docsz\/AD_4nXdc3-GFi_WzkbGZ4ggO6vKjGzC3e57PEC38VXO5NDD0CyZrBZFVB0snLRc8tIih-eOIAVlKSYFkFIvGJy11DIXhYv1XHGtIUfGVnytBdd5UQ7DrKQTsBnpfail3WOh5QgBPKc-IiQ?key=XqWQqYpTAM2geWj5vIxEUpbG\" alt=\"\"\/><figcaption class=\"wp-element-caption\">Polo industrial instalado sobre la playa de Ventanas. @ Roberto Roa Greenpeace<\/figcaption><\/figure>\n\n<p>La bah\u00eda de Quintero y Puchuncav\u00ed en la Regi\u00f3n de Valpara\u00edso, carga con m\u00e1s de 50 a\u00f1os de exposici\u00f3n a compuestos t\u00f3xicos derivados de actividades industriales como termoel\u00e9ctricas, fundiciones y refiner\u00edas.<strong> Declarada como \u201cZona de Sacrificio Ambiental\u201d, ha sido escenario de m\u00faltiples episodios de contaminaci\u00f3n atmosf\u00e9rica con sus consecuentes emergencias sanitarias, afectando gravemente la salud de la poblaci\u00f3n local, especialmente de ni\u00f1as y ni\u00f1os.<\/strong><\/p>\n\n<p>A pesar del cierre de algunas industrias, la situaci\u00f3n sigue siendo tan cr\u00edtica que, hasta hoy, se sigue determinar con certeza el origen de los episodios de contaminaci\u00f3n ocurridos en 2018, los cuales provocaron miles de atenciones m\u00e9dicas por s\u00edntomas de intoxicaci\u00f3n masiva por contaminantes no identificados. <strong>Pese a la gravedad y persistencia del problema, el da\u00f1o ambiental a\u00fan no ha sido reparado. La comunidad contin\u00faa expuesta a riesgos, sin garant\u00edas ni medidas efectivas de reparaci\u00f3n integral.<\/strong><\/p>\n\n<p><\/p>\n\n<h4 class=\"wp-block-heading\"><strong>Valpara\u00edso:&nbsp; Desaparici\u00f3n de playas y expansi\u00f3n inmobiliaria<\/strong><\/h4>\n\n<figure class=\"wp-block-image\"><img decoding=\"async\" src=\"https:\/\/lh7-rt.googleusercontent.com\/docsz\/AD_4nXceopOPDku3tW-BxhsZ6WMG-WdvuJuYqCbXA9P63rpVzCVNR1i1Ux1q6JrctQ8eX4Ik5_SPX2A8gnwtxeAHvQfOkROgiKtxQWLnVK-w1byHRA2yBOs2Gqw0xTMgLg7Twj1hLrO5?key=XqWQqYpTAM2geWj5vIxEUpbG\" alt=\"\"\/><figcaption class=\"wp-element-caption\">La desaparici\u00f3n de la playa y la expansi\u00f3n inmobiliaria sobre Los Molles. @ Claudio Santana Greenpeace<\/figcaption><\/figure>\n\n<p>A lo largo del litoral central de Chile, la costa retrocede mientras las inmobiliarias avanzan. <strong>La construcci\u00f3n en la primera l\u00ednea de la costa ha provocado la desaparici\u00f3n progresiva de playas, dunas y ecosistemas fr\u00e1giles<\/strong>. La localidad de Los Molles, en la Regi\u00f3n de Valpara\u00edso, se ha convertido en un caso emblem\u00e1tico de esta presi\u00f3n urbana: socavones y edificaciones sobre humedales han alterado el paisaje natural.\u00a0<\/p>\n\n<p><\/p>\n\n<h4 class=\"wp-block-heading\"><strong>Santiago: T\u00fanel y mina subterr\u00e1nea atraviesa la Cordillera de Los Andes<\/strong><\/h4>\n\n<figure class=\"wp-block-image\"><img decoding=\"async\" src=\"https:\/\/lh7-rt.googleusercontent.com\/docsz\/AD_4nXc6dPhY8_SRa1Nz_Xm1ppDNoOhdlk_WmbxTjdBXpu7kVP5_hQMiNSt82dAODUwOakq6nc8I5e4YDe0hORC0CqVveCbz5DH6tof6J7X4ZRYbRoZoVAZjSz74GCKKTTcl8jINGuw3?key=XqWQqYpTAM2geWj5vIxEUpbG\" alt=\"\"\/><figcaption class=\"wp-element-caption\">Mina en la Cordillera de Los Andes @ Nicole Kramm Greenpeace<\/figcaption><\/figure>\n\n<p>A menos de 50 kil\u00f3metros de Santiago se desarrolla la construcci\u00f3n de un t\u00fanel y una mina subterr\u00e1nea en plena Cordillera de Los Andes, por las obras de expansi\u00f3n del proyecto minero Los Bronces.<\/p>\n\n<p>Cercano a glaciares fundamentales para la recarga h\u00eddrica de la cuenca del Maipo, que abastece de agua a m\u00e1s de 7 millones de personas en la Regi\u00f3n Metropolitana, los <strong>cient\u00edficos han advertido que las vibraciones, emisiones de part\u00edculas contaminantes y alteraci\u00f3n del subsuelo que provocar\u00e1 la construcci\u00f3n de este proyecto<\/strong>, podr\u00edan da\u00f1ar irreversiblemente estos reservorios naturales, agravando la crisis clim\u00e1tica y la sequ\u00eda prolongada que afecta a la regi\u00f3n.\u00a0<\/p>\n\n<p><\/p>\n\n<h4 class=\"wp-block-heading\"><strong>Centro-sur: Entre las m\u00e1s contaminadas de Am\u00e9rica Latina por MP 2,5<\/strong><\/h4>\n\n<figure class=\"wp-block-image\"><img decoding=\"async\" src=\"https:\/\/lh7-rt.googleusercontent.com\/docsz\/AD_4nXcZKe4YIZlp0Sfuo5VIaQgZXxOC7cltgxMkOuJmZDtSWvKekzaoQNAS6YuMX29Jt3zmXFlOfkMkm9VFawk8HUNIP6SZy2G5jcxBoyHLTSz9Zkum8pGGY7XmsWGkEE_eSqk7OvFqzA?key=XqWQqYpTAM2geWj5vIxEUpbG\" alt=\"\"\/><figcaption class=\"wp-element-caption\">Contaminaci\u00f3n del aire en Coyhaique @ Lin Linao Wikimedia Commons<\/figcaption><\/figure>\n\n<p>El Informe Mundial sobre la Calidad del Aire 2024, de IQAir, revela que Chile se ubica en el sexto lugar en Am\u00e9rica Latina y el Caribe con mayor contaminaci\u00f3n por Material Particulado Fino (PM2.5). <strong>En el reporte se analizaron ciudades en 28 pa\u00edses de la regi\u00f3n y, de un total de 15, nuestro pa\u00eds figura con seis altamente contaminadas por causa de este material. Estas son Coyhaique, Pitrufqu\u00e9n, Nacimiento, Victoria, Osorno y Padre Las Casas<\/strong>.\u00a0<\/p>\n\n<h4 class=\"wp-block-heading\"><strong>Patagonia: Muertes de ballenas por colisi\u00f3n con embarcaciones<\/strong><\/h4>\n\n<figure class=\"wp-block-image\"><img decoding=\"async\" src=\"https:\/\/lh7-rt.googleusercontent.com\/docsz\/AD_4nXfdScvMSCetT5BW1tLLStt8SmuW8NPJ34nTe6r0MBfICpi8pH9KQxZ1Yp93kbFZ5zsXKu6fPhCnsyJTmguSLycYMxhlEOg0VnLg6RVOLA3gWVmSli2eWR4z3iBjvXsCfQa0xV8xjw?key=XqWQqYpTAM2geWj5vIxEUpbG\" alt=\"\"\/><figcaption class=\"wp-element-caption\">Ballena Jorobada en Chile @ Crist\u00f3bal Olivares Greenpeace<\/figcaption><\/figure>\n\n<p>Los <strong>mares de la Patagonia chilena albergan uno de los sistemas de fiordos m\u00e1s extensos del mundo<\/strong>, sustentando ecosistemas \u00fanicos con alta biodiversidad, incluidas especies como los cet\u00e1ceos. En total, de las 94 especies de ballenas que hay en el mundo, 43 se encuentran en Chile y 26 de ellas habitan espec\u00edficamente en la Patagonia.\u00a0<\/p>\n\n<p>Uno de los principales riesgos para esta especie es la muerte por colisi\u00f3n con embarcaciones, una amenaza creciente en zonas de alto tr\u00e1fico marino, a la que se suma la captura incidental en centros de cultivo salmoneros (hay casos documentado de enmallamientos y muertes de cet\u00e1ceos, tanto grandes como peque\u00f1os. <strong>Seg\u00fan informaci\u00f3n de Sernapesca, entre 2009 y 2022, se han registrado 158 varamientos de ballenas de diversas especies a lo largo de las costas de nuestro pa\u00eds y, de este total, el 46% ocurri\u00f3 en la Patagonia, abarcando las regiones de Los Lagos, Ays\u00e9n y Magallanes.<\/strong><\/p>\n\n<p><\/p>\n","protected":false},"excerpt":{"rendered":"<p>22 de Abril 2025. El origen de la conmemoraci\u00f3n del D\u00eda de la Tierra se remonta a Estados Unidos en 1970, cuando el entonces senador Gaylord Nelson organiz\u00f3 una serie&hellip;<\/p>\n","protected":false},"author":24,"featured_media":13963,"comment_status":"closed","ping_status":"open","sticky":false,"template":"","format":"standard","meta":{"ep_exclude_from_search":false,"p4_og_title":"En el D\u00eda de la Tierra: los impactos ambientales m\u00e1s visibles en nuestro pa\u00eds","p4_og_description":"Greenpeace revela el estado ambiental de Chile a trav\u00e9s de una fotogaler\u00eda: desde el Desierto de Atacama convertido en vertedero global, hasta las frecuentes muertes de ballenas en la Patagonia.","p4_og_image":"https:\/\/www.greenpeace.org\/static\/planet4-chile-stateless\/2025\/04\/2af8cdc5-mortandad-fiordo-comau-chiloe-scaled.jpg","p4_og_image_id":"13963","p4_seo_canonical_url":"","p4_campaign_name":"","p4_local_project":"","p4_basket_name":"","p4_department":"","footnotes":""},"categories":[3],"tags":[],"p4-page-type":[16],"class_list":["post-13960","post","type-post","status-publish","format-standard","has-post-thumbnail","hentry","category-climayenergia","p4-page-type-noticia"],"_links":{"self":[{"href":"https:\/\/www.greenpeace.org\/chile\/wp-json\/wp\/v2\/posts\/13960","targetHints":{"allow":["GET"]}}],"collection":[{"href":"https:\/\/www.greenpeace.org\/chile\/wp-json\/wp\/v2\/posts"}],"about":[{"href":"https:\/\/www.greenpeace.org\/chile\/wp-json\/wp\/v2\/types\/post"}],"author":[{"embeddable":true,"href":"https:\/\/www.greenpeace.org\/chile\/wp-json\/wp\/v2\/users\/24"}],"replies":[{"embeddable":true,"href":"https:\/\/www.greenpeace.org\/chile\/wp-json\/wp\/v2\/comments?post=13960"}],"version-history":[{"count":5,"href":"https:\/\/www.greenpeace.org\/chile\/wp-json\/wp\/v2\/posts\/13960\/revisions"}],"predecessor-version":[{"id":14632,"href":"https:\/\/www.greenpeace.org\/chile\/wp-json\/wp\/v2\/posts\/13960\/revisions\/14632"}],"wp:featuredmedia":[{"embeddable":true,"href":"https:\/\/www.greenpeace.org\/chile\/wp-json\/wp\/v2\/media\/13963"}],"wp:attachment":[{"href":"https:\/\/www.greenpeace.org\/chile\/wp-json\/wp\/v2\/media?parent=13960"}],"wp:term":[{"taxonomy":"category","embeddable":true,"href":"https:\/\/www.greenpeace.org\/chile\/wp-json\/wp\/v2\/categories?post=13960"},{"taxonomy":"post_tag","embeddable":true,"href":"https:\/\/www.greenpeace.org\/chile\/wp-json\/wp\/v2\/tags?post=13960"},{"taxonomy":"p4-page-type","embeddable":true,"href":"https:\/\/www.greenpeace.org\/chile\/wp-json\/wp\/v2\/p4-page-type?post=13960"}],"curies":[{"name":"wp","href":"https:\/\/api.w.org\/{rel}","templated":true}]}}