{"id":14138,"date":"2025-05-27T19:24:37","date_gmt":"2025-05-27T19:24:37","guid":{"rendered":"https:\/\/www.greenpeace.org\/chile\/?p=14138"},"modified":"2025-05-27T19:24:44","modified_gmt":"2025-05-27T19:24:44","slug":"record-en-america-latina-chile-lidera-el-sobregiro-ecologico-por-sexto-ano-consecutivo","status":"publish","type":"post","link":"https:\/\/www.greenpeace.org\/chile\/noticia\/issues\/climayenergia\/record-en-america-latina-chile-lidera-el-sobregiro-ecologico-por-sexto-ano-consecutivo\/","title":{"rendered":"R\u00e9cord en Am\u00e9rica Latina: Chile lidera el sobregiro ecol\u00f3gico por sexto a\u00f1o consecutivo"},"content":{"rendered":"\n<h4 class=\"wp-block-heading\"><strong>\u201cSi toda la poblaci\u00f3n mundial tuviera los par\u00e1metros de consumo y contaminaci\u00f3n de los chilenos, este 17 de mayo, la demanda de recursos naturales superar\u00eda lo que el planeta puede regenerar en lo que resta del a\u00f1o\u201d, explica Silvana Espinosa, vocera de Greenpeace.\u00a0<\/strong><\/h4>\n\n<figure class=\"wp-block-image size-large\"><img loading=\"lazy\" decoding=\"async\" width=\"1024\" height=\"683\" src=\"https:\/\/www.greenpeace.org\/static\/planet4-chile-stateless\/2025\/05\/0545fc10-chile-veranea-sin-plasticos-@-gonzalo-ponce-marambio-greenpeace-1024x683.jpg\" alt=\"\" class=\"wp-image-14143\" srcset=\"https:\/\/www.greenpeace.org\/static\/planet4-chile-stateless\/2025\/05\/0545fc10-chile-veranea-sin-plasticos-@-gonzalo-ponce-marambio-greenpeace-1024x683.jpg 1024w, https:\/\/www.greenpeace.org\/static\/planet4-chile-stateless\/2025\/05\/0545fc10-chile-veranea-sin-plasticos-@-gonzalo-ponce-marambio-greenpeace-300x200.jpg 300w, https:\/\/www.greenpeace.org\/static\/planet4-chile-stateless\/2025\/05\/0545fc10-chile-veranea-sin-plasticos-@-gonzalo-ponce-marambio-greenpeace-768x512.jpg 768w, https:\/\/www.greenpeace.org\/static\/planet4-chile-stateless\/2025\/05\/0545fc10-chile-veranea-sin-plasticos-@-gonzalo-ponce-marambio-greenpeace-1536x1024.jpg 1536w, https:\/\/www.greenpeace.org\/static\/planet4-chile-stateless\/2025\/05\/0545fc10-chile-veranea-sin-plasticos-@-gonzalo-ponce-marambio-greenpeace-2048x1366.jpg 2048w, https:\/\/www.greenpeace.org\/static\/planet4-chile-stateless\/2025\/05\/0545fc10-chile-veranea-sin-plasticos-@-gonzalo-ponce-marambio-greenpeace-510x340.jpg 510w\" sizes=\"auto, (max-width: 1024px) 100vw, 1024px\" \/><figcaption class=\"wp-element-caption\">Bausra en Vi\u00f1a del Mar \u00a9 Gonzalo Ponce Marambio \/ Greenpeace<\/figcaption><\/figure>\n\n<p>Mayo de 2025. Este 17 de mayo,<strong> Chile alcanza su D\u00eda del Sobregiro Ecol\u00f3gico, seg\u00fan inform\u00f3 la organizaci\u00f3n internacional <em>Global Footprint Network,<\/em> a trav\u00e9s de su plataforma<\/strong><a href=\"https:\/\/overshoot.footprintnetwork.org\/\" target=\"_blank\" rel=\"noreferrer noopener\"><strong> <em>Earth Overshoot Day<\/em><\/strong>.<\/a> Por sexto a\u00f1o consecutivo,<strong> nuestro pa\u00eds encabeza la lista de naciones con mayor huella ecol\u00f3gica en Am\u00e9rica Latina<\/strong>.<\/p>\n\n<p>Este <strong>\u00edndice mide la fecha en la que los pa\u00edses ocuparon todos los recursos naturales que el planeta puede producir en un a\u00f1o<\/strong>. Es decir, \u201csi toda la poblaci\u00f3n mundial tuviera nuestros par\u00e1metros de consumo y contaminaci\u00f3n, este 17 de mayo, la demanda de recursos superar\u00eda lo que el planeta puede generar el resto del 2025\u201d, afirma la vocera de Greenpeace, Silvana Espinosa.<\/p>\n\n<p>Desde la organizaci\u00f3n ambientalista <strong>advierten que este a\u00f1o la fecha se adelant\u00f3 seis d\u00edas, del 23 al 17 de mayo,<\/strong> con respecto a la medici\u00f3n anterior, lo que responde al agravamiento de las tres grandes amenazas que afectan nuestro territorio: <strong>la crisis clim\u00e1tica, la p\u00e9rdida de biodiversidad y la contaminaci\u00f3n por pl\u00e1sticos.<\/strong> \u201cSi no frenamos el avance de los problemas que derivan de estos fen\u00f3menos, los siguientes a\u00f1os veremos que esta fecha seguir\u00e1 adelant\u00e1ndose\u201d, agrega Espinosa.<\/p>\n\n<p>Frente a esta situaci\u00f3n, Greenpeace propone soluciones concretas para revertir el aumento del da\u00f1o ambiental a nivel local.<\/p>\n\n<h4 class=\"wp-block-heading\"><strong>1- Crisis Clim\u00e1tica: Descarbonizaci\u00f3n<\/strong><\/h4>\n\n<figure class=\"wp-block-image\"><img decoding=\"async\" src=\"https:\/\/lh7-rt.googleusercontent.com\/docsz\/AD_4nXdZUlhlxtkElRleSa2Y3qKngLcoTNHcl_zyd4EA6GHPCHA0kUiAGLtsEaS5N2tVw2wEvfKjr4D0aFVuMQ1J9HWdmLLBdd66yd48TcwODrSPapdInnWCjS15WwMoy2kgaSFqWkJKAQ?key=TofLKVCSyZK4LrZHw9vnpQ\" alt=\"\"\/><figcaption class=\"wp-element-caption\">Termoel\u00e9ctrica Quintero-Puchuncav\u00ed. @ Manuel Madariaga \/ Greenpeace.<\/figcaption><\/figure>\n\n<p>En relaci\u00f3n con la crisis clim\u00e1tica, y en el contexto de la pr\u00f3xima COP30 que se celebrar\u00e1 en Brasil en noviembre, <strong>Greenpeace recuerda que los pa\u00edses firmantes del Acuerdo de Par\u00eds deben actualizar sus compromisos con las Contribuciones Determinadas a Nivel Nacional (NDC), cuyo objetivo es mantener el aumento de la temperatura global por debajo de 1,5\u202f\u00b0C.<\/strong>\u00a0<\/p>\n\n<p>La organizaci\u00f3n plantea que el gobierno debe mejorar y concretar las acciones del <strong>Plan de Descarbonizaci\u00f3n <\/strong>con metas m\u00e1s ambiciosas y acciones con fechas claras para eliminar el carb\u00f3n de la generaci\u00f3n el\u00e9ctrica antes de 2030, asegurando una transici\u00f3n socioecol\u00f3gica justa, incluyendo responsabilidades concretas para remediar los pasivos ambientales y reparar las afectaciones a la salud en las comunas donde operaron y a\u00fan operan centrales termoel\u00e9ctricas a carb\u00f3n.<\/p>\n\n<p>Adem\u00e1s, la organizaci\u00f3n destaca la necesidad de priorizar la conservaci\u00f3n y restauraci\u00f3n de bosques nativos, humedales y suelo y de diversificar las estrategias clim\u00e1ticas con base en la ciencia.<\/p>\n\n<p><\/p>\n\n<h4 class=\"wp-block-heading\"><strong>2. Crisis de biodiversidad marina: Protecci\u00f3n de la costas chilenas<\/strong><\/h4>\n\n<figure class=\"wp-block-image\"><img decoding=\"async\" src=\"https:\/\/lh7-rt.googleusercontent.com\/docsz\/AD_4nXeGnkR87aDAxt0ija0PJBmff_pXR7aVet12TjGqyHkJ3jwbJwCKj13xN-0igQGdtbwtO4PmKDFJHuqYZpBPSf-dbUaz_TRLX3S0_0ngmqMjHSh7B3C0-qEAXZB_xUyKDiNFnDER8A?key=TofLKVCSyZK4LrZHw9vnpQ\" alt=\"\"\/><figcaption class=\"wp-element-caption\">Ballena Fin en el Archipi\u00e9lago de Humboldt.@ C\u00e9sar Villarroel \/ Greenpeace.\u00a0<\/figcaption><\/figure>\n\n<p>El proyecto de Ley de Administraci\u00f3n del Borde Costero y Concesiones Mar\u00edtimas sigue en discusi\u00f3n, pese a las amenazas que su aprobaci\u00f3n traer\u00eda a estos espacios. <strong>Desde Greenpeace advierten que este proyecto permitir\u00eda al Estado otorgar la propiedad de playas fiscales a personas que acrediten su ocupaci\u00f3n por 10 a\u00f1os o m\u00e1s, institucionalizando as\u00ed la privatizaci\u00f3n de las costas nacionales.<\/strong> Adem\u00e1s, advierten que se generar\u00edan incentivos para la destrucci\u00f3n de ecosistemas costeros, al permitir que terrenos de playa artificial \u2013como aquellos creados mediante rellenos por parte de empresas portuarias\u2013 pasen a ser propiedad privada, en lugar de mantenerse como bienes nacionales de uso p\u00fablico, como establece la normativa vigente.<\/p>\n\n<p>La organizaci\u00f3n tambi\u00e9n se\u00f1ala que el proyecto no contempla un aumento de presupuesto para la nueva Divisi\u00f3n de Concesiones Mar\u00edtimas del Ministerio de Bienes Nacionales ni para la fiscalizaci\u00f3n de las concesiones. Tampoco para la formulaci\u00f3n de la Pol\u00edtica Costera y las zonificaciones costeras regionales.&nbsp;<\/p>\n\n<p>En este escenario, <strong>Greenpeace se suma al llamado de la academia y organizaciones locales y nacionales, quienes proponen como soluci\u00f3n la elaboraci\u00f3n de una Ley de Costas, construida a partir de la mejor evidencia cient\u00edfica disponible e incorporando la visi\u00f3n de las comunidades mediante un proceso pol\u00edtico transparente y democr\u00e1tico, que garantice el cuidado de estos territorios y de sus ecosistemas aleda\u00f1os<\/strong>, que funcionan como barreras protectoras para la preservaci\u00f3n de la costa. Adem\u00e1s, subraya la importancia de considerar la propuesta de Ley de Costas presentada en 2022 por el Observatorio de la Costa al Ministerio de Bienes Nacionales.<\/p>\n\n<h4 class=\"wp-block-heading\"><strong>3. Crisis de contaminaci\u00f3n por pl\u00e1sticos: Retraso en la ley que regula la entrega de&nbsp; pl\u00e1sticos de un solo uso<\/strong><\/h4>\n\n<p>Seg\u00fan las cifras entregadas por el ranking<strong> The Plastic Waste Makers Index<\/strong>, elaborado por la asociaci\u00f3n australiana <a href=\"https:\/\/www.minderoo.org\/plastic-waste-makers-index\/\">Minderoo Fundation<\/a>, el a\u00f1o 2021 <strong>nuestro pa\u00eds alcanz\u00f3 los 51 kilos de pl\u00e1stico<\/strong> de un solo uso por habitante desechado al a\u00f1o, ubicando a Chile en el puesto 11 de las 100 naciones analizadas. En este contexto de crisis de contaminaci\u00f3n por pl\u00e1sticos, <strong>Greenpeace ve con preocupaci\u00f3n la postergaci\u00f3n de la entrada en vigencia plena de la Ley 21.368, que regula la entrega de pl\u00e1sticos de un solo uso y botellas pl\u00e1sticas<\/strong>. Aunque la fase final deb\u00eda implementarse en agosto de 2024, se otorg\u00f3 una nueva pr\u00f3rroga de 18 meses, lo que suma m\u00e1s de cuatro a\u00f1os de retraso.\u00a0<\/p>\n\n<p>De esta manera, la organizaci\u00f3n ambientalista exige que no se siga dilatando el cumplimiento de esta ley y que se refuercen las legislaciones que combaten esta forma de contaminaci\u00f3n, evitando que el proyecto vaya a sufrir nuevas modificaciones dentro del nuevo plazo de implementaci\u00f3n.&nbsp;<\/p>\n\n<p class=\"has-text-align-center\"><\/p>\n\n<p><\/p>\n","protected":false},"excerpt":{"rendered":"<p>Por sexto a\u00f1o consecutivo, Chile encabeza la lista de naciones con mayor huella ecol\u00f3gica en Am\u00e9rica Latina.<\/p>\n","protected":false},"author":24,"featured_media":14143,"comment_status":"closed","ping_status":"open","sticky":false,"template":"","format":"standard","meta":{"ep_exclude_from_search":false,"p4_og_title":"R\u00e9cord en Am\u00e9rica Latina: Chile lidera el sobregiro ecol\u00f3gico por sexto a\u00f1o consecutivo","p4_og_description":"Por sexto a\u00f1o consecutivo, Chile encabeza la lista de naciones con mayor huella ecol\u00f3gica en Am\u00e9rica Latina.","p4_og_image":"https:\/\/www.greenpeace.org\/static\/planet4-chile-stateless\/2025\/05\/0545fc10-chile-veranea-sin-plasticos-@-gonzalo-ponce-marambio-greenpeace.jpg","p4_og_image_id":"14143","p4_seo_canonical_url":"","p4_campaign_name":"","p4_local_project":"","p4_basket_name":"","p4_department":"","footnotes":""},"categories":[3],"tags":[],"p4-page-type":[16],"class_list":["post-14138","post","type-post","status-publish","format-standard","has-post-thumbnail","hentry","category-climayenergia","p4-page-type-noticia"],"_links":{"self":[{"href":"https:\/\/www.greenpeace.org\/chile\/wp-json\/wp\/v2\/posts\/14138","targetHints":{"allow":["GET"]}}],"collection":[{"href":"https:\/\/www.greenpeace.org\/chile\/wp-json\/wp\/v2\/posts"}],"about":[{"href":"https:\/\/www.greenpeace.org\/chile\/wp-json\/wp\/v2\/types\/post"}],"author":[{"embeddable":true,"href":"https:\/\/www.greenpeace.org\/chile\/wp-json\/wp\/v2\/users\/24"}],"replies":[{"embeddable":true,"href":"https:\/\/www.greenpeace.org\/chile\/wp-json\/wp\/v2\/comments?post=14138"}],"version-history":[{"count":4,"href":"https:\/\/www.greenpeace.org\/chile\/wp-json\/wp\/v2\/posts\/14138\/revisions"}],"predecessor-version":[{"id":14144,"href":"https:\/\/www.greenpeace.org\/chile\/wp-json\/wp\/v2\/posts\/14138\/revisions\/14144"}],"wp:featuredmedia":[{"embeddable":true,"href":"https:\/\/www.greenpeace.org\/chile\/wp-json\/wp\/v2\/media\/14143"}],"wp:attachment":[{"href":"https:\/\/www.greenpeace.org\/chile\/wp-json\/wp\/v2\/media?parent=14138"}],"wp:term":[{"taxonomy":"category","embeddable":true,"href":"https:\/\/www.greenpeace.org\/chile\/wp-json\/wp\/v2\/categories?post=14138"},{"taxonomy":"post_tag","embeddable":true,"href":"https:\/\/www.greenpeace.org\/chile\/wp-json\/wp\/v2\/tags?post=14138"},{"taxonomy":"p4-page-type","embeddable":true,"href":"https:\/\/www.greenpeace.org\/chile\/wp-json\/wp\/v2\/p4-page-type?post=14138"}],"curies":[{"name":"wp","href":"https:\/\/api.w.org\/{rel}","templated":true}]}}