{"id":14145,"date":"2025-05-27T19:35:48","date_gmt":"2025-05-27T19:35:48","guid":{"rendered":"https:\/\/www.greenpeace.org\/chile\/?p=14145"},"modified":"2025-05-27T19:35:51","modified_gmt":"2025-05-27T19:35:51","slug":"en-el-dia-de-la-biodiversidad-la-vida-en-el-fondo-marino-esta-amenazada-por-la-mineria-submarina","status":"publish","type":"post","link":"https:\/\/www.greenpeace.org\/chile\/noticia\/issues\/biodiversidad\/en-el-dia-de-la-biodiversidad-la-vida-en-el-fondo-marino-esta-amenazada-por-la-mineria-submarina\/","title":{"rendered":"En el D\u00eda de la Biodiversidad: \u201cLa vida en el fondo marino est\u00e1 amenazada por la miner\u00eda submarina\u201d"},"content":{"rendered":"\n<figure class=\"wp-block-image size-large\"><img loading=\"lazy\" decoding=\"async\" width=\"1024\" height=\"683\" src=\"https:\/\/www.greenpeace.org\/static\/planet4-chile-stateless\/2025\/05\/e1b94723-protesta-buque-minero-aguas-profundas-\u00a9-gustavo-graf-_-greenpeace-1024x683.jpg\" alt=\"\" class=\"wp-image-14148\" srcset=\"https:\/\/www.greenpeace.org\/static\/planet4-chile-stateless\/2025\/05\/e1b94723-protesta-buque-minero-aguas-profundas-\u00a9-gustavo-graf-_-greenpeace-1024x683.jpg 1024w, https:\/\/www.greenpeace.org\/static\/planet4-chile-stateless\/2025\/05\/e1b94723-protesta-buque-minero-aguas-profundas-\u00a9-gustavo-graf-_-greenpeace-300x200.jpg 300w, https:\/\/www.greenpeace.org\/static\/planet4-chile-stateless\/2025\/05\/e1b94723-protesta-buque-minero-aguas-profundas-\u00a9-gustavo-graf-_-greenpeace-768x512.jpg 768w, https:\/\/www.greenpeace.org\/static\/planet4-chile-stateless\/2025\/05\/e1b94723-protesta-buque-minero-aguas-profundas-\u00a9-gustavo-graf-_-greenpeace-1536x1025.jpg 1536w, https:\/\/www.greenpeace.org\/static\/planet4-chile-stateless\/2025\/05\/e1b94723-protesta-buque-minero-aguas-profundas-\u00a9-gustavo-graf-_-greenpeace-2048x1366.jpg 2048w, https:\/\/www.greenpeace.org\/static\/planet4-chile-stateless\/2025\/05\/e1b94723-protesta-buque-minero-aguas-profundas-\u00a9-gustavo-graf-_-greenpeace-510x340.jpg 510w\" sizes=\"auto, (max-width: 1024px) 100vw, 1024px\" \/><figcaption class=\"wp-element-caption\">La vida en el fondo marino est\u00e1 amenazada por la miner\u00eda submarina. Esta actividad podr\u00eda afectar la capacidad del oc\u00e9ano para capturar carbono y alterar la cadena alimenticia y el h\u00e1bitat de las especies. &#8211; \u00a9 Gustavo Graf \/ Greenpeace<\/figcaption><\/figure>\n\n<h4 class=\"wp-block-heading\">Esta actividad podr\u00eda afectar la capacidad del oc\u00e9ano para capturar carbono y alterar la cadena alimenticia y el h\u00e1bitat de las especies, adem\u00e1s de impactar en econom\u00edas que dependen de la pesca, advierte Bobbi-Jo Dobush, especialista independiente en Econom\u00eda y Responsabilidad Legal de la Miner\u00eda en Aguas Profundas.<\/h4>\n\n<p>El 22 de mayo es el <strong>D\u00eda Mundial de la Biodiversidad<\/strong>, fecha que sirve para poner el foco sobre los ecosistemas que se encuentran bajo amenaza. Uno de ellos es el fondo marino, por la llamada miner\u00eda submarina, o en aguas profundas (por su traducci\u00f3n del ingl\u00e9s).<\/p>\n\n<p>Cada cierto tiempo surgen iniciativas que prometen potenciar el desarrollo de esta industria. La \u00faltima de ellas ocurri\u00f3 hace un mes, cuando <strong>el presidente de EE.UU., Donald Trump, firm\u00f3 una orden ejecutiva para impulsar la b\u00fasqueda de minerales que se consideran cr\u00edticos para el desarrollo y la seguridad, como n\u00edquel, cobalto, cobre y manganeso, entre otros, dentro del lecho marino<\/strong>. Esta medida, tomada de manera aut\u00f3noma y unilateral, contraviene acuerdos establecidos por Naciones Unidas y, de avanzar, advierten los especialistas, podr\u00eda traer graves consecuencias ambientales, a nivel clim\u00e1tico y de biodiversidad.\u00a0<\/p>\n\n<p>El oc\u00e9ano cumple la funci\u00f3n de regular el clima, absorbiendo alrededor del 90% del exceso de calor y casi un cuarto del di\u00f3xido de carbono de origen humano; tambi\u00e9n producen entre el 50% y el 85% del ox\u00edgeno que respiramos gracias a la fotos\u00edntesis del fitoplancton. \u201c<strong>La miner\u00eda submarina podr\u00eda alterar los procesos naturales del ciclo de carbono oceanico, que incluye el intercambio y movimiento de carbono entre el oc\u00e9ano, la atm\u00f3sfera y el fondo marino, donde queda almacenado. Eso puede significar m\u00e1s CO\u2082 en la atm\u00f3sfera <\/strong>y, por lo tanto, acelerar el cambio clim\u00e1tico y sus consecuencias\u201d, explica Bobbi-Jo Dobush, abogada ambiental independiente y especialista en Econom\u00eda y Responsabilidad Legal de la Miner\u00eda en Aguas Profundas.\u00a0<\/p>\n\n<p>Adem\u00e1s, provocar\u00eda descargas de sedimento que aumentan la turbidez del agua y la sedimentaci\u00f3n, provocando la sofocaci\u00f3n de h\u00e1bitats y la interrupci\u00f3n de la red tr\u00f3fica mesopel\u00e1gica, que corresponde a la cadena alimentaria que se desarrolla entre los 200 y 1.000 metros de profundidad. \u201c<strong>Una menor disponibilidad de especies en la base de esta red afectar\u00eda a peces peque\u00f1os y, en consecuencia, a grandes depredadores como el at\u00fan, poniendo en riesgo ecosistemas completos y tambi\u00e9n econom\u00edas locales que dependen de la pesca<\/strong>\u201d, advierte la especialista.<\/p>\n\n<p>Junto con el impacto clim\u00e1tico, est\u00e1 la fragilidad de los ecosistemas marinos. \u201cLas profundidades del oc\u00e9ano albergan especies \u00fanicas, adaptadas a condiciones estables durante millones de a\u00f1os. <strong>Intervenir estos h\u00e1bitats con maquinaria industrial podr\u00eda causar p\u00e9rdidas irreversibles<\/strong>\u201d, dice. Las especies de aguas profundas tienen tasas de crecimiento extremadamente lentas y baja capacidad de recuperaci\u00f3n. \u201cSu destrucci\u00f3n no solo es grave ecol\u00f3gicamente, sino tambi\u00e9n \u00e9ticamente, ya que muchas de ellas ni siquiera han sido descubiertas\u201d, agrega.<\/p>\n\n<p>Por \u00faltimo, como experta en econom\u00eda en miner\u00eda submarina, Dobush asegura que <strong>no existe un modelo de negocio s\u00f3lido para la miner\u00eda del lecho marino y que los modelos financieros que existen son poco realistas<\/strong>. \u201cNo consideran los altos costos operacionales y las dificultades t\u00e9cnicas que requiere la miner\u00eda en aguas profundas y que amenazan cualquier posibilidad de rentabilidad\u201d, asegura.<\/p>\n\n<p>Desde Greenpeace Chile, Silvana Espinosa advierte que estamos en un momento cr\u00edtico para la biodiversidad planetaria. \u201c<strong>Estamos a tiempo de frenar esta nueva fiebre del oro en el fondo del mar. Exigimos una moratoria global que ponga en pausa la miner\u00eda submarina antes de que los da\u00f1os sean irreversibles<\/strong>\u201d, afirma la vocera de la organizaci\u00f3n ambientalista.<\/p>\n\n<p>\u201cNo podemos permitir que una industria riesgosa, cuyo potencial econ\u00f3mico es desconocido, imponga costos ambientales y sociales que pagaremos todos. El oc\u00e9ano es un aliado clave en la lucha contra la crisis clim\u00e1tica, no un bot\u00edn\u201d, agrega Espinosa.<\/p>\n\n<p><strong>Greenpeace reitera su llamado a los gobiernos, en particular a los que son parte de la ISA, apoyen la moratoria.<\/strong> Y a la poblaci\u00f3n en general, a oponerse a esta actividad\u00a0 y detener los intereses exploratorios. \u201c<strong>Nuestra invitaci\u00f3n es a actuar con responsabilidad para el planeta, y priorizar la conservaci\u00f3n de los oc\u00e9anos profundos como patrimonio com\u00fan de la humanidad<\/strong>\u201d, sentencia.<\/p>\n","protected":false},"excerpt":{"rendered":"<p>Esta actividad podr\u00eda afectar la capacidad del oc\u00e9ano para capturar carbono y alterar la cadena alimenticia y el h\u00e1bitat de las especies, adem\u00e1s de impactar en econom\u00edas que dependen de la pesca, advierte Bobbi-Jo Dobush, especialista independiente en Econom\u00eda y Responsabilidad Legal de la Miner\u00eda en Aguas Profundas.<\/p>\n","protected":false},"author":24,"featured_media":14148,"comment_status":"closed","ping_status":"open","sticky":false,"template":"","format":"standard","meta":{"ep_exclude_from_search":false,"p4_og_title":"En el D\u00eda de la Biodiversidad: \u201cLa vida en el fondo marino est\u00e1 amenazada por la miner\u00eda submarina\u201d","p4_og_description":"Esta actividad podr\u00eda afectar la capacidad del oc\u00e9ano para capturar carbono y alterar la cadena alimenticia y el h\u00e1bitat de las especies, adem\u00e1s de impactar en econom\u00edas que dependen de la pesca, advierte Bobbi-Jo Dobush, especialista independiente en Econom\u00eda y Responsabilidad Legal de la Miner\u00eda en Aguas Profundas.","p4_og_image":"https:\/\/www.greenpeace.org\/static\/planet4-chile-stateless\/2025\/05\/e1b94723-protesta-buque-minero-aguas-profundas-\u00a9-gustavo-graf-_-greenpeace.jpg","p4_og_image_id":"14148","p4_seo_canonical_url":"","p4_campaign_name":"","p4_local_project":"","p4_basket_name":"","p4_department":"","footnotes":""},"categories":[56],"tags":[],"p4-page-type":[16],"class_list":["post-14145","post","type-post","status-publish","format-standard","has-post-thumbnail","hentry","category-biodiversidad","p4-page-type-noticia"],"_links":{"self":[{"href":"https:\/\/www.greenpeace.org\/chile\/wp-json\/wp\/v2\/posts\/14145","targetHints":{"allow":["GET"]}}],"collection":[{"href":"https:\/\/www.greenpeace.org\/chile\/wp-json\/wp\/v2\/posts"}],"about":[{"href":"https:\/\/www.greenpeace.org\/chile\/wp-json\/wp\/v2\/types\/post"}],"author":[{"embeddable":true,"href":"https:\/\/www.greenpeace.org\/chile\/wp-json\/wp\/v2\/users\/24"}],"replies":[{"embeddable":true,"href":"https:\/\/www.greenpeace.org\/chile\/wp-json\/wp\/v2\/comments?post=14145"}],"version-history":[{"count":2,"href":"https:\/\/www.greenpeace.org\/chile\/wp-json\/wp\/v2\/posts\/14145\/revisions"}],"predecessor-version":[{"id":14149,"href":"https:\/\/www.greenpeace.org\/chile\/wp-json\/wp\/v2\/posts\/14145\/revisions\/14149"}],"wp:featuredmedia":[{"embeddable":true,"href":"https:\/\/www.greenpeace.org\/chile\/wp-json\/wp\/v2\/media\/14148"}],"wp:attachment":[{"href":"https:\/\/www.greenpeace.org\/chile\/wp-json\/wp\/v2\/media?parent=14145"}],"wp:term":[{"taxonomy":"category","embeddable":true,"href":"https:\/\/www.greenpeace.org\/chile\/wp-json\/wp\/v2\/categories?post=14145"},{"taxonomy":"post_tag","embeddable":true,"href":"https:\/\/www.greenpeace.org\/chile\/wp-json\/wp\/v2\/tags?post=14145"},{"taxonomy":"p4-page-type","embeddable":true,"href":"https:\/\/www.greenpeace.org\/chile\/wp-json\/wp\/v2\/p4-page-type?post=14145"}],"curies":[{"name":"wp","href":"https:\/\/api.w.org\/{rel}","templated":true}]}}