{"id":1469,"date":"2019-06-04T14:47:07","date_gmt":"2019-06-04T14:47:07","guid":{"rendered":"https:\/\/www.greenpeace.org\/chile\/?p=1469"},"modified":"2021-12-01T12:29:27","modified_gmt":"2021-12-01T12:29:27","slug":"se-ha-oficializado-una-condena-al-carbon-por-20-anos-mas","status":"publish","type":"post","link":"https:\/\/www.greenpeace.org\/chile\/noticia\/issues\/climayenergia\/se-ha-oficializado-una-condena-al-carbon-por-20-anos-mas\/","title":{"rendered":"\u201cSe ha oficializado una condena al carb\u00f3n por 20 a\u00f1os m\u00e1s\u201d"},"content":{"rendered":"<p><img loading=\"lazy\" decoding=\"async\" class=\"alignnone wp-image-1470 size-full\" src=\"https:\/\/www.greenpeace.org\/static\/planet4-chile-stateless\/2019\/06\/8bf36579-co15717.jpg\" alt=\"\" width=\"3500\" height=\"2336\" srcset=\"https:\/\/www.greenpeace.org\/static\/planet4-chile-stateless\/2019\/06\/8bf36579-co15717.jpg 3500w, https:\/\/www.greenpeace.org\/static\/planet4-chile-stateless\/2019\/06\/8bf36579-co15717-300x200.jpg 300w, https:\/\/www.greenpeace.org\/static\/planet4-chile-stateless\/2019\/06\/8bf36579-co15717-768x513.jpg 768w, https:\/\/www.greenpeace.org\/static\/planet4-chile-stateless\/2019\/06\/8bf36579-co15717-1024x683.jpg 1024w, https:\/\/www.greenpeace.org\/static\/planet4-chile-stateless\/2019\/06\/8bf36579-co15717-2048x1366.jpg 2048w, https:\/\/www.greenpeace.org\/static\/planet4-chile-stateless\/2019\/06\/8bf36579-co15717-510x340.jpg 510w\" sizes=\"auto, (max-width: 3500px) 100vw, 3500px\" \/><\/p>\n<p>&nbsp;<\/p>\n<p dir=\"ltr\">Como un anuncio que est\u00e1 lejos de la ambici\u00f3n clim\u00e1tica que debiera liderar el presidente Pi\u00f1era y la condena oficializada del carb\u00f3n para las zonas de sacrificio por otros 20 a\u00f1os, calific\u00f3 Greenpeace el plan de descarbonizaci\u00f3n anunciado por el Presidente de la Rep\u00fablica.<\/p>\n<p dir=\"ltr\">\u201cLlama la atenci\u00f3n la falta de ambici\u00f3n y urgencia por parte del presidente a la hora de presentar esta hoja de ruta en el plan de descarbonizaci\u00f3n del pa\u00eds. Se ha desperdiciado una oportunidad hist\u00f3rica para haber avanzado en el pronto cierre de las zonas de sacrificio. La verdad es que es perfectamente posible un plan que considere tener cerradas todas las plantas el a\u00f1o 2030 y el cierre inmediato de las ocho plantas que el presidente anunci\u00f3 que ser\u00e1n cerradas al 2025. Dado que los \u00faltimos d\u00edas entr\u00f3 en funcionamiento una nueva central termoel\u00e9ctrica, Chile va a llegar con una cifra r\u00e9cord de carb\u00f3n el d\u00eda que empiece la cumbre clim\u00e1tica que organiza Chile. En la pr\u00e1ctica, las zonas de sacrificio no van a ver ning\u00fan cambio para cuando comience la cumbre\u201d, dice Mat\u00edas Asun, director nacional de Greenpeace en Chile.<\/p>\n<p dir=\"ltr\">De acuerdo a la organizaci\u00f3n, que el 40% de la electricidad en Chile sea quemando carb\u00f3n es m\u00e1s propio de una econom\u00eda de la \u00e9poca de la Revoluci\u00f3n Industrial y no de un pa\u00eds que posee todas las potencialidades para basar su generaci\u00f3n energ\u00e9tica en energ\u00edas limpias y renovables. \u201cLa letra chica del anuncio, sin embargo, es que estaremos retirando las centrales cuando hayan cumplido literalmente el doble de su vida \u00fatil\u201d.<\/p>\n<p dir=\"ltr\">Respecto del anuncio de cierre de algunas de las centrales termoel\u00e9ctricas m\u00e1s antiguas hoy en funcionamiento, lo cual ha sido especialmente destacado por el gobierno, Mat\u00edas Asun se\u00f1ala: \u201cNo tiene mayor novedad. Es como anunciar la pr\u00f3xima jubilaci\u00f3n de un trabajador de 65 a\u00f1os. Estas plantas iban a terminar su vida \u00fatil en el corto plazo. No hay un aporte especialmente relevante por parte del gobierno en este punto. Adem\u00e1s llama mucho la atenci\u00f3n la ausencia de un cronograma de cierre de las decenas de centrales que seguir\u00e1n funcionando normalmente\u201d.<\/p>\n<p dir=\"ltr\">En el caso de Tocopilla, Greenpeace afirma que el anuncio del cierre de las cuatro centrales no es nuevo ya que as\u00ed lo hab\u00eda anunciado la propia empresa hace un a\u00f1o. Lo verdaderamente novedoso y contradictorio es que el gobierno acaba de autorizar la entrada en funcionamiento de una nueva termoel\u00e9ctrica a carb\u00f3n en esa misma zona equivalente en potencia a estas cuatro que se cerrar\u00e1n.<\/p>\n<p dir=\"ltr\">El plan de descarbonizaci\u00f3n del gobierno de Chile se produce el mismo d\u00eda en que Finlandia ha anunciado su decisi\u00f3n de convertirse en la primera naci\u00f3n del mundo en ser carbono neutral el 2035.<\/p>\n<p>&nbsp;<\/p>\n\t\t\t<section\n\t\t\tclass=\"boxout post-1637 \"\n\t\t\t\n\t\t>\n\t\t\t<a\n\t\t\t\tdata-ga-category=\"Take Action Boxout\"\n\t\t\t\tdata-ga-action=\"Image\"\n\t\t\t\tdata-ga-label=\"n\/a\"\n\t\t\t\tclass=\"cover-card-overlay\"\n\t\t\t\thref=\"https:\/\/www.greenpeace.org\/chile\/involucrate\/chao-carbon\/\" \n\t\t\t><\/a>\n\t\t\t\t\t\t\t<img\n\t\t\t\t\t\tsrc=\"https:\/\/www.greenpeace.org\/static\/planet4-chile-stateless\/2025\/11\/e8954647-banner-peticion-1-1024x649.png\"\n\t\t\t\t\t\tsrcset=\"https:\/\/www.greenpeace.org\/static\/planet4-chile-stateless\/2025\/11\/e8954647-banner-peticion-1-300x190.png 300w, https:\/\/www.greenpeace.org\/static\/planet4-chile-stateless\/2025\/11\/e8954647-banner-peticion-1-1024x649.png 1024w, https:\/\/www.greenpeace.org\/static\/planet4-chile-stateless\/2025\/11\/e8954647-banner-peticion-1-768x487.png 768w, https:\/\/www.greenpeace.org\/static\/planet4-chile-stateless\/2025\/11\/e8954647-banner-peticion-1-510x323.png 510w, https:\/\/www.greenpeace.org\/static\/planet4-chile-stateless\/2025\/11\/e8954647-banner-peticion-1.png 1284w\"\n\t\t\t\t\t\tsizes=\"(min-width: 1000px) 358px, (min-width: 780px) 313px, 88px\"\n\t\t\t\t\t\talt=\"\" title=\"\"\n\t\t\t\t\/>\n            \t\t\t<div class=\"boxout-content\">\n\t\t\t\t\t\t\t\t\t<a\n\t\t\t\t\t\tclass=\"boxout-heading medium\"\n\t\t\t\t\t\tdata-ga-category=\"Take Action Boxout\"\n\t\t\t\t\t\tdata-ga-action=\"Title\"\n\t\t\t\t\t\tdata-ga-label=\"n\/a\"\n\t\t\t\t\t\thref=\"https:\/\/www.greenpeace.org\/chile\/involucrate\/chao-carbon\/\"\n\t\t\t\t\t\t\n\t\t\t\t\t>\n\t\t\t\t\t\tCierre de las termoel\u00e9ctricas de Quintero-Puchuncav\u00ed\n\t\t\t\t\t<\/a>\n\t\t\t\t\t\t\t\t\t\t\t\t\t<p class=\"boxout-excerpt\">Exige el cierre de las centrales en Quintero-Puchuncav\u00ed de manera inmediata y un plan de cierre total de carboneras.<\/p>\n\t\t\t\t                                    <a\n                        class=\"btn btn-primary\"\n                        data-ga-category=\"Take Action Boxout\"\n                        data-ga-action=\"Call to Action\"\n                        data-ga-label=\"n\/a\"\n                        href=\"https:\/\/www.greenpeace.org\/chile\/involucrate\/chao-carbon\/\"\n                        \n                    >\n                        Invol\u00facrate\n                    <\/a>\n                \t\t\t<\/div>\n\t\t\t\t\t<\/section>\n\t","protected":false},"excerpt":{"rendered":"<p>&nbsp; Como un anuncio que est\u00e1 lejos de la ambici\u00f3n clim\u00e1tica que debiera liderar el presidente Pi\u00f1era y la condena oficializada del carb\u00f3n para las zonas de sacrificio por otros&hellip;<\/p>\n","protected":false},"author":24,"featured_media":1470,"comment_status":"closed","ping_status":"open","sticky":false,"template":"","format":"standard","meta":{"ep_exclude_from_search":false,"p4_og_title":"","p4_og_description":"","p4_og_image":"","p4_og_image_id":"","p4_seo_canonical_url":"","p4_campaign_name":"not set","p4_local_project":"not set","p4_basket_name":"not set","p4_department":"","footnotes":""},"categories":[3,4,33],"tags":[34],"p4-page-type":[16],"class_list":["post-1469","post","type-post","status-publish","format-standard","has-post-thumbnail","hentry","category-climayenergia","category-contaminacion","category-greenpeace","tag-chaocarbon","p4-page-type-noticia"],"_links":{"self":[{"href":"https:\/\/www.greenpeace.org\/chile\/wp-json\/wp\/v2\/posts\/1469","targetHints":{"allow":["GET"]}}],"collection":[{"href":"https:\/\/www.greenpeace.org\/chile\/wp-json\/wp\/v2\/posts"}],"about":[{"href":"https:\/\/www.greenpeace.org\/chile\/wp-json\/wp\/v2\/types\/post"}],"author":[{"embeddable":true,"href":"https:\/\/www.greenpeace.org\/chile\/wp-json\/wp\/v2\/users\/24"}],"replies":[{"embeddable":true,"href":"https:\/\/www.greenpeace.org\/chile\/wp-json\/wp\/v2\/comments?post=1469"}],"version-history":[{"count":7,"href":"https:\/\/www.greenpeace.org\/chile\/wp-json\/wp\/v2\/posts\/1469\/revisions"}],"predecessor-version":[{"id":7313,"href":"https:\/\/www.greenpeace.org\/chile\/wp-json\/wp\/v2\/posts\/1469\/revisions\/7313"}],"wp:featuredmedia":[{"embeddable":true,"href":"https:\/\/www.greenpeace.org\/chile\/wp-json\/wp\/v2\/media\/1470"}],"wp:attachment":[{"href":"https:\/\/www.greenpeace.org\/chile\/wp-json\/wp\/v2\/media?parent=1469"}],"wp:term":[{"taxonomy":"category","embeddable":true,"href":"https:\/\/www.greenpeace.org\/chile\/wp-json\/wp\/v2\/categories?post=1469"},{"taxonomy":"post_tag","embeddable":true,"href":"https:\/\/www.greenpeace.org\/chile\/wp-json\/wp\/v2\/tags?post=1469"},{"taxonomy":"p4-page-type","embeddable":true,"href":"https:\/\/www.greenpeace.org\/chile\/wp-json\/wp\/v2\/p4-page-type?post=1469"}],"curies":[{"name":"wp","href":"https:\/\/api.w.org\/{rel}","templated":true}]}}