{"id":15381,"date":"2025-09-15T18:43:27","date_gmt":"2025-09-15T18:43:27","guid":{"rendered":"https:\/\/www.greenpeace.org\/chile\/?p=15381"},"modified":"2025-09-15T19:00:41","modified_gmt":"2025-09-15T19:00:41","slug":"un-dia-como-hoy-nacio-el-activismo-ambiental-de-greenpeace","status":"publish","type":"post","link":"https:\/\/www.greenpeace.org\/chile\/noticia\/greenpeace\/un-dia-como-hoy-nacio-el-activismo-ambiental-de-greenpeace\/","title":{"rendered":"Un d\u00eda como hoy naci\u00f3 el activismo ambiental de Greenpeace"},"content":{"rendered":"\n<figure class=\"wp-block-image\"><img decoding=\"async\" src=\"https:\/\/www.greenpeace.org\/static\/planet4-argentina-stateless\/2021\/09\/ab3a11ac-1971-septiembre.-primer-viaje.-50-anos-de-historia.-1024x686.jpg\" alt=\"\" class=\"wp-image-13113\"\/><figcaption class=\"wp-element-caption\">Greenpeace nace en 1971, cuando un peque\u00f1o grupo de personas defensoras del medio ambiente zarp\u00f3 desde Vancouver, Canad\u00e1, en un viejo barco pesquero hacia Amchitka, una peque\u00f1a isla volc\u00e1nica frente al oeste de Alaska, para protestar contra las pruebas nucleares del ej\u00e9rcito estadounidense. Originalmente, el barco se llam\u00f3 Phyllis Cormack, pero luego lo rebautizaron Greenpeace, ya que un\u00eda dos grandes temas, la supervivencia de nuestro medio ambiente y la paz del mundo. \u00a9 Greenpeace \/ Robert Keziere<\/figcaption><\/figure>\n\n<p>Greenpeace&nbsp;<strong>celebra este 15 de septiembre 54 a\u00f1os de historia llevando adelante campa\u00f1as ambientales en el mundo<\/strong>. A trav\u00e9s de una galer\u00eda de im\u00e1genes, la organizaci\u00f3n revis\u00f3 las mejores fotos de su historia en distintas partes del mundo, as\u00ed como en Chile.<\/p>\n\n<div class=\"wp-block-buttons is-content-justification-center is-layout-flex wp-container-core-buttons-is-layout-16018d1d wp-block-buttons-is-layout-flex\">\n<div class=\"wp-block-button is-style-cta\"><a class=\"wp-block-button__link wp-element-button\" href=\"https:\/\/www.greenpeace.org\/static\/planet4-colombia-stateless\/2025\/09\/526ee584-semillasandinasnuestrahistoria.pdf\" target=\"_blank\" rel=\"noreferrer noopener\">Conoce m\u00e1s sobre nuestra historia en la edici\u00f3n especial de \u201cSemillas Andinas\u201d<\/a><\/div>\n<\/div>\n\n<figure class=\"wp-block-image\"><img decoding=\"async\" src=\"https:\/\/www.greenpeace.org\/static\/planet4-argentina-stateless\/2021\/09\/44f46eb8-2016-junio.-ludovico-einaudi-actua-en-el-oceano-artico.-1024x683.jpg\" alt=\"\" class=\"wp-image-13130\"\/><figcaption class=\"wp-element-caption\">La composici\u00f3n del m\u00fasico italiano Ludovico Einaudi, Elegy for the Arctic, se inspir\u00f3 en ocho millones de voces de todo el mundo que piden la protecci\u00f3n del \u00c1rtico. &nbsp;\u00a9 Pedro Armestre \/ Greenpeace<\/figcaption><\/figure>\n\n<p>Los comienzos de Greenpeace datan de&nbsp;<strong>1971<\/strong>, cuando&nbsp;<strong>un equipo de personas defensoras del medio ambiente zarp\u00f3 desde Vancouver, Canad\u00e1, en un viejo barco pesquero hacia Amchitka, una peque\u00f1a isla volc\u00e1nica frente al oeste de Alaska<\/strong>, para protestar contra las pruebas nucleares subterr\u00e1neas que el ej\u00e9rcito estadounidense realizaba al\u00ed. Originalmente, el barco se llam\u00f3 Phyllis Cormack, pero luego lo&nbsp;<strong>rebautizaron como Greenpeace<\/strong>&nbsp;ya que un\u00eda dos grandes temas, la supervivencia de nuestro medio ambiente y la paz del mundo.&nbsp;<\/p>\n\n<figure class=\"wp-block-image\"><img decoding=\"async\" src=\"https:\/\/www.greenpeace.org\/static\/planet4-argentina-stateless\/2021\/09\/7f652785-1985-mayo.-evacuacion-en-islas-marshall.-1024x714.jpg\" alt=\"\" class=\"wp-image-13114\"\/><figcaption class=\"wp-element-caption\">La tripulaci\u00f3n de Rainbow Warrior asiste a adultos y ni\u00f1os isle\u00f1os de la zona de Rongelap a Mejato, que han sufrido lluvia radiactiva como consecuencia de pruebas nucleares estadounidenses. \u00a9 Greenpeace \/ Fernando Pereira<\/figcaption><\/figure>\n\n<figure class=\"wp-block-image\"><img decoding=\"async\" src=\"https:\/\/www.greenpeace.org\/static\/planet4-argentina-stateless\/2021\/09\/e7db2e6a-2005-diciembre.-caza-de-ballenas-en-la-antartida.-1024x683.jpg\" alt=\"\" class=\"wp-image-13115\"\/><figcaption class=\"wp-element-caption\">El barco MY Esperanza de Greenpeace y sus inflables, intentan obstaculizar el disparo y eventual traslado de una ballena Minke por el barco receptor Yushin Maru 2. &nbsp;\u00a9 Greenpeace \/ Kate Davison<\/figcaption><\/figure>\n\n<figure class=\"wp-block-image\"><img decoding=\"async\" src=\"https:\/\/www.greenpeace.org\/static\/planet4-argentina-stateless\/2021\/09\/64c8815b-2008-noviembre.-protesta-contra-crimenes-forestales.-1024x683.jpg\" alt=\"\" class=\"wp-image-13123\"\/><figcaption class=\"wp-element-caption\">Activista trepa por la cadena del ancla del petrolero Gran Couva y cuelga una pancarta que dice No m\u00e1s bosques turberas para aceite de palma. El barco de Greenpeace MV Esperanza ocup\u00f3 el petrolero durante 24 horas y pint\u00f3 en su proa Forest Crime. \u00a9 Greenpeace \/ John Novis<\/figcaption><\/figure>\n\n<p>Durante m\u00e1s de 50 a\u00f1os, la organizaci\u00f3n realiz\u00f3 incontables campa\u00f1as junto a aliados, destacando entre ellas el<strong>&nbsp;fin a las pruebas nucleares&nbsp;<\/strong>y vertido de residuos t\u00f3xicos en el mar, la protecci\u00f3n de la Ant\u00e1rtida estableciendo una base en ese continente, la&nbsp;<strong>denuncia e intervenci\u00f3n a la industria ballenera, la investigaci\u00f3n a grandes empresas contaminantes<\/strong>&nbsp;y la compa\u00f1\u00eda a nivel global, de distintas&nbsp;<strong>comunidades, pueblos ind\u00edgenas, sindicatos y aliados de todo el mundo<\/strong>&nbsp;en la lucha por garantizar un futuro justo, ecol\u00f3gico y pac\u00edfico.&nbsp;<\/p>\n\n<h2 class=\"wp-block-heading\"><strong>Greenpeace en Chile<\/strong><\/h2>\n\n<figure class=\"wp-block-image size-large\"><img loading=\"lazy\" decoding=\"async\" width=\"1024\" height=\"683\" src=\"https:\/\/www.greenpeace.org\/static\/planet4-chile-stateless\/2025\/01\/b5a3a2dc-no-a-dominga-ministerio-de-ambiente-1-1024x683.jpg\" alt=\"\" class=\"wp-image-13429\" srcset=\"https:\/\/www.greenpeace.org\/static\/planet4-chile-stateless\/2025\/01\/b5a3a2dc-no-a-dominga-ministerio-de-ambiente-1-1024x683.jpg 1024w, https:\/\/www.greenpeace.org\/static\/planet4-chile-stateless\/2025\/01\/b5a3a2dc-no-a-dominga-ministerio-de-ambiente-1-300x200.jpg 300w, https:\/\/www.greenpeace.org\/static\/planet4-chile-stateless\/2025\/01\/b5a3a2dc-no-a-dominga-ministerio-de-ambiente-1-768x512.jpg 768w, https:\/\/www.greenpeace.org\/static\/planet4-chile-stateless\/2025\/01\/b5a3a2dc-no-a-dominga-ministerio-de-ambiente-1-1536x1025.jpg 1536w, https:\/\/www.greenpeace.org\/static\/planet4-chile-stateless\/2025\/01\/b5a3a2dc-no-a-dominga-ministerio-de-ambiente-1-2048x1366.jpg 2048w, https:\/\/www.greenpeace.org\/static\/planet4-chile-stateless\/2025\/01\/b5a3a2dc-no-a-dominga-ministerio-de-ambiente-1-510x340.jpg 510w\" sizes=\"auto, (max-width: 1024px) 100vw, 1024px\" \/><\/figure>\n\n<p>La oficina de Greenpeace&nbsp;<strong>se cre\u00f3 en 1993<\/strong>. Dos a\u00f1os m\u00e1s tarde, el 2 de octubre de 1995, se realiz\u00f3 la&nbsp;constituci\u00f3n de Greenpeace en Chile&nbsp;de manera oficial.<br>R\u00e1pidamente, comenzamos diversas campa\u00f1as enfocadas en los graves problemas medioambientales que afectan a nuestro pa\u00eds.<\/p>\n\n<p>Los m\u00e1s de&nbsp;<strong>50 mil donantes de Greenpeace Chile&nbsp;<\/strong>y los m\u00e1s de 3 millones en el mundo son la base de la organizaci\u00f3n. Son quienes hacen posible nuestro trabajo, las campa\u00f1as, las acciones, la labor de comunicar los problemas del medio ambiente y sus posibles soluciones.<\/p>\n\n<figure class=\"wp-block-embed is-type-video is-provider-youtube wp-block-embed-youtube wp-embed-aspect-16-9 wp-has-aspect-ratio\"><div class=\"wp-block-embed__wrapper\">\n<iframe loading=\"lazy\" title=\"50 a\u00f1os defendiendo el planeta: esto es lo que nos mueve - Greenpeace Chile\" width=\"500\" height=\"281\" src=\"https:\/\/www.youtube.com\/embed\/Go2UeJy5o_g?feature=oembed\" frameborder=\"0\" allow=\"accelerometer; autoplay; clipboard-write; encrypted-media; gyroscope; picture-in-picture; web-share\" referrerpolicy=\"strict-origin-when-cross-origin\" allowfullscreen><\/iframe>\n<\/div><\/figure>\n\n<p>Hoy recordamos <strong>algunos de los triunfos<\/strong> que conseguimos junto a diversas organizaciones ambientales y comunidades locales que trabajan para proteger el medio ambiente.<\/p>\n\n<p>\u2022 Despu\u00e9s de a\u00f1os de impulsar las campa\u00f1as <strong>#ChileSinPl\u00e1sticos y #ExigeAlternativas logramos junto a otras organizaciones la aprobaci\u00f3n de la ley que proh\u00edbe las bolsas pl\u00e1sticas<\/strong> y de la ley que regula e impide la entrega de art\u00edculos de pl\u00e1stico de un solo uso.<\/p>\n\n<figure class=\"wp-block-image\"><img loading=\"lazy\" decoding=\"async\" width=\"960\" height=\"960\" src=\"https:\/\/www.greenpeace.org\/static\/planet4-chile-stateless\/2022\/10\/61075b1a-45482980_10156888676644138_485209859952738304_n.jpg\" alt=\"\" class=\"wp-image-8143\" srcset=\"https:\/\/www.greenpeace.org\/static\/planet4-chile-stateless\/2022\/10\/61075b1a-45482980_10156888676644138_485209859952738304_n.jpg 960w, https:\/\/www.greenpeace.org\/static\/planet4-chile-stateless\/2022\/10\/61075b1a-45482980_10156888676644138_485209859952738304_n-300x300.jpg 300w, https:\/\/www.greenpeace.org\/static\/planet4-chile-stateless\/2022\/10\/61075b1a-45482980_10156888676644138_485209859952738304_n-150x150.jpg 150w, https:\/\/www.greenpeace.org\/static\/planet4-chile-stateless\/2022\/10\/61075b1a-45482980_10156888676644138_485209859952738304_n-768x768.jpg 768w, https:\/\/www.greenpeace.org\/static\/planet4-chile-stateless\/2022\/10\/61075b1a-45482980_10156888676644138_485209859952738304_n-340x340.jpg 340w\" sizes=\"auto, (max-width: 960px) 100vw, 960px\" \/><\/figure>\n\n<p>\u2022 Junto a miles de personas <strong>pudimos detener el proyecto HidroAys\u00e9n<\/strong> y evitar la construcci\u00f3n de cinco mega represas en la Patagonia chilena.<\/p>\n\n<figure class=\"wp-block-image aligncenter\"><img loading=\"lazy\" decoding=\"async\" width=\"600\" height=\"400\" src=\"https:\/\/www.greenpeace.org\/static\/planet4-chile-stateless\/2022\/10\/30b386c6-img_0937.jpg\" alt=\"\" class=\"wp-image-8144\" srcset=\"https:\/\/www.greenpeace.org\/static\/planet4-chile-stateless\/2022\/10\/30b386c6-img_0937.jpg 600w, https:\/\/www.greenpeace.org\/static\/planet4-chile-stateless\/2022\/10\/30b386c6-img_0937-300x200.jpg 300w, https:\/\/www.greenpeace.org\/static\/planet4-chile-stateless\/2022\/10\/30b386c6-img_0937-510x340.jpg 510w\" sizes=\"auto, (max-width: 600px) 100vw, 600px\" \/><\/figure>\n\n<p>\u2022 Conseguimos el cierre de <strong>Mina Invierno<\/strong> luego de 10 a\u00f1os de lucha con la comunidad local de la Regi\u00f3n de Magallanes.<\/p>\n\n<figure class=\"wp-block-image\"><img loading=\"lazy\" decoding=\"async\" width=\"1024\" height=\"683\" src=\"https:\/\/www.greenpeace.org\/static\/planet4-chile-stateless\/2022\/10\/9357716c-gpc_minerainvierno_09-1024x683.jpg\" alt=\"\" class=\"wp-image-8142\" srcset=\"https:\/\/www.greenpeace.org\/static\/planet4-chile-stateless\/2022\/10\/9357716c-gpc_minerainvierno_09-1024x683.jpg 1024w, https:\/\/www.greenpeace.org\/static\/planet4-chile-stateless\/2022\/10\/9357716c-gpc_minerainvierno_09-300x200.jpg 300w, https:\/\/www.greenpeace.org\/static\/planet4-chile-stateless\/2022\/10\/9357716c-gpc_minerainvierno_09-768x512.jpg 768w, https:\/\/www.greenpeace.org\/static\/planet4-chile-stateless\/2022\/10\/9357716c-gpc_minerainvierno_09-1536x1024.jpg 1536w, https:\/\/www.greenpeace.org\/static\/planet4-chile-stateless\/2022\/10\/9357716c-gpc_minerainvierno_09-2048x1366.jpg 2048w, https:\/\/www.greenpeace.org\/static\/planet4-chile-stateless\/2022\/10\/9357716c-gpc_minerainvierno_09-510x340.jpg 510w\" sizes=\"auto, (max-width: 1024px) 100vw, 1024px\" \/><\/figure>\n\n<p>\u2022 Logramos <strong>detener el avance de la industria salmonera en el canal de Beagle<\/strong>, uno de los lugares m\u00e1s australes del mundo. Gracias a la presi\u00f3n de miles de personas, la comunidad Yag\u00e1n, y a nuestra campa\u00f1a #<strong>NoM\u00e1sSalmoneras<\/strong> el Servicio Nacional de Pesca anul\u00f3 cuatro concesiones para salmonicultura que la empresa Nova Austral ten\u00eda en Puerto Williams..<\/p>\n\n<figure class=\"wp-block-image\"><img loading=\"lazy\" decoding=\"async\" width=\"1024\" height=\"683\" src=\"https:\/\/www.greenpeace.org\/static\/planet4-chile-stateless\/2022\/10\/0c1f0c22-img_6772-e1558639390339-2048x1366-1-1024x683.jpg\" alt=\"\" class=\"wp-image-8147\" srcset=\"https:\/\/www.greenpeace.org\/static\/planet4-chile-stateless\/2022\/10\/0c1f0c22-img_6772-e1558639390339-2048x1366-1-1024x683.jpg 1024w, https:\/\/www.greenpeace.org\/static\/planet4-chile-stateless\/2022\/10\/0c1f0c22-img_6772-e1558639390339-2048x1366-1-300x200.jpg 300w, https:\/\/www.greenpeace.org\/static\/planet4-chile-stateless\/2022\/10\/0c1f0c22-img_6772-e1558639390339-2048x1366-1-768x512.jpg 768w, https:\/\/www.greenpeace.org\/static\/planet4-chile-stateless\/2022\/10\/0c1f0c22-img_6772-e1558639390339-2048x1366-1-1536x1025.jpg 1536w, https:\/\/www.greenpeace.org\/static\/planet4-chile-stateless\/2022\/10\/0c1f0c22-img_6772-e1558639390339-2048x1366-1.jpg 2048w, https:\/\/www.greenpeace.org\/static\/planet4-chile-stateless\/2022\/10\/0c1f0c22-img_6772-e1558639390339-2048x1366-1-510x340.jpg 510w\" sizes=\"auto, (max-width: 1024px) 100vw, 1024px\" \/><\/figure>\n\n<p>\u2022 Junto a diversas organizaciones conseguimos en 2008 que el Congreso aprobara por unanimidad el proyecto de ley que declara a Chile \u00a8Zona Libre de Caza de Cet\u00e1ceos\u00a8.<\/p>\n\n<figure class=\"wp-block-image aligncenter\"><img loading=\"lazy\" decoding=\"async\" width=\"604\" height=\"297\" src=\"https:\/\/www.greenpeace.org\/static\/planet4-chile-stateless\/2022\/10\/a4afa3d5-screenshot_1.jpg\" alt=\"\" class=\"wp-image-8146\" srcset=\"https:\/\/www.greenpeace.org\/static\/planet4-chile-stateless\/2022\/10\/a4afa3d5-screenshot_1.jpg 604w, https:\/\/www.greenpeace.org\/static\/planet4-chile-stateless\/2022\/10\/a4afa3d5-screenshot_1-300x148.jpg 300w, https:\/\/www.greenpeace.org\/static\/planet4-chile-stateless\/2022\/10\/a4afa3d5-screenshot_1-510x251.jpg 510w\" sizes=\"auto, (max-width: 604px) 100vw, 604px\" \/><\/figure>\n\n<p>Nuestro financiamiento&nbsp;<strong>proviene exclusivamente de peque\u00f1os aportes mensuales de personas<\/strong>&nbsp;que creen en nuestra labor y conf\u00edan en la forma en que gestionamos cada recurso, realizando aportes regulares.<strong>&nbsp;No aceptamos dinero ni fondos de gobiernos, partidos pol\u00edticos o empresas.<\/strong><\/p>\n\n<p>La independencia pol\u00edtica y econ\u00f3mica, junto con nuestro compromiso con la transparencia, nos ha permitido<strong>&nbsp;defender el medioambiente por m\u00e1s de 30 a\u00f1os de trabajo en Chile y m\u00e1s de 50 en el mundo a lo largo de nuestra historia.<\/strong><\/p>\n","protected":false},"excerpt":{"rendered":"<p>Greenpeace\u00a0celebra este 15 de septiembre 54 a\u00f1os de historia llevando adelante campa\u00f1as ambientales en el mundo.<\/p>\n","protected":false},"author":19,"featured_media":6897,"comment_status":"closed","ping_status":"open","sticky":false,"template":"","format":"standard","meta":{"ep_exclude_from_search":false,"p4_og_title":"Un d\u00eda como hoy naci\u00f3 el activismo ambiental de Greenpeace","p4_og_description":"Greenpeace\u00a0celebra este 15 de septiembre 54 a\u00f1os de historia llevando adelante campa\u00f1as ambientales en el mundo","p4_og_image":"https:\/\/www.greenpeace.org\/static\/planet4-chile-stateless\/2021\/10\/4d0ff2ba-gp019id_web_size_with_credit_line.jpg","p4_og_image_id":"6897","p4_seo_canonical_url":"","p4_campaign_name":"","p4_local_project":"","p4_basket_name":"","p4_department":"","footnotes":""},"categories":[33],"tags":[42],"p4-page-type":[16],"class_list":["post-15381","post","type-post","status-publish","format-standard","has-post-thumbnail","hentry","category-greenpeace","tag-50anos","p4-page-type-noticia"],"_links":{"self":[{"href":"https:\/\/www.greenpeace.org\/chile\/wp-json\/wp\/v2\/posts\/15381","targetHints":{"allow":["GET"]}}],"collection":[{"href":"https:\/\/www.greenpeace.org\/chile\/wp-json\/wp\/v2\/posts"}],"about":[{"href":"https:\/\/www.greenpeace.org\/chile\/wp-json\/wp\/v2\/types\/post"}],"author":[{"embeddable":true,"href":"https:\/\/www.greenpeace.org\/chile\/wp-json\/wp\/v2\/users\/19"}],"replies":[{"embeddable":true,"href":"https:\/\/www.greenpeace.org\/chile\/wp-json\/wp\/v2\/comments?post=15381"}],"version-history":[{"count":4,"href":"https:\/\/www.greenpeace.org\/chile\/wp-json\/wp\/v2\/posts\/15381\/revisions"}],"predecessor-version":[{"id":15386,"href":"https:\/\/www.greenpeace.org\/chile\/wp-json\/wp\/v2\/posts\/15381\/revisions\/15386"}],"wp:featuredmedia":[{"embeddable":true,"href":"https:\/\/www.greenpeace.org\/chile\/wp-json\/wp\/v2\/media\/6897"}],"wp:attachment":[{"href":"https:\/\/www.greenpeace.org\/chile\/wp-json\/wp\/v2\/media?parent=15381"}],"wp:term":[{"taxonomy":"category","embeddable":true,"href":"https:\/\/www.greenpeace.org\/chile\/wp-json\/wp\/v2\/categories?post=15381"},{"taxonomy":"post_tag","embeddable":true,"href":"https:\/\/www.greenpeace.org\/chile\/wp-json\/wp\/v2\/tags?post=15381"},{"taxonomy":"p4-page-type","embeddable":true,"href":"https:\/\/www.greenpeace.org\/chile\/wp-json\/wp\/v2\/p4-page-type?post=15381"}],"curies":[{"name":"wp","href":"https:\/\/api.w.org\/{rel}","templated":true}]}}