{"id":15559,"date":"2025-10-16T15:26:32","date_gmt":"2025-10-16T15:26:32","guid":{"rendered":"https:\/\/www.greenpeace.org\/chile\/?p=15559"},"modified":"2025-10-16T17:19:55","modified_gmt":"2025-10-16T17:19:55","slug":"organizaciones-ambientales-llaman-a-las-candidaturas-acomprometerse-con-el-medioambiente-sin-retrocesos-y-con-transparencia","status":"publish","type":"post","link":"https:\/\/www.greenpeace.org\/chile\/noticia\/greenpeace\/organizaciones-ambientales-llaman-a-las-candidaturas-acomprometerse-con-el-medioambiente-sin-retrocesos-y-con-transparencia\/","title":{"rendered":"Organizaciones ambientales llaman a las candidaturas a comprometerse con el medioambiente: \u201csin retrocesos y con transparencia\u201d"},"content":{"rendered":"\n<p>\u25cf Sociedad civil comparte documento \u201cUn Medioambiente Mal-Tratado\u201d y llama a las candidaturas a un piso com\u00fan: no regresi\u00f3n, respeto a la legislaci\u00f3n vigente y transparencia. La declaraci\u00f3n \u2014suscrita por 11 organizaciones\u2014 instala la protecci\u00f3n ambiental como eje estrat\u00e9gico (seguridad h\u00eddrica, conservaci\u00f3n y transici\u00f3n justa) en un pa\u00eds altamente vulnerable al clima.<\/p>\n\n<figure class=\"wp-block-image size-large\"><img loading=\"lazy\" decoding=\"async\" width=\"1024\" height=\"683\" src=\"https:\/\/www.greenpeace.org\/static\/planet4-chile-stateless\/2025\/10\/59825fbe-gpch-salmonera-nova-austral-isla-capitan-aracena-punta-arenas-2-1024x683.jpg\" alt=\"\" class=\"wp-image-15560\" srcset=\"https:\/\/www.greenpeace.org\/static\/planet4-chile-stateless\/2025\/10\/59825fbe-gpch-salmonera-nova-austral-isla-capitan-aracena-punta-arenas-2-1024x683.jpg 1024w, https:\/\/www.greenpeace.org\/static\/planet4-chile-stateless\/2025\/10\/59825fbe-gpch-salmonera-nova-austral-isla-capitan-aracena-punta-arenas-2-300x200.jpg 300w, https:\/\/www.greenpeace.org\/static\/planet4-chile-stateless\/2025\/10\/59825fbe-gpch-salmonera-nova-austral-isla-capitan-aracena-punta-arenas-2-768x512.jpg 768w, https:\/\/www.greenpeace.org\/static\/planet4-chile-stateless\/2025\/10\/59825fbe-gpch-salmonera-nova-austral-isla-capitan-aracena-punta-arenas-2-1536x1024.jpg 1536w, https:\/\/www.greenpeace.org\/static\/planet4-chile-stateless\/2025\/10\/59825fbe-gpch-salmonera-nova-austral-isla-capitan-aracena-punta-arenas-2-2048x1366.jpg 2048w, https:\/\/www.greenpeace.org\/static\/planet4-chile-stateless\/2025\/10\/59825fbe-gpch-salmonera-nova-austral-isla-capitan-aracena-punta-arenas-2-510x340.jpg 510w\" sizes=\"auto, (max-width: 1024px) 100vw, 1024px\" \/><\/figure>\n\n<p><strong>Santiago, 14 de Octubre<\/strong> \u2013 Ante el diagn\u00f3stico transversal de la ausencia de un tratamiento serio de la problem\u00e1tica ambiental en casi todos los programas presidenciales, 12 organizaciones ligadas a la protecci\u00f3n del medio ambiente, han suscrito el documento \u201cUn Medioambiente Mal-Tratado\u201d. En la declaraci\u00f3n hacen un llamado a las candidaturas presidenciales a comprometerse con al menos tres m\u00ednimos comunes para cualquier programa de gobierno y les convoca a adherirlos p\u00fablicamente.<\/p>\n\n<p class=\"has-text-align-center\">\u201cEs indispensable que la protecci\u00f3n ambiental est\u00e9 en el centro de la discusi\u00f3n presidencial. La seguridad h\u00eddrica, la conservaci\u00f3n de la biodiversidad, la transici\u00f3n energ\u00e9tica justa y el derecho a un medio ambiente sano y libre de contaminaci\u00f3n no solo son fundamentales para garantizar una vida digna, sino que tambi\u00e9n resultan econ\u00f3micamente estrat\u00e9gicos, especialmente en un pa\u00eds cuya matriz productiva depende intensamente de los recursos naturales, y que es uno de los m\u00e1s afectados por la crisis clim\u00e1tica. <strong>Sin protecci\u00f3n ambiental no hay futuro<\/strong>.\u201d se\u00f1ala la declaraci\u00f3n.<\/p>\n\n<h2 class=\"wp-block-heading\">Los tres compromisos m\u00ednimos exigidos a las candidaturas<\/h2>\n\n<p>\u201cEste es un piso com\u00fan y razonable. Pedimos compromiso p\u00fablico con la no regresi\u00f3n, el respeto a la legislaci\u00f3n vigente y transparencia de informaci\u00f3n . Adherir hoy es dar una se\u00f1al clara de liderazgo y responsabilidad.\u201d se\u00f1ala Flavia Liberona, Directora de la Fundaci\u00f3n Terram.<\/p>\n\n<p><strong>1) No regresi\u00f3n: <\/strong>Los est\u00e1ndares de protecci\u00f3n ambiental no pueden ni deben retroceder, salud, protecci\u00f3n de la biodiversidad, participaci\u00f3n y transparencia son un piso que no puede debilitarse. Se exigen evaluaciones rigurosas basadas en evidencia, con l\u00edneas base s\u00f3lidas, alternativas reales, medidas verificables. Se solicita fortalecer dotaciones y capacidades t\u00e9cnicas de las instituciones que eval\u00faan y fiscalizan.<\/p>\n\n<p><strong>2)<\/strong> <strong>Respeto a la legislaci\u00f3n vigente: <\/strong>Cumplimiento integral de la Constituci\u00f3n, los tratados internacionales ratificados por Chile (como el Acuerdo de Par\u00eds, Escaz\u00fa , Marco mundial de Biodiversidad Kunming- Montreal), la Ley Marco de Cambio Clim\u00e1tico, la Ley que crea el Servicio de Biodiversidad y \u00c1reas Protegidas (SBAP) el Servicio Nacional Forestal (SERNAFOR), as\u00ed como y las normas de calidad y emisi\u00f3n, con presupuestos, plazos y responsables claros. La salud debe ser eje de los planes de descontaminaci\u00f3n; se deben evitar concentraciones contaminantes que generan cargas en territorios y aplicar sanciones efectivas a los incumplimientos.<\/p>\n\n<p><strong>3) Transparencia: <\/strong>Informaci\u00f3n p\u00fablica, t\u00e9cnica y de inter\u00e9s detr\u00e1s de decisiones estatales o privadas sobre bienes comunes, accesible y comprensible para toda la ciudadan\u00eda. La transparencia debe ser exigible tambi\u00e9n a privados que operan sobre bienes nacionales y a acuerdos con el Estado.<\/p>\n\n<p>\u201cAbrimos la puerta para realizar un trabajo serio con los comandos: fijemos plazos, indicadores y respuestas p\u00fablicas. Adherir a estos tres m\u00ednimos da certezas y eleva el debate con evidencia, no con slogans\u201d agrega Benjam\u00edn Carvajal de la ONG Uno Punto Cinco.<\/p>\n","protected":false},"excerpt":{"rendered":"<p>Sociedad civil comparte documento \u201cUn Medioambiente Mal-Tratado\u201d y llama a las candidaturas a un piso com\u00fan.<\/p>\n","protected":false},"author":24,"featured_media":15560,"comment_status":"closed","ping_status":"open","sticky":false,"template":"","format":"standard","meta":{"ep_exclude_from_search":false,"p4_og_title":"Organizaciones ambientales llaman a las candidaturas acomprometerse con el medioambiente: \u201csin retrocesos y contransparencia\u201d","p4_og_description":"Sociedad civil comparte documento \u201cUn Medioambiente Mal-Tratado\u201d y llama a las candidaturas a un piso com\u00fan","p4_og_image":"https:\/\/www.greenpeace.org\/static\/planet4-chile-stateless\/2025\/10\/59825fbe-gpch-salmonera-nova-austral-isla-capitan-aracena-punta-arenas-2-scaled.jpg","p4_og_image_id":"15560","p4_seo_canonical_url":"","p4_campaign_name":"","p4_local_project":"","p4_basket_name":"","p4_department":"","footnotes":""},"categories":[33],"tags":[],"p4-page-type":[16],"class_list":["post-15559","post","type-post","status-publish","format-standard","has-post-thumbnail","hentry","category-greenpeace","p4-page-type-noticia"],"_links":{"self":[{"href":"https:\/\/www.greenpeace.org\/chile\/wp-json\/wp\/v2\/posts\/15559","targetHints":{"allow":["GET"]}}],"collection":[{"href":"https:\/\/www.greenpeace.org\/chile\/wp-json\/wp\/v2\/posts"}],"about":[{"href":"https:\/\/www.greenpeace.org\/chile\/wp-json\/wp\/v2\/types\/post"}],"author":[{"embeddable":true,"href":"https:\/\/www.greenpeace.org\/chile\/wp-json\/wp\/v2\/users\/24"}],"replies":[{"embeddable":true,"href":"https:\/\/www.greenpeace.org\/chile\/wp-json\/wp\/v2\/comments?post=15559"}],"version-history":[{"count":5,"href":"https:\/\/www.greenpeace.org\/chile\/wp-json\/wp\/v2\/posts\/15559\/revisions"}],"predecessor-version":[{"id":15568,"href":"https:\/\/www.greenpeace.org\/chile\/wp-json\/wp\/v2\/posts\/15559\/revisions\/15568"}],"wp:featuredmedia":[{"embeddable":true,"href":"https:\/\/www.greenpeace.org\/chile\/wp-json\/wp\/v2\/media\/15560"}],"wp:attachment":[{"href":"https:\/\/www.greenpeace.org\/chile\/wp-json\/wp\/v2\/media?parent=15559"}],"wp:term":[{"taxonomy":"category","embeddable":true,"href":"https:\/\/www.greenpeace.org\/chile\/wp-json\/wp\/v2\/categories?post=15559"},{"taxonomy":"post_tag","embeddable":true,"href":"https:\/\/www.greenpeace.org\/chile\/wp-json\/wp\/v2\/tags?post=15559"},{"taxonomy":"p4-page-type","embeddable":true,"href":"https:\/\/www.greenpeace.org\/chile\/wp-json\/wp\/v2\/p4-page-type?post=15559"}],"curies":[{"name":"wp","href":"https:\/\/api.w.org\/{rel}","templated":true}]}}