{"id":15709,"date":"2025-12-26T14:29:16","date_gmt":"2025-12-26T14:29:16","guid":{"rendered":"https:\/\/www.greenpeace.org\/chile\/?p=15709"},"modified":"2025-12-26T14:29:22","modified_gmt":"2025-12-26T14:29:22","slug":"greenpeace-la-decision-de-proteger-la-laguna-de-aculeo-es-una-gran-noticia-para-la-biodiversidad","status":"publish","type":"post","link":"https:\/\/www.greenpeace.org\/chile\/noticia\/issues\/climayenergia\/greenpeace-la-decision-de-proteger-la-laguna-de-aculeo-es-una-gran-noticia-para-la-biodiversidad\/","title":{"rendered":"Greenpeace: \u201cLa decisi\u00f3n de proteger la Laguna de Aculeo es una gran noticia para la biodiversidad\u201d"},"content":{"rendered":"\n<figure class=\"wp-block-image size-large\"><img loading=\"lazy\" decoding=\"async\" width=\"1024\" height=\"683\" src=\"https:\/\/www.greenpeace.org\/static\/planet4-chile-stateless\/2024\/02\/a2fdde63-gpc_cartelaculeo_03-1024x683.jpg\" alt=\"\" class=\"wp-image-11585\" srcset=\"https:\/\/www.greenpeace.org\/static\/planet4-chile-stateless\/2024\/02\/a2fdde63-gpc_cartelaculeo_03-1024x683.jpg 1024w, https:\/\/www.greenpeace.org\/static\/planet4-chile-stateless\/2024\/02\/a2fdde63-gpc_cartelaculeo_03-300x200.jpg 300w, https:\/\/www.greenpeace.org\/static\/planet4-chile-stateless\/2024\/02\/a2fdde63-gpc_cartelaculeo_03-768x512.jpg 768w, https:\/\/www.greenpeace.org\/static\/planet4-chile-stateless\/2024\/02\/a2fdde63-gpc_cartelaculeo_03-1536x1024.jpg 1536w, https:\/\/www.greenpeace.org\/static\/planet4-chile-stateless\/2024\/02\/a2fdde63-gpc_cartelaculeo_03-2048x1366.jpg 2048w, https:\/\/www.greenpeace.org\/static\/planet4-chile-stateless\/2024\/02\/a2fdde63-gpc_cartelaculeo_03-510x340.jpg 510w\" sizes=\"auto, (max-width: 1024px) 100vw, 1024px\" \/><figcaption class=\"wp-element-caption\">Febrero 2024- Desplegando un cartel flotante de 5 metros sobre la Laguna de Aculeo, activistas de Greenpeace se sumaron a la iniciativa que busca que este espejo de agua, en conjunto con los esteros Pintu\u00e9 y Santa Marta, sean declarados como humedal urbano y de esta forma, dotarlos de m\u00e1s herramientas jur\u00eddicas para su protecci\u00f3n.<\/figcaption><\/figure>\n\n<h4 class=\"wp-block-heading\">La organizaci\u00f3n ambientalista celebr\u00f3 la declaraci\u00f3n de este espejo de agua y los esteros que lo alimentan como humedal urbano, algo que calific\u00f3 como una \u201cvictoria ciudadana\u201d, ya que responde a a\u00f1os de gestiones de la comunidad painina y a las miles de personas que se sumaron a la campa\u00f1a de la ONG para lograr esta declaratoria.\u00a0<\/h4>\n\n<p>26 de diciembre, 2025<strong>. <\/strong>Los humedales son ecosistemas cruciales: regulan el clima, almacenan CO2, previenen inundaciones, filtran aguas y recargan acu\u00edferos, sostienen a las comunidades humanas y albergan cerca del 40% de la biodiversidad del planeta. Pese a ello, Chile ha perdido alrededor del 35% de sus humedales en los \u00faltimos 50 a\u00f1os; por esta raz\u00f3n, en 2020 se promulg\u00f3 la Ley de Humedales Urbanos con el objetivo de protegerlos.\u00a0<\/p>\n\n<p>En este contexto, <strong>en 2022, la Municipalidad de Paine comenz\u00f3 las gestiones para lograr el reconocimiento de la Laguna de Aculeo como Humedal Urbano, luego de que se secara por completo -por primera vez en la historia- en 2018.<\/strong> El regreso de sus aguas tras los inviernos lluviosos de 2023 y 2024 reforz\u00f3 a\u00fan m\u00e1s esta iniciativa. Fue as\u00ed que<strong> en febrero de 2024, Greenpeace inici\u00f3 una masiva campa\u00f1a que buscaba apoyar la petici\u00f3n de la comunidad painina para declarar como humedal urbano esta laguna ubicada al suroeste de la Regi\u00f3n Metropolitana<\/strong>, iniciativa que logr\u00f3 un importante apoyo de la ciudadan\u00eda con m\u00e1s de 35 mil firmas de personas que exig\u00edan esta declaratoria al Ministerio de Medio Ambiente.\u00a0<\/p>\n\n<p><em>\u201cHoy<strong> celebramos que la autoridad ambiental escuch\u00f3 la demanda de las comunidades y el clamor de miles de personas, y <\/strong><\/em><strong><em>reconoci\u00f3 como humedal urbano<\/em><\/strong><em> <strong>el cuerpo de agua conformado por los esteros Pintu\u00e9 y Santa Marta y la Laguna de Aculeo, lo que permitir\u00e1 dotar de mayor protecci\u00f3n a estos cuerpos de agua<\/strong>, entregando adem\u00e1s herramientas concretas a los gobiernos locales para su defensa y ordenar\u00e1 su inclusi\u00f3n en los Instrumentos de Planificaci\u00f3n Territorial como \u00e1rea de protecci\u00f3n de valor natural\u201d<\/em>, asegur\u00f3 Silvana Espinosa, ge\u00f3grafa y experta en Ecosistemas y Clima de Greenpeace Chile.\u00a0<\/p>\n\n<p>La ge\u00f3grafa adem\u00e1s valor\u00f3<em> <\/em><strong>el pronunciamiento de la Direcci\u00f3n General de Aguas (DGA) que reconoci\u00f3 que este humedal se soporta en parte gracias al aporte de aguas subterr\u00e1neas<\/strong>, ya que esta definici\u00f3n permitir\u00e1 delimitar la zona de prohibici\u00f3n para nuevas explotaciones del recurso, algo fundamental cuando se comprende que la laguna se hab\u00eda secado debido al desv\u00edo de aguas para labores de agricultura y el sobreuso de napas producto de la sobreexplotaci\u00f3n inmobiliaria.<\/p>\n\n<p>Al respecto, Pablo Garc\u00eda-Chevesich, acad\u00e9mico e hidr\u00f3logo de Unesco, destac\u00f3 que hoy existe consenso en la comunidad cient\u00edfica en que Aculeo se sec\u00f3 por una mala gesti\u00f3n de los recursos h\u00eddricos, que incluy\u00f3 la desviaci\u00f3n de sus afluentes, un consumo indiscriminado (legal e ilegal), cambios de uso de suelo y asignaciones de derechos de aprovechamiento de agua que nunca debieron autorizarse.<em> \u201c<strong>La declaraci\u00f3n de humedal protegido es un avance fundamental, pero su efectividad depender\u00e1 no solo de evitar futuros desastres, sino tambi\u00e9n de corregir estas fallas estructurales mediante una gesti\u00f3n basada en evidencia cient\u00edfica<\/strong>, control real de extracciones, fiscalizaci\u00f3n efectiva y una planificaci\u00f3n territorial responsable\u201d,<\/em> advirti\u00f3 el hidr\u00f3logo.<\/p>\n\n<p>Carolina Silva, directora de Redfugio, vocera del movimiento Aculeo y vecina del sector, asegur\u00f3 recibir con \u201calegr\u00eda y esperanza\u201d esta declaraci\u00f3n, destacando que es el reconocimiento a un sistema vivo que fue da\u00f1ado hasta desaparecer, pero que resisti\u00f3 y volvi\u00f3 a la vida. <em>\u201cCuidar su renacimiento es un deber colectivo y \u00e9tico. No se trata solo de su conservaci\u00f3n ambiental, es la responsabilidad con todas las formas de vida de la cuenca de Aculeo, con nuestra forma de habitar y relacionarnos con el territorio, de pensar en el presente y futuro, habiendo aprendido la gran lecci\u00f3n que nos dej\u00f3 su desaparici\u00f3n durante 5 a\u00f1os: sus aguas no son un recurso infinito ni reemplazable\u201d<\/em>, sostuvo Silva.<\/p>\n\n<p><em>\u201cSi bien esta definici\u00f3n se sustenta en la ciencia y la importancia ecosist\u00e9mica del humedal, tambi\u00e9n se debe reconocer que fue trascendental la organizaci\u00f3n de los vecinos de la laguna, as\u00ed como la presi\u00f3n desde todas las personas que firmaron nuestra campa\u00f1a y adhirieron a este sue\u00f1o de proteger un ecosistema tan importante para la Regi\u00f3n Metropolitana. <strong>Esta declaratoria es sin duda una victoria ciudadana, y eso es algo que nos llena de esperanza<\/strong>\u201d<\/em>, enfatiz\u00f3 la vocera de Greenpeace.<\/p>\n\n<p><\/p>\n","protected":false},"excerpt":{"rendered":"<p>Greenpeace celebr\u00f3 la declaraci\u00f3n de este espejo de agua y los esteros que lo alimentan como humedal urbano, algo que calific\u00f3 como una \u201cvictoria ciudadana\u201d<\/p>\n","protected":false},"author":24,"featured_media":11606,"comment_status":"closed","ping_status":"open","sticky":false,"template":"","format":"standard","meta":{"ep_exclude_from_search":false,"p4_og_title":"Greenpeace: \u201cLa decisi\u00f3n de proteger la Laguna de Aculeo es una gran noticia para la biodiversidad\u201d","p4_og_description":"Greenpeace celebr\u00f3 la declaraci\u00f3n de este espejo de agua y los esteros que lo alimentan como humedal urbano, algo que calific\u00f3 como una \u201cvictoria ciudadana\u201d","p4_og_image":"https:\/\/www.greenpeace.org\/static\/planet4-chile-stateless\/2024\/02\/a2fdde63-gpc_cartelaculeo_03-scaled.jpg","p4_og_image_id":"11585","p4_seo_canonical_url":"","p4_campaign_name":"","p4_local_project":"","p4_basket_name":"","p4_department":"","footnotes":""},"categories":[3],"tags":[55],"p4-page-type":[16],"class_list":["post-15709","post","type-post","status-publish","format-standard","has-post-thumbnail","hentry","category-climayenergia","tag-lagunaaculeo","p4-page-type-noticia"],"_links":{"self":[{"href":"https:\/\/www.greenpeace.org\/chile\/wp-json\/wp\/v2\/posts\/15709","targetHints":{"allow":["GET"]}}],"collection":[{"href":"https:\/\/www.greenpeace.org\/chile\/wp-json\/wp\/v2\/posts"}],"about":[{"href":"https:\/\/www.greenpeace.org\/chile\/wp-json\/wp\/v2\/types\/post"}],"author":[{"embeddable":true,"href":"https:\/\/www.greenpeace.org\/chile\/wp-json\/wp\/v2\/users\/24"}],"replies":[{"embeddable":true,"href":"https:\/\/www.greenpeace.org\/chile\/wp-json\/wp\/v2\/comments?post=15709"}],"version-history":[{"count":1,"href":"https:\/\/www.greenpeace.org\/chile\/wp-json\/wp\/v2\/posts\/15709\/revisions"}],"predecessor-version":[{"id":15710,"href":"https:\/\/www.greenpeace.org\/chile\/wp-json\/wp\/v2\/posts\/15709\/revisions\/15710"}],"wp:featuredmedia":[{"embeddable":true,"href":"https:\/\/www.greenpeace.org\/chile\/wp-json\/wp\/v2\/media\/11606"}],"wp:attachment":[{"href":"https:\/\/www.greenpeace.org\/chile\/wp-json\/wp\/v2\/media?parent=15709"}],"wp:term":[{"taxonomy":"category","embeddable":true,"href":"https:\/\/www.greenpeace.org\/chile\/wp-json\/wp\/v2\/categories?post=15709"},{"taxonomy":"post_tag","embeddable":true,"href":"https:\/\/www.greenpeace.org\/chile\/wp-json\/wp\/v2\/tags?post=15709"},{"taxonomy":"p4-page-type","embeddable":true,"href":"https:\/\/www.greenpeace.org\/chile\/wp-json\/wp\/v2\/p4-page-type?post=15709"}],"curies":[{"name":"wp","href":"https:\/\/api.w.org\/{rel}","templated":true}]}}